{"id":3711,"date":"2016-10-28T10:11:58","date_gmt":"2016-10-28T07:11:58","guid":{"rendered":"https:\/\/suomenkuvalehti.fi\/kuvien-takaa\/?p=3711"},"modified":"2016-10-28T10:11:58","modified_gmt":"2016-10-28T07:11:58","slug":"markus-selin-vastaan-finnkino-taustalla-ahneus","status":"publish","type":"post","link":"https:\/\/suomenkuvalehti.fi\/kuvien-takaa\/markus-selin-vastaan-finnkino-taustalla-ahneus\/","title":{"rendered":"Markus Selin vastaan Finnkino &#8211; taustalla ahneus"},"content":{"rendered":"\n<p>Ep\u00e4tavallinen riita: <strong>Markus Selin<\/strong> on ilmoittanut elokuvateatteriketju Finnkinolle, ett\u00e4 <em>Luokkakokous 2:n<\/em> edess\u00e4 ei saa esitt\u00e4\u00e4 mainoksia. Muiden elokuvien trailereita saa ajaa, mutta mainoksia ei. Vaatimus koskee nimenomaan markkinajohtaja Finnkinoa, jolla on Suomessa noin 70 prosentin osuus elokuvateatterien k\u00e4vij\u00f6ist\u00e4&nbsp; ja ymm\u00e4rt\u00e4\u00e4kseni selke\u00e4sti korkeampi osuus elokuvateatterialan liikevaihdosta. Suomen kymmeness\u00e4 suurimmassa kaupungissa Finnkinolla on yli 95 prosentin markkinaosuus.<\/p>\n\n\n\n<p>Luokkakokouksien tuotantoyhti\u00f6 Solar Films on <a href=\"http:\/\/www.hs.fi\/kulttuuri\/a1477537448705\">Helsingin Sanomien mukaan neuvotellut Finnkinon kanssa<\/a> siit\u00e4, ett\u00e4 he saisivat osuuden elokuvan alussa esitett\u00e4vien mainosten tuloista. Finnkino ei ole t\u00e4h\u00e4n taipunut.<\/p>\n\n\n\n<p>Selin vaatimus ei oletettavasti vaikuta mill\u00e4\u00e4n tavalla Luokkakokous 2:n esitt\u00e4miseen. Sit\u00e4 oletettavasti esitet\u00e4\u00e4n juuri kuten olisi muutenkin esitetty. Finnkinolla on menestyselokuvien alussa noin parikymmenen minuutin mainos- ja traileriputki.<\/p>\n\n\n\n<p>Olennaisempaa on, ett\u00e4 Selin halusi tuoda asian julkisuuteen.<\/p>\n\n\n\n<p>Mist\u00e4 on kyse?<\/p>\n\n\n\n<p>Elokuvien levitt\u00e4j\u00e4t ja suomalaistuottajat ovat pitk\u00e4\u00e4n harmitelleet Finnkinon sanelupolitiikkaa. On esimerkiksi iso kysymys, miten elokuvia mainostetaan elokuvateattereissa. Aikoinaan t\u00e4m\u00e4 aulamainonta oli pitk\u00e4lti elokuvateatterien omaa markkinointitoimintaa, mutta nyky\u00e4\u00e4n Finnkinolla ajatellaan, ett\u00e4 sis\u00e4lt\u00f6\u00e4 markkinoikoot ne, jotka sit\u00e4 tarjoavat.<\/p>\n\n\n\n<p>Asteittain Finnkino poisti elokuvateattereistaan elokuvien julistepaikkoja. Tennispalatsin ulkoseinille perinteisten julistekaappien tilalle tuli Finnkinon oheismyyntituotteiden, popcornin ja muun mussutettavan mainoksia.<\/p>\n\n\n\n<p>Popcorneissa ja limsoissa on paljon parempi kate kuin itse leffalipussa, eik\u00e4 siin\u00e4 mit\u00e4\u00e4n, mutta onhan se hassua, jos Finnkino haluaa br\u00e4nd\u00e4t\u00e4 monisalielokuvateatterinsa isoiksi nakkikioskeiksi, joissa n\u00e4ytet\u00e4\u00e4n v\u00e4h\u00e4n leffojakin.<\/p>\n\n\n\n<p>Kina ei liity oheismyyntiin, vaan mainontaan. Jos elokuvien levitt\u00e4j\u00e4t haluavat mainostaa leffojaan Finnkinon teattereissa, joissa niit\u00e4 n\u00e4ytet\u00e4\u00e4n, heid\u00e4n pit\u00e4\u00e4 maksaa. Jokainen tarramainos Kinopalatsin lattiassa tai iso ulkomainos Tennispalatsin katolla on maksettu mainospaikka. Mit\u00e4\u00e4n n\u00e4kyvyytt\u00e4 ei Finnkinon elokuvateattereissa en\u00e4\u00e4 saa ilmaiseksi.<\/p>\n\n\n\n<p>Uudistetussa Tennispalatsissa on suuria digimainostauluja, jotka ovat olleet v\u00e4lill\u00e4 pime\u00e4n\u00e4. Syyksi olen kuullut sen, ett\u00e4 mainostaminen on hinnoiteltu niin kalliiksi, ettei kukaan halua siit\u00e4 maksaa.<\/p>\n\n\n\n<p>Vaikka Finnkinon myynti- ja markkinointijohtaja <strong>Kalle Peltola<\/strong> ihmettelee Hesarin jutussa, miksi Solar Filmsin vaatimus kohdistuu johtavaan teatteriketjuun, h\u00e4n kyll\u00e4 tiet\u00e4\u00e4, mist\u00e4 on kyse: kukaan ei ole ollut niin hankala levitt\u00e4jille&nbsp; ja tuottajille kuin juuri Finnkino.<\/p>\n\n\n\n<p>Samaan aikaan kun Finnkinon on tehnyt markkinoinnista yh\u00e4 kalliimpaa, se on my\u00f6s tiett\u00e4v\u00e4sti korottanut prosenttiosuuttaan leffalipuista. N\u00e4m\u00e4 ns. filmivuokrasopimukset ovat teatterien ja levitt\u00e4jien v\u00e4lisi\u00e4 liikesalaisuuksia, eik\u00e4 niist\u00e4 hirve\u00e4sti hiiskuta. T\u00e4m\u00e4n tuloksena oli muutama vuosi sitten joka tapauksessa kriisi, jossa <a href=\"https:\/\/suomenkuvalehti.fi\/kuvien-takaa\/finnkino-kriisi-markkinajohtaja-liian-ahne-hamahakkimiehelle\/?shared=2046-f396ce0b-999\">amerikkalaisyhti\u00f6 uhkasi j\u00e4tt\u00e4\u00e4 <em>Spider-Man 2:n<\/em> tyystin pois Finnkinolta<\/a>, jolloin sit\u00e4 ei olisi esitetty Suomen suurimmissa kaupungeissa muuten kuin joillain pienill\u00e4 valkokankailla.<\/p>\n\n\n\n<p>Ent\u00e4 mit\u00e4 v\u00e4li\u00e4 t\u00e4ll\u00e4 kaikella on katsojan n\u00e4k\u00f6kulmasta? Ainakin jo toteutunut seikka, ett\u00e4 vain suurimpia elokuvia mainostetaan monisaliteattereissa. Jos niit\u00e4 pienempi\u00e4 ja kunnianhimoisempia ei ole varaa markkinoida, ne saavat luonnollisesti aina v\u00e4hemm\u00e4n katsojia. Aiemmin Finnkinollakin eri teatterien p\u00e4\u00e4llik\u00f6t p\u00e4\u00e4ttiv\u00e4t, mit\u00e4 julisteita laitetaan esille. Totta kai oli kyse rahan tekemisest\u00e4, mutta tervett\u00e4 j\u00e4rke\u00e4 k\u00e4ytettiin siin\u00e4, ett\u00e4 erilaiset elokuvat saivat n\u00e4kyvyytt\u00e4. Monipuolisuus on t\u00e4rke\u00e4\u00e4, yleis\u00f6j\u00e4 on erilaisia.<\/p>\n\n\n\n<p>Hollywood-studioilla ja Luokkakokousten tekij\u00f6ill\u00e4 ei ole suurta h\u00e4t\u00e4\u00e4. Se, ett\u00e4 juuri Selin Finnkinon ahneudesta \u00e4r\u00e4ht\u00e4\u00e4, kertoo ett\u00e4 h\u00e4nell\u00e4 on kanttia ja varaa. Kyse ei ole niink\u00e4\u00e4n halusta p\u00e4\u00e4st\u00e4 nimenomaan osingolle mainostuloista, vaan puolien pit\u00e4misest\u00e4, kun toinen osapuoli aina vaan kirist\u00e4\u00e4 ruuvia.<\/p>\n\n\n\n<p>Eik\u00e4 joku Spider-Man 2 tietenk\u00e4\u00e4n kuulosta suurelta menetykselt\u00e4, mutta asiaan liittyen Sonyn Wikileaks-vuodetuista meileist\u00e4 l\u00f6ytyy mielenkiintoinen s\u00e4hk\u00f6posti. Siin\u00e4 er\u00e4s Hollywood-studion p\u00e4\u00e4tt\u00e4j\u00e4 toteaa, ett\u00e4 mik\u00e4li homma menee n\u00e4in vaikeaksi, yht\u00e4 hyvin Sony voisi lopettaa kaikkien leffojensa levitt\u00e4misen Suomessa, sill\u00e4 markkina-alue on heid\u00e4n n\u00e4k\u00f6kulmastaan mit\u00e4t\u00f6n.<\/p>\n\n\n\n<p>Lopulta kyse on kulttuuripolitiikasta. Vaikka elokuvalevitt\u00e4j\u00e4t p\u00e4\u00e4tt\u00e4v\u00e4t, mit\u00e4 Finnkinon esitett\u00e4v\u00e4ksi tarjoavat, t\u00e4m\u00e4kin riita muistuttaa, ett\u00e4 sektoriaan hallitseva Finnkino voi my\u00f6s ohjata markkinoita. Elokuva on se, mik\u00e4 katsojat Finnkinon saliin tuo, mutta k\u00e4yt\u00e4nn\u00f6n monopolia vastaan on vaikea nousta.<\/p>\n\n\n\n<p>&nbsp;<\/p>\n\n\n","protected":false},"excerpt":{"rendered":"<p>Ep\u00e4tavallinen riita: Markus Selin on ilmoittanut elokuvateatteriketju Finnkinolle, ett\u00e4 Luokkakokous 2:n edess\u00e4 ei saa esitt\u00e4\u00e4 mainoksia. Muiden elokuvien trailereita saa ajaa, mutta mainoksia ei. Vaatimus koskee nimenomaan markkinajohtaja Finnkinoa, jolla on Suomessa<br \/>\nnoin&hellip;<\/p>\n","protected":false},"author":144,"featured_media":0,"comment_status":"open","ping_status":"closed","sticky":false,"template":"","format":"standard","meta":{"_acf_changed":false,"asauth_required_access_level":3,"asauth_cansharepaid":"true","om_header_attributes":[],"footnotes":"","om_featured_image_focal_point":[],"om_primary_tag":0,"om_contributors":[],"om_co_authors":[],"beyondwords_generate_audio":"","beyondwords_project_id":"","beyondwords_content_id":"","beyondwords_preview_token":"","beyondwords_player_content":"","beyondwords_player_style":"","beyondwords_language_code":"","beyondwords_language_id":"","beyondwords_title_voice_id":"","beyondwords_body_voice_id":"","beyondwords_summary_voice_id":"","beyondwords_error_message":"","beyondwords_disabled":"","beyondwords_delete_content":"","beyondwords_podcast_id":"","beyondwords_hash":"","publish_post_to_speechkit":"","speechkit_hash":"","speechkit_generate_audio":"","speechkit_project_id":"","speechkit_podcast_id":"","speechkit_error_message":"","speechkit_disabled":"","speechkit_access_key":"","speechkit_error":"","speechkit_info":"","speechkit_response":"","speechkit_retries":"","speechkit_status":"","speechkit_updated_at":"","_speechkit_link":"","_speechkit_text":""},"categories":[1],"tags":[285,2370,495],"class_list":["post-3711","post","type-post","status-publish","format-standard","hentry","category-kuvien-takaa","tag-finnkino","tag-luokkakokous-2","tag-markus-selin"],"om_views":null,"acf":{"tuuma_off":false,"tuuma_kysymys":"","tuuma_vastaus":""},"asauth":{"required_access_level":1,"share_token":"","is_paid":false},"yoast_head":"<!-- This site is optimized with the Yoast SEO plugin v26.4 - https:\/\/yoast.com\/wordpress\/plugins\/seo\/ -->\n<title>Markus Selin vastaan Finnkino - taustalla ahneus - Kuvien takaa<\/title>\n<meta name=\"robots\" content=\"index, follow, max-snippet:-1, max-image-preview:large, max-video-preview:-1\" \/>\n<link rel=\"canonical\" href=\"https:\/\/suomenkuvalehti.fi\/kuvien-takaa\/markus-selin-vastaan-finnkino-taustalla-ahneus\/\" \/>\n<meta property=\"og:locale\" content=\"fi_FI\" \/>\n<meta property=\"og:type\" content=\"article\" \/>\n<meta property=\"og:title\" content=\"Markus Selin vastaan Finnkino - taustalla ahneus - Kuvien takaa\" \/>\n<meta property=\"og:description\" content=\"Ep\u00e4tavallinen riita: Markus Selin on ilmoittanut elokuvateatteriketju Finnkinolle, ett\u00e4 Luokkakokous 2:n edess\u00e4 ei saa esitt\u00e4\u00e4 mainoksia. Muiden elokuvien trailereita saa ajaa, mutta mainoksia ei. Vaatimus koskee nimenomaan markkinajohtaja Finnkinoa, jolla on Suomessa noin&hellip;\" \/>\n<meta property=\"og:url\" content=\"https:\/\/suomenkuvalehti.fi\/kuvien-takaa\/markus-selin-vastaan-finnkino-taustalla-ahneus\/\" \/>\n<meta property=\"og:site_name\" content=\"Kuvien takaa\" \/>\n<meta property=\"article:author\" content=\"https:\/\/www.facebook.com\/pages\/Kalle-Kinnunen-Kuvien-takaa\/190326157715410?fref=ts\" \/>\n<meta property=\"article:published_time\" content=\"2016-10-28T07:11:58+00:00\" \/>\n<meta property=\"og:image\" content=\"https:\/\/suomenkuvalehti.fi\/kuvien-takaa\/wp-content\/uploads\/sites\/11\/2022\/04\/kalle_kinnunen_blogi-1-scaled.jpg\" \/>\n\t<meta property=\"og:image:width\" content=\"2560\" \/>\n\t<meta property=\"og:image:height\" content=\"1707\" \/>\n\t<meta property=\"og:image:type\" content=\"image\/jpeg\" \/>\n<meta name=\"author\" content=\"Kalle Kinnunen\" \/>\n<meta name=\"twitter:card\" content=\"summary_large_image\" \/>\n<meta name=\"twitter:creator\" content=\"@https:\/\/twitter.com\/kallekinnunen\" \/>\n<meta name=\"twitter:label1\" content=\"Written by\" \/>\n\t<meta name=\"twitter:data1\" content=\"Kalle Kinnunen\" \/>\n\t<meta name=\"twitter:label2\" content=\"Est. reading time\" \/>\n\t<meta name=\"twitter:data2\" content=\"3 minuuttia\" \/>\n<script type=\"application\/ld+json\" class=\"yoast-schema-graph\">{\"@context\":\"https:\/\/schema.org\",\"@graph\":[{\"@type\":\"WebPage\",\"@id\":\"https:\/\/suomenkuvalehti.fi\/kuvien-takaa\/markus-selin-vastaan-finnkino-taustalla-ahneus\/\",\"url\":\"https:\/\/suomenkuvalehti.fi\/kuvien-takaa\/markus-selin-vastaan-finnkino-taustalla-ahneus\/\",\"name\":\"Markus Selin vastaan Finnkino - taustalla ahneus - Kuvien takaa\",\"isPartOf\":{\"@id\":\"https:\/\/suomenkuvalehti.fi\/kuvien-takaa\/#website\"},\"datePublished\":\"2016-10-28T07:11:58+00:00\",\"author\":{\"@id\":\"https:\/\/suomenkuvalehti.fi\/kuvien-takaa\/#\/schema\/person\/f3f657e4ad409e008f12af27bec60a23\"},\"breadcrumb\":{\"@id\":\"https:\/\/suomenkuvalehti.fi\/kuvien-takaa\/markus-selin-vastaan-finnkino-taustalla-ahneus\/#breadcrumb\"},\"inLanguage\":\"fi\",\"potentialAction\":[{\"@type\":\"ReadAction\",\"target\":[\"https:\/\/suomenkuvalehti.fi\/kuvien-takaa\/markus-selin-vastaan-finnkino-taustalla-ahneus\/\"]}]},{\"@type\":\"BreadcrumbList\",\"@id\":\"https:\/\/suomenkuvalehti.fi\/kuvien-takaa\/markus-selin-vastaan-finnkino-taustalla-ahneus\/#breadcrumb\",\"itemListElement\":[{\"@type\":\"ListItem\",\"position\":1,\"name\":\"Home\",\"item\":\"https:\/\/suomenkuvalehti.fi\/kuvien-takaa\/\"},{\"@type\":\"ListItem\",\"position\":2,\"name\":\"Markus Selin vastaan Finnkino &#8211; taustalla ahneus\"}]},{\"@type\":\"WebSite\",\"@id\":\"https:\/\/suomenkuvalehti.fi\/kuvien-takaa\/#website\",\"url\":\"https:\/\/suomenkuvalehti.fi\/kuvien-takaa\/\",\"name\":\"Kuvien takaa\",\"description\":\"Elokuvakriitikko Kalle Kinnusen elokuvablogi.\",\"potentialAction\":[{\"@type\":\"SearchAction\",\"target\":{\"@type\":\"EntryPoint\",\"urlTemplate\":\"https:\/\/suomenkuvalehti.fi\/haku\/?q={search_term_string}\"},\"query-input\":{\"@type\":\"PropertyValueSpecification\",\"valueRequired\":true,\"valueName\":\"search_term_string\"}}],\"inLanguage\":\"fi\"},{\"@type\":\"Person\",\"@id\":\"https:\/\/suomenkuvalehti.fi\/kuvien-takaa\/#\/schema\/person\/f3f657e4ad409e008f12af27bec60a23\",\"name\":\"Kalle Kinnunen\",\"image\":{\"@type\":\"ImageObject\",\"inLanguage\":\"fi\",\"@id\":\"https:\/\/suomenkuvalehti.fi\/kuvien-takaa\/#\/schema\/person\/image\/\",\"url\":\"https:\/\/suomenkuvalehti.fi\/kuvien-takaa\/wp-content\/uploads\/sites\/11\/2022\/04\/kalle_kinnunen_blogi-1-150x150.jpg\",\"contentUrl\":\"https:\/\/suomenkuvalehti.fi\/kuvien-takaa\/wp-content\/uploads\/sites\/11\/2022\/04\/kalle_kinnunen_blogi-1-150x150.jpg\",\"caption\":\"Kalle Kinnunen\"},\"description\":\"Kalle Kinnunen on vapaa toimittaja ja Suomen Kuvalehden avustaja.\",\"sameAs\":[\"https:\/\/www.facebook.com\/pages\/Kalle-Kinnunen-Kuvien-takaa\/190326157715410?fref=ts\",\"https:\/\/x.com\/https:\/\/twitter.com\/kallekinnunen\"]}]}<\/script>\n<!-- \/ Yoast SEO plugin. -->","yoast_head_json":{"title":"Markus Selin vastaan Finnkino - taustalla ahneus - Kuvien takaa","robots":{"index":"index","follow":"follow","max-snippet":"max-snippet:-1","max-image-preview":"max-image-preview:large","max-video-preview":"max-video-preview:-1"},"canonical":"https:\/\/suomenkuvalehti.fi\/kuvien-takaa\/markus-selin-vastaan-finnkino-taustalla-ahneus\/","og_locale":"fi_FI","og_type":"article","og_title":"Markus Selin vastaan Finnkino - taustalla ahneus - Kuvien takaa","og_description":"Ep\u00e4tavallinen riita: Markus Selin on ilmoittanut elokuvateatteriketju Finnkinolle, ett\u00e4 Luokkakokous 2:n edess\u00e4 ei saa esitt\u00e4\u00e4 mainoksia. Muiden elokuvien trailereita saa ajaa, mutta mainoksia ei. Vaatimus koskee nimenomaan markkinajohtaja Finnkinoa, jolla on Suomessa noin&hellip;","og_url":"https:\/\/suomenkuvalehti.fi\/kuvien-takaa\/markus-selin-vastaan-finnkino-taustalla-ahneus\/","og_site_name":"Kuvien takaa","article_author":"https:\/\/www.facebook.com\/pages\/Kalle-Kinnunen-Kuvien-takaa\/190326157715410?fref=ts","article_published_time":"2016-10-28T07:11:58+00:00","og_image":[{"width":2560,"height":1707,"url":"https:\/\/suomenkuvalehti.fi\/kuvien-takaa\/wp-content\/uploads\/sites\/11\/2022\/04\/kalle_kinnunen_blogi-1-scaled.jpg","type":"image\/jpeg"}],"author":"Kalle Kinnunen","twitter_card":"summary_large_image","twitter_creator":"@https:\/\/twitter.com\/kallekinnunen","twitter_misc":{"Written by":"Kalle Kinnunen","Est. reading time":"3 minuuttia"},"schema":{"@context":"https:\/\/schema.org","@graph":[{"@type":"WebPage","@id":"https:\/\/suomenkuvalehti.fi\/kuvien-takaa\/markus-selin-vastaan-finnkino-taustalla-ahneus\/","url":"https:\/\/suomenkuvalehti.fi\/kuvien-takaa\/markus-selin-vastaan-finnkino-taustalla-ahneus\/","name":"Markus Selin vastaan Finnkino - taustalla ahneus - Kuvien takaa","isPartOf":{"@id":"https:\/\/suomenkuvalehti.fi\/kuvien-takaa\/#website"},"datePublished":"2016-10-28T07:11:58+00:00","author":{"@id":"https:\/\/suomenkuvalehti.fi\/kuvien-takaa\/#\/schema\/person\/f3f657e4ad409e008f12af27bec60a23"},"breadcrumb":{"@id":"https:\/\/suomenkuvalehti.fi\/kuvien-takaa\/markus-selin-vastaan-finnkino-taustalla-ahneus\/#breadcrumb"},"inLanguage":"fi","potentialAction":[{"@type":"ReadAction","target":["https:\/\/suomenkuvalehti.fi\/kuvien-takaa\/markus-selin-vastaan-finnkino-taustalla-ahneus\/"]}]},{"@type":"BreadcrumbList","@id":"https:\/\/suomenkuvalehti.fi\/kuvien-takaa\/markus-selin-vastaan-finnkino-taustalla-ahneus\/#breadcrumb","itemListElement":[{"@type":"ListItem","position":1,"name":"Home","item":"https:\/\/suomenkuvalehti.fi\/kuvien-takaa\/"},{"@type":"ListItem","position":2,"name":"Markus Selin vastaan Finnkino &#8211; taustalla ahneus"}]},{"@type":"WebSite","@id":"https:\/\/suomenkuvalehti.fi\/kuvien-takaa\/#website","url":"https:\/\/suomenkuvalehti.fi\/kuvien-takaa\/","name":"Kuvien takaa","description":"Elokuvakriitikko Kalle Kinnusen elokuvablogi.","potentialAction":[{"@type":"SearchAction","target":{"@type":"EntryPoint","urlTemplate":"https:\/\/suomenkuvalehti.fi\/haku\/?q={search_term_string}"},"query-input":{"@type":"PropertyValueSpecification","valueRequired":true,"valueName":"search_term_string"}}],"inLanguage":"fi"},{"@type":"Person","@id":"https:\/\/suomenkuvalehti.fi\/kuvien-takaa\/#\/schema\/person\/f3f657e4ad409e008f12af27bec60a23","name":"Kalle Kinnunen","image":{"@type":"ImageObject","inLanguage":"fi","@id":"https:\/\/suomenkuvalehti.fi\/kuvien-takaa\/#\/schema\/person\/image\/","url":"https:\/\/suomenkuvalehti.fi\/kuvien-takaa\/wp-content\/uploads\/sites\/11\/2022\/04\/kalle_kinnunen_blogi-1-150x150.jpg","contentUrl":"https:\/\/suomenkuvalehti.fi\/kuvien-takaa\/wp-content\/uploads\/sites\/11\/2022\/04\/kalle_kinnunen_blogi-1-150x150.jpg","caption":"Kalle Kinnunen"},"description":"Kalle Kinnunen on vapaa toimittaja ja Suomen Kuvalehden avustaja.","sameAs":["https:\/\/www.facebook.com\/pages\/Kalle-Kinnunen-Kuvien-takaa\/190326157715410?fref=ts","https:\/\/x.com\/https:\/\/twitter.com\/kallekinnunen"]}]}},"_links":{"self":[{"href":"https:\/\/suomenkuvalehti.fi\/kuvien-takaa\/wp-json\/wp\/v2\/posts\/3711","targetHints":{"allow":["GET"]}}],"collection":[{"href":"https:\/\/suomenkuvalehti.fi\/kuvien-takaa\/wp-json\/wp\/v2\/posts"}],"about":[{"href":"https:\/\/suomenkuvalehti.fi\/kuvien-takaa\/wp-json\/wp\/v2\/types\/post"}],"author":[{"embeddable":true,"href":"https:\/\/suomenkuvalehti.fi\/kuvien-takaa\/wp-json\/wp\/v2\/users\/144"}],"replies":[{"embeddable":true,"href":"https:\/\/suomenkuvalehti.fi\/kuvien-takaa\/wp-json\/wp\/v2\/comments?post=3711"}],"version-history":[{"count":1,"href":"https:\/\/suomenkuvalehti.fi\/kuvien-takaa\/wp-json\/wp\/v2\/posts\/3711\/revisions"}],"predecessor-version":[{"id":3712,"href":"https:\/\/suomenkuvalehti.fi\/kuvien-takaa\/wp-json\/wp\/v2\/posts\/3711\/revisions\/3712"}],"wp:attachment":[{"href":"https:\/\/suomenkuvalehti.fi\/kuvien-takaa\/wp-json\/wp\/v2\/media?parent=3711"}],"wp:term":[{"taxonomy":"category","embeddable":true,"href":"https:\/\/suomenkuvalehti.fi\/kuvien-takaa\/wp-json\/wp\/v2\/categories?post=3711"},{"taxonomy":"post_tag","embeddable":true,"href":"https:\/\/suomenkuvalehti.fi\/kuvien-takaa\/wp-json\/wp\/v2\/tags?post=3711"}],"curies":[{"name":"wp","href":"https:\/\/api.w.org\/{rel}","templated":true}]}}