{"id":3698,"date":"2016-10-20T09:22:54","date_gmt":"2016-10-20T06:22:54","guid":{"rendered":"https:\/\/suomenkuvalehti.fi\/kuvien-takaa\/?p=3698"},"modified":"2016-10-20T09:27:46","modified_gmt":"2016-10-20T06:27:46","slug":"donald-trumpin-irvokkuus-ja-michael-mooren-ponnistelut","status":"publish","type":"post","link":"https:\/\/suomenkuvalehti.fi\/kuvien-takaa\/donald-trumpin-irvokkuus-ja-michael-mooren-ponnistelut\/","title":{"rendered":"Donald Trumpin irvokkuus ja Michael Mooren ponnistelut"},"content":{"rendered":"\n<p>Kuulostaahan se ilmeiselt\u00e4: totta kai <strong>Michael Mooren<\/strong> piti tehd\u00e4 elokuva, jossa h\u00e4n p\u00e4\u00e4see sanomaan suorat sanat <strong>Donald Trumpista<\/strong>.<\/p>\n\n\n\n<p>Ensi-ilta oli maanantaina, siis alle kolme viikkoa ennen vaalip\u00e4iv\u00e4\u00e4, leffa tulee Pohjois-Amerikassa iTunesiin sek\u00e4 joihin elokuvateattereihin n\u00e4in\u00e4 p\u00e4ivin\u00e4, ja Suomeenkin <em>Trumpland<\/em> saadaan ihan televisioon ennen vaaleja: Jim-kanava esitt\u00e4\u00e4 sen 1.11.<\/p>\n\n\n<blockquote class=\"twitter-tweet\" data-width=\"550\">\n<p lang=\"en\" dir=\"ltr\">It was insane outside the premiere of my new film last night in Greenwich Village. Packed &#8211; hundreds couldn&#39;t get in <a href=\"https:\/\/t.co\/hcsw4Ruefa\">pic.twitter.com\/hcsw4Ruefa<\/a><\/p>\n<p>&mdash; Michael Moore (@MMFlint) <a href=\"https:\/\/twitter.com\/MMFlint\/status\/788802746560413696\">October 19, 2016<\/a><\/p><\/blockquote>\n<p><script async src=\"\/\/platform.twitter.com\/widgets.js\" charset=\"utf-8\"><\/script><\/p>\n\n\n<p>Nopea toiminta ja Mooren agitointi ovat otsikkotasolla kiinnostavia. Eri asia on, kiinnostaako itse elokuva juuri ket\u00e4\u00e4n. Tyylilaji ei ole tuttu sarkastis-sentimentaalinen dokumenttikerronta, jossa Moore kohtaa kameran edess\u00e4 hyvi\u00e4 ja huonoja ihmisi\u00e4, vaan kyseess\u00e4 on stand up -taltiointi. Moore on lavalla ja puhuu.<\/p>\n\n\n\n<p>Elokuvantekij\u00e4n n\u00e4kemyksetkin ovat k\u00e4\u00e4ntyneet nopeasti. <a href=\"https:\/\/suomenkuvalehti.fi\/jutut\/kulttuuri\/elokuva\/suomen-ylistaja-michael-moore-tyrmaa-donald-trumpin-nauttikaa-viihteesta\/?shared=907069-f4abd4df-999\">Trumpilla ei ole mahdollisuuksia presidentiksi<\/a>, Moore sanoi, kun haastattelin h\u00e4nt\u00e4 kev\u00e4\u00e4ll\u00e4 Suomen Kuvalehdelle.<\/p>\n\n\n\n<p>\u201dNauttikaa viihteest\u00e4, kun sit\u00e4 riitt\u00e4\u00e4. \u00c4lk\u00e4\u00e4 olko huolissanne\u201d, h\u00e4n heitti tuolloin huolettomasti. (Toisaalta h\u00e4n ei oikein pit\u00e4nyt <strong>Hillary Clintonistakaan<\/strong>.)<\/p>\n\n\n\n<p>Hein\u00e4kuussa Moore oli jo eri mielt\u00e4. H\u00e4n pelotteli ja surkutteli <a href=\"http:\/\/michaelmoore.com\/trumpwillwin\/\">Trumpin v\u00e4\u00e4j\u00e4\u00e4m\u00e4tt\u00f6m\u00e4ll\u00e4 voitolla<\/a>.<\/p>\n\n\n\n<p>Nyt lokakuun toisella puoliskolla Trumpin kannatusluvut ovat aika heikot. T\u00e4ss\u00e4 valossa hein\u00e4kuun takink\u00e4\u00e4nt\u00f6 ja sit\u00e4 seurannut yll\u00e4tysleffa Trumpland vaikuttavat jo v\u00e4h\u00e4n opportunistiselta vedolta, mutta muistetaan, ett\u00e4 t\u00e4llaisenkin elokuvan tekeminen on melko pitk\u00e4 prosessi. Ei Moore sent\u00e4\u00e4n ennustaja ole.<\/p>\n\n\n\n<p>No, millainen elokuva on? En ole sit\u00e4 n\u00e4ht\u00e4v\u00e4kseni saanut, mutta julkaistujen arvioiden perusteella kyseess\u00e4 ei ole kiivas, erityisen hauska tai ainakaan irvokkuuksiin herkullisesti tarraava Trump-dissaus. Trumpland kertookin siit\u00e4, <a href=\"http:\/\/www.nytimes.com\/2016\/10\/20\/movies\/review-michael-moore-in-trumpland.html?_r=0\">miten Moore k\u00e4\u00e4ntyi Clintonin kannattajaksi<\/a>.<\/p>\n\n\n\n<p>Pragmaattinen stand up -leffa? Katsotaan toki ennen kuin tuomitaan.<\/p>\n\n\n\n<p>Ymm\u00e4rr\u00e4n toki, ett\u00e4 innostuneen yleis\u00f6suhteensa menett\u00e4neen Mooren pit\u00e4\u00e4 tehd\u00e4 kovasti t\u00f6it\u00e4 s\u00e4ily\u00e4kseen relevanttina. Elokuvateatterilevityksess\u00e4 esimerkiksi Suomessa sek\u00e4 <a href=\"https:\/\/suomenkuvalehti.fi\/kuvien-takaa\/michael-moore-ei-ole-enaa-tahti\/?shared=882-5acc19ac-999\"><em>Capitalism: A Love Story<\/em><\/a> ett\u00e4 t\u00e4m\u00e4n kev\u00e4\u00e4n <a href=\"https:\/\/suomenkuvalehti.fi\/kuvien-takaa\/koulutusleikkausten-varjossa-ei-naurata-michael-moore-floppasi-rajusti\/?shared=3457-9018ea2b-999\"><em>Where to Invade Next<\/em><\/a> olivat floppeja.<\/p>\n\n\n\n<p>&nbsp;<\/p>\n\n\n","protected":false},"excerpt":{"rendered":"<p>Kuulostaahan se ilmeiselt\u00e4: totta kai Michael Mooren piti tehd\u00e4 elokuva, jossa h\u00e4n p\u00e4\u00e4see sanomaan suorat sanat Donald Trumpista. Ensi-ilta oli maanantaina, siis alle kolme viikkoa ennen vaalip\u00e4iv\u00e4\u00e4, leffa tulee Pohjois-Amerikassa iTunesiin sek\u00e4 joihin<br \/>\nelokuvat&hellip;<\/p>\n","protected":false},"author":144,"featured_media":0,"comment_status":"open","ping_status":"closed","sticky":false,"template":"","format":"standard","meta":{"_acf_changed":false,"asauth_required_access_level":3,"asauth_cansharepaid":"true","om_header_attributes":[],"footnotes":"","om_featured_image_focal_point":[],"om_primary_tag":0,"om_contributors":[],"om_co_authors":[],"beyondwords_generate_audio":"","beyondwords_project_id":"","beyondwords_content_id":"","beyondwords_preview_token":"","beyondwords_player_content":"","beyondwords_player_style":"","beyondwords_language_code":"","beyondwords_language_id":"","beyondwords_title_voice_id":"","beyondwords_body_voice_id":"","beyondwords_summary_voice_id":"","beyondwords_error_message":"","beyondwords_disabled":"","beyondwords_delete_content":"","beyondwords_podcast_id":"","beyondwords_hash":"","publish_post_to_speechkit":"","speechkit_hash":"","speechkit_generate_audio":"","speechkit_project_id":"","speechkit_podcast_id":"","speechkit_error_message":"","speechkit_disabled":"","speechkit_access_key":"","speechkit_error":"","speechkit_info":"","speechkit_response":"","speechkit_retries":"","speechkit_status":"","speechkit_updated_at":"","_speechkit_link":"","_speechkit_text":""},"categories":[1],"tags":[2338,1416,2368],"class_list":["post-3698","post","type-post","status-publish","format-standard","hentry","category-kuvien-takaa","tag-donald-trump","tag-michael-moore","tag-trumpland"],"om_views":null,"acf":{"tuuma_off":false,"tuuma_kysymys":"","tuuma_vastaus":""},"asauth":{"required_access_level":1,"share_token":"","is_paid":false},"yoast_head":"<!-- This site is optimized with the Yoast SEO plugin v26.4 - https:\/\/yoast.com\/wordpress\/plugins\/seo\/ -->\n<title>Donald Trumpin irvokkuus ja Michael Mooren ponnistelut - Kuvien takaa<\/title>\n<meta name=\"robots\" content=\"index, follow, max-snippet:-1, max-image-preview:large, max-video-preview:-1\" \/>\n<link rel=\"canonical\" href=\"https:\/\/suomenkuvalehti.fi\/kuvien-takaa\/donald-trumpin-irvokkuus-ja-michael-mooren-ponnistelut\/\" \/>\n<meta property=\"og:locale\" content=\"fi_FI\" \/>\n<meta property=\"og:type\" content=\"article\" \/>\n<meta property=\"og:title\" content=\"Donald Trumpin irvokkuus ja Michael Mooren ponnistelut - Kuvien takaa\" \/>\n<meta property=\"og:description\" content=\"Kuulostaahan se ilmeiselt\u00e4: totta kai Michael Mooren piti tehd\u00e4 elokuva, jossa h\u00e4n p\u00e4\u00e4see sanomaan suorat sanat Donald Trumpista. Ensi-ilta oli maanantaina, siis alle kolme viikkoa ennen vaalip\u00e4iv\u00e4\u00e4, leffa tulee Pohjois-Amerikassa iTunesiin sek\u00e4 joihin elokuvat&hellip;\" \/>\n<meta property=\"og:url\" content=\"https:\/\/suomenkuvalehti.fi\/kuvien-takaa\/donald-trumpin-irvokkuus-ja-michael-mooren-ponnistelut\/\" \/>\n<meta property=\"og:site_name\" content=\"Kuvien takaa\" \/>\n<meta property=\"article:author\" content=\"https:\/\/www.facebook.com\/pages\/Kalle-Kinnunen-Kuvien-takaa\/190326157715410?fref=ts\" \/>\n<meta property=\"article:published_time\" content=\"2016-10-20T06:22:54+00:00\" \/>\n<meta property=\"article:modified_time\" content=\"2016-10-20T06:27:46+00:00\" \/>\n<meta property=\"og:image\" content=\"https:\/\/suomenkuvalehti.fi\/kuvien-takaa\/wp-content\/uploads\/sites\/11\/2022\/04\/kalle_kinnunen_blogi-1-scaled.jpg\" \/>\n\t<meta property=\"og:image:width\" content=\"2560\" \/>\n\t<meta property=\"og:image:height\" content=\"1707\" \/>\n\t<meta property=\"og:image:type\" content=\"image\/jpeg\" \/>\n<meta name=\"author\" content=\"Kalle Kinnunen\" \/>\n<meta name=\"twitter:card\" content=\"summary_large_image\" \/>\n<meta name=\"twitter:creator\" content=\"@https:\/\/twitter.com\/kallekinnunen\" \/>\n<meta name=\"twitter:label1\" content=\"Written by\" \/>\n\t<meta name=\"twitter:data1\" content=\"Kalle Kinnunen\" \/>\n\t<meta name=\"twitter:label2\" content=\"Est. reading time\" \/>\n\t<meta name=\"twitter:data2\" content=\"2 minuuttia\" \/>\n<script type=\"application\/ld+json\" class=\"yoast-schema-graph\">{\"@context\":\"https:\/\/schema.org\",\"@graph\":[{\"@type\":\"WebPage\",\"@id\":\"https:\/\/suomenkuvalehti.fi\/kuvien-takaa\/donald-trumpin-irvokkuus-ja-michael-mooren-ponnistelut\/\",\"url\":\"https:\/\/suomenkuvalehti.fi\/kuvien-takaa\/donald-trumpin-irvokkuus-ja-michael-mooren-ponnistelut\/\",\"name\":\"Donald Trumpin irvokkuus ja Michael Mooren ponnistelut - Kuvien takaa\",\"isPartOf\":{\"@id\":\"https:\/\/suomenkuvalehti.fi\/kuvien-takaa\/#website\"},\"datePublished\":\"2016-10-20T06:22:54+00:00\",\"dateModified\":\"2016-10-20T06:27:46+00:00\",\"author\":{\"@id\":\"https:\/\/suomenkuvalehti.fi\/kuvien-takaa\/#\/schema\/person\/f3f657e4ad409e008f12af27bec60a23\"},\"breadcrumb\":{\"@id\":\"https:\/\/suomenkuvalehti.fi\/kuvien-takaa\/donald-trumpin-irvokkuus-ja-michael-mooren-ponnistelut\/#breadcrumb\"},\"inLanguage\":\"fi\",\"potentialAction\":[{\"@type\":\"ReadAction\",\"target\":[\"https:\/\/suomenkuvalehti.fi\/kuvien-takaa\/donald-trumpin-irvokkuus-ja-michael-mooren-ponnistelut\/\"]}]},{\"@type\":\"BreadcrumbList\",\"@id\":\"https:\/\/suomenkuvalehti.fi\/kuvien-takaa\/donald-trumpin-irvokkuus-ja-michael-mooren-ponnistelut\/#breadcrumb\",\"itemListElement\":[{\"@type\":\"ListItem\",\"position\":1,\"name\":\"Home\",\"item\":\"https:\/\/suomenkuvalehti.fi\/kuvien-takaa\/\"},{\"@type\":\"ListItem\",\"position\":2,\"name\":\"Donald Trumpin irvokkuus ja Michael Mooren ponnistelut\"}]},{\"@type\":\"WebSite\",\"@id\":\"https:\/\/suomenkuvalehti.fi\/kuvien-takaa\/#website\",\"url\":\"https:\/\/suomenkuvalehti.fi\/kuvien-takaa\/\",\"name\":\"Kuvien takaa\",\"description\":\"Elokuvakriitikko Kalle Kinnusen elokuvablogi.\",\"potentialAction\":[{\"@type\":\"SearchAction\",\"target\":{\"@type\":\"EntryPoint\",\"urlTemplate\":\"https:\/\/suomenkuvalehti.fi\/haku\/?q={search_term_string}\"},\"query-input\":{\"@type\":\"PropertyValueSpecification\",\"valueRequired\":true,\"valueName\":\"search_term_string\"}}],\"inLanguage\":\"fi\"},{\"@type\":\"Person\",\"@id\":\"https:\/\/suomenkuvalehti.fi\/kuvien-takaa\/#\/schema\/person\/f3f657e4ad409e008f12af27bec60a23\",\"name\":\"Kalle Kinnunen\",\"image\":{\"@type\":\"ImageObject\",\"inLanguage\":\"fi\",\"@id\":\"https:\/\/suomenkuvalehti.fi\/kuvien-takaa\/#\/schema\/person\/image\/\",\"url\":\"https:\/\/suomenkuvalehti.fi\/kuvien-takaa\/wp-content\/uploads\/sites\/11\/2022\/04\/kalle_kinnunen_blogi-1-150x150.jpg\",\"contentUrl\":\"https:\/\/suomenkuvalehti.fi\/kuvien-takaa\/wp-content\/uploads\/sites\/11\/2022\/04\/kalle_kinnunen_blogi-1-150x150.jpg\",\"caption\":\"Kalle Kinnunen\"},\"description\":\"Kalle Kinnunen on vapaa toimittaja ja Suomen Kuvalehden avustaja.\",\"sameAs\":[\"https:\/\/www.facebook.com\/pages\/Kalle-Kinnunen-Kuvien-takaa\/190326157715410?fref=ts\",\"https:\/\/x.com\/https:\/\/twitter.com\/kallekinnunen\"]}]}<\/script>\n<!-- \/ Yoast SEO plugin. -->","yoast_head_json":{"title":"Donald Trumpin irvokkuus ja Michael Mooren ponnistelut - Kuvien takaa","robots":{"index":"index","follow":"follow","max-snippet":"max-snippet:-1","max-image-preview":"max-image-preview:large","max-video-preview":"max-video-preview:-1"},"canonical":"https:\/\/suomenkuvalehti.fi\/kuvien-takaa\/donald-trumpin-irvokkuus-ja-michael-mooren-ponnistelut\/","og_locale":"fi_FI","og_type":"article","og_title":"Donald Trumpin irvokkuus ja Michael Mooren ponnistelut - Kuvien takaa","og_description":"Kuulostaahan se ilmeiselt\u00e4: totta kai Michael Mooren piti tehd\u00e4 elokuva, jossa h\u00e4n p\u00e4\u00e4see sanomaan suorat sanat Donald Trumpista. Ensi-ilta oli maanantaina, siis alle kolme viikkoa ennen vaalip\u00e4iv\u00e4\u00e4, leffa tulee Pohjois-Amerikassa iTunesiin sek\u00e4 joihin elokuvat&hellip;","og_url":"https:\/\/suomenkuvalehti.fi\/kuvien-takaa\/donald-trumpin-irvokkuus-ja-michael-mooren-ponnistelut\/","og_site_name":"Kuvien takaa","article_author":"https:\/\/www.facebook.com\/pages\/Kalle-Kinnunen-Kuvien-takaa\/190326157715410?fref=ts","article_published_time":"2016-10-20T06:22:54+00:00","article_modified_time":"2016-10-20T06:27:46+00:00","og_image":[{"width":2560,"height":1707,"url":"https:\/\/suomenkuvalehti.fi\/kuvien-takaa\/wp-content\/uploads\/sites\/11\/2022\/04\/kalle_kinnunen_blogi-1-scaled.jpg","type":"image\/jpeg"}],"author":"Kalle Kinnunen","twitter_card":"summary_large_image","twitter_creator":"@https:\/\/twitter.com\/kallekinnunen","twitter_misc":{"Written by":"Kalle Kinnunen","Est. reading time":"2 minuuttia"},"schema":{"@context":"https:\/\/schema.org","@graph":[{"@type":"WebPage","@id":"https:\/\/suomenkuvalehti.fi\/kuvien-takaa\/donald-trumpin-irvokkuus-ja-michael-mooren-ponnistelut\/","url":"https:\/\/suomenkuvalehti.fi\/kuvien-takaa\/donald-trumpin-irvokkuus-ja-michael-mooren-ponnistelut\/","name":"Donald Trumpin irvokkuus ja Michael Mooren ponnistelut - Kuvien takaa","isPartOf":{"@id":"https:\/\/suomenkuvalehti.fi\/kuvien-takaa\/#website"},"datePublished":"2016-10-20T06:22:54+00:00","dateModified":"2016-10-20T06:27:46+00:00","author":{"@id":"https:\/\/suomenkuvalehti.fi\/kuvien-takaa\/#\/schema\/person\/f3f657e4ad409e008f12af27bec60a23"},"breadcrumb":{"@id":"https:\/\/suomenkuvalehti.fi\/kuvien-takaa\/donald-trumpin-irvokkuus-ja-michael-mooren-ponnistelut\/#breadcrumb"},"inLanguage":"fi","potentialAction":[{"@type":"ReadAction","target":["https:\/\/suomenkuvalehti.fi\/kuvien-takaa\/donald-trumpin-irvokkuus-ja-michael-mooren-ponnistelut\/"]}]},{"@type":"BreadcrumbList","@id":"https:\/\/suomenkuvalehti.fi\/kuvien-takaa\/donald-trumpin-irvokkuus-ja-michael-mooren-ponnistelut\/#breadcrumb","itemListElement":[{"@type":"ListItem","position":1,"name":"Home","item":"https:\/\/suomenkuvalehti.fi\/kuvien-takaa\/"},{"@type":"ListItem","position":2,"name":"Donald Trumpin irvokkuus ja Michael Mooren ponnistelut"}]},{"@type":"WebSite","@id":"https:\/\/suomenkuvalehti.fi\/kuvien-takaa\/#website","url":"https:\/\/suomenkuvalehti.fi\/kuvien-takaa\/","name":"Kuvien takaa","description":"Elokuvakriitikko Kalle Kinnusen elokuvablogi.","potentialAction":[{"@type":"SearchAction","target":{"@type":"EntryPoint","urlTemplate":"https:\/\/suomenkuvalehti.fi\/haku\/?q={search_term_string}"},"query-input":{"@type":"PropertyValueSpecification","valueRequired":true,"valueName":"search_term_string"}}],"inLanguage":"fi"},{"@type":"Person","@id":"https:\/\/suomenkuvalehti.fi\/kuvien-takaa\/#\/schema\/person\/f3f657e4ad409e008f12af27bec60a23","name":"Kalle Kinnunen","image":{"@type":"ImageObject","inLanguage":"fi","@id":"https:\/\/suomenkuvalehti.fi\/kuvien-takaa\/#\/schema\/person\/image\/","url":"https:\/\/suomenkuvalehti.fi\/kuvien-takaa\/wp-content\/uploads\/sites\/11\/2022\/04\/kalle_kinnunen_blogi-1-150x150.jpg","contentUrl":"https:\/\/suomenkuvalehti.fi\/kuvien-takaa\/wp-content\/uploads\/sites\/11\/2022\/04\/kalle_kinnunen_blogi-1-150x150.jpg","caption":"Kalle Kinnunen"},"description":"Kalle Kinnunen on vapaa toimittaja ja Suomen Kuvalehden avustaja.","sameAs":["https:\/\/www.facebook.com\/pages\/Kalle-Kinnunen-Kuvien-takaa\/190326157715410?fref=ts","https:\/\/x.com\/https:\/\/twitter.com\/kallekinnunen"]}]}},"_links":{"self":[{"href":"https:\/\/suomenkuvalehti.fi\/kuvien-takaa\/wp-json\/wp\/v2\/posts\/3698","targetHints":{"allow":["GET"]}}],"collection":[{"href":"https:\/\/suomenkuvalehti.fi\/kuvien-takaa\/wp-json\/wp\/v2\/posts"}],"about":[{"href":"https:\/\/suomenkuvalehti.fi\/kuvien-takaa\/wp-json\/wp\/v2\/types\/post"}],"author":[{"embeddable":true,"href":"https:\/\/suomenkuvalehti.fi\/kuvien-takaa\/wp-json\/wp\/v2\/users\/144"}],"replies":[{"embeddable":true,"href":"https:\/\/suomenkuvalehti.fi\/kuvien-takaa\/wp-json\/wp\/v2\/comments?post=3698"}],"version-history":[{"count":2,"href":"https:\/\/suomenkuvalehti.fi\/kuvien-takaa\/wp-json\/wp\/v2\/posts\/3698\/revisions"}],"predecessor-version":[{"id":3700,"href":"https:\/\/suomenkuvalehti.fi\/kuvien-takaa\/wp-json\/wp\/v2\/posts\/3698\/revisions\/3700"}],"wp:attachment":[{"href":"https:\/\/suomenkuvalehti.fi\/kuvien-takaa\/wp-json\/wp\/v2\/media?parent=3698"}],"wp:term":[{"taxonomy":"category","embeddable":true,"href":"https:\/\/suomenkuvalehti.fi\/kuvien-takaa\/wp-json\/wp\/v2\/categories?post=3698"},{"taxonomy":"post_tag","embeddable":true,"href":"https:\/\/suomenkuvalehti.fi\/kuvien-takaa\/wp-json\/wp\/v2\/tags?post=3698"}],"curies":[{"name":"wp","href":"https:\/\/api.w.org\/{rel}","templated":true}]}}