{"id":3689,"date":"2016-10-14T13:33:40","date_gmt":"2016-10-14T10:33:40","guid":{"rendered":"https:\/\/suomenkuvalehti.fi\/kuvien-takaa\/?p=3689"},"modified":"2016-10-14T13:34:48","modified_gmt":"2016-10-14T10:34:48","slug":"frankenstein-kanava-tulee-kukat-yle-teeman-hautajaisiin-voi-jo-tilata","status":"publish","type":"post","link":"https:\/\/suomenkuvalehti.fi\/kuvien-takaa\/frankenstein-kanava-tulee-kukat-yle-teeman-hautajaisiin-voi-jo-tilata\/","title":{"rendered":"Frankenstein-kanava tulee &#8211; kukat Yle Teeman hautajaisiin voi jo tilata"},"content":{"rendered":"\n<p>Mik\u00e4 on julkisen palvelun teht\u00e4v\u00e4?<\/p>\n\n\n\n<p>Yle Teeman rikkomisaikeet ovat her\u00e4tt\u00e4neet viime viikkoina keskustelua.<\/p>\n\n\n\n<p>Olen kuullut luotettavalta l\u00e4hteelt\u00e4, ett\u00e4 p\u00e4\u00e4t\u00f6s Teeman lakkauttamisesta nykyisell\u00e4\u00e4n on mit\u00e4 ilmeisimmin k\u00e4yt\u00e4nn\u00f6ss\u00e4 tehty. Juuri nyt Yle jo hakee markkinointitoimistoa (tai on jo l\u00f6yt\u00e4nyt sen), joka tulee tekem\u00e4\u00e4n br\u00e4ndity\u00f6t\u00e4, kun nykyinen Teema ja Yle Fem amputoidaan ja palaset ommellaan yhdeksi kanavaksi. Tuskin sit\u00e4 haettaisiin, ellei n\u00e4iden kanavien vihjattua uudistusta pidett\u00e4isi varmana. Muutoksiin liittyv\u00e4t lausuntopyynn\u00f6t ja muu kuvitelma kansalais- ja asiantuntijavaikuttamisesta n\u00e4ytt\u00e4isiv\u00e4t olevan silkkaa lumedemokratiaa.<\/p>\n\n\n\n<p>Pitih\u00e4n se arvata. <a href=\"http:\/\/yle.fi\/aihe\/artikkeli\/2016\/09\/30\/yle-vastaa-yle-teema-sailyy-vahvana\">Ylen vastaus<\/a> parin viikon takaiseen blogimerkint\u00e4\u00e4ni <a href=\"https:\/\/suomenkuvalehti.fi\/kuvien-takaa\/yle-teemaa-ei-saa-lakkauttaa-eika-amputoida\/?shared=3663-e9dd1cbc-999\"><em>Yle Teemaa ei saa lakkauttaa eik\u00e4 amputoida<\/em><\/a> oli hassu paitsi sik\u00e4li, ett\u00e4 palvelun supistamista kutsuttiin pokkana palvelun parantamiseksi, my\u00f6s siksi, ettei siin\u00e4 edes vaivauduttu kirjoittamaan lakkauttamisasiasta konditionaalissa. Kerrottiin vain, miten suunnitelma tulee etenem\u00e4\u00e4n.<\/p>\n\n\n\n<p>Samoin julkaisujohtaja <strong>Ismo Silvo<\/strong> esitteli Hesarissa sangen valmiin tuntuisen mallin, jossa Teema jatkaisi viiten\u00e4 iltaa viikossa alkaen kello 20. Nopea laskutoimitus: Teemaa olisi l\u00e4hetysvirtatelevisiona j\u00e4ljell\u00e4 siis ehk\u00e4 20 tuntia viikossa.<\/p>\n\n\n\n<p>Kun Silvo muotoilee t\u00e4m\u00e4n niin, ett\u00e4<a href=\"http:\/\/www.hs.fi\/kulttuuri\/a1475552230543\"><em> \u201dkaksi kanavaa tuodaan samalle kanavapaikalle omine ohjelmistoprofiileineen\u201d<\/em><\/a>, n\u00e4en mieless\u00e4ni melankolisen mutta monella tavalla vajaan Frankensteinin hirvi\u00f6n, joka on koottu eri ruumiiden osista. 20 tuntia Teemaa viikossa &#8211; se on reilu kolmannes nykyisest\u00e4. Kenties Frankenstein-kanavalle voidaan lis\u00e4t\u00e4 vaikkapa urheilublokki? Saataisiin viel\u00e4 enemm\u00e4n tehokkuutta. Malli on jo olemassa: radiokanava Yle Puheesta tehtiin puolikas, kun joku hoksasi, ett\u00e4 hei, urheiluselostuksetkin ovat puhetta.<\/p>\n\n\n\n<p>Kuinka monta toimivaa esimerkki\u00e4 maailmalla on kanavapaikasta, jonka sis\u00e4ll\u00e4 on kaksi eri br\u00e4ndi\u00e4? Br\u00e4ndej\u00e4, jotka olivat aiemmin omia kanaviaan, ja saavat jatkossa jakaa yhden paikan? (Joku voisi v\u00e4itt\u00e4\u00e4 toki, ett\u00e4 olivathan Yle ja MTV:kin samoilla televisiokanavilla Suomessa aikoinaan, liki nelj\u00e4nnesvuosisata sitten. Ehk\u00e4 joku jopa v\u00e4itt\u00e4isi, ett\u00e4 ratkaisu toimi. Silloin toimi kuulemma Neuvostoliittokin. Siit\u00e4 silti luovuttiin, samoin kanavien jaosta eri toimijoiden kesken.)<\/p>\n\n\n\n<p>Toki kanavien yhdist\u00e4miselle on perusteluja: katselussa menn\u00e4\u00e4n kohti suoratoistoa (totta, hitaasti mutta totta), uusinnat mielummin nettiin (kuulostaa loogiselta), lineaarisen television katselu v\u00e4henee tulevaisuudessa (mutta t\u00e4ll\u00e4 hetkell\u00e4 l\u00e4hetysvirta-tv on yh\u00e4 paljon isompi juttu), sis\u00e4lt\u00f6 on marginaalia mit\u00e4 marginaalia (<em>no hei, kulttuurikanava ja ruotsinkielinen kanava, kuka sit\u00e4 katsoo, dosentit ja yli oppilaat<\/em>). My\u00f6s hallituksella on perusteluja sivistyksen ja koulutuksen vastaiselle kamppailulleen, josta ei kuitenkaan tarvitse edes keskustella, koska t\u00e4ss\u00e4 maassa isot pojat tekev\u00e4t p\u00e4\u00e4t\u00f6ksi\u00e4 kysym\u00e4tt\u00e4.<\/p>\n\n\n\n<p>Kaikkea varjostaa se, ett\u00e4 julkaisujohtaja Silvon mukaan kyse ei edes ole s\u00e4\u00e4st\u00f6ist\u00e4.<\/p>\n\n\n\n<p>Niiden sijaan Silvo on huolissaan uusinnoista Teeman prime timess\u00e4. H\u00e4n ei ilmeisesti ole huomannut, miten huonosti ajateltua ja tehty\u00e4 ja jopa yksiselitteisen marginaalista ohjelmaa Ylen TV1:n ja TV2:n prime timess\u00e4 usein ajetaan.<\/p>\n\n\n\n<p>Ovatko <a href=\"http:\/\/www.hs.fi\/kulttuuri\/a1475720091526\">professorien vetoomus<\/a> ja sek\u00e4 <a href=\"http:\/\/www.hs.fi\/kulttuuri\/a1475204115528\">televisiotuottajien ett\u00e4 kulttuuriv\u00e4en vetoomus<\/a> siis turhia?<\/p>\n\n\n\n<p>Mit\u00e4 television laadukkaan ja arvostetun kulttuurikanavan amputoimisesta seuraa?<\/p>\n\n\n\n<p>Radiostakin v\u00e4hennet\u00e4\u00e4n kulttuuriohjelmia. Ehk\u00e4 Ylen nykyinen johto on tiens\u00e4 valinnut. Ehk\u00e4 t\u00e4m\u00e4 on isoa suunnitelmaa, jossa ensin rapautetaan julkisen palvelun teht\u00e4v\u00e4t ja sitten lopetetaan koko Yle. Kyll\u00e4 sille moni t\u00e4ss\u00e4 maassa hurraisi, mutta en kielt\u00e4m\u00e4tt\u00e4 kuulu joukkoon.<\/p>\n\n\n","protected":false},"excerpt":{"rendered":"<p>Mik\u00e4 on julkisen palvelun teht\u00e4v\u00e4? Yle Teeman rikkomisaikeet ovat her\u00e4tt\u00e4neet viime viikkoina keskustelua. Olen kuullut luotettavalta l\u00e4hteelt\u00e4, ett\u00e4 p\u00e4\u00e4t\u00f6s Teeman lakkauttamisesta nykyisell\u00e4\u00e4n on mit\u00e4 ilmeisimmin k\u00e4yt\u00e4nn\u00f6ss\u00e4 tehty.<br \/>\nJuuri nyt Yle jo &hellip;<\/p>\n","protected":false},"author":144,"featured_media":0,"comment_status":"open","ping_status":"closed","sticky":false,"template":"","format":"standard","meta":{"_acf_changed":false,"asauth_required_access_level":3,"asauth_cansharepaid":"true","om_header_attributes":[],"footnotes":"","om_featured_image_focal_point":[],"om_primary_tag":0,"om_contributors":[],"om_co_authors":[],"beyondwords_generate_audio":"","beyondwords_project_id":"","beyondwords_content_id":"","beyondwords_preview_token":"","beyondwords_player_content":"","beyondwords_player_style":"","beyondwords_language_code":"","beyondwords_language_id":"","beyondwords_title_voice_id":"","beyondwords_body_voice_id":"","beyondwords_summary_voice_id":"","beyondwords_error_message":"","beyondwords_disabled":"","beyondwords_delete_content":"","beyondwords_podcast_id":"","beyondwords_hash":"","publish_post_to_speechkit":"","speechkit_hash":"","speechkit_generate_audio":"","speechkit_project_id":"","speechkit_podcast_id":"","speechkit_error_message":"","speechkit_disabled":"","speechkit_access_key":"","speechkit_error":"","speechkit_info":"","speechkit_response":"","speechkit_retries":"","speechkit_status":"","speechkit_updated_at":"","_speechkit_link":"","_speechkit_text":""},"categories":[1],"tags":[249,1200],"class_list":["post-3689","post","type-post","status-publish","format-standard","hentry","category-kuvien-takaa","tag-yle","tag-yle-teema"],"om_views":null,"acf":{"tuuma_off":false,"tuuma_kysymys":"","tuuma_vastaus":""},"asauth":{"required_access_level":1,"share_token":"","is_paid":false},"yoast_head":"<!-- This site is optimized with the Yoast SEO plugin v26.4 - https:\/\/yoast.com\/wordpress\/plugins\/seo\/ -->\n<title>Frankenstein-kanava tulee - kukat Yle Teeman hautajaisiin voi jo tilata - Kuvien takaa<\/title>\n<meta name=\"robots\" content=\"index, follow, max-snippet:-1, max-image-preview:large, max-video-preview:-1\" \/>\n<link rel=\"canonical\" href=\"https:\/\/suomenkuvalehti.fi\/kuvien-takaa\/frankenstein-kanava-tulee-kukat-yle-teeman-hautajaisiin-voi-jo-tilata\/\" \/>\n<meta property=\"og:locale\" content=\"fi_FI\" \/>\n<meta property=\"og:type\" content=\"article\" \/>\n<meta property=\"og:title\" content=\"Frankenstein-kanava tulee - kukat Yle Teeman hautajaisiin voi jo tilata - Kuvien takaa\" \/>\n<meta property=\"og:description\" content=\"Mik\u00e4 on julkisen palvelun teht\u00e4v\u00e4? Yle Teeman rikkomisaikeet ovat her\u00e4tt\u00e4neet viime viikkoina keskustelua. Olen kuullut luotettavalta l\u00e4hteelt\u00e4, ett\u00e4 p\u00e4\u00e4t\u00f6s Teeman lakkauttamisesta nykyisell\u00e4\u00e4n on mit\u00e4 ilmeisimmin k\u00e4yt\u00e4nn\u00f6ss\u00e4 tehty. Juuri nyt Yle jo &hellip;\" \/>\n<meta property=\"og:url\" content=\"https:\/\/suomenkuvalehti.fi\/kuvien-takaa\/frankenstein-kanava-tulee-kukat-yle-teeman-hautajaisiin-voi-jo-tilata\/\" \/>\n<meta property=\"og:site_name\" content=\"Kuvien takaa\" \/>\n<meta property=\"article:author\" content=\"https:\/\/www.facebook.com\/pages\/Kalle-Kinnunen-Kuvien-takaa\/190326157715410?fref=ts\" \/>\n<meta property=\"article:published_time\" content=\"2016-10-14T10:33:40+00:00\" \/>\n<meta property=\"article:modified_time\" content=\"2016-10-14T10:34:48+00:00\" \/>\n<meta property=\"og:image\" content=\"https:\/\/suomenkuvalehti.fi\/kuvien-takaa\/wp-content\/uploads\/sites\/11\/2022\/04\/kalle_kinnunen_blogi-1-scaled.jpg\" \/>\n\t<meta property=\"og:image:width\" content=\"2560\" \/>\n\t<meta property=\"og:image:height\" content=\"1707\" \/>\n\t<meta property=\"og:image:type\" content=\"image\/jpeg\" \/>\n<meta name=\"author\" content=\"Kalle Kinnunen\" \/>\n<meta name=\"twitter:card\" content=\"summary_large_image\" \/>\n<meta name=\"twitter:creator\" content=\"@https:\/\/twitter.com\/kallekinnunen\" \/>\n<meta name=\"twitter:label1\" content=\"Written by\" \/>\n\t<meta name=\"twitter:data1\" content=\"Kalle Kinnunen\" \/>\n\t<meta name=\"twitter:label2\" content=\"Est. reading time\" \/>\n\t<meta name=\"twitter:data2\" content=\"3 minuuttia\" \/>\n<script type=\"application\/ld+json\" class=\"yoast-schema-graph\">{\"@context\":\"https:\/\/schema.org\",\"@graph\":[{\"@type\":\"WebPage\",\"@id\":\"https:\/\/suomenkuvalehti.fi\/kuvien-takaa\/frankenstein-kanava-tulee-kukat-yle-teeman-hautajaisiin-voi-jo-tilata\/\",\"url\":\"https:\/\/suomenkuvalehti.fi\/kuvien-takaa\/frankenstein-kanava-tulee-kukat-yle-teeman-hautajaisiin-voi-jo-tilata\/\",\"name\":\"Frankenstein-kanava tulee - kukat Yle Teeman hautajaisiin voi jo tilata - Kuvien takaa\",\"isPartOf\":{\"@id\":\"https:\/\/suomenkuvalehti.fi\/kuvien-takaa\/#website\"},\"datePublished\":\"2016-10-14T10:33:40+00:00\",\"dateModified\":\"2016-10-14T10:34:48+00:00\",\"author\":{\"@id\":\"https:\/\/suomenkuvalehti.fi\/kuvien-takaa\/#\/schema\/person\/f3f657e4ad409e008f12af27bec60a23\"},\"breadcrumb\":{\"@id\":\"https:\/\/suomenkuvalehti.fi\/kuvien-takaa\/frankenstein-kanava-tulee-kukat-yle-teeman-hautajaisiin-voi-jo-tilata\/#breadcrumb\"},\"inLanguage\":\"fi\",\"potentialAction\":[{\"@type\":\"ReadAction\",\"target\":[\"https:\/\/suomenkuvalehti.fi\/kuvien-takaa\/frankenstein-kanava-tulee-kukat-yle-teeman-hautajaisiin-voi-jo-tilata\/\"]}]},{\"@type\":\"BreadcrumbList\",\"@id\":\"https:\/\/suomenkuvalehti.fi\/kuvien-takaa\/frankenstein-kanava-tulee-kukat-yle-teeman-hautajaisiin-voi-jo-tilata\/#breadcrumb\",\"itemListElement\":[{\"@type\":\"ListItem\",\"position\":1,\"name\":\"Home\",\"item\":\"https:\/\/suomenkuvalehti.fi\/kuvien-takaa\/\"},{\"@type\":\"ListItem\",\"position\":2,\"name\":\"Frankenstein-kanava tulee &#8211; kukat Yle Teeman hautajaisiin voi jo tilata\"}]},{\"@type\":\"WebSite\",\"@id\":\"https:\/\/suomenkuvalehti.fi\/kuvien-takaa\/#website\",\"url\":\"https:\/\/suomenkuvalehti.fi\/kuvien-takaa\/\",\"name\":\"Kuvien takaa\",\"description\":\"Elokuvakriitikko Kalle Kinnusen elokuvablogi.\",\"potentialAction\":[{\"@type\":\"SearchAction\",\"target\":{\"@type\":\"EntryPoint\",\"urlTemplate\":\"https:\/\/suomenkuvalehti.fi\/haku\/?q={search_term_string}\"},\"query-input\":{\"@type\":\"PropertyValueSpecification\",\"valueRequired\":true,\"valueName\":\"search_term_string\"}}],\"inLanguage\":\"fi\"},{\"@type\":\"Person\",\"@id\":\"https:\/\/suomenkuvalehti.fi\/kuvien-takaa\/#\/schema\/person\/f3f657e4ad409e008f12af27bec60a23\",\"name\":\"Kalle Kinnunen\",\"image\":{\"@type\":\"ImageObject\",\"inLanguage\":\"fi\",\"@id\":\"https:\/\/suomenkuvalehti.fi\/kuvien-takaa\/#\/schema\/person\/image\/\",\"url\":\"https:\/\/suomenkuvalehti.fi\/kuvien-takaa\/wp-content\/uploads\/sites\/11\/2022\/04\/kalle_kinnunen_blogi-1-150x150.jpg\",\"contentUrl\":\"https:\/\/suomenkuvalehti.fi\/kuvien-takaa\/wp-content\/uploads\/sites\/11\/2022\/04\/kalle_kinnunen_blogi-1-150x150.jpg\",\"caption\":\"Kalle Kinnunen\"},\"description\":\"Kalle Kinnunen on vapaa toimittaja ja Suomen Kuvalehden avustaja.\",\"sameAs\":[\"https:\/\/www.facebook.com\/pages\/Kalle-Kinnunen-Kuvien-takaa\/190326157715410?fref=ts\",\"https:\/\/x.com\/https:\/\/twitter.com\/kallekinnunen\"]}]}<\/script>\n<!-- \/ Yoast SEO plugin. -->","yoast_head_json":{"title":"Frankenstein-kanava tulee - kukat Yle Teeman hautajaisiin voi jo tilata - Kuvien takaa","robots":{"index":"index","follow":"follow","max-snippet":"max-snippet:-1","max-image-preview":"max-image-preview:large","max-video-preview":"max-video-preview:-1"},"canonical":"https:\/\/suomenkuvalehti.fi\/kuvien-takaa\/frankenstein-kanava-tulee-kukat-yle-teeman-hautajaisiin-voi-jo-tilata\/","og_locale":"fi_FI","og_type":"article","og_title":"Frankenstein-kanava tulee - kukat Yle Teeman hautajaisiin voi jo tilata - Kuvien takaa","og_description":"Mik\u00e4 on julkisen palvelun teht\u00e4v\u00e4? Yle Teeman rikkomisaikeet ovat her\u00e4tt\u00e4neet viime viikkoina keskustelua. Olen kuullut luotettavalta l\u00e4hteelt\u00e4, ett\u00e4 p\u00e4\u00e4t\u00f6s Teeman lakkauttamisesta nykyisell\u00e4\u00e4n on mit\u00e4 ilmeisimmin k\u00e4yt\u00e4nn\u00f6ss\u00e4 tehty. Juuri nyt Yle jo &hellip;","og_url":"https:\/\/suomenkuvalehti.fi\/kuvien-takaa\/frankenstein-kanava-tulee-kukat-yle-teeman-hautajaisiin-voi-jo-tilata\/","og_site_name":"Kuvien takaa","article_author":"https:\/\/www.facebook.com\/pages\/Kalle-Kinnunen-Kuvien-takaa\/190326157715410?fref=ts","article_published_time":"2016-10-14T10:33:40+00:00","article_modified_time":"2016-10-14T10:34:48+00:00","og_image":[{"width":2560,"height":1707,"url":"https:\/\/suomenkuvalehti.fi\/kuvien-takaa\/wp-content\/uploads\/sites\/11\/2022\/04\/kalle_kinnunen_blogi-1-scaled.jpg","type":"image\/jpeg"}],"author":"Kalle Kinnunen","twitter_card":"summary_large_image","twitter_creator":"@https:\/\/twitter.com\/kallekinnunen","twitter_misc":{"Written by":"Kalle Kinnunen","Est. reading time":"3 minuuttia"},"schema":{"@context":"https:\/\/schema.org","@graph":[{"@type":"WebPage","@id":"https:\/\/suomenkuvalehti.fi\/kuvien-takaa\/frankenstein-kanava-tulee-kukat-yle-teeman-hautajaisiin-voi-jo-tilata\/","url":"https:\/\/suomenkuvalehti.fi\/kuvien-takaa\/frankenstein-kanava-tulee-kukat-yle-teeman-hautajaisiin-voi-jo-tilata\/","name":"Frankenstein-kanava tulee - kukat Yle Teeman hautajaisiin voi jo tilata - Kuvien takaa","isPartOf":{"@id":"https:\/\/suomenkuvalehti.fi\/kuvien-takaa\/#website"},"datePublished":"2016-10-14T10:33:40+00:00","dateModified":"2016-10-14T10:34:48+00:00","author":{"@id":"https:\/\/suomenkuvalehti.fi\/kuvien-takaa\/#\/schema\/person\/f3f657e4ad409e008f12af27bec60a23"},"breadcrumb":{"@id":"https:\/\/suomenkuvalehti.fi\/kuvien-takaa\/frankenstein-kanava-tulee-kukat-yle-teeman-hautajaisiin-voi-jo-tilata\/#breadcrumb"},"inLanguage":"fi","potentialAction":[{"@type":"ReadAction","target":["https:\/\/suomenkuvalehti.fi\/kuvien-takaa\/frankenstein-kanava-tulee-kukat-yle-teeman-hautajaisiin-voi-jo-tilata\/"]}]},{"@type":"BreadcrumbList","@id":"https:\/\/suomenkuvalehti.fi\/kuvien-takaa\/frankenstein-kanava-tulee-kukat-yle-teeman-hautajaisiin-voi-jo-tilata\/#breadcrumb","itemListElement":[{"@type":"ListItem","position":1,"name":"Home","item":"https:\/\/suomenkuvalehti.fi\/kuvien-takaa\/"},{"@type":"ListItem","position":2,"name":"Frankenstein-kanava tulee &#8211; kukat Yle Teeman hautajaisiin voi jo tilata"}]},{"@type":"WebSite","@id":"https:\/\/suomenkuvalehti.fi\/kuvien-takaa\/#website","url":"https:\/\/suomenkuvalehti.fi\/kuvien-takaa\/","name":"Kuvien takaa","description":"Elokuvakriitikko Kalle Kinnusen elokuvablogi.","potentialAction":[{"@type":"SearchAction","target":{"@type":"EntryPoint","urlTemplate":"https:\/\/suomenkuvalehti.fi\/haku\/?q={search_term_string}"},"query-input":{"@type":"PropertyValueSpecification","valueRequired":true,"valueName":"search_term_string"}}],"inLanguage":"fi"},{"@type":"Person","@id":"https:\/\/suomenkuvalehti.fi\/kuvien-takaa\/#\/schema\/person\/f3f657e4ad409e008f12af27bec60a23","name":"Kalle Kinnunen","image":{"@type":"ImageObject","inLanguage":"fi","@id":"https:\/\/suomenkuvalehti.fi\/kuvien-takaa\/#\/schema\/person\/image\/","url":"https:\/\/suomenkuvalehti.fi\/kuvien-takaa\/wp-content\/uploads\/sites\/11\/2022\/04\/kalle_kinnunen_blogi-1-150x150.jpg","contentUrl":"https:\/\/suomenkuvalehti.fi\/kuvien-takaa\/wp-content\/uploads\/sites\/11\/2022\/04\/kalle_kinnunen_blogi-1-150x150.jpg","caption":"Kalle Kinnunen"},"description":"Kalle Kinnunen on vapaa toimittaja ja Suomen Kuvalehden avustaja.","sameAs":["https:\/\/www.facebook.com\/pages\/Kalle-Kinnunen-Kuvien-takaa\/190326157715410?fref=ts","https:\/\/x.com\/https:\/\/twitter.com\/kallekinnunen"]}]}},"_links":{"self":[{"href":"https:\/\/suomenkuvalehti.fi\/kuvien-takaa\/wp-json\/wp\/v2\/posts\/3689","targetHints":{"allow":["GET"]}}],"collection":[{"href":"https:\/\/suomenkuvalehti.fi\/kuvien-takaa\/wp-json\/wp\/v2\/posts"}],"about":[{"href":"https:\/\/suomenkuvalehti.fi\/kuvien-takaa\/wp-json\/wp\/v2\/types\/post"}],"author":[{"embeddable":true,"href":"https:\/\/suomenkuvalehti.fi\/kuvien-takaa\/wp-json\/wp\/v2\/users\/144"}],"replies":[{"embeddable":true,"href":"https:\/\/suomenkuvalehti.fi\/kuvien-takaa\/wp-json\/wp\/v2\/comments?post=3689"}],"version-history":[{"count":2,"href":"https:\/\/suomenkuvalehti.fi\/kuvien-takaa\/wp-json\/wp\/v2\/posts\/3689\/revisions"}],"predecessor-version":[{"id":3691,"href":"https:\/\/suomenkuvalehti.fi\/kuvien-takaa\/wp-json\/wp\/v2\/posts\/3689\/revisions\/3691"}],"wp:attachment":[{"href":"https:\/\/suomenkuvalehti.fi\/kuvien-takaa\/wp-json\/wp\/v2\/media?parent=3689"}],"wp:term":[{"taxonomy":"category","embeddable":true,"href":"https:\/\/suomenkuvalehti.fi\/kuvien-takaa\/wp-json\/wp\/v2\/categories?post=3689"},{"taxonomy":"post_tag","embeddable":true,"href":"https:\/\/suomenkuvalehti.fi\/kuvien-takaa\/wp-json\/wp\/v2\/tags?post=3689"}],"curies":[{"name":"wp","href":"https:\/\/api.w.org\/{rel}","templated":true}]}}