{"id":3663,"date":"2016-09-30T09:58:35","date_gmt":"2016-09-30T06:58:35","guid":{"rendered":"https:\/\/suomenkuvalehti.fi\/kuvien-takaa\/?p=3663"},"modified":"2016-09-30T10:03:10","modified_gmt":"2016-09-30T07:03:10","slug":"yle-teemaa-ei-saa-lakkauttaa-eika-amputoida","status":"publish","type":"post","link":"https:\/\/suomenkuvalehti.fi\/kuvien-takaa\/yle-teemaa-ei-saa-lakkauttaa-eika-amputoida\/","title":{"rendered":"Yle Teemaa ei saa lakkauttaa eik\u00e4 amputoida"},"content":{"rendered":"\n<p>Kun Ylell\u00e4 tehd\u00e4\u00e4n suuria muutoksia, er\u00e4\u00e4n\u00e4 uhkana on <a href=\"http:\/\/yle.fi\/uutiset\/3-9177657\">Yle Teeman lakkauttaminen<\/a>. Suunnitelmana on, ett\u00e4 se yhdistett\u00e4isiin ruotsinkieliseen Yle Fem -kanavaan. Ne jakaisivat kanavapaikan viisi.<\/p>\n\n\n\n<p>Teeman ja Femin nykyist\u00e4 budjettia ilmeisesti jaettaisiin entist\u00e4 enemm\u00e4n ruotsinkieliselle sis\u00e4ll\u00f6lle.<\/p>\n\n\n\n<p>T\u00e4m\u00e4 tuntuu j\u00e4rjett\u00f6m\u00e4lt\u00e4. Toisaalta siksi, ett\u00e4 ruotsinkielinen sis\u00e4lt\u00f6 kuuluu Ylen laissa selke\u00e4sti m\u00e4\u00e4r\u00e4ttyihin velvollisuuksiin. Ratkaisu gettouttaisi sit\u00e4.<\/p>\n\n\n\n<p>Mutta ennen kaikkea siksi, ett\u00e4 Teema on yleisradiotoiminnan ydint\u00e4. Se on kanava, jolta tulevat ne laadukkaat ohjelmat, joita kaupalliset kanavat eiv\u00e4t n\u00e4ytt\u00e4isi.<\/p>\n\n\n\n<p>Teema on vuosien varrella l\u00f6yt\u00e4nyt vahvan identiteettins\u00e4. Se on alan (bisnes)kielell\u00e4 \u201dprofiililtaan selkein\u201d kaikista suomalaisen television ilmaiskanavista. Toisin sanoen: se on hyv\u00e4 kanava.<\/p>\n\n\n\n<p>Siell\u00e4 on sek\u00e4 valtavirtaa ett\u00e4 vaihtoehtosis\u00e4lt\u00f6j\u00e4 hyvin valittuna. 15 vuoden taipaleen aikana kanavan vastuut ovat kasvaneet valtavasti. Esimerkiksi dokumenttien painotus on siirretty sinne. Ylen elokuva-antikin on nyky\u00e4\u00e4n l\u00e4hes yksinomaan Teeman harteilla. Ja <em>t\u00e4t\u00e4<\/em> haluttaisiin nyt leikata &#8211; voi taivas. Ajatus amputoidusta, jaetusta kanavasta on tolvanan julistus: laatu ja sivistys hus marginaaliin!<\/p>\n\n\n\n<p>Teema voisi toki olla joskus radikaalimpi ja se voisi olla sit\u00e4 ja t\u00e4t\u00e4, mutta se on kiistatta tv-kanava, jonka sis\u00e4lt\u00f6jen pariin useimmin hakeudun.<\/p>\n\n\n\n<p>En ole yksin ajatuksineni Teemasta. Mainostoimiston johtaja <a href=\"https:\/\/www.facebook.com\/alexnieminen\/posts\/10157910240213125\"><strong>Alex Nieminen<\/strong> kirjoitti Facebookissa j\u00e4tt\u00e4v\u00e4ns\u00e4 Ylen hallintoneuvostolle lausunnon<\/a>, joka k\u00e4sittelee Yle Femin kohtaloa, mutta sis\u00e4lt\u00e4\u00e4 vision Teeman tulevaisuudesta.<\/p>\n\n\n\n<p>Ajatus on kirkas.<\/p>\n\n\n\n<p>\u201dRuotsinkielisen ohjelmiston alistaminen \u2019puolikkaalle kanavalle\u2019 ei kuitenkaan edist\u00e4 kielellisen tasa-arvon toteutumista, vaan aiheuttaa entist\u00e4 suurempaa ruotsinkielisen v\u00e4est\u00f6ryhm\u00e4n eritymist\u00e4 suomenkielisest\u00e4 v\u00e4est\u00f6st\u00e4\u201d, Nieminen kirjoittaa.<\/p>\n\n\n\n<p>Nieminen ehdottaa, ett\u00e4 ruotsinkielinen ohjelmisto hyv\u00e4ksyt\u00e4\u00e4n yhdenvertaiseksi suomenkielisen ohjelmiston kanssa Ylen keskeisill\u00e4 kanavilla, eli TV1:ll\u00e4, TV2:lla ja Teemalla.<\/p>\n\n\n\n<p>N\u00e4in Teema voisi jatkaa sellaisena kuin sen pit\u00e4\u00e4kin jatkaa. Koska <em>mit\u00e4 j\u00e4rke\u00e4<\/em> Ylen televisiotoiminnassa on ilman kulttuurin ja laatusis\u00e4ll\u00f6n omaa Teemaa?<\/p>\n\n\n","protected":false},"excerpt":{"rendered":"<p>Kun Ylell\u00e4 tehd\u00e4\u00e4n suuria muutoksia, er\u00e4\u00e4n\u00e4 uhkana on Yle Teeman lakkauttaminen. Suunnitelmana on, ett\u00e4 se yhdistett\u00e4isiin ruotsinkieliseen Yle Fem -kanavaan. Ne jakaisivat kanavapaikan viisi. Teeman ja Femin nykyist\u00e4 budjettia ilmeisesti jaettaisiin entist\u00e4 enemm\u00e4n<br \/>\nruotsinkie&hellip;<\/p>\n","protected":false},"author":144,"featured_media":0,"comment_status":"open","ping_status":"closed","sticky":false,"template":"","format":"standard","meta":{"_acf_changed":false,"asauth_required_access_level":3,"asauth_cansharepaid":"true","om_header_attributes":[],"footnotes":"","om_featured_image_focal_point":[],"om_primary_tag":0,"om_contributors":[],"om_co_authors":[],"beyondwords_generate_audio":"","beyondwords_project_id":"","beyondwords_content_id":"","beyondwords_preview_token":"","beyondwords_player_content":"","beyondwords_player_style":"","beyondwords_language_code":"","beyondwords_language_id":"","beyondwords_title_voice_id":"","beyondwords_body_voice_id":"","beyondwords_summary_voice_id":"","beyondwords_error_message":"","beyondwords_disabled":"","beyondwords_delete_content":"","beyondwords_podcast_id":"","beyondwords_hash":"","publish_post_to_speechkit":"","speechkit_hash":"","speechkit_generate_audio":"","speechkit_project_id":"","speechkit_podcast_id":"","speechkit_error_message":"","speechkit_disabled":"","speechkit_access_key":"","speechkit_error":"","speechkit_info":"","speechkit_response":"","speechkit_retries":"","speechkit_status":"","speechkit_updated_at":"","_speechkit_link":"","_speechkit_text":""},"categories":[1],"tags":[2361,257,152,249,1200],"class_list":["post-3663","post","type-post","status-publish","format-standard","hentry","category-kuvien-takaa","tag-alex-nieminen","tag-kulttuuri","tag-televisiokanavat","tag-yle","tag-yle-teema"],"om_views":null,"acf":{"tuuma_off":false,"tuuma_kysymys":"","tuuma_vastaus":""},"asauth":{"required_access_level":1,"share_token":"","is_paid":false},"yoast_head":"<!-- This site is optimized with the Yoast SEO plugin v26.4 - https:\/\/yoast.com\/wordpress\/plugins\/seo\/ -->\n<title>Yle Teemaa ei saa lakkauttaa eik\u00e4 amputoida - Kuvien takaa<\/title>\n<meta name=\"robots\" content=\"index, follow, max-snippet:-1, max-image-preview:large, max-video-preview:-1\" \/>\n<link rel=\"canonical\" href=\"https:\/\/suomenkuvalehti.fi\/kuvien-takaa\/yle-teemaa-ei-saa-lakkauttaa-eika-amputoida\/\" \/>\n<meta property=\"og:locale\" content=\"fi_FI\" \/>\n<meta property=\"og:type\" content=\"article\" \/>\n<meta property=\"og:title\" content=\"Yle Teemaa ei saa lakkauttaa eik\u00e4 amputoida - Kuvien takaa\" \/>\n<meta property=\"og:description\" content=\"Kun Ylell\u00e4 tehd\u00e4\u00e4n suuria muutoksia, er\u00e4\u00e4n\u00e4 uhkana on Yle Teeman lakkauttaminen. Suunnitelmana on, ett\u00e4 se yhdistett\u00e4isiin ruotsinkieliseen Yle Fem -kanavaan. Ne jakaisivat kanavapaikan viisi. Teeman ja Femin nykyist\u00e4 budjettia ilmeisesti jaettaisiin entist\u00e4 enemm\u00e4n ruotsinkie&hellip;\" \/>\n<meta property=\"og:url\" content=\"https:\/\/suomenkuvalehti.fi\/kuvien-takaa\/yle-teemaa-ei-saa-lakkauttaa-eika-amputoida\/\" \/>\n<meta property=\"og:site_name\" content=\"Kuvien takaa\" \/>\n<meta property=\"article:author\" content=\"https:\/\/www.facebook.com\/pages\/Kalle-Kinnunen-Kuvien-takaa\/190326157715410?fref=ts\" \/>\n<meta property=\"article:published_time\" content=\"2016-09-30T06:58:35+00:00\" \/>\n<meta property=\"article:modified_time\" content=\"2016-09-30T07:03:10+00:00\" \/>\n<meta property=\"og:image\" content=\"https:\/\/suomenkuvalehti.fi\/kuvien-takaa\/wp-content\/uploads\/sites\/11\/2022\/04\/kalle_kinnunen_blogi-1-scaled.jpg\" \/>\n\t<meta property=\"og:image:width\" content=\"2560\" \/>\n\t<meta property=\"og:image:height\" content=\"1707\" \/>\n\t<meta property=\"og:image:type\" content=\"image\/jpeg\" \/>\n<meta name=\"author\" content=\"Kalle Kinnunen\" \/>\n<meta name=\"twitter:card\" content=\"summary_large_image\" \/>\n<meta name=\"twitter:creator\" content=\"@https:\/\/twitter.com\/kallekinnunen\" \/>\n<meta name=\"twitter:label1\" content=\"Written by\" \/>\n\t<meta name=\"twitter:data1\" content=\"Kalle Kinnunen\" \/>\n\t<meta name=\"twitter:label2\" content=\"Est. reading time\" \/>\n\t<meta name=\"twitter:data2\" content=\"2 minuuttia\" \/>\n<script type=\"application\/ld+json\" class=\"yoast-schema-graph\">{\"@context\":\"https:\/\/schema.org\",\"@graph\":[{\"@type\":\"WebPage\",\"@id\":\"https:\/\/suomenkuvalehti.fi\/kuvien-takaa\/yle-teemaa-ei-saa-lakkauttaa-eika-amputoida\/\",\"url\":\"https:\/\/suomenkuvalehti.fi\/kuvien-takaa\/yle-teemaa-ei-saa-lakkauttaa-eika-amputoida\/\",\"name\":\"Yle Teemaa ei saa lakkauttaa eik\u00e4 amputoida - Kuvien takaa\",\"isPartOf\":{\"@id\":\"https:\/\/suomenkuvalehti.fi\/kuvien-takaa\/#website\"},\"datePublished\":\"2016-09-30T06:58:35+00:00\",\"dateModified\":\"2016-09-30T07:03:10+00:00\",\"author\":{\"@id\":\"https:\/\/suomenkuvalehti.fi\/kuvien-takaa\/#\/schema\/person\/f3f657e4ad409e008f12af27bec60a23\"},\"breadcrumb\":{\"@id\":\"https:\/\/suomenkuvalehti.fi\/kuvien-takaa\/yle-teemaa-ei-saa-lakkauttaa-eika-amputoida\/#breadcrumb\"},\"inLanguage\":\"fi\",\"potentialAction\":[{\"@type\":\"ReadAction\",\"target\":[\"https:\/\/suomenkuvalehti.fi\/kuvien-takaa\/yle-teemaa-ei-saa-lakkauttaa-eika-amputoida\/\"]}]},{\"@type\":\"BreadcrumbList\",\"@id\":\"https:\/\/suomenkuvalehti.fi\/kuvien-takaa\/yle-teemaa-ei-saa-lakkauttaa-eika-amputoida\/#breadcrumb\",\"itemListElement\":[{\"@type\":\"ListItem\",\"position\":1,\"name\":\"Home\",\"item\":\"https:\/\/suomenkuvalehti.fi\/kuvien-takaa\/\"},{\"@type\":\"ListItem\",\"position\":2,\"name\":\"Yle Teemaa ei saa lakkauttaa eik\u00e4 amputoida\"}]},{\"@type\":\"WebSite\",\"@id\":\"https:\/\/suomenkuvalehti.fi\/kuvien-takaa\/#website\",\"url\":\"https:\/\/suomenkuvalehti.fi\/kuvien-takaa\/\",\"name\":\"Kuvien takaa\",\"description\":\"Elokuvakriitikko Kalle Kinnusen elokuvablogi.\",\"potentialAction\":[{\"@type\":\"SearchAction\",\"target\":{\"@type\":\"EntryPoint\",\"urlTemplate\":\"https:\/\/suomenkuvalehti.fi\/haku\/?q={search_term_string}\"},\"query-input\":{\"@type\":\"PropertyValueSpecification\",\"valueRequired\":true,\"valueName\":\"search_term_string\"}}],\"inLanguage\":\"fi\"},{\"@type\":\"Person\",\"@id\":\"https:\/\/suomenkuvalehti.fi\/kuvien-takaa\/#\/schema\/person\/f3f657e4ad409e008f12af27bec60a23\",\"name\":\"Kalle Kinnunen\",\"image\":{\"@type\":\"ImageObject\",\"inLanguage\":\"fi\",\"@id\":\"https:\/\/suomenkuvalehti.fi\/kuvien-takaa\/#\/schema\/person\/image\/\",\"url\":\"https:\/\/suomenkuvalehti.fi\/kuvien-takaa\/wp-content\/uploads\/sites\/11\/2022\/04\/kalle_kinnunen_blogi-1-150x150.jpg\",\"contentUrl\":\"https:\/\/suomenkuvalehti.fi\/kuvien-takaa\/wp-content\/uploads\/sites\/11\/2022\/04\/kalle_kinnunen_blogi-1-150x150.jpg\",\"caption\":\"Kalle Kinnunen\"},\"description\":\"Kalle Kinnunen on vapaa toimittaja ja Suomen Kuvalehden avustaja.\",\"sameAs\":[\"https:\/\/www.facebook.com\/pages\/Kalle-Kinnunen-Kuvien-takaa\/190326157715410?fref=ts\",\"https:\/\/x.com\/https:\/\/twitter.com\/kallekinnunen\"]}]}<\/script>\n<!-- \/ Yoast SEO plugin. -->","yoast_head_json":{"title":"Yle Teemaa ei saa lakkauttaa eik\u00e4 amputoida - Kuvien takaa","robots":{"index":"index","follow":"follow","max-snippet":"max-snippet:-1","max-image-preview":"max-image-preview:large","max-video-preview":"max-video-preview:-1"},"canonical":"https:\/\/suomenkuvalehti.fi\/kuvien-takaa\/yle-teemaa-ei-saa-lakkauttaa-eika-amputoida\/","og_locale":"fi_FI","og_type":"article","og_title":"Yle Teemaa ei saa lakkauttaa eik\u00e4 amputoida - Kuvien takaa","og_description":"Kun Ylell\u00e4 tehd\u00e4\u00e4n suuria muutoksia, er\u00e4\u00e4n\u00e4 uhkana on Yle Teeman lakkauttaminen. Suunnitelmana on, ett\u00e4 se yhdistett\u00e4isiin ruotsinkieliseen Yle Fem -kanavaan. Ne jakaisivat kanavapaikan viisi. Teeman ja Femin nykyist\u00e4 budjettia ilmeisesti jaettaisiin entist\u00e4 enemm\u00e4n ruotsinkie&hellip;","og_url":"https:\/\/suomenkuvalehti.fi\/kuvien-takaa\/yle-teemaa-ei-saa-lakkauttaa-eika-amputoida\/","og_site_name":"Kuvien takaa","article_author":"https:\/\/www.facebook.com\/pages\/Kalle-Kinnunen-Kuvien-takaa\/190326157715410?fref=ts","article_published_time":"2016-09-30T06:58:35+00:00","article_modified_time":"2016-09-30T07:03:10+00:00","og_image":[{"width":2560,"height":1707,"url":"https:\/\/suomenkuvalehti.fi\/kuvien-takaa\/wp-content\/uploads\/sites\/11\/2022\/04\/kalle_kinnunen_blogi-1-scaled.jpg","type":"image\/jpeg"}],"author":"Kalle Kinnunen","twitter_card":"summary_large_image","twitter_creator":"@https:\/\/twitter.com\/kallekinnunen","twitter_misc":{"Written by":"Kalle Kinnunen","Est. reading time":"2 minuuttia"},"schema":{"@context":"https:\/\/schema.org","@graph":[{"@type":"WebPage","@id":"https:\/\/suomenkuvalehti.fi\/kuvien-takaa\/yle-teemaa-ei-saa-lakkauttaa-eika-amputoida\/","url":"https:\/\/suomenkuvalehti.fi\/kuvien-takaa\/yle-teemaa-ei-saa-lakkauttaa-eika-amputoida\/","name":"Yle Teemaa ei saa lakkauttaa eik\u00e4 amputoida - Kuvien takaa","isPartOf":{"@id":"https:\/\/suomenkuvalehti.fi\/kuvien-takaa\/#website"},"datePublished":"2016-09-30T06:58:35+00:00","dateModified":"2016-09-30T07:03:10+00:00","author":{"@id":"https:\/\/suomenkuvalehti.fi\/kuvien-takaa\/#\/schema\/person\/f3f657e4ad409e008f12af27bec60a23"},"breadcrumb":{"@id":"https:\/\/suomenkuvalehti.fi\/kuvien-takaa\/yle-teemaa-ei-saa-lakkauttaa-eika-amputoida\/#breadcrumb"},"inLanguage":"fi","potentialAction":[{"@type":"ReadAction","target":["https:\/\/suomenkuvalehti.fi\/kuvien-takaa\/yle-teemaa-ei-saa-lakkauttaa-eika-amputoida\/"]}]},{"@type":"BreadcrumbList","@id":"https:\/\/suomenkuvalehti.fi\/kuvien-takaa\/yle-teemaa-ei-saa-lakkauttaa-eika-amputoida\/#breadcrumb","itemListElement":[{"@type":"ListItem","position":1,"name":"Home","item":"https:\/\/suomenkuvalehti.fi\/kuvien-takaa\/"},{"@type":"ListItem","position":2,"name":"Yle Teemaa ei saa lakkauttaa eik\u00e4 amputoida"}]},{"@type":"WebSite","@id":"https:\/\/suomenkuvalehti.fi\/kuvien-takaa\/#website","url":"https:\/\/suomenkuvalehti.fi\/kuvien-takaa\/","name":"Kuvien takaa","description":"Elokuvakriitikko Kalle Kinnusen elokuvablogi.","potentialAction":[{"@type":"SearchAction","target":{"@type":"EntryPoint","urlTemplate":"https:\/\/suomenkuvalehti.fi\/haku\/?q={search_term_string}"},"query-input":{"@type":"PropertyValueSpecification","valueRequired":true,"valueName":"search_term_string"}}],"inLanguage":"fi"},{"@type":"Person","@id":"https:\/\/suomenkuvalehti.fi\/kuvien-takaa\/#\/schema\/person\/f3f657e4ad409e008f12af27bec60a23","name":"Kalle Kinnunen","image":{"@type":"ImageObject","inLanguage":"fi","@id":"https:\/\/suomenkuvalehti.fi\/kuvien-takaa\/#\/schema\/person\/image\/","url":"https:\/\/suomenkuvalehti.fi\/kuvien-takaa\/wp-content\/uploads\/sites\/11\/2022\/04\/kalle_kinnunen_blogi-1-150x150.jpg","contentUrl":"https:\/\/suomenkuvalehti.fi\/kuvien-takaa\/wp-content\/uploads\/sites\/11\/2022\/04\/kalle_kinnunen_blogi-1-150x150.jpg","caption":"Kalle Kinnunen"},"description":"Kalle Kinnunen on vapaa toimittaja ja Suomen Kuvalehden avustaja.","sameAs":["https:\/\/www.facebook.com\/pages\/Kalle-Kinnunen-Kuvien-takaa\/190326157715410?fref=ts","https:\/\/x.com\/https:\/\/twitter.com\/kallekinnunen"]}]}},"_links":{"self":[{"href":"https:\/\/suomenkuvalehti.fi\/kuvien-takaa\/wp-json\/wp\/v2\/posts\/3663","targetHints":{"allow":["GET"]}}],"collection":[{"href":"https:\/\/suomenkuvalehti.fi\/kuvien-takaa\/wp-json\/wp\/v2\/posts"}],"about":[{"href":"https:\/\/suomenkuvalehti.fi\/kuvien-takaa\/wp-json\/wp\/v2\/types\/post"}],"author":[{"embeddable":true,"href":"https:\/\/suomenkuvalehti.fi\/kuvien-takaa\/wp-json\/wp\/v2\/users\/144"}],"replies":[{"embeddable":true,"href":"https:\/\/suomenkuvalehti.fi\/kuvien-takaa\/wp-json\/wp\/v2\/comments?post=3663"}],"version-history":[{"count":4,"href":"https:\/\/suomenkuvalehti.fi\/kuvien-takaa\/wp-json\/wp\/v2\/posts\/3663\/revisions"}],"predecessor-version":[{"id":3668,"href":"https:\/\/suomenkuvalehti.fi\/kuvien-takaa\/wp-json\/wp\/v2\/posts\/3663\/revisions\/3668"}],"wp:attachment":[{"href":"https:\/\/suomenkuvalehti.fi\/kuvien-takaa\/wp-json\/wp\/v2\/media?parent=3663"}],"wp:term":[{"taxonomy":"category","embeddable":true,"href":"https:\/\/suomenkuvalehti.fi\/kuvien-takaa\/wp-json\/wp\/v2\/categories?post=3663"},{"taxonomy":"post_tag","embeddable":true,"href":"https:\/\/suomenkuvalehti.fi\/kuvien-takaa\/wp-json\/wp\/v2\/tags?post=3663"}],"curies":[{"name":"wp","href":"https:\/\/api.w.org\/{rel}","templated":true}]}}