{"id":3654,"date":"2016-09-15T14:19:32","date_gmt":"2016-09-15T11:19:32","guid":{"rendered":"https:\/\/suomenkuvalehti.fi\/kuvien-takaa\/?p=3654"},"modified":"2016-09-15T14:25:57","modified_gmt":"2016-09-15T11:25:57","slug":"pekka-patka-rasistit-ja-vanhainkodit","status":"publish","type":"post","link":"https:\/\/suomenkuvalehti.fi\/kuvien-takaa\/pekka-patka-rasistit-ja-vanhainkodit\/","title":{"rendered":"Pekka, P\u00e4tk\u00e4, rasistit ja vanhainkodit"},"content":{"rendered":"\n<p><em>Pekka ja P\u00e4tk\u00e4 neekerein\u00e4<\/em> -elokuvan esitt\u00e4minen Ylen television iltap\u00e4iv\u00e4ohjelmistossa ei ole hirve\u00e4n hyv\u00e4 ajatus vuonna 2016.<\/p>\n\n\n\n<p>Perusteluksi riittt\u00e4\u00e4, ett\u00e4 se loukkaa ihmisi\u00e4, koska se &#8211; ilman mink\u00e4\u00e4nlaista ylitulkitsemista &#8211; sis\u00e4lt\u00e4\u00e4 rasistisia stereotyyppej\u00e4 ja korostaa tummaihoisten toiseutta yhteiskunnassa. \u00c4rtymyst\u00e4\u00e4n eiv\u00e4t ole ilmaisseet ainoastaan&nbsp;Twitterin tutuimmat poliittisesti motivoituneet korrektit, vaan ensin <a href=\"http:\/\/www.lily.fi\/blogit\/ruskeat-tytot\/patka-pekasta-ja-patkasta\"><strong>Koko Hubara<\/strong> blogissaan<\/a> ja muun muassa Ylen Facebook-sivuilla lukuisat uussuomalaiset.<\/p>\n\n\n\n<p>Loukkaavaa ei ole ainoastaan nykymerkitykselt\u00e4\u00e4n kiistattoman hankala sana elokuvan nimess\u00e4, vaan my\u00f6s se, ett\u00e4 ett\u00e4 Pekka ja P\u00e4tk\u00e4 esiintyv\u00e4t elokuvassa <em>blackfacessa<\/em>, naamat mustiksi maalattuina.<\/p>\n\n\n\n<p>Kansa kuitenkin v\u00e4itt\u00e4\u00e4 haluavansa t\u00e4m\u00e4n nimenomaisen elokuvan televisioon. <a href=\"http:\/\/www.iltasanomat.fi\/viihde\/art-2000001260957.html\">Ilta-Sanomien verkkouutisen<\/a> kyselyyn vastanneista l\u00e4hes 168 000 lukijasta per\u00e4ti 96 prosenttia on sit\u00e4 mielt\u00e4, ettei elokuvaa pid\u00e4 &#8221;sensuroida&#8221;. (Suosituimmassa uutisen kommentissa muuten esitet\u00e4\u00e4n, ett\u00e4 fiktio ei voi olla rasistista.) Palataan kohta sensuuri-sanaan.<\/p>\n\n\n\n<p><a href=\"https:\/\/suomenkuvalehti.fi\/kuvien-takaa\/wp-content\/uploads\/sites\/11\/2016\/09\/Na\u0308ytto\u0308kuva-2016-09-15-kello-13.54.01.png\"><img loading=\"lazy\" decoding=\"async\" class=\"alignnone size-medium wp-image-3655\" src=\"https:\/\/suomenkuvalehti.fi\/kuvien-takaa\/wp-content\/uploads\/sites\/11\/2016\/09\/Na\u0308ytto\u0308kuva-2016-09-15-kello-13.54.01-300x51.png\" alt=\"na%cc%88ytto%cc%88kuva-2016-09-15-kello-13-54-01\" width=\"300\" height=\"51\" srcset=\"https:\/\/suomenkuvalehti.fi\/kuvien-takaa\/wp-content\/uploads\/sites\/11\/2016\/09\/Na\u0308ytto\u0308kuva-2016-09-15-kello-13.54.01-300x51.png 300w, https:\/\/suomenkuvalehti.fi\/kuvien-takaa\/wp-content\/uploads\/sites\/11\/2016\/09\/Na\u0308ytto\u0308kuva-2016-09-15-kello-13.54.01-630x110.png 630w, https:\/\/suomenkuvalehti.fi\/kuvien-takaa\/wp-content\/uploads\/sites\/11\/2016\/09\/Na\u0308ytto\u0308kuva-2016-09-15-kello-13.54.01.png 649w\" sizes=\"auto, (max-width: 300px) 100vw, 300px\" \/><\/a><\/p>\n\n\n\n<p>Kukaan ei varmasti v\u00e4it\u00e4, ett\u00e4 elokuva olisi tehty loukkaamaan tai ett\u00e4 sen rasismi olisi muuta kuin naiivia ja aikaansa sidottua. Aikaansa sidottua se onkin, ja nyt on vuosi 2016. Min\u00e4 voisin vapaasti tulkita elokuvan rotuasetelmia sympaattisenakin h\u00f6lm\u00f6yten\u00e4 kaiken muun h\u00f6lm\u00f6ilyn joukossa. Sin\u00e4 voit, me kaikki voimme. Kontekstualisoimme elokuvan kukin tyk\u00f6n\u00e4mme. Jos joku rasisti haluaa tulkita sen olevan miellytt\u00e4v\u00e4ll\u00e4 tavalla rasistinen, h\u00e4n voi tehd\u00e4 niin. Yle ei sit\u00e4 kuitenkaan aseta mihink\u00e4\u00e4n kehykseen.<\/p>\n\n\n\n<p>Ylen TV1:n ohjelmap\u00e4\u00e4llikk\u00f6 <strong>Pentti V\u00e4liahdet<\/strong> kirjoitti sosiaaliseen mediaan elokuvan esitt\u00e4misen laiskan puolustuksen.<\/p>\n\n\n\n<p>\u201dAinakin voisimme ensin katsoa tuon elokuvan, ennen sen teilaamista. Itse haluaisin esitt\u00e4\u00e4 elokuvia sensuroimattomina ja sensuroimatta omaa kulttuurihistoriaamme\u201d, V\u00e4liahdet kirjoitti.<\/p>\n\n\n\n<p>Tosiasia on, ett\u00e4 99,9:\u00e4 prosenttia t\u00e4h\u00e4n kohuun osallistuneista, mielipiteest\u00e4 riippumatta, <em>ei<\/em> kiinnosta katsoa t\u00e4t\u00e4 elokuvaa. Miksi sen n\u00e4ytt\u00e4minen on joillekin niin t\u00e4rke\u00e4\u00e4?<\/p>\n\n\n\n<p>Elokuvan n\u00e4ytt\u00e4m\u00e4tt\u00e4 j\u00e4tt\u00e4minen julkisen palvelun iltap\u00e4iv\u00e4ss\u00e4 ei olisi ronskia sensuuria vaan ohjelmasuunnittelijan ratkaisu. Elokuva ei maailmasta poistuisi eik\u00e4 kukaan sit\u00e4 pyrkisi kadottamaan, se vain ei tulisi t\u00f6ll\u00f6st\u00e4. Pekka ja P\u00e4tk\u00e4 -elokuvat ovat <em>totta kai<\/em> suomalaista kulttuurihistoriaa ja arvokkaita objekteja sin\u00e4ns\u00e4 (vaikka ne kriittisesti katsottuna ovat kuinka <em>huonoja<\/em> elokuvia tahansa) ja niit\u00e4 pit\u00e4\u00e4 restauroida ja s\u00e4ilytt\u00e4\u00e4 katsottavissa, jos ja kun joku haluaa niit\u00e4 katsoa.<\/p>\n\n\n\n<p>Jos Pekka ja P\u00e4tk\u00e4 neekerein\u00e4 -elokuvan esitt\u00e4minen Ylell\u00e4 sin\u00e4ns\u00e4 koetaan erityisen arvokkaaksi ja tarpeelliseksi teoksi &#8211; kuten V\u00e4liahdet v\u00e4itt\u00e4\u00e4 (samalla syyllist\u00e4en loukkaantuneita sensuurihalusta aika ik\u00e4v\u00e4sti) &#8211; ehk\u00e4 se voidaan n\u00e4ytt\u00e4\u00e4 my\u00f6h\u00e4\u00e4n illalla, mutta eih\u00e4n sit\u00e4 <em>tietenk\u00e4\u00e4n<\/em> n\u00e4ytet\u00e4 illalla, koska Ylen iltap\u00e4ivien suomifilmien t\u00e4rkein funktio on toimia vanhainkotien tv-ohjelmistona. Itse asiassa ne (rasistit), jotka verisimmin esitt\u00e4v\u00e4t loukkaantuneensa siit\u00e4, ett\u00e4 Pekka ja P\u00e4tk\u00e4 neekerein\u00e4 loukkaa toisia, voisivat ker\u00e4t\u00e4 kolehdin, jolla hankitaan kyseinen elokuva dvd-tallenteena kaikkiin Suomen vanhainkoteihin. Niiss\u00e4 voidaan vaikka \u00e4\u00e4nest\u00e4\u00e4 siit\u00e4, katsotaanko sit\u00e4 vai jotain muuta.<\/p>\n\n\n\n<p>Se on selv\u00e4\u00e4, ett\u00e4 niiss\u00e4 vanhoissa suomalaiselokuvissa, joiden oikeudet Yle omistaa, riitt\u00e4\u00e4 paljon muutakin esitett\u00e4v\u00e4\u00e4 iltap\u00e4iviin.<\/p>\n\n\n\n<p>T\u00e4rke\u00e4mp\u00e4\u00e4 olisi ehk\u00e4 keskustella siit\u00e4, millaisia stereotypioita uusissa sketsiohjelmissa (Kingi, Putous..) on esitetty ja esitet\u00e4\u00e4n. Niill\u00e4 kun on katsojiakin.<\/p>\n\n\n\n<p>PS. Ehk\u00e4 riitt\u00e4isi, ett\u00e4 t\u00e4llainen aikansa j\u00e4\u00e4nne rehdisti kontekstualisoitaisiin, etenkin julkisessa palvelussa. Esimerkiksi n\u00e4in:<\/p>\n\n\n<blockquote class=\"twitter-tweet\" data-width=\"550\">\n<p lang=\"fi\" dir=\"ltr\">Pekka ja p\u00e4tk\u00e4 -leffan kiistasta tuli taas mieleen Looney Tunes -disclaimer. Mielest\u00e4ni asian ytimess\u00e4, edelleen. <a href=\"https:\/\/t.co\/iGfS0M2YlK\">pic.twitter.com\/iGfS0M2YlK<\/a><\/p>\n<p>&mdash; Esa T\u00f6ykk\u00e4l\u00e4 (@toukkala) <a href=\"https:\/\/twitter.com\/toukkala\/status\/776010277456347136\">September 14, 2016<\/a><\/p><\/blockquote>\n<p><script async src=\"\/\/platform.twitter.com\/widgets.js\" charset=\"utf-8\"><\/script><\/p>\n\n","protected":false},"excerpt":{"rendered":"<p>Pekka ja P\u00e4tk\u00e4 neekerein\u00e4 -elokuvan esitt\u00e4minen Ylen television iltap\u00e4iv\u00e4ohjelmistossa ei ole hirve\u00e4n hyv\u00e4 ajatus vuonna 2016. Perusteluksi riittt\u00e4\u00e4, ett\u00e4 se loukkaa ihmisi\u00e4, koska se &#8211; ilman mink\u00e4\u00e4nlaista ylitulkitsemista &#8211; sis\u00e4lt\u00e4\u00e4 rasistisia stereotyyppej\u00e4 ja<br \/>\nkorostaa tummaiho&hellip;<\/p>\n","protected":false},"author":144,"featured_media":0,"comment_status":"open","ping_status":"closed","sticky":false,"template":"","format":"standard","meta":{"_acf_changed":false,"asauth_required_access_level":3,"asauth_cansharepaid":"true","om_header_attributes":[],"footnotes":"","om_featured_image_focal_point":[],"om_primary_tag":0,"om_contributors":[],"om_co_authors":[],"beyondwords_generate_audio":"","beyondwords_project_id":"","beyondwords_content_id":"","beyondwords_preview_token":"","beyondwords_player_content":"","beyondwords_player_style":"","beyondwords_language_code":"","beyondwords_language_id":"","beyondwords_title_voice_id":"","beyondwords_body_voice_id":"","beyondwords_summary_voice_id":"","beyondwords_error_message":"","beyondwords_disabled":"","beyondwords_delete_content":"","beyondwords_podcast_id":"","beyondwords_hash":"","publish_post_to_speechkit":"","speechkit_hash":"","speechkit_generate_audio":"","speechkit_project_id":"","speechkit_podcast_id":"","speechkit_error_message":"","speechkit_disabled":"","speechkit_access_key":"","speechkit_error":"","speechkit_info":"","speechkit_response":"","speechkit_retries":"","speechkit_status":"","speechkit_updated_at":"","_speechkit_link":"","_speechkit_text":""},"categories":[1],"tags":[2357,2358,129,2359,249],"class_list":["post-3654","post","type-post","status-publish","format-standard","hentry","category-kuvien-takaa","tag-pekka-ja-patka","tag-pekka-ja-patka-neekereina","tag-rasismi","tag-rodullistaminen","tag-yle"],"om_views":null,"acf":{"tuuma_off":false,"tuuma_kysymys":"","tuuma_vastaus":""},"asauth":{"required_access_level":1,"share_token":"","is_paid":false},"yoast_head":"<!-- This site is optimized with the Yoast SEO plugin v26.4 - https:\/\/yoast.com\/wordpress\/plugins\/seo\/ -->\n<title>Pekka, P\u00e4tk\u00e4, rasistit ja vanhainkodit - Kuvien takaa<\/title>\n<meta name=\"robots\" content=\"index, follow, max-snippet:-1, max-image-preview:large, max-video-preview:-1\" \/>\n<link rel=\"canonical\" href=\"https:\/\/suomenkuvalehti.fi\/kuvien-takaa\/pekka-patka-rasistit-ja-vanhainkodit\/\" \/>\n<meta property=\"og:locale\" content=\"fi_FI\" \/>\n<meta property=\"og:type\" content=\"article\" \/>\n<meta property=\"og:title\" content=\"Pekka, P\u00e4tk\u00e4, rasistit ja vanhainkodit - Kuvien takaa\" \/>\n<meta property=\"og:description\" content=\"Pekka ja P\u00e4tk\u00e4 neekerein\u00e4 -elokuvan esitt\u00e4minen Ylen television iltap\u00e4iv\u00e4ohjelmistossa ei ole hirve\u00e4n hyv\u00e4 ajatus vuonna 2016. Perusteluksi riittt\u00e4\u00e4, ett\u00e4 se loukkaa ihmisi\u00e4, koska se &#8211; ilman mink\u00e4\u00e4nlaista ylitulkitsemista &#8211; sis\u00e4lt\u00e4\u00e4 rasistisia stereotyyppej\u00e4 ja korostaa tummaiho&hellip;\" \/>\n<meta property=\"og:url\" content=\"https:\/\/suomenkuvalehti.fi\/kuvien-takaa\/pekka-patka-rasistit-ja-vanhainkodit\/\" \/>\n<meta property=\"og:site_name\" content=\"Kuvien takaa\" \/>\n<meta property=\"article:author\" content=\"https:\/\/www.facebook.com\/pages\/Kalle-Kinnunen-Kuvien-takaa\/190326157715410?fref=ts\" \/>\n<meta property=\"article:published_time\" content=\"2016-09-15T11:19:32+00:00\" \/>\n<meta property=\"article:modified_time\" content=\"2016-09-15T11:25:57+00:00\" \/>\n<meta property=\"og:image\" content=\"https:\/\/suomenkuvalehti.fi\/kuvien-takaa\/wp-content\/uploads\/sites\/11\/2016\/09\/Na\u0308ytto\u0308kuva-2016-09-15-kello-13.54.01-300x51.png\" \/>\n<meta name=\"author\" content=\"Kalle Kinnunen\" \/>\n<meta name=\"twitter:card\" content=\"summary_large_image\" \/>\n<meta name=\"twitter:creator\" content=\"@https:\/\/twitter.com\/kallekinnunen\" \/>\n<meta name=\"twitter:label1\" content=\"Written by\" \/>\n\t<meta name=\"twitter:data1\" content=\"Kalle Kinnunen\" \/>\n\t<meta name=\"twitter:label2\" content=\"Est. reading time\" \/>\n\t<meta name=\"twitter:data2\" content=\"3 minuuttia\" \/>\n<script type=\"application\/ld+json\" class=\"yoast-schema-graph\">{\"@context\":\"https:\/\/schema.org\",\"@graph\":[{\"@type\":\"WebPage\",\"@id\":\"https:\/\/suomenkuvalehti.fi\/kuvien-takaa\/pekka-patka-rasistit-ja-vanhainkodit\/\",\"url\":\"https:\/\/suomenkuvalehti.fi\/kuvien-takaa\/pekka-patka-rasistit-ja-vanhainkodit\/\",\"name\":\"Pekka, P\u00e4tk\u00e4, rasistit ja vanhainkodit - Kuvien takaa\",\"isPartOf\":{\"@id\":\"https:\/\/suomenkuvalehti.fi\/kuvien-takaa\/#website\"},\"datePublished\":\"2016-09-15T11:19:32+00:00\",\"dateModified\":\"2016-09-15T11:25:57+00:00\",\"author\":{\"@id\":\"https:\/\/suomenkuvalehti.fi\/kuvien-takaa\/#\/schema\/person\/f3f657e4ad409e008f12af27bec60a23\"},\"breadcrumb\":{\"@id\":\"https:\/\/suomenkuvalehti.fi\/kuvien-takaa\/pekka-patka-rasistit-ja-vanhainkodit\/#breadcrumb\"},\"inLanguage\":\"fi\",\"potentialAction\":[{\"@type\":\"ReadAction\",\"target\":[\"https:\/\/suomenkuvalehti.fi\/kuvien-takaa\/pekka-patka-rasistit-ja-vanhainkodit\/\"]}]},{\"@type\":\"BreadcrumbList\",\"@id\":\"https:\/\/suomenkuvalehti.fi\/kuvien-takaa\/pekka-patka-rasistit-ja-vanhainkodit\/#breadcrumb\",\"itemListElement\":[{\"@type\":\"ListItem\",\"position\":1,\"name\":\"Home\",\"item\":\"https:\/\/suomenkuvalehti.fi\/kuvien-takaa\/\"},{\"@type\":\"ListItem\",\"position\":2,\"name\":\"Pekka, P\u00e4tk\u00e4, rasistit ja vanhainkodit\"}]},{\"@type\":\"WebSite\",\"@id\":\"https:\/\/suomenkuvalehti.fi\/kuvien-takaa\/#website\",\"url\":\"https:\/\/suomenkuvalehti.fi\/kuvien-takaa\/\",\"name\":\"Kuvien takaa\",\"description\":\"Elokuvakriitikko Kalle Kinnusen elokuvablogi.\",\"potentialAction\":[{\"@type\":\"SearchAction\",\"target\":{\"@type\":\"EntryPoint\",\"urlTemplate\":\"https:\/\/suomenkuvalehti.fi\/haku\/?q={search_term_string}\"},\"query-input\":{\"@type\":\"PropertyValueSpecification\",\"valueRequired\":true,\"valueName\":\"search_term_string\"}}],\"inLanguage\":\"fi\"},{\"@type\":\"Person\",\"@id\":\"https:\/\/suomenkuvalehti.fi\/kuvien-takaa\/#\/schema\/person\/f3f657e4ad409e008f12af27bec60a23\",\"name\":\"Kalle Kinnunen\",\"image\":{\"@type\":\"ImageObject\",\"inLanguage\":\"fi\",\"@id\":\"https:\/\/suomenkuvalehti.fi\/kuvien-takaa\/#\/schema\/person\/image\/\",\"url\":\"https:\/\/suomenkuvalehti.fi\/kuvien-takaa\/wp-content\/uploads\/sites\/11\/2022\/04\/kalle_kinnunen_blogi-1-150x150.jpg\",\"contentUrl\":\"https:\/\/suomenkuvalehti.fi\/kuvien-takaa\/wp-content\/uploads\/sites\/11\/2022\/04\/kalle_kinnunen_blogi-1-150x150.jpg\",\"caption\":\"Kalle Kinnunen\"},\"description\":\"Kalle Kinnunen on vapaa toimittaja ja Suomen Kuvalehden avustaja.\",\"sameAs\":[\"https:\/\/www.facebook.com\/pages\/Kalle-Kinnunen-Kuvien-takaa\/190326157715410?fref=ts\",\"https:\/\/x.com\/https:\/\/twitter.com\/kallekinnunen\"]}]}<\/script>\n<!-- \/ Yoast SEO plugin. -->","yoast_head_json":{"title":"Pekka, P\u00e4tk\u00e4, rasistit ja vanhainkodit - Kuvien takaa","robots":{"index":"index","follow":"follow","max-snippet":"max-snippet:-1","max-image-preview":"max-image-preview:large","max-video-preview":"max-video-preview:-1"},"canonical":"https:\/\/suomenkuvalehti.fi\/kuvien-takaa\/pekka-patka-rasistit-ja-vanhainkodit\/","og_locale":"fi_FI","og_type":"article","og_title":"Pekka, P\u00e4tk\u00e4, rasistit ja vanhainkodit - Kuvien takaa","og_description":"Pekka ja P\u00e4tk\u00e4 neekerein\u00e4 -elokuvan esitt\u00e4minen Ylen television iltap\u00e4iv\u00e4ohjelmistossa ei ole hirve\u00e4n hyv\u00e4 ajatus vuonna 2016. Perusteluksi riittt\u00e4\u00e4, ett\u00e4 se loukkaa ihmisi\u00e4, koska se &#8211; ilman mink\u00e4\u00e4nlaista ylitulkitsemista &#8211; sis\u00e4lt\u00e4\u00e4 rasistisia stereotyyppej\u00e4 ja korostaa tummaiho&hellip;","og_url":"https:\/\/suomenkuvalehti.fi\/kuvien-takaa\/pekka-patka-rasistit-ja-vanhainkodit\/","og_site_name":"Kuvien takaa","article_author":"https:\/\/www.facebook.com\/pages\/Kalle-Kinnunen-Kuvien-takaa\/190326157715410?fref=ts","article_published_time":"2016-09-15T11:19:32+00:00","article_modified_time":"2016-09-15T11:25:57+00:00","og_image":[{"url":"https:\/\/suomenkuvalehti.fi\/kuvien-takaa\/wp-content\/uploads\/sites\/11\/2016\/09\/Na\u0308ytto\u0308kuva-2016-09-15-kello-13.54.01-300x51.png","type":"","width":"","height":""}],"author":"Kalle Kinnunen","twitter_card":"summary_large_image","twitter_creator":"@https:\/\/twitter.com\/kallekinnunen","twitter_misc":{"Written by":"Kalle Kinnunen","Est. reading time":"3 minuuttia"},"schema":{"@context":"https:\/\/schema.org","@graph":[{"@type":"WebPage","@id":"https:\/\/suomenkuvalehti.fi\/kuvien-takaa\/pekka-patka-rasistit-ja-vanhainkodit\/","url":"https:\/\/suomenkuvalehti.fi\/kuvien-takaa\/pekka-patka-rasistit-ja-vanhainkodit\/","name":"Pekka, P\u00e4tk\u00e4, rasistit ja vanhainkodit - Kuvien takaa","isPartOf":{"@id":"https:\/\/suomenkuvalehti.fi\/kuvien-takaa\/#website"},"datePublished":"2016-09-15T11:19:32+00:00","dateModified":"2016-09-15T11:25:57+00:00","author":{"@id":"https:\/\/suomenkuvalehti.fi\/kuvien-takaa\/#\/schema\/person\/f3f657e4ad409e008f12af27bec60a23"},"breadcrumb":{"@id":"https:\/\/suomenkuvalehti.fi\/kuvien-takaa\/pekka-patka-rasistit-ja-vanhainkodit\/#breadcrumb"},"inLanguage":"fi","potentialAction":[{"@type":"ReadAction","target":["https:\/\/suomenkuvalehti.fi\/kuvien-takaa\/pekka-patka-rasistit-ja-vanhainkodit\/"]}]},{"@type":"BreadcrumbList","@id":"https:\/\/suomenkuvalehti.fi\/kuvien-takaa\/pekka-patka-rasistit-ja-vanhainkodit\/#breadcrumb","itemListElement":[{"@type":"ListItem","position":1,"name":"Home","item":"https:\/\/suomenkuvalehti.fi\/kuvien-takaa\/"},{"@type":"ListItem","position":2,"name":"Pekka, P\u00e4tk\u00e4, rasistit ja vanhainkodit"}]},{"@type":"WebSite","@id":"https:\/\/suomenkuvalehti.fi\/kuvien-takaa\/#website","url":"https:\/\/suomenkuvalehti.fi\/kuvien-takaa\/","name":"Kuvien takaa","description":"Elokuvakriitikko Kalle Kinnusen elokuvablogi.","potentialAction":[{"@type":"SearchAction","target":{"@type":"EntryPoint","urlTemplate":"https:\/\/suomenkuvalehti.fi\/haku\/?q={search_term_string}"},"query-input":{"@type":"PropertyValueSpecification","valueRequired":true,"valueName":"search_term_string"}}],"inLanguage":"fi"},{"@type":"Person","@id":"https:\/\/suomenkuvalehti.fi\/kuvien-takaa\/#\/schema\/person\/f3f657e4ad409e008f12af27bec60a23","name":"Kalle Kinnunen","image":{"@type":"ImageObject","inLanguage":"fi","@id":"https:\/\/suomenkuvalehti.fi\/kuvien-takaa\/#\/schema\/person\/image\/","url":"https:\/\/suomenkuvalehti.fi\/kuvien-takaa\/wp-content\/uploads\/sites\/11\/2022\/04\/kalle_kinnunen_blogi-1-150x150.jpg","contentUrl":"https:\/\/suomenkuvalehti.fi\/kuvien-takaa\/wp-content\/uploads\/sites\/11\/2022\/04\/kalle_kinnunen_blogi-1-150x150.jpg","caption":"Kalle Kinnunen"},"description":"Kalle Kinnunen on vapaa toimittaja ja Suomen Kuvalehden avustaja.","sameAs":["https:\/\/www.facebook.com\/pages\/Kalle-Kinnunen-Kuvien-takaa\/190326157715410?fref=ts","https:\/\/x.com\/https:\/\/twitter.com\/kallekinnunen"]}]}},"_links":{"self":[{"href":"https:\/\/suomenkuvalehti.fi\/kuvien-takaa\/wp-json\/wp\/v2\/posts\/3654","targetHints":{"allow":["GET"]}}],"collection":[{"href":"https:\/\/suomenkuvalehti.fi\/kuvien-takaa\/wp-json\/wp\/v2\/posts"}],"about":[{"href":"https:\/\/suomenkuvalehti.fi\/kuvien-takaa\/wp-json\/wp\/v2\/types\/post"}],"author":[{"embeddable":true,"href":"https:\/\/suomenkuvalehti.fi\/kuvien-takaa\/wp-json\/wp\/v2\/users\/144"}],"replies":[{"embeddable":true,"href":"https:\/\/suomenkuvalehti.fi\/kuvien-takaa\/wp-json\/wp\/v2\/comments?post=3654"}],"version-history":[{"count":4,"href":"https:\/\/suomenkuvalehti.fi\/kuvien-takaa\/wp-json\/wp\/v2\/posts\/3654\/revisions"}],"predecessor-version":[{"id":3659,"href":"https:\/\/suomenkuvalehti.fi\/kuvien-takaa\/wp-json\/wp\/v2\/posts\/3654\/revisions\/3659"}],"wp:attachment":[{"href":"https:\/\/suomenkuvalehti.fi\/kuvien-takaa\/wp-json\/wp\/v2\/media?parent=3654"}],"wp:term":[{"taxonomy":"category","embeddable":true,"href":"https:\/\/suomenkuvalehti.fi\/kuvien-takaa\/wp-json\/wp\/v2\/categories?post=3654"},{"taxonomy":"post_tag","embeddable":true,"href":"https:\/\/suomenkuvalehti.fi\/kuvien-takaa\/wp-json\/wp\/v2\/tags?post=3654"}],"curies":[{"name":"wp","href":"https:\/\/api.w.org\/{rel}","templated":true}]}}