{"id":3616,"date":"2016-08-30T06:47:19","date_gmt":"2016-08-30T03:47:19","guid":{"rendered":"https:\/\/suomenkuvalehti.fi\/kuvien-takaa\/?p=3616"},"modified":"2016-08-30T07:10:07","modified_gmt":"2016-08-30T04:10:07","slug":"apulanta-elokuvasta","status":"publish","type":"post","link":"https:\/\/suomenkuvalehti.fi\/kuvien-takaa\/apulanta-elokuvasta\/","title":{"rendered":"Apulanta-elokuvasta"},"content":{"rendered":"\n<p>Ei t\u00e4t\u00e4 olisi voinut kuvitella viel\u00e4 kymmenen vuotta sitten. Suomeen on kasvanut aivan uusi alueellisen ja riippumattoman elokuvantekemisen kulttuuri.<\/p>\n\n\n\n<p>Sen on mahdollistanut ennen kaikkea digitalisaatio. Tuotantojen hinta on laskenut jonkin verran, levitt\u00e4misen peruskustannusten aika paljonkin. Tekemist\u00e4 on helpompi harjoitella ja ammattilaisuus ei ole vain harvojen k\u00e4siss\u00e4.<\/p>\n\n\n\n<p><em>Rendel<\/em> on piakkoin valmistuva mikkelil\u00e4inen supersankarielokuva. <em>Hukkakaurat<\/em> oli pohjanmaalaista draamaa. <em>Bunny the Killer Thing<\/em> oli raiskauskomedia Kajaanista, ja niin edelleen.<\/p>\n\n\n\n<p>Oletan, ett\u00e4 <em>Samurai Rauno Reposaarelaiseen<\/em> kohdistuu aika suuria odotuksia, jahka se lokakuussa Meri-Porista Suomen valkokankaille levi\u00e4\u00e4.<\/p>\n\n\n\n<p>Ominaispiirteit\u00e4 ovat tekeminen ilman Suomen elokuvas\u00e4\u00e4ti\u00f6n tukia (tai hyvin pienin tuin), ja se, ett\u00e4 tekij\u00e4t eiv\u00e4t ole k\u00e4yneet ainakaan perinteisimpi\u00e4 elokuvakouluja.<\/p>\n\n\n\n<p>Digitaalisella kaudella ei alueellinen elokuvantekeminen ole kovin montaa menestyst\u00e4 tuottanut &#8211; perinteisell\u00e4 mitalla laskien ei yht\u00e4\u00e4n hitti\u00e4 tai hitinpuolikastakaan.<\/p>\n\n\n\n<p>Ensi viikolla ensi-iltaan tulee <em>Teit meist\u00e4 kauniin<\/em>, joka on Apulannan ex-basistin <strong>Tuukka Temosen<\/strong> ohjaama ja tuottama n\u00e4ytelm\u00e4elokuva Apulannasta.<\/p>\n\n\n\n<p>Muistetaan nyt, ettei yksitt\u00e4isten omap\u00e4isten auteurien luotsaama alueellinen elokuvanteko koskaan kuollut. Suomessa kultakautensa oli <strong>Visa M\u00e4kisell\u00e4,<\/strong> joka teki Porissa elokuviaan 1979-1986. <strong>Timo Koivusalo<\/strong> jatkoi perinnett\u00e4 rakentamalla Nakkilaan studiot, joiden ymp\u00e4rille ei kuitenkaan kasvanut pysyv\u00e4\u00e4 tekemisen keskusta. <strong>Markku P\u00f6l\u00f6nen<\/strong> yritti samaa Pohjois-Karjalassa.<\/p>\n\n\n\n<p>Joihinkin &#8211; ei kaikkiin! &#8211; alueellisiin elokuvanteon kulttuureihin on nimenomaan kuulunut itsep\u00e4isyys, jos ei jopa umpimielisyys. Vaikka kannattaisi ehk\u00e4 kysy\u00e4 tarinan ja dramaturgian suhteen neuvoja ulkopuolisilta, menn\u00e4\u00e4n tiukalla auteur-linjalla. Temonen ei ole itse kirjoittanut elokuvaansa, mutta fiiliksen\u00e4 siit\u00e4 v\u00e4littyy ehdoton usko omaan osaamiseen. Ehk\u00e4 perusteluksi on riitt\u00e4nyt, ett\u00e4 taustalla oleva tarina on tosi.<\/p>\n\n\n\n<p>El\u00e4m\u00e4kertaelokuvien genre\u00e4 on luonnehdittu osuvalla k\u00e4sitteell\u00e4 <em>katkeransuloinen hagiografia<\/em>. Temonen l\u00f6yt\u00e4\u00e4 siihen erikoisen min\u00e4kulman.<\/p>\n\n\n\n<p><em>Oma<\/em>el\u00e4m\u00e4kerrallinen elokuva ei ole tietenk\u00e4\u00e4n uutta, sellaisia ovat tehneet yht\u00e4 lailla <strong>Federico Fellini<\/strong> ja <strong>Rainer Werner Fassbinder<\/strong> kuin <strong>Cameron Crowekin<\/strong>. Temonen tuo kuvaan omien pyhimys\/menestyssiipien nostamisen. N\u00e4enn\u00e4isesti h\u00e4nen oma valkokangasversionsa on ik\u00e4v\u00e4 j\u00e4tk\u00e4, mutta Teit meist\u00e4 kauniin on elokuva nuorista sankareista, joiden <em>kohtalona<\/em> on kohta menesty\u00e4, ja t\u00e4m\u00e4 oikeastaan t\u00e4ysin ulkoelokuvallinen tosiasia on t\u00e4rkein elokuvaa &#8211; sek\u00e4 sen juonen ett\u00e4 oletettavasti tekemisen motivaatiota &#8211; viev\u00e4 voima.<\/p>\n\n\n\n<p>Dramaturgisia kaaria on elokuvan sis\u00e4ll\u00e4 vain alkeellisesti. Oletus ik\u00e4\u00e4n kuin on, ett\u00e4 se varsinainen katsojalle tarkoitettu kaari on elokuvan hahmon ja h\u00e4nen tosiel\u00e4m\u00e4n esikuvansa v\u00e4lill\u00e4. Aivan elokuvan alussa n\u00e4ytti silt\u00e4, ett\u00e4 t\u00e4ss\u00e4 on nuorisoleffa, jossa nimenomaan on energiaa. Pian k\u00e4vi ilmi, ett\u00e4 p\u00e4\u00e4m\u00e4\u00e4r\u00e4 puuttui. Tuttuus oli se ainoa juttu, ja kun n\u00e4k\u00f6iskuvat pulputtavat suljetussa akvaariossaan keino-ys\u00e4ri-Heinolassa odottaen muuttumista &#8221;Apulannaksi jonka me tunnemme&#8221;, kohta niilt\u00e4 loppuu happi. Se my\u00f6hempi menestysk\u00f6 on se syy, miksi &#8221;tarina&#8221;, jota ei oikein ole, piti elokuvana kertoa?<\/p>\n\n\n\n<p>Toisin sanoen elokuvaa katsoessa sen kummallisen dramaturgian vuoksi alkoi mietti\u00e4 sen tosikkomaisuutta ja lapsellisuutta, sitten sit\u00e4, minne t\u00e4m\u00e4 on menossa ja sitten pian sit\u00e4 pahinta kysymyst\u00e4: miksi t\u00e4m\u00e4 on tehty.<\/p>\n\n\n\n<p>Kirjoitin Imageen itse elokuvasta <a href=\"http:\/\/www.image.fi\/image-lehti\/kiusallinen-teollinen-vanukas-kuvaa-kalle-kinnunen-apulanta-elokuvaa\">kolumnin<\/a>. T\u00e4m\u00e4 blogimerkint\u00e4 on syntynyt pitk\u00e4lti kolumnin j\u00e4lkiajatuksina, etenkin kun se her\u00e4tti keskustelua ja Temonen itse l\u00e4hetti tuohtuneen s\u00e4hk\u00f6postin.<\/p>\n\n\n\n<p>Kolumnia <a href=\"http:\/\/www.mtv.fi\/viihde\/elokuvat\/artikkeli\/apulanta-elokuvaa-kutsuttiin-arviossa-teolliseksi-vanukkaaksi-ohjaaja-pettyi-tuli-tosi-paha-mieli\/6049774\">ruodittiin jo MTV3:llakin<\/a>, eli elokuvasta kirjoittaminen voi ylitt\u00e4\u00e4 uutiskynnyksen, jos elokuvan aiheena on <strong>Teemu Sel\u00e4nne<\/strong> tai Apulanta. Teksti\u00e4 on v\u00e4itetty kritiikiksi, vaikka se on kolumni. Tyylilajiltaan kolumni on erilainen kuin kritiikki ja arvostelu. Perinteisemp\u00e4\u00e4n arvioon en olisi ottanut kierroksia siit\u00e4, mit\u00e4 Temonen elokuvastaan sen verkkosivuilla paasaa.<\/p>\n\n\n\n<p>Se, ett\u00e4 kolumni on k\u00e4rkk\u00e4\u00e4mm\u00e4n ja spesifimm\u00e4n tulokulman mahdollistava laji kuin elokuvakritiikki, ei tarkoita, ettenk\u00f6 allekirjoittaisi jokaista sanaa kolumnistani.<\/p>\n\n\n\n<p>Olen kuullut elokuvasta my\u00f6s innostuneita kommentteja. Siin\u00e4 on ainakin purrut b\u00e4ndiharrastuksen nostalgia. Itse en tunnistanut sen kuvaamaa Suomea, el\u00e4m\u00e4\u00e4 ja ihmiskuvaakaan kovin tutuksi, vaikka olen kutakuinkin Temosen ik\u00e4inen, kaksi vuotta nuorempi. Tuntui, ett\u00e4 katsotaan huonosti kirjoitettua lavastusta kiikareilla. Toki t\u00e4m\u00e4 sin\u00e4ns\u00e4 ei ole sen suurempi ongelma kuin monissa muissakaan kotimaisissa, ammattimaisemmissa nostalgialeffoissa (<em>Ganes<\/em>, <strong>Koivusalot<\/strong> jne.), ainoastaan samaa luokkaa. (Eik\u00e4 Teit meist\u00e4 kauniin ole mik\u00e4\u00e4n maailman huonoin elokuva sin\u00e4ns\u00e4.)<\/p>\n\n\n\n<p>Temonen loukkaantui kolumnistani ja ymm\u00e4rr\u00e4n hyvin, ett\u00e4 niin voi k\u00e4yd\u00e4. S\u00e4hk\u00f6postissaan h\u00e4n ihmetteli, mist\u00e4 ahdistukseni kumpuaa. H\u00e4n ei ilmeisesti huomannut, ett\u00e4 kirjoitin h\u00e4nen elokuvastaan.<\/p>\n\n\n\n<p>Kun katson elokuvia, saatan tuntea voimakkaasti. Ehk\u00e4 siksi kirjoitan niist\u00e4 ammatikseni. Minua elokuvassa kutakuinkin loukkasivat sen tarinallinen estetiikka, perimm\u00e4inen ajatusmaailma ja maailmankuva. T\u00e4m\u00e4 on sit\u00e4, mihin my\u00f6s kokoomuslaisuuden maininnalla viittasin. Tulkintani mukaan Teit meist\u00e4 kauniit on nostalgiaa ja oodi niille ihmisille, jotka vaan ovat vaikeuksista huolimatta jotenkin menestyv\u00e4mpi\u00e4 kuin muut. (Tulkintojen tekeminen elokuvista ja niiden maailmankuvista on tietysti ihan vihoviimeist\u00e4, koska hei, eih\u00e4n kuvien alla mit\u00e4\u00e4n voi olla.) T\u00e4m\u00e4 ei ole v\u00e4ltt\u00e4m\u00e4tt\u00e4 mitenk\u00e4\u00e4n tarkoituksellista.<\/p>\n\n\n\n<p>Mutta henkil\u00f6hahmotkin ovat todella ohuita ja klisem\u00e4isi\u00e4, mik\u00e4 on erityisen kummallista, kun esikuvina ovat Temonen ja vanhat kaverit itse.<\/p>\n\n\n\n<p>Tekij\u00f6iden motivaatioita en voi arvailla, mutta Teit meist\u00e4 kauniin tuntuu rasti ruutuun -elokuvalta. Se on tuotettu ja toteutettu &#8211; ehdottomasti ja vilpitt\u00f6m\u00e4sti sanottuna aikamoinen saavutus &#8211; muttei ajateltu. Laadin kolumnin viikkoja sitten, ja jotenkin t\u00e4m\u00e4 seikka vain korostuu Temosen pariskunnan haastatteluissa, kun he kertovat elokuvasta suurena panostuksena, johon on laitettu omat ja vieraat rahat kiinni. Suuri, suuren suuri panostus &#8211; mutta mik\u00e4 on tarinan pointti, mik\u00e4 on tekij\u00e4n n\u00e4kemys ja ajatus? Vainko se, ett\u00e4 kaveruksista tuli my\u00f6hemmin kuuluisia? Lopussa on tietenkin montaasi, yll\u00e4tt\u00e4v\u00e4n pitk\u00e4kin, muistuttamassa asiasta, ik\u00e4\u00e4n kuin legitimoimassa jo n\u00e4hty\u00e4 elokuvaa.<\/p>\n\n\n\n<p>Kirjoitin kolumniin, ett\u00e4 parasta t\u00e4ss\u00e4 elokuvassa on se, ett\u00e4 se on tehty, koska silt\u00e4 Teit meist\u00e4 kauniin tuntui. Se on tehty\u00e4 elokuvaa, teollista, vaikka se olisi kuinka &#8221;indie&#8221; ja tehty omakustanteena. Varmaan my\u00f6s kuplassa tehty\u00e4, koska oletettavasti Temosen voimakas reaktio osaltaan johtuu siit\u00e4, ettei h\u00e4n ole aiemmin tullut ajatelleeksi, ett\u00e4 elokuva, vai pit\u00e4isik\u00f6 sanoa &#8221;panostus&#8221;, ei ole kaikkien mielest\u00e4 kovin hyv\u00e4.<\/p>\n\n\n\n<p>En katso n\u00e4it\u00e4 alueellisia indie-leffoja erityisesti jonain vakavana kriitikkona sen enemp\u00e4\u00e4 kuin mit\u00e4\u00e4n muutakaan elokuvaa. En my\u00f6sk\u00e4\u00e4n tekij\u00f6iden kaverina tai fanina.&nbsp; Voin kirjoittaa vain siit\u00e4, mink\u00e4 n\u00e4en. Olenko tosikko? En tied\u00e4, mutta minusta t\u00e4m\u00e4n elokuvan tappaa juuri sen tosikkomaisuus yhdistettyn\u00e4 substanssin puutteeseen.<\/p>\n\n\n\n<p>Minusta elokuvat kannattaa arvottaa julkisesti huomioiden se genre, johon ne kuuluvat. Ehk\u00e4 asiaa pit\u00e4isi l\u00e4hesty\u00e4 kysym\u00e4ll\u00e4, mit\u00e4 genre\u00e4 Teit meist\u00e4 kauniin edustaa?<\/p>\n\n\n\n<p>Lastenelokuvaa? Selitt\u00e4isi paljon, muttei pit\u00e4ne paikkaansa.<\/p>\n\n\n\n<p>Fanielokuvaa? Ilmeisesti. <em>Fan service\u00e4<\/em> se toki on. Sellaisena en tietenk\u00e4\u00e4n mitenk\u00e4\u00e4n osaisi sit\u00e4 arvottaa, sill\u00e4 vaikka Apulannan musiikki on aivan ok, en ole <a href=\"https:\/\/fi.wikipedia.org\/wiki\/Fani\"><em>fani<\/em><\/a>. Ehk\u00e4 monet muut osaavat.<\/p>\n\n\n\n<p>&nbsp;<\/p>\n\n\n<p><iframe loading=\"lazy\" width=\"630\" height=\"354\" src=\"https:\/\/www.youtube.com\/embed\/yZKQ-859454?feature=oembed\" frameborder=\"0\" allowfullscreen><\/iframe><\/p>\n\n","protected":false},"excerpt":{"rendered":"<p>Ei t\u00e4t\u00e4 olisi voinut kuvitella viel\u00e4 kymmenen vuotta sitten. Suomeen on kasvanut aivan uusi alueellisen ja riippumattoman elokuvantekemisen kulttuuri. Sen on mahdollistanut ennen kaikkea digitalisaatio. Tuotantojen hinta on laskenut jonkin verran, levitt\u00e4misen peruskustannusten aika paljonkin. Tekemist\u00e4<br \/>\non h&hellip;<\/p>\n","protected":false},"author":144,"featured_media":0,"comment_status":"open","ping_status":"closed","sticky":false,"template":"","format":"standard","meta":{"_acf_changed":false,"asauth_required_access_level":3,"asauth_cansharepaid":"true","om_header_attributes":[],"footnotes":"","om_featured_image_focal_point":[],"om_primary_tag":0,"om_contributors":[],"om_co_authors":[],"beyondwords_generate_audio":"","beyondwords_project_id":"","beyondwords_content_id":"","beyondwords_preview_token":"","beyondwords_player_content":"","beyondwords_player_style":"","beyondwords_language_code":"","beyondwords_language_id":"","beyondwords_title_voice_id":"","beyondwords_body_voice_id":"","beyondwords_summary_voice_id":"","beyondwords_error_message":"","beyondwords_disabled":"","beyondwords_delete_content":"","beyondwords_podcast_id":"","beyondwords_hash":"","publish_post_to_speechkit":"","speechkit_hash":"","speechkit_generate_audio":"","speechkit_project_id":"","speechkit_podcast_id":"","speechkit_error_message":"","speechkit_disabled":"","speechkit_access_key":"","speechkit_error":"","speechkit_info":"","speechkit_response":"","speechkit_retries":"","speechkit_status":"","speechkit_updated_at":"","_speechkit_link":"","_speechkit_text":""},"categories":[1],"tags":[2351,2352],"class_list":["post-3616","post","type-post","status-publish","format-standard","hentry","category-kuvien-takaa","tag-apulanta","tag-teit-meista-kauniin"],"om_views":null,"acf":{"tuuma_off":false,"tuuma_kysymys":"","tuuma_vastaus":""},"asauth":{"required_access_level":1,"share_token":"","is_paid":false},"yoast_head":"<!-- This site is optimized with the Yoast SEO plugin v26.4 - https:\/\/yoast.com\/wordpress\/plugins\/seo\/ -->\n<title>Apulanta-elokuvasta - Kuvien takaa<\/title>\n<meta name=\"robots\" content=\"index, follow, max-snippet:-1, max-image-preview:large, max-video-preview:-1\" \/>\n<link rel=\"canonical\" href=\"https:\/\/suomenkuvalehti.fi\/kuvien-takaa\/apulanta-elokuvasta\/\" \/>\n<meta property=\"og:locale\" content=\"fi_FI\" \/>\n<meta property=\"og:type\" content=\"article\" \/>\n<meta property=\"og:title\" content=\"Apulanta-elokuvasta - Kuvien takaa\" \/>\n<meta property=\"og:description\" content=\"Ei t\u00e4t\u00e4 olisi voinut kuvitella viel\u00e4 kymmenen vuotta sitten. Suomeen on kasvanut aivan uusi alueellisen ja riippumattoman elokuvantekemisen kulttuuri. Sen on mahdollistanut ennen kaikkea digitalisaatio. Tuotantojen hinta on laskenut jonkin verran, levitt\u00e4misen peruskustannusten aika paljonkin. Tekemist\u00e4 on h&hellip;\" \/>\n<meta property=\"og:url\" content=\"https:\/\/suomenkuvalehti.fi\/kuvien-takaa\/apulanta-elokuvasta\/\" \/>\n<meta property=\"og:site_name\" content=\"Kuvien takaa\" \/>\n<meta property=\"article:author\" content=\"https:\/\/www.facebook.com\/pages\/Kalle-Kinnunen-Kuvien-takaa\/190326157715410?fref=ts\" \/>\n<meta property=\"article:published_time\" content=\"2016-08-30T03:47:19+00:00\" \/>\n<meta property=\"article:modified_time\" content=\"2016-08-30T04:10:07+00:00\" \/>\n<meta property=\"og:image\" content=\"https:\/\/suomenkuvalehti.fi\/kuvien-takaa\/wp-content\/uploads\/sites\/11\/2022\/04\/kalle_kinnunen_blogi-1-scaled.jpg\" \/>\n\t<meta property=\"og:image:width\" content=\"2560\" \/>\n\t<meta property=\"og:image:height\" content=\"1707\" \/>\n\t<meta property=\"og:image:type\" content=\"image\/jpeg\" \/>\n<meta name=\"author\" content=\"Kalle Kinnunen\" \/>\n<meta name=\"twitter:card\" content=\"summary_large_image\" \/>\n<meta name=\"twitter:creator\" content=\"@https:\/\/twitter.com\/kallekinnunen\" \/>\n<meta name=\"twitter:label1\" content=\"Written by\" \/>\n\t<meta name=\"twitter:data1\" content=\"Kalle Kinnunen\" \/>\n\t<meta name=\"twitter:label2\" content=\"Est. reading time\" \/>\n\t<meta name=\"twitter:data2\" content=\"5 minuuttia\" \/>\n<script type=\"application\/ld+json\" class=\"yoast-schema-graph\">{\"@context\":\"https:\/\/schema.org\",\"@graph\":[{\"@type\":\"WebPage\",\"@id\":\"https:\/\/suomenkuvalehti.fi\/kuvien-takaa\/apulanta-elokuvasta\/\",\"url\":\"https:\/\/suomenkuvalehti.fi\/kuvien-takaa\/apulanta-elokuvasta\/\",\"name\":\"Apulanta-elokuvasta - Kuvien takaa\",\"isPartOf\":{\"@id\":\"https:\/\/suomenkuvalehti.fi\/kuvien-takaa\/#website\"},\"datePublished\":\"2016-08-30T03:47:19+00:00\",\"dateModified\":\"2016-08-30T04:10:07+00:00\",\"author\":{\"@id\":\"https:\/\/suomenkuvalehti.fi\/kuvien-takaa\/#\/schema\/person\/f3f657e4ad409e008f12af27bec60a23\"},\"breadcrumb\":{\"@id\":\"https:\/\/suomenkuvalehti.fi\/kuvien-takaa\/apulanta-elokuvasta\/#breadcrumb\"},\"inLanguage\":\"fi\",\"potentialAction\":[{\"@type\":\"ReadAction\",\"target\":[\"https:\/\/suomenkuvalehti.fi\/kuvien-takaa\/apulanta-elokuvasta\/\"]}]},{\"@type\":\"BreadcrumbList\",\"@id\":\"https:\/\/suomenkuvalehti.fi\/kuvien-takaa\/apulanta-elokuvasta\/#breadcrumb\",\"itemListElement\":[{\"@type\":\"ListItem\",\"position\":1,\"name\":\"Home\",\"item\":\"https:\/\/suomenkuvalehti.fi\/kuvien-takaa\/\"},{\"@type\":\"ListItem\",\"position\":2,\"name\":\"Apulanta-elokuvasta\"}]},{\"@type\":\"WebSite\",\"@id\":\"https:\/\/suomenkuvalehti.fi\/kuvien-takaa\/#website\",\"url\":\"https:\/\/suomenkuvalehti.fi\/kuvien-takaa\/\",\"name\":\"Kuvien takaa\",\"description\":\"Elokuvakriitikko Kalle Kinnusen elokuvablogi.\",\"potentialAction\":[{\"@type\":\"SearchAction\",\"target\":{\"@type\":\"EntryPoint\",\"urlTemplate\":\"https:\/\/suomenkuvalehti.fi\/haku\/?q={search_term_string}\"},\"query-input\":{\"@type\":\"PropertyValueSpecification\",\"valueRequired\":true,\"valueName\":\"search_term_string\"}}],\"inLanguage\":\"fi\"},{\"@type\":\"Person\",\"@id\":\"https:\/\/suomenkuvalehti.fi\/kuvien-takaa\/#\/schema\/person\/f3f657e4ad409e008f12af27bec60a23\",\"name\":\"Kalle Kinnunen\",\"image\":{\"@type\":\"ImageObject\",\"inLanguage\":\"fi\",\"@id\":\"https:\/\/suomenkuvalehti.fi\/kuvien-takaa\/#\/schema\/person\/image\/\",\"url\":\"https:\/\/suomenkuvalehti.fi\/kuvien-takaa\/wp-content\/uploads\/sites\/11\/2022\/04\/kalle_kinnunen_blogi-1-150x150.jpg\",\"contentUrl\":\"https:\/\/suomenkuvalehti.fi\/kuvien-takaa\/wp-content\/uploads\/sites\/11\/2022\/04\/kalle_kinnunen_blogi-1-150x150.jpg\",\"caption\":\"Kalle Kinnunen\"},\"description\":\"Kalle Kinnunen on vapaa toimittaja ja Suomen Kuvalehden avustaja.\",\"sameAs\":[\"https:\/\/www.facebook.com\/pages\/Kalle-Kinnunen-Kuvien-takaa\/190326157715410?fref=ts\",\"https:\/\/x.com\/https:\/\/twitter.com\/kallekinnunen\"]}]}<\/script>\n<!-- \/ Yoast SEO plugin. -->","yoast_head_json":{"title":"Apulanta-elokuvasta - Kuvien takaa","robots":{"index":"index","follow":"follow","max-snippet":"max-snippet:-1","max-image-preview":"max-image-preview:large","max-video-preview":"max-video-preview:-1"},"canonical":"https:\/\/suomenkuvalehti.fi\/kuvien-takaa\/apulanta-elokuvasta\/","og_locale":"fi_FI","og_type":"article","og_title":"Apulanta-elokuvasta - Kuvien takaa","og_description":"Ei t\u00e4t\u00e4 olisi voinut kuvitella viel\u00e4 kymmenen vuotta sitten. Suomeen on kasvanut aivan uusi alueellisen ja riippumattoman elokuvantekemisen kulttuuri. Sen on mahdollistanut ennen kaikkea digitalisaatio. Tuotantojen hinta on laskenut jonkin verran, levitt\u00e4misen peruskustannusten aika paljonkin. Tekemist\u00e4 on h&hellip;","og_url":"https:\/\/suomenkuvalehti.fi\/kuvien-takaa\/apulanta-elokuvasta\/","og_site_name":"Kuvien takaa","article_author":"https:\/\/www.facebook.com\/pages\/Kalle-Kinnunen-Kuvien-takaa\/190326157715410?fref=ts","article_published_time":"2016-08-30T03:47:19+00:00","article_modified_time":"2016-08-30T04:10:07+00:00","og_image":[{"width":2560,"height":1707,"url":"https:\/\/suomenkuvalehti.fi\/kuvien-takaa\/wp-content\/uploads\/sites\/11\/2022\/04\/kalle_kinnunen_blogi-1-scaled.jpg","type":"image\/jpeg"}],"author":"Kalle Kinnunen","twitter_card":"summary_large_image","twitter_creator":"@https:\/\/twitter.com\/kallekinnunen","twitter_misc":{"Written by":"Kalle Kinnunen","Est. reading time":"5 minuuttia"},"schema":{"@context":"https:\/\/schema.org","@graph":[{"@type":"WebPage","@id":"https:\/\/suomenkuvalehti.fi\/kuvien-takaa\/apulanta-elokuvasta\/","url":"https:\/\/suomenkuvalehti.fi\/kuvien-takaa\/apulanta-elokuvasta\/","name":"Apulanta-elokuvasta - Kuvien takaa","isPartOf":{"@id":"https:\/\/suomenkuvalehti.fi\/kuvien-takaa\/#website"},"datePublished":"2016-08-30T03:47:19+00:00","dateModified":"2016-08-30T04:10:07+00:00","author":{"@id":"https:\/\/suomenkuvalehti.fi\/kuvien-takaa\/#\/schema\/person\/f3f657e4ad409e008f12af27bec60a23"},"breadcrumb":{"@id":"https:\/\/suomenkuvalehti.fi\/kuvien-takaa\/apulanta-elokuvasta\/#breadcrumb"},"inLanguage":"fi","potentialAction":[{"@type":"ReadAction","target":["https:\/\/suomenkuvalehti.fi\/kuvien-takaa\/apulanta-elokuvasta\/"]}]},{"@type":"BreadcrumbList","@id":"https:\/\/suomenkuvalehti.fi\/kuvien-takaa\/apulanta-elokuvasta\/#breadcrumb","itemListElement":[{"@type":"ListItem","position":1,"name":"Home","item":"https:\/\/suomenkuvalehti.fi\/kuvien-takaa\/"},{"@type":"ListItem","position":2,"name":"Apulanta-elokuvasta"}]},{"@type":"WebSite","@id":"https:\/\/suomenkuvalehti.fi\/kuvien-takaa\/#website","url":"https:\/\/suomenkuvalehti.fi\/kuvien-takaa\/","name":"Kuvien takaa","description":"Elokuvakriitikko Kalle Kinnusen elokuvablogi.","potentialAction":[{"@type":"SearchAction","target":{"@type":"EntryPoint","urlTemplate":"https:\/\/suomenkuvalehti.fi\/haku\/?q={search_term_string}"},"query-input":{"@type":"PropertyValueSpecification","valueRequired":true,"valueName":"search_term_string"}}],"inLanguage":"fi"},{"@type":"Person","@id":"https:\/\/suomenkuvalehti.fi\/kuvien-takaa\/#\/schema\/person\/f3f657e4ad409e008f12af27bec60a23","name":"Kalle Kinnunen","image":{"@type":"ImageObject","inLanguage":"fi","@id":"https:\/\/suomenkuvalehti.fi\/kuvien-takaa\/#\/schema\/person\/image\/","url":"https:\/\/suomenkuvalehti.fi\/kuvien-takaa\/wp-content\/uploads\/sites\/11\/2022\/04\/kalle_kinnunen_blogi-1-150x150.jpg","contentUrl":"https:\/\/suomenkuvalehti.fi\/kuvien-takaa\/wp-content\/uploads\/sites\/11\/2022\/04\/kalle_kinnunen_blogi-1-150x150.jpg","caption":"Kalle Kinnunen"},"description":"Kalle Kinnunen on vapaa toimittaja ja Suomen Kuvalehden avustaja.","sameAs":["https:\/\/www.facebook.com\/pages\/Kalle-Kinnunen-Kuvien-takaa\/190326157715410?fref=ts","https:\/\/x.com\/https:\/\/twitter.com\/kallekinnunen"]}]}},"_links":{"self":[{"href":"https:\/\/suomenkuvalehti.fi\/kuvien-takaa\/wp-json\/wp\/v2\/posts\/3616","targetHints":{"allow":["GET"]}}],"collection":[{"href":"https:\/\/suomenkuvalehti.fi\/kuvien-takaa\/wp-json\/wp\/v2\/posts"}],"about":[{"href":"https:\/\/suomenkuvalehti.fi\/kuvien-takaa\/wp-json\/wp\/v2\/types\/post"}],"author":[{"embeddable":true,"href":"https:\/\/suomenkuvalehti.fi\/kuvien-takaa\/wp-json\/wp\/v2\/users\/144"}],"replies":[{"embeddable":true,"href":"https:\/\/suomenkuvalehti.fi\/kuvien-takaa\/wp-json\/wp\/v2\/comments?post=3616"}],"version-history":[{"count":13,"href":"https:\/\/suomenkuvalehti.fi\/kuvien-takaa\/wp-json\/wp\/v2\/posts\/3616\/revisions"}],"predecessor-version":[{"id":3631,"href":"https:\/\/suomenkuvalehti.fi\/kuvien-takaa\/wp-json\/wp\/v2\/posts\/3616\/revisions\/3631"}],"wp:attachment":[{"href":"https:\/\/suomenkuvalehti.fi\/kuvien-takaa\/wp-json\/wp\/v2\/media?parent=3616"}],"wp:term":[{"taxonomy":"category","embeddable":true,"href":"https:\/\/suomenkuvalehti.fi\/kuvien-takaa\/wp-json\/wp\/v2\/categories?post=3616"},{"taxonomy":"post_tag","embeddable":true,"href":"https:\/\/suomenkuvalehti.fi\/kuvien-takaa\/wp-json\/wp\/v2\/tags?post=3616"}],"curies":[{"name":"wp","href":"https:\/\/api.w.org\/{rel}","templated":true}]}}