{"id":361,"date":"2012-10-31T18:00:28","date_gmt":"2012-10-31T16:00:28","guid":{"rendered":"https:\/\/suomenkuvalehti.fi\/kuvientakaa\/2012\/10\/31\/doxwise-videopaivakirjan-rasistijakso-ja-taysin-vaarin-suunnattu-syyttely\/"},"modified":"2013-11-30T16:24:22","modified_gmt":"2013-11-30T14:24:22","slug":"doxwise-videopaivakirjan-rasistijakso-ja-taysin-vaarin-suunnattu-syyttely","status":"publish","type":"post","link":"https:\/\/suomenkuvalehti.fi\/kuvien-takaa\/doxwise-videopaivakirjan-rasistijakso-ja-taysin-vaarin-suunnattu-syyttely\/","title":{"rendered":"Doxwise-videop\u00e4iv\u00e4kirjan rasistijakso ja t\u00e4ysin v\u00e4\u00e4rin suunnattu syyttely"},"content":{"rendered":"\n<p>Doxwise-dokumenttihankkeeseen kuuluvia videoita on julkistettu lukuisia. Viikko sitten julkaistussa videop\u00e4iv\u00e4kirjap\u00e4tk\u00e4ss\u00e4 on melkoisen t\u00f6rke\u00e4\u00e4 rasismia. Bloggasin siit\u00e4. Yll\u00e4tt\u00e4en vasta t\u00e4n\u00e4\u00e4n asiasta innostuivat muun muassa Helsingin Sanomat ja Ilta-Sanomat. Kummassakin \u00e4llistys dokumentaarisesta, todellisuutta tallentavasta yksitt\u00e4isest\u00e4 videosta johti syyt\u00f6ksiin, jotka suuntautuvat laajaa hanketta rahoittanutta Suomen elokuvas\u00e4\u00e4ti\u00f6t\u00e4 kohtaan.<\/p>\n\n\n\n\n<p><a href=\"http:\/\/www.iltasanomat.fi\/kotimaa\/art-1288512622636.html\">Ilta-Sanomien nettijuttu<\/a> on h\u00e4peilem\u00e4tt\u00f6m\u00e4n skandaalihakuinen &#8211; ja tosiasioista piittaamaton.<\/p>\n\n\n\n<p>&#8221;Elokuvas\u00e4\u00e4ti\u00f6 tuki rasistista videota kymmenill\u00e4 tuhansilla&#8221;, kuuluu otsikko, ja se on jo aivan silkka valhe. (Otsikko varmaan tullaan vaihtamaan todenmukaisempaan, jahka sivu on saanut kylliksi lukijoita eli vahinko on jo syntynyt.)<\/p>\n\n\n\n<p><a href=\"https:\/\/suomenkuvalehti.fi\/kuvientakaa\/2012\/10\/24\/nuoren-suomen-aani-doxwise-sarjan-videolla-aarimmaista-kettuilua-pakolaiselle-kannit-ja-nakujuoksu-eduskuntatalolla\/\">Kuten bloggasin<\/a>, koko Doxwise-projekti, jossa seurataan nelj\u00e4\u00e4 nuort aikuista ja johon kuuluu kymmeni\u00e4 videoita, sai <em>kaiken kaikkiaan<\/em> 32 000 euroa tukea. T\u00e4st\u00e4 Ilta-Sanomat ei ole kiinnostunut, vaan johtaa harhaan muotoilemalla asian itse tekstiss\u00e4 my\u00f6hemmin n\u00e4in: &#8221;Suomen Elokuvas\u00e4\u00e4ti\u00f6 on tukenut Doxwise-projektin my\u00f6t\u00e4 useilla kymmenill\u00e4 tuhansilla euroilla videop\u00e4tk\u00e4\u00e4, joka sis\u00e4lt\u00e4\u00e4 rasistista sis\u00e4lt\u00f6\u00e4.&#8221;<\/p>\n\n\n\n<p>IS kuvailee videop\u00e4tk\u00e4n sis\u00e4lt\u00f6\u00e4 ja lopuksi Elokuvas\u00e4\u00e4ti\u00f6n toimitusjohtajalta <strong>Irina Krohnilta<\/strong> tivataan, mist\u00e4 on kyse.<\/p>\n\n\n\n<p>&#8221;Krohn huomauttaa, ett\u00e4 s\u00e4\u00e4ti\u00f6\u00f6n ei ole tullut hakemusta t\u00e4m\u00e4nkaltaisesta episodista, vaan ett\u00e4 se on luottanut tuotantoyhti\u00f6n ammattitaitoon. Suomessa hankkeesta vastasi tuotantoyhti\u00f6 Napafilms Oy&#8221;, IS kirjoittaa.<\/p>\n\n\n\n<p>Tietenk\u00e4\u00e4n t\u00e4m\u00e4nlaisesta episodista ei ole tehty hakemusta, koska kyse on nelj\u00e4n henkil\u00f6n videop\u00e4iv\u00e4kirjoista. Yksi heist\u00e4 kavereineen nyt vain sattuu olemaan ilmeisen julma ja asenteiltaan h\u00e4peilem\u00e4tt\u00f6m\u00e4n rasistinen.<\/p>\n\n\n\n<p>Onko kyseinen Doxwise-video sis\u00e4ll\u00f6lt\u00e4\u00e4n rasistinen? Kyll\u00e4 sik\u00e4li, ett\u00e4 se on osa rasistin omakuvaa. Tyyppi on kuvannut el\u00e4m\u00e4\u00e4ns\u00e4 ja luovuttanut kuvamateriaalin tuotantoyhti\u00f6lle, jossa n\u00e4m\u00e4 koostevideot leikataan. Ei, koska se antaa afgaanin\u00e4lk\u00e4lakkolaisia kuvottavalla tavalla kiusaavan henkil\u00f6n asenteista iljett\u00e4v\u00e4n kuvan. Tuotantoyhti\u00f6n ammattitaitoon on kannattanutkin luottaa.<\/p>\n\n\n\n<p>&#8221;Siin\u00e4 varmasti on motiivina julkaisuun se, ett\u00e4 n\u00e4ytett\u00e4isi t\u00e4m\u00e4 laajempi yhteiskunnallinen todellisuus&#8221;, Krohnin sent\u00e4\u00e4n annetaan sanoa.<\/p>\n\n\n\n<p>Ilta-Sanomien toimittaja ei edes ole kehdannut laittaa jutun loppuun omaa nime\u00e4\u00e4n, vaikka juttu sis\u00e4lt\u00e4\u00e4 Krohnin haastattelun. Se on jo aikamoista.<\/p>\n\n\n\n<p>Itse Doxwise-video on poistettu nyt niilt\u00e4 alustoilta, joissa se alun perin julkaistiin. Syyn\u00e4 ovat tietenkin t\u00e4llaiset tekstit, joissa videon itsess\u00e4\u00e4n annetaan ymm\u00e4rt\u00e4\u00e4 olevan jotenkin rasismia lietsova.<\/p>\n\n\n\n<p>Kyseinen video oli kuva todellisuudesta. Ilmeisesti se on liikaa monille, mukaan lukien Ilta-Sanomien nimett\u00f6m\u00e4n\u00e4 piilotteleva skandaalimaalari.<\/p>\n\n\n","protected":false},"excerpt":{"rendered":"<p>Doxwise-dokumenttihankkeeseen kuuluvia videoita on julkistettu lukuisia. Viikko sitten julkaistussa videop\u00e4iv\u00e4kirjap\u00e4tk\u00e4ss\u00e4 on melkoisen t\u00f6rke\u00e4\u00e4 rasismia. Bloggasin siit\u00e4. Yll\u00e4tt\u00e4en vasta t\u00e4n\u00e4\u00e4n asiasta innostuivat muun muassa Helsingin<br \/>\nSanomat ja Il&hellip;<\/p>\n","protected":false},"author":144,"featured_media":0,"comment_status":"open","ping_status":"open","sticky":false,"template":"","format":"standard","meta":{"_acf_changed":false,"asauth_required_access_level":0,"asauth_cansharepaid":"","om_header_attributes":[],"footnotes":"","om_featured_image_focal_point":[],"om_primary_tag":0,"om_contributors":[],"om_co_authors":[],"beyondwords_generate_audio":"","beyondwords_project_id":"","beyondwords_content_id":"","beyondwords_preview_token":"","beyondwords_player_content":"","beyondwords_player_style":"","beyondwords_language_code":"","beyondwords_language_id":"","beyondwords_title_voice_id":"","beyondwords_body_voice_id":"","beyondwords_summary_voice_id":"","beyondwords_error_message":"","beyondwords_disabled":"","beyondwords_delete_content":"","beyondwords_podcast_id":"","beyondwords_hash":"","publish_post_to_speechkit":"","speechkit_hash":"","speechkit_generate_audio":"","speechkit_project_id":"","speechkit_podcast_id":"","speechkit_error_message":"","speechkit_disabled":"","speechkit_access_key":"","speechkit_error":"","speechkit_info":"","speechkit_response":"","speechkit_retries":"","speechkit_status":"","speechkit_updated_at":"","_speechkit_link":"","_speechkit_text":""},"categories":[1],"tags":[469,470,129],"class_list":["post-361","post","type-post","status-publish","format-standard","hentry","category-kuvien-takaa","tag-doxwise","tag-ilta-sanomat","tag-rasismi"],"om_views":null,"acf":{"tuuma_off":false,"tuuma_kysymys":"","tuuma_vastaus":""},"asauth":{"required_access_level":1,"share_token":"","is_paid":false},"yoast_head":"<!-- This site is optimized with the Yoast SEO plugin v26.4 - https:\/\/yoast.com\/wordpress\/plugins\/seo\/ -->\n<title>Doxwise-videop\u00e4iv\u00e4kirjan rasistijakso ja t\u00e4ysin v\u00e4\u00e4rin suunnattu syyttely - Kuvien takaa<\/title>\n<meta name=\"robots\" content=\"index, follow, max-snippet:-1, max-image-preview:large, max-video-preview:-1\" \/>\n<link rel=\"canonical\" href=\"https:\/\/suomenkuvalehti.fi\/kuvien-takaa\/doxwise-videopaivakirjan-rasistijakso-ja-taysin-vaarin-suunnattu-syyttely\/\" \/>\n<meta property=\"og:locale\" content=\"fi_FI\" \/>\n<meta property=\"og:type\" content=\"article\" \/>\n<meta property=\"og:title\" content=\"Doxwise-videop\u00e4iv\u00e4kirjan rasistijakso ja t\u00e4ysin v\u00e4\u00e4rin suunnattu syyttely - Kuvien takaa\" \/>\n<meta property=\"og:description\" content=\"Doxwise-dokumenttihankkeeseen kuuluvia videoita on julkistettu lukuisia. Viikko sitten julkaistussa videop\u00e4iv\u00e4kirjap\u00e4tk\u00e4ss\u00e4 on melkoisen t\u00f6rke\u00e4\u00e4 rasismia. Bloggasin siit\u00e4. Yll\u00e4tt\u00e4en vasta t\u00e4n\u00e4\u00e4n asiasta innostuivat muun muassa Helsingin Sanomat ja Il&hellip;\" \/>\n<meta property=\"og:url\" content=\"https:\/\/suomenkuvalehti.fi\/kuvien-takaa\/doxwise-videopaivakirjan-rasistijakso-ja-taysin-vaarin-suunnattu-syyttely\/\" \/>\n<meta property=\"og:site_name\" content=\"Kuvien takaa\" \/>\n<meta property=\"article:author\" content=\"https:\/\/www.facebook.com\/pages\/Kalle-Kinnunen-Kuvien-takaa\/190326157715410?fref=ts\" \/>\n<meta property=\"article:published_time\" content=\"2012-10-31T16:00:28+00:00\" \/>\n<meta property=\"article:modified_time\" content=\"2013-11-30T14:24:22+00:00\" \/>\n<meta property=\"og:image\" content=\"https:\/\/suomenkuvalehti.fi\/kuvien-takaa\/wp-content\/uploads\/sites\/11\/2022\/04\/kalle_kinnunen_blogi-1-scaled.jpg\" \/>\n\t<meta property=\"og:image:width\" content=\"2560\" \/>\n\t<meta property=\"og:image:height\" content=\"1707\" \/>\n\t<meta property=\"og:image:type\" content=\"image\/jpeg\" \/>\n<meta name=\"author\" content=\"Kalle Kinnunen\" \/>\n<meta name=\"twitter:card\" content=\"summary_large_image\" \/>\n<meta name=\"twitter:creator\" content=\"@https:\/\/twitter.com\/kallekinnunen\" \/>\n<meta name=\"twitter:label1\" content=\"Written by\" \/>\n\t<meta name=\"twitter:data1\" content=\"Kalle Kinnunen\" \/>\n\t<meta name=\"twitter:label2\" content=\"Est. reading time\" \/>\n\t<meta name=\"twitter:data2\" content=\"2 minuuttia\" \/>\n<script type=\"application\/ld+json\" class=\"yoast-schema-graph\">{\"@context\":\"https:\/\/schema.org\",\"@graph\":[{\"@type\":\"WebPage\",\"@id\":\"https:\/\/suomenkuvalehti.fi\/kuvien-takaa\/doxwise-videopaivakirjan-rasistijakso-ja-taysin-vaarin-suunnattu-syyttely\/\",\"url\":\"https:\/\/suomenkuvalehti.fi\/kuvien-takaa\/doxwise-videopaivakirjan-rasistijakso-ja-taysin-vaarin-suunnattu-syyttely\/\",\"name\":\"Doxwise-videop\u00e4iv\u00e4kirjan rasistijakso ja t\u00e4ysin v\u00e4\u00e4rin suunnattu syyttely - Kuvien takaa\",\"isPartOf\":{\"@id\":\"https:\/\/suomenkuvalehti.fi\/kuvien-takaa\/#website\"},\"datePublished\":\"2012-10-31T16:00:28+00:00\",\"dateModified\":\"2013-11-30T14:24:22+00:00\",\"author\":{\"@id\":\"https:\/\/suomenkuvalehti.fi\/kuvien-takaa\/#\/schema\/person\/f3f657e4ad409e008f12af27bec60a23\"},\"breadcrumb\":{\"@id\":\"https:\/\/suomenkuvalehti.fi\/kuvien-takaa\/doxwise-videopaivakirjan-rasistijakso-ja-taysin-vaarin-suunnattu-syyttely\/#breadcrumb\"},\"inLanguage\":\"fi\",\"potentialAction\":[{\"@type\":\"ReadAction\",\"target\":[\"https:\/\/suomenkuvalehti.fi\/kuvien-takaa\/doxwise-videopaivakirjan-rasistijakso-ja-taysin-vaarin-suunnattu-syyttely\/\"]}]},{\"@type\":\"BreadcrumbList\",\"@id\":\"https:\/\/suomenkuvalehti.fi\/kuvien-takaa\/doxwise-videopaivakirjan-rasistijakso-ja-taysin-vaarin-suunnattu-syyttely\/#breadcrumb\",\"itemListElement\":[{\"@type\":\"ListItem\",\"position\":1,\"name\":\"Home\",\"item\":\"https:\/\/suomenkuvalehti.fi\/kuvien-takaa\/\"},{\"@type\":\"ListItem\",\"position\":2,\"name\":\"Doxwise-videop\u00e4iv\u00e4kirjan rasistijakso ja t\u00e4ysin v\u00e4\u00e4rin suunnattu syyttely\"}]},{\"@type\":\"WebSite\",\"@id\":\"https:\/\/suomenkuvalehti.fi\/kuvien-takaa\/#website\",\"url\":\"https:\/\/suomenkuvalehti.fi\/kuvien-takaa\/\",\"name\":\"Kuvien takaa\",\"description\":\"Elokuvakriitikko Kalle Kinnusen elokuvablogi.\",\"potentialAction\":[{\"@type\":\"SearchAction\",\"target\":{\"@type\":\"EntryPoint\",\"urlTemplate\":\"https:\/\/suomenkuvalehti.fi\/haku\/?q={search_term_string}\"},\"query-input\":{\"@type\":\"PropertyValueSpecification\",\"valueRequired\":true,\"valueName\":\"search_term_string\"}}],\"inLanguage\":\"fi\"},{\"@type\":\"Person\",\"@id\":\"https:\/\/suomenkuvalehti.fi\/kuvien-takaa\/#\/schema\/person\/f3f657e4ad409e008f12af27bec60a23\",\"name\":\"Kalle Kinnunen\",\"image\":{\"@type\":\"ImageObject\",\"inLanguage\":\"fi\",\"@id\":\"https:\/\/suomenkuvalehti.fi\/kuvien-takaa\/#\/schema\/person\/image\/\",\"url\":\"https:\/\/suomenkuvalehti.fi\/kuvien-takaa\/wp-content\/uploads\/sites\/11\/2022\/04\/kalle_kinnunen_blogi-1-150x150.jpg\",\"contentUrl\":\"https:\/\/suomenkuvalehti.fi\/kuvien-takaa\/wp-content\/uploads\/sites\/11\/2022\/04\/kalle_kinnunen_blogi-1-150x150.jpg\",\"caption\":\"Kalle Kinnunen\"},\"description\":\"Kalle Kinnunen on vapaa toimittaja ja Suomen Kuvalehden avustaja.\",\"sameAs\":[\"https:\/\/www.facebook.com\/pages\/Kalle-Kinnunen-Kuvien-takaa\/190326157715410?fref=ts\",\"https:\/\/x.com\/https:\/\/twitter.com\/kallekinnunen\"]}]}<\/script>\n<!-- \/ Yoast SEO plugin. -->","yoast_head_json":{"title":"Doxwise-videop\u00e4iv\u00e4kirjan rasistijakso ja t\u00e4ysin v\u00e4\u00e4rin suunnattu syyttely - Kuvien takaa","robots":{"index":"index","follow":"follow","max-snippet":"max-snippet:-1","max-image-preview":"max-image-preview:large","max-video-preview":"max-video-preview:-1"},"canonical":"https:\/\/suomenkuvalehti.fi\/kuvien-takaa\/doxwise-videopaivakirjan-rasistijakso-ja-taysin-vaarin-suunnattu-syyttely\/","og_locale":"fi_FI","og_type":"article","og_title":"Doxwise-videop\u00e4iv\u00e4kirjan rasistijakso ja t\u00e4ysin v\u00e4\u00e4rin suunnattu syyttely - Kuvien takaa","og_description":"Doxwise-dokumenttihankkeeseen kuuluvia videoita on julkistettu lukuisia. Viikko sitten julkaistussa videop\u00e4iv\u00e4kirjap\u00e4tk\u00e4ss\u00e4 on melkoisen t\u00f6rke\u00e4\u00e4 rasismia. Bloggasin siit\u00e4. Yll\u00e4tt\u00e4en vasta t\u00e4n\u00e4\u00e4n asiasta innostuivat muun muassa Helsingin Sanomat ja Il&hellip;","og_url":"https:\/\/suomenkuvalehti.fi\/kuvien-takaa\/doxwise-videopaivakirjan-rasistijakso-ja-taysin-vaarin-suunnattu-syyttely\/","og_site_name":"Kuvien takaa","article_author":"https:\/\/www.facebook.com\/pages\/Kalle-Kinnunen-Kuvien-takaa\/190326157715410?fref=ts","article_published_time":"2012-10-31T16:00:28+00:00","article_modified_time":"2013-11-30T14:24:22+00:00","og_image":[{"width":2560,"height":1707,"url":"https:\/\/suomenkuvalehti.fi\/kuvien-takaa\/wp-content\/uploads\/sites\/11\/2022\/04\/kalle_kinnunen_blogi-1-scaled.jpg","type":"image\/jpeg"}],"author":"Kalle Kinnunen","twitter_card":"summary_large_image","twitter_creator":"@https:\/\/twitter.com\/kallekinnunen","twitter_misc":{"Written by":"Kalle Kinnunen","Est. reading time":"2 minuuttia"},"schema":{"@context":"https:\/\/schema.org","@graph":[{"@type":"WebPage","@id":"https:\/\/suomenkuvalehti.fi\/kuvien-takaa\/doxwise-videopaivakirjan-rasistijakso-ja-taysin-vaarin-suunnattu-syyttely\/","url":"https:\/\/suomenkuvalehti.fi\/kuvien-takaa\/doxwise-videopaivakirjan-rasistijakso-ja-taysin-vaarin-suunnattu-syyttely\/","name":"Doxwise-videop\u00e4iv\u00e4kirjan rasistijakso ja t\u00e4ysin v\u00e4\u00e4rin suunnattu syyttely - Kuvien takaa","isPartOf":{"@id":"https:\/\/suomenkuvalehti.fi\/kuvien-takaa\/#website"},"datePublished":"2012-10-31T16:00:28+00:00","dateModified":"2013-11-30T14:24:22+00:00","author":{"@id":"https:\/\/suomenkuvalehti.fi\/kuvien-takaa\/#\/schema\/person\/f3f657e4ad409e008f12af27bec60a23"},"breadcrumb":{"@id":"https:\/\/suomenkuvalehti.fi\/kuvien-takaa\/doxwise-videopaivakirjan-rasistijakso-ja-taysin-vaarin-suunnattu-syyttely\/#breadcrumb"},"inLanguage":"fi","potentialAction":[{"@type":"ReadAction","target":["https:\/\/suomenkuvalehti.fi\/kuvien-takaa\/doxwise-videopaivakirjan-rasistijakso-ja-taysin-vaarin-suunnattu-syyttely\/"]}]},{"@type":"BreadcrumbList","@id":"https:\/\/suomenkuvalehti.fi\/kuvien-takaa\/doxwise-videopaivakirjan-rasistijakso-ja-taysin-vaarin-suunnattu-syyttely\/#breadcrumb","itemListElement":[{"@type":"ListItem","position":1,"name":"Home","item":"https:\/\/suomenkuvalehti.fi\/kuvien-takaa\/"},{"@type":"ListItem","position":2,"name":"Doxwise-videop\u00e4iv\u00e4kirjan rasistijakso ja t\u00e4ysin v\u00e4\u00e4rin suunnattu syyttely"}]},{"@type":"WebSite","@id":"https:\/\/suomenkuvalehti.fi\/kuvien-takaa\/#website","url":"https:\/\/suomenkuvalehti.fi\/kuvien-takaa\/","name":"Kuvien takaa","description":"Elokuvakriitikko Kalle Kinnusen elokuvablogi.","potentialAction":[{"@type":"SearchAction","target":{"@type":"EntryPoint","urlTemplate":"https:\/\/suomenkuvalehti.fi\/haku\/?q={search_term_string}"},"query-input":{"@type":"PropertyValueSpecification","valueRequired":true,"valueName":"search_term_string"}}],"inLanguage":"fi"},{"@type":"Person","@id":"https:\/\/suomenkuvalehti.fi\/kuvien-takaa\/#\/schema\/person\/f3f657e4ad409e008f12af27bec60a23","name":"Kalle Kinnunen","image":{"@type":"ImageObject","inLanguage":"fi","@id":"https:\/\/suomenkuvalehti.fi\/kuvien-takaa\/#\/schema\/person\/image\/","url":"https:\/\/suomenkuvalehti.fi\/kuvien-takaa\/wp-content\/uploads\/sites\/11\/2022\/04\/kalle_kinnunen_blogi-1-150x150.jpg","contentUrl":"https:\/\/suomenkuvalehti.fi\/kuvien-takaa\/wp-content\/uploads\/sites\/11\/2022\/04\/kalle_kinnunen_blogi-1-150x150.jpg","caption":"Kalle Kinnunen"},"description":"Kalle Kinnunen on vapaa toimittaja ja Suomen Kuvalehden avustaja.","sameAs":["https:\/\/www.facebook.com\/pages\/Kalle-Kinnunen-Kuvien-takaa\/190326157715410?fref=ts","https:\/\/x.com\/https:\/\/twitter.com\/kallekinnunen"]}]}},"_links":{"self":[{"href":"https:\/\/suomenkuvalehti.fi\/kuvien-takaa\/wp-json\/wp\/v2\/posts\/361","targetHints":{"allow":["GET"]}}],"collection":[{"href":"https:\/\/suomenkuvalehti.fi\/kuvien-takaa\/wp-json\/wp\/v2\/posts"}],"about":[{"href":"https:\/\/suomenkuvalehti.fi\/kuvien-takaa\/wp-json\/wp\/v2\/types\/post"}],"author":[{"embeddable":true,"href":"https:\/\/suomenkuvalehti.fi\/kuvien-takaa\/wp-json\/wp\/v2\/users\/144"}],"replies":[{"embeddable":true,"href":"https:\/\/suomenkuvalehti.fi\/kuvien-takaa\/wp-json\/wp\/v2\/comments?post=361"}],"version-history":[{"count":1,"href":"https:\/\/suomenkuvalehti.fi\/kuvien-takaa\/wp-json\/wp\/v2\/posts\/361\/revisions"}],"predecessor-version":[{"id":1225,"href":"https:\/\/suomenkuvalehti.fi\/kuvien-takaa\/wp-json\/wp\/v2\/posts\/361\/revisions\/1225"}],"wp:attachment":[{"href":"https:\/\/suomenkuvalehti.fi\/kuvien-takaa\/wp-json\/wp\/v2\/media?parent=361"}],"wp:term":[{"taxonomy":"category","embeddable":true,"href":"https:\/\/suomenkuvalehti.fi\/kuvien-takaa\/wp-json\/wp\/v2\/categories?post=361"},{"taxonomy":"post_tag","embeddable":true,"href":"https:\/\/suomenkuvalehti.fi\/kuvien-takaa\/wp-json\/wp\/v2\/tags?post=361"}],"curies":[{"name":"wp","href":"https:\/\/api.w.org\/{rel}","templated":true}]}}