{"id":3560,"date":"2016-07-06T11:05:34","date_gmt":"2016-07-06T08:05:34","guid":{"rendered":"https:\/\/suomenkuvalehti.fi\/kuvien-takaa\/?p=3560"},"modified":"2016-07-06T11:05:34","modified_gmt":"2016-07-06T08:05:34","slug":"nayttelijan-ja-yleison-nakokulmat-eroavat-taysin-tom-hiddleston-kertoo-miksi","status":"publish","type":"post","link":"https:\/\/suomenkuvalehti.fi\/kuvien-takaa\/nayttelijan-ja-yleison-nakokulmat-eroavat-taysin-tom-hiddleston-kertoo-miksi\/","title":{"rendered":"N\u00e4yttelij\u00e4n ja yleis\u00f6n n\u00e4k\u00f6kulmat eroavat t\u00e4ysin. Tom Hiddleston kertoo, miksi"},"content":{"rendered":"\n<p>Jututin kev\u00e4\u00e4ll\u00e4 <strong>Tom Hiddlestonia<\/strong>, joka n\u00e4yttelee p\u00e4\u00e4osaa sarjassa <em>Y\u00f6vahti<\/em>. Viime vuonna Hiddleston n\u00e4htiin useissa elokuvissa, joista itse pidin etenkin <strong>Guillermo del Toron<\/strong> kauniista <em>Crimson Peakista<\/em>.<\/p>\n\n\n\n<p>En ole ainoa, joka koki Crimson Peakin j\u00e4\u00e4v\u00e4n harmillisesti v\u00e4liinputoajaksi. Se ei tavoittanut kauhuyleis\u00f6\u00e4, eik\u00e4 toisaalta &#8211; kenties verisyytens\u00e4 vuoksi &#8211; vakuuttanut kaikkia lempe\u00e4mm\u00e4n fantasian tai goottiromantiikan yst\u00e4vi\u00e4. Elokuvasta tuli taloudellinen floppi.<\/p>\n\n\n\n<p>Crimson Peak on siis syd\u00e4nt\u00e4ni l\u00e4hell\u00e4 (kirjoitin siit\u00e4 blogiini otsikolla <a href=\"https:\/\/suomenkuvalehti.fi\/kuvien-takaa\/rakkaus-groteskia-kohtaan-crimson-peak-on-romanttisen-kauhun-mestariteos\/?shared=3119-f1821337-999\"><em>Rakkaudesta groteskiin<\/em><\/a>). Utelin haastattelussa <a href=\"https:\/\/en.wikipedia.org\/wiki\/Tom_Hiddleston\">Hiddlestonilta<\/a>, pettyik\u00f6 h\u00e4n itse elokuvan vastaanottoon. Kysymykseni sai h\u00e4net mietteli\u00e4\u00e4ksi, ja h\u00e4n pohti vastausta pitk\u00e4\u00e4n.<\/p>\n\n\n\n<p>Runollisen kauniisti sanansa asettava Hiddleston on loistava haastateltava, ja h\u00e4nen vastauksensa on hieno summaus n\u00e4yttelij\u00e4n ty\u00f6st\u00e4 sen tekij\u00e4n n\u00e4k\u00f6kulmasta. Tuota n\u00e4k\u00f6kulmaa me katsojat ja teoksen kokijat emme v\u00e4ltt\u00e4m\u00e4tt\u00e4 ymm\u00e4rr\u00e4, muista tai haluakaan sis\u00e4ist\u00e4\u00e4. Kulma on niin eri.<\/p>\n\n\n\n<p>\u201dEi ole olemassa tarkkaa tiedett\u00e4, jolla oikea yleis\u00f6 saadaan l\u00f6yt\u00e4m\u00e4\u00e4n elokuva. Ensi-illan vuodenaikakin vaikuttaa. Mutta olen todella ylpe\u00e4 Crimson Peakista ja tied\u00e4n, ett\u00e4 se t\u00e4sm\u00e4lleen se elokuva, jonka Guillermo del Toro halusi tehd\u00e4.\u201d<\/p>\n\n\n\n<p>\u201dEhk\u00e4 ihmisist\u00e4 tuntui, ett\u00e4 elokuva ei anna sit\u00e4 mit\u00e4 he odottivat. Olimme hyvin rehellisi\u00e4, emme yritt\u00e4neet myyd\u00e4 elokuvaa jonain muuna kuin se on.\u201d<\/p>\n\n\n\n<p>\u201dElokuvan tekij\u00f6iden ja n\u00e4yttelij\u00f6iden suhde elokuvaan ja siihen mit\u00e4 ty\u00f6ksemme teemme on hyvin erilainen kuin yleis\u00f6n. Me omistaudumme. Y\u00f6vahtia me n\u00e4yttelij\u00e4t teimme kuusi kuukautta. Katsojan aikaa sarja vie kuusi tuntia.\u201d<\/p>\n\n\n\n<p>\u201dKun omistautuu yhden teoksen pariin puoleksi vuodeksi el\u00e4m\u00e4st\u00e4\u00e4n, kokemuksen haluaa olevan t\u00e4ytt\u00e4v\u00e4 ja miellytt\u00e4v\u00e4. Haluan antoisaa yhteisty\u00f6t\u00e4. Onnistunut yhteisty\u00f6 on elokuvan ja sarjan tekemisess\u00e4 kaiken a ja o.\u201d<\/p>\n\n\n\n<p>\u201dOn siis ihanaa, jos tuon onnistuneen yhteisty\u00f6n p\u00e4\u00e4tteeksi yleis\u00f6 rakastaa elokuvaa ja se toimii my\u00f6s tavalla, josta kriitikot pit\u00e4v\u00e4t. Se on kuorrutus kakun p\u00e4\u00e4ll\u00e4, se on ihana asia. Mutta koska me omistaudumme, emme kerta kaikkiaan voi laskea liikaa sen varaan, miten lopputulos onnistuu katsojien mielest\u00e4.\u201d<\/p>\n\n\n\n<p>Itse ty\u00f6 on t\u00e4rkeint\u00e4, ja n\u00e4yttelij\u00e4 on vain ty\u00f6kalu.<\/p>\n\n\n\n<p>Teoksen el\u00e4m\u00e4 yleis\u00f6n edess\u00e4 on aivan toinen tarina.<\/p>\n\n\n\n<p>Seuraavaksi Hiddleston n\u00e4hd\u00e4\u00e4n <strong>Ben Wheatleyn<\/strong> elokuvassa <em>High-Rise<\/em>, joka oli allekirjoittaneelle pettymys &#8211; mutta katsomisen arvoinen se kyll\u00e4 on, jos omistautuneet n\u00e4yttelij\u00e4t ja <strong>J.G. Ballard <\/strong>kiinnostavat. Suomeen t\u00e4m\u00e4 romaaniin Tornitalo perustuva satiiri tulee tiett\u00e4v\u00e4sti vain lokakuun Night Visions-festivaaleille.<\/p>\n\n\n<p><iframe loading=\"lazy\" width=\"630\" height=\"354\" src=\"https:\/\/www.youtube.com\/embed\/LKPghZ5cc_E?feature=oembed\" frameborder=\"0\" allowfullscreen><\/iframe><\/p>\n\n\n<p><em>Lue my\u00f6s haastattelu: <a href=\"https:\/\/suomenkuvalehti.fi\/jutut\/kulttuuri\/seuraavaksi-james-bondiksi-veikkailtu-tom-hiddleston-astuu-suuriin-saappaisiin\/\">Seuraavaksi James Bondiksi veikkailtu Tom Hiddleston astuu suuriin saappaisiin<\/a><\/em><\/p>\n\n\n","protected":false},"excerpt":{"rendered":"<p>Jututin kev\u00e4\u00e4ll\u00e4 Tom Hiddlestonia, joka n\u00e4yttelee p\u00e4\u00e4osaa sarjassa Y\u00f6vahti. Viime vuonna Hiddleston n\u00e4htiin useissa elokuvissa, joista itse pidin etenkin Guillermo del Toron kauniista Crimson Peakista. En ole ainoa, joka koki Crimson Peakin<br \/>\nj\u00e4\u00e4v\u00e4n &hellip;<\/p>\n","protected":false},"author":144,"featured_media":0,"comment_status":"open","ping_status":"closed","sticky":false,"template":"","format":"standard","meta":{"_acf_changed":false,"asauth_required_access_level":3,"asauth_cansharepaid":"true","om_header_attributes":[],"footnotes":"","om_featured_image_focal_point":[],"om_primary_tag":0,"om_contributors":[],"om_co_authors":[],"beyondwords_generate_audio":"","beyondwords_project_id":"","beyondwords_content_id":"","beyondwords_preview_token":"","beyondwords_player_content":"","beyondwords_player_style":"","beyondwords_language_code":"","beyondwords_language_id":"","beyondwords_title_voice_id":"","beyondwords_body_voice_id":"","beyondwords_summary_voice_id":"","beyondwords_error_message":"","beyondwords_disabled":"","beyondwords_delete_content":"","beyondwords_podcast_id":"","beyondwords_hash":"","publish_post_to_speechkit":"","speechkit_hash":"","speechkit_generate_audio":"","speechkit_project_id":"","speechkit_podcast_id":"","speechkit_error_message":"","speechkit_disabled":"","speechkit_access_key":"","speechkit_error":"","speechkit_info":"","speechkit_response":"","speechkit_retries":"","speechkit_status":"","speechkit_updated_at":"","_speechkit_link":"","_speechkit_text":""},"categories":[1],"tags":[2195,2330,2197],"class_list":["post-3560","post","type-post","status-publish","format-standard","hentry","category-kuvien-takaa","tag-crimson-peak","tag-nayttelijantyo","tag-tom-hiddleston"],"om_views":null,"acf":{"tuuma_off":false,"tuuma_kysymys":"","tuuma_vastaus":""},"asauth":{"required_access_level":1,"share_token":"","is_paid":false},"yoast_head":"<!-- This site is optimized with the Yoast SEO plugin v26.4 - https:\/\/yoast.com\/wordpress\/plugins\/seo\/ -->\n<title>N\u00e4yttelij\u00e4n ja yleis\u00f6n n\u00e4k\u00f6kulmat eroavat t\u00e4ysin. Tom Hiddleston kertoo, miksi - Kuvien takaa<\/title>\n<meta name=\"robots\" content=\"index, follow, max-snippet:-1, max-image-preview:large, max-video-preview:-1\" \/>\n<link rel=\"canonical\" href=\"https:\/\/suomenkuvalehti.fi\/kuvien-takaa\/nayttelijan-ja-yleison-nakokulmat-eroavat-taysin-tom-hiddleston-kertoo-miksi\/\" \/>\n<meta property=\"og:locale\" content=\"fi_FI\" \/>\n<meta property=\"og:type\" content=\"article\" \/>\n<meta property=\"og:title\" content=\"N\u00e4yttelij\u00e4n ja yleis\u00f6n n\u00e4k\u00f6kulmat eroavat t\u00e4ysin. Tom Hiddleston kertoo, miksi - Kuvien takaa\" \/>\n<meta property=\"og:description\" content=\"Jututin kev\u00e4\u00e4ll\u00e4 Tom Hiddlestonia, joka n\u00e4yttelee p\u00e4\u00e4osaa sarjassa Y\u00f6vahti. Viime vuonna Hiddleston n\u00e4htiin useissa elokuvissa, joista itse pidin etenkin Guillermo del Toron kauniista Crimson Peakista. En ole ainoa, joka koki Crimson Peakin j\u00e4\u00e4v\u00e4n &hellip;\" \/>\n<meta property=\"og:url\" content=\"https:\/\/suomenkuvalehti.fi\/kuvien-takaa\/nayttelijan-ja-yleison-nakokulmat-eroavat-taysin-tom-hiddleston-kertoo-miksi\/\" \/>\n<meta property=\"og:site_name\" content=\"Kuvien takaa\" \/>\n<meta property=\"article:author\" content=\"https:\/\/www.facebook.com\/pages\/Kalle-Kinnunen-Kuvien-takaa\/190326157715410?fref=ts\" \/>\n<meta property=\"article:published_time\" content=\"2016-07-06T08:05:34+00:00\" \/>\n<meta property=\"og:image\" content=\"https:\/\/suomenkuvalehti.fi\/kuvien-takaa\/wp-content\/uploads\/sites\/11\/2022\/04\/kalle_kinnunen_blogi-1-scaled.jpg\" \/>\n\t<meta property=\"og:image:width\" content=\"2560\" \/>\n\t<meta property=\"og:image:height\" content=\"1707\" \/>\n\t<meta property=\"og:image:type\" content=\"image\/jpeg\" \/>\n<meta name=\"author\" content=\"Kalle Kinnunen\" \/>\n<meta name=\"twitter:card\" content=\"summary_large_image\" \/>\n<meta name=\"twitter:creator\" content=\"@https:\/\/twitter.com\/kallekinnunen\" \/>\n<meta name=\"twitter:label1\" content=\"Written by\" \/>\n\t<meta name=\"twitter:data1\" content=\"Kalle Kinnunen\" \/>\n\t<meta name=\"twitter:label2\" content=\"Est. reading time\" \/>\n\t<meta name=\"twitter:data2\" content=\"2 minuuttia\" \/>\n<script type=\"application\/ld+json\" class=\"yoast-schema-graph\">{\"@context\":\"https:\/\/schema.org\",\"@graph\":[{\"@type\":\"WebPage\",\"@id\":\"https:\/\/suomenkuvalehti.fi\/kuvien-takaa\/nayttelijan-ja-yleison-nakokulmat-eroavat-taysin-tom-hiddleston-kertoo-miksi\/\",\"url\":\"https:\/\/suomenkuvalehti.fi\/kuvien-takaa\/nayttelijan-ja-yleison-nakokulmat-eroavat-taysin-tom-hiddleston-kertoo-miksi\/\",\"name\":\"N\u00e4yttelij\u00e4n ja yleis\u00f6n n\u00e4k\u00f6kulmat eroavat t\u00e4ysin. Tom Hiddleston kertoo, miksi - Kuvien takaa\",\"isPartOf\":{\"@id\":\"https:\/\/suomenkuvalehti.fi\/kuvien-takaa\/#website\"},\"datePublished\":\"2016-07-06T08:05:34+00:00\",\"author\":{\"@id\":\"https:\/\/suomenkuvalehti.fi\/kuvien-takaa\/#\/schema\/person\/f3f657e4ad409e008f12af27bec60a23\"},\"breadcrumb\":{\"@id\":\"https:\/\/suomenkuvalehti.fi\/kuvien-takaa\/nayttelijan-ja-yleison-nakokulmat-eroavat-taysin-tom-hiddleston-kertoo-miksi\/#breadcrumb\"},\"inLanguage\":\"fi\",\"potentialAction\":[{\"@type\":\"ReadAction\",\"target\":[\"https:\/\/suomenkuvalehti.fi\/kuvien-takaa\/nayttelijan-ja-yleison-nakokulmat-eroavat-taysin-tom-hiddleston-kertoo-miksi\/\"]}]},{\"@type\":\"BreadcrumbList\",\"@id\":\"https:\/\/suomenkuvalehti.fi\/kuvien-takaa\/nayttelijan-ja-yleison-nakokulmat-eroavat-taysin-tom-hiddleston-kertoo-miksi\/#breadcrumb\",\"itemListElement\":[{\"@type\":\"ListItem\",\"position\":1,\"name\":\"Home\",\"item\":\"https:\/\/suomenkuvalehti.fi\/kuvien-takaa\/\"},{\"@type\":\"ListItem\",\"position\":2,\"name\":\"N\u00e4yttelij\u00e4n ja yleis\u00f6n n\u00e4k\u00f6kulmat eroavat t\u00e4ysin. Tom Hiddleston kertoo, miksi\"}]},{\"@type\":\"WebSite\",\"@id\":\"https:\/\/suomenkuvalehti.fi\/kuvien-takaa\/#website\",\"url\":\"https:\/\/suomenkuvalehti.fi\/kuvien-takaa\/\",\"name\":\"Kuvien takaa\",\"description\":\"Elokuvakriitikko Kalle Kinnusen elokuvablogi.\",\"potentialAction\":[{\"@type\":\"SearchAction\",\"target\":{\"@type\":\"EntryPoint\",\"urlTemplate\":\"https:\/\/suomenkuvalehti.fi\/haku\/?q={search_term_string}\"},\"query-input\":{\"@type\":\"PropertyValueSpecification\",\"valueRequired\":true,\"valueName\":\"search_term_string\"}}],\"inLanguage\":\"fi\"},{\"@type\":\"Person\",\"@id\":\"https:\/\/suomenkuvalehti.fi\/kuvien-takaa\/#\/schema\/person\/f3f657e4ad409e008f12af27bec60a23\",\"name\":\"Kalle Kinnunen\",\"image\":{\"@type\":\"ImageObject\",\"inLanguage\":\"fi\",\"@id\":\"https:\/\/suomenkuvalehti.fi\/kuvien-takaa\/#\/schema\/person\/image\/\",\"url\":\"https:\/\/suomenkuvalehti.fi\/kuvien-takaa\/wp-content\/uploads\/sites\/11\/2022\/04\/kalle_kinnunen_blogi-1-150x150.jpg\",\"contentUrl\":\"https:\/\/suomenkuvalehti.fi\/kuvien-takaa\/wp-content\/uploads\/sites\/11\/2022\/04\/kalle_kinnunen_blogi-1-150x150.jpg\",\"caption\":\"Kalle Kinnunen\"},\"description\":\"Kalle Kinnunen on vapaa toimittaja ja Suomen Kuvalehden avustaja.\",\"sameAs\":[\"https:\/\/www.facebook.com\/pages\/Kalle-Kinnunen-Kuvien-takaa\/190326157715410?fref=ts\",\"https:\/\/x.com\/https:\/\/twitter.com\/kallekinnunen\"]}]}<\/script>\n<!-- \/ Yoast SEO plugin. -->","yoast_head_json":{"title":"N\u00e4yttelij\u00e4n ja yleis\u00f6n n\u00e4k\u00f6kulmat eroavat t\u00e4ysin. Tom Hiddleston kertoo, miksi - Kuvien takaa","robots":{"index":"index","follow":"follow","max-snippet":"max-snippet:-1","max-image-preview":"max-image-preview:large","max-video-preview":"max-video-preview:-1"},"canonical":"https:\/\/suomenkuvalehti.fi\/kuvien-takaa\/nayttelijan-ja-yleison-nakokulmat-eroavat-taysin-tom-hiddleston-kertoo-miksi\/","og_locale":"fi_FI","og_type":"article","og_title":"N\u00e4yttelij\u00e4n ja yleis\u00f6n n\u00e4k\u00f6kulmat eroavat t\u00e4ysin. Tom Hiddleston kertoo, miksi - Kuvien takaa","og_description":"Jututin kev\u00e4\u00e4ll\u00e4 Tom Hiddlestonia, joka n\u00e4yttelee p\u00e4\u00e4osaa sarjassa Y\u00f6vahti. Viime vuonna Hiddleston n\u00e4htiin useissa elokuvissa, joista itse pidin etenkin Guillermo del Toron kauniista Crimson Peakista. En ole ainoa, joka koki Crimson Peakin j\u00e4\u00e4v\u00e4n &hellip;","og_url":"https:\/\/suomenkuvalehti.fi\/kuvien-takaa\/nayttelijan-ja-yleison-nakokulmat-eroavat-taysin-tom-hiddleston-kertoo-miksi\/","og_site_name":"Kuvien takaa","article_author":"https:\/\/www.facebook.com\/pages\/Kalle-Kinnunen-Kuvien-takaa\/190326157715410?fref=ts","article_published_time":"2016-07-06T08:05:34+00:00","og_image":[{"width":2560,"height":1707,"url":"https:\/\/suomenkuvalehti.fi\/kuvien-takaa\/wp-content\/uploads\/sites\/11\/2022\/04\/kalle_kinnunen_blogi-1-scaled.jpg","type":"image\/jpeg"}],"author":"Kalle Kinnunen","twitter_card":"summary_large_image","twitter_creator":"@https:\/\/twitter.com\/kallekinnunen","twitter_misc":{"Written by":"Kalle Kinnunen","Est. reading time":"2 minuuttia"},"schema":{"@context":"https:\/\/schema.org","@graph":[{"@type":"WebPage","@id":"https:\/\/suomenkuvalehti.fi\/kuvien-takaa\/nayttelijan-ja-yleison-nakokulmat-eroavat-taysin-tom-hiddleston-kertoo-miksi\/","url":"https:\/\/suomenkuvalehti.fi\/kuvien-takaa\/nayttelijan-ja-yleison-nakokulmat-eroavat-taysin-tom-hiddleston-kertoo-miksi\/","name":"N\u00e4yttelij\u00e4n ja yleis\u00f6n n\u00e4k\u00f6kulmat eroavat t\u00e4ysin. Tom Hiddleston kertoo, miksi - Kuvien takaa","isPartOf":{"@id":"https:\/\/suomenkuvalehti.fi\/kuvien-takaa\/#website"},"datePublished":"2016-07-06T08:05:34+00:00","author":{"@id":"https:\/\/suomenkuvalehti.fi\/kuvien-takaa\/#\/schema\/person\/f3f657e4ad409e008f12af27bec60a23"},"breadcrumb":{"@id":"https:\/\/suomenkuvalehti.fi\/kuvien-takaa\/nayttelijan-ja-yleison-nakokulmat-eroavat-taysin-tom-hiddleston-kertoo-miksi\/#breadcrumb"},"inLanguage":"fi","potentialAction":[{"@type":"ReadAction","target":["https:\/\/suomenkuvalehti.fi\/kuvien-takaa\/nayttelijan-ja-yleison-nakokulmat-eroavat-taysin-tom-hiddleston-kertoo-miksi\/"]}]},{"@type":"BreadcrumbList","@id":"https:\/\/suomenkuvalehti.fi\/kuvien-takaa\/nayttelijan-ja-yleison-nakokulmat-eroavat-taysin-tom-hiddleston-kertoo-miksi\/#breadcrumb","itemListElement":[{"@type":"ListItem","position":1,"name":"Home","item":"https:\/\/suomenkuvalehti.fi\/kuvien-takaa\/"},{"@type":"ListItem","position":2,"name":"N\u00e4yttelij\u00e4n ja yleis\u00f6n n\u00e4k\u00f6kulmat eroavat t\u00e4ysin. Tom Hiddleston kertoo, miksi"}]},{"@type":"WebSite","@id":"https:\/\/suomenkuvalehti.fi\/kuvien-takaa\/#website","url":"https:\/\/suomenkuvalehti.fi\/kuvien-takaa\/","name":"Kuvien takaa","description":"Elokuvakriitikko Kalle Kinnusen elokuvablogi.","potentialAction":[{"@type":"SearchAction","target":{"@type":"EntryPoint","urlTemplate":"https:\/\/suomenkuvalehti.fi\/haku\/?q={search_term_string}"},"query-input":{"@type":"PropertyValueSpecification","valueRequired":true,"valueName":"search_term_string"}}],"inLanguage":"fi"},{"@type":"Person","@id":"https:\/\/suomenkuvalehti.fi\/kuvien-takaa\/#\/schema\/person\/f3f657e4ad409e008f12af27bec60a23","name":"Kalle Kinnunen","image":{"@type":"ImageObject","inLanguage":"fi","@id":"https:\/\/suomenkuvalehti.fi\/kuvien-takaa\/#\/schema\/person\/image\/","url":"https:\/\/suomenkuvalehti.fi\/kuvien-takaa\/wp-content\/uploads\/sites\/11\/2022\/04\/kalle_kinnunen_blogi-1-150x150.jpg","contentUrl":"https:\/\/suomenkuvalehti.fi\/kuvien-takaa\/wp-content\/uploads\/sites\/11\/2022\/04\/kalle_kinnunen_blogi-1-150x150.jpg","caption":"Kalle Kinnunen"},"description":"Kalle Kinnunen on vapaa toimittaja ja Suomen Kuvalehden avustaja.","sameAs":["https:\/\/www.facebook.com\/pages\/Kalle-Kinnunen-Kuvien-takaa\/190326157715410?fref=ts","https:\/\/x.com\/https:\/\/twitter.com\/kallekinnunen"]}]}},"_links":{"self":[{"href":"https:\/\/suomenkuvalehti.fi\/kuvien-takaa\/wp-json\/wp\/v2\/posts\/3560","targetHints":{"allow":["GET"]}}],"collection":[{"href":"https:\/\/suomenkuvalehti.fi\/kuvien-takaa\/wp-json\/wp\/v2\/posts"}],"about":[{"href":"https:\/\/suomenkuvalehti.fi\/kuvien-takaa\/wp-json\/wp\/v2\/types\/post"}],"author":[{"embeddable":true,"href":"https:\/\/suomenkuvalehti.fi\/kuvien-takaa\/wp-json\/wp\/v2\/users\/144"}],"replies":[{"embeddable":true,"href":"https:\/\/suomenkuvalehti.fi\/kuvien-takaa\/wp-json\/wp\/v2\/comments?post=3560"}],"version-history":[{"count":1,"href":"https:\/\/suomenkuvalehti.fi\/kuvien-takaa\/wp-json\/wp\/v2\/posts\/3560\/revisions"}],"predecessor-version":[{"id":3561,"href":"https:\/\/suomenkuvalehti.fi\/kuvien-takaa\/wp-json\/wp\/v2\/posts\/3560\/revisions\/3561"}],"wp:attachment":[{"href":"https:\/\/suomenkuvalehti.fi\/kuvien-takaa\/wp-json\/wp\/v2\/media?parent=3560"}],"wp:term":[{"taxonomy":"category","embeddable":true,"href":"https:\/\/suomenkuvalehti.fi\/kuvien-takaa\/wp-json\/wp\/v2\/categories?post=3560"},{"taxonomy":"post_tag","embeddable":true,"href":"https:\/\/suomenkuvalehti.fi\/kuvien-takaa\/wp-json\/wp\/v2\/tags?post=3560"}],"curies":[{"name":"wp","href":"https:\/\/api.w.org\/{rel}","templated":true}]}}