{"id":354,"date":"2012-11-23T07:01:00","date_gmt":"2012-11-23T05:01:00","guid":{"rendered":"https:\/\/suomenkuvalehti.fi\/kuvientakaa\/2012\/11\/23\/call-girl-vuoden-paras-yhteiskunnallinen-jannityselokuva-tulee-ruotsista\/"},"modified":"2013-11-30T16:24:22","modified_gmt":"2013-11-30T14:24:22","slug":"call-girl-vuoden-paras-yhteiskunnallinen-jannityselokuva-tulee-ruotsista","status":"publish","type":"post","link":"https:\/\/suomenkuvalehti.fi\/kuvien-takaa\/call-girl-vuoden-paras-yhteiskunnallinen-jannityselokuva-tulee-ruotsista\/","title":{"rendered":"Call Girl: vuoden paras yhteiskunnallinen j\u00e4nnityselokuva tulee Ruotsista"},"content":{"rendered":"\n<p>&#8221;Jos t\u00e4m\u00e4 tulee julki, ei vaaleja kannata edes pit\u00e4\u00e4&#8221;, toteaa poliisi toiselle. Ilotytt\u00f6rinki on paljastumassa virkavallalle. Koska monet asiakkaat ovat p\u00e4\u00e4tt\u00e4ji\u00e4, asiaa ryhdyt\u00e4\u00e4n peittelem\u00e4\u00e4n.<\/p>\n\n\n\n\n<p><strong>Mikael Marcimainin<\/strong> elokuva <em>Call Girl<\/em> ammentaa tositapahtumista. Vuoden 1976 bordelliskandaali kuohutti Ruotsia ja sosiaalidemokraattista puoluetta.<\/p>\n\n\n\n<p>Totuutta tapahtumista ei viel\u00e4k\u00e4\u00e4n tiedet\u00e4. Marcimainin elokuvassa aukot on t\u00e4ytetty kuvitelmilla, eik\u00e4 henkil\u00f6ill\u00e4 ole vastineita tosimaailmassa. Call Girl on fiktio, mutta \u00e4\u00e4rimm\u00e4isen uskottava siin\u00e4, miten valta-asetelmiakuvataan. Bordellimamma Dagmar Glansin (<strong>Pernilla August<\/strong>) tuomitsevat l\u00e4hes kirjaimellisesti h\u00e4nen omat asiakkaansa.<\/p>\n\n\n\n<p>Marcimainille t\u00e4rkeimm\u00e4t henkil\u00f6hahmot ovat kuitenkin kaksi koulukotiin joutunutta tytt\u00f6\u00e4, jotka Glans houkuttelee tiimiins\u00e4. Miksi ei: on rahaa, sampanjaa ja kuvitelma omasta vallastakin. Tyt\u00f6t ovat jo yhteiskunnan pohjalla, paikassa jollaista ei pit\u00e4nyt kansankodissa ollakaan. Ainakin heist\u00e4 tuntuu silt\u00e4. Prostituutio on tie yl\u00f6sp\u00e4in, hetkeksi.<\/p>\n\n\n\n<p>\u00c4lykk\u00e4\u00e4seen ja tiukan analyyttiseen, mutta aina viihdytt\u00e4v\u00e4\u00e4n televisiosarjaan <em>The Wire<\/em> (Langalla) vertaaminen ei ole kaukaa haettua, vaikka elokuvan ilmeest\u00e4 ja ajankuvasta tulee mieleen <a href=\"https:\/\/suomenkuvalehti.fi\/kuvientakaa\/2012\/02\/24\/pappi-lukkari-talonpoika-vakooja-suurenmoinen-elokuva\/\"><em>Pappi, lukkari, talonpoika, vakooja<\/em><\/a> &#8211; eik\u00e4 laadussakaan j\u00e4\u00e4d\u00e4 kauheasti j\u00e4lkeen.<\/p>\n\n\n\n<p>Elokuvateattereissa py\u00f6riv\u00e4\u00e4 <strong>Olof Palme<\/strong>-dokumentti <em>Palmeakaan<\/em> ei voi unohtaa. Se on tietenkin dokkari ja melko ihailevakin, t\u00e4m\u00e4 draamaa, joten niit\u00e4 ei voi sin\u00e4ns\u00e4 verrata. Mutta koska suht <a href=\"http:\/\/sylvi.fi\/2012\/11\/call-girl\/\">\u00e4lytt\u00f6mi\u00e4 vertauksia<\/a> on tehty, todetaan nyt ett\u00e4 Call Girl on laimeasti luennoivaa Palmea ratkaisevasti parempi ja ajatuksiltaan t\u00e4rke\u00e4mpi teos.<\/p>\n\n\n\n<p>Mikael Marcimain k\u00e4vi viime viikolla ja haastattelin h\u00e4nt\u00e4. Pitk\u00e4ksi venynyt haastattelu t\u00e4\u00e4ll\u00e4: <a href=\"https:\/\/suomenkuvalehti.fi\/jutut\/kulttuuri\/puhelintyttojen-tarina-call-girl-elokuvassa-paaministerikin-kay-huorissa\"><em>Puhelintytt\u00f6jen tarina: Call Girl -elokuvassa p\u00e4\u00e4ministerikin k\u00e4y huorissa<\/em><\/a>.<\/p>\n\n\n\n<p><em>Seuraa kirjoittajaa Twitteriss\u00e4: <a href=\"https:\/\/twitter.com\/kallekinnunen\">@kallekinnunen<\/a><\/em><\/p>\n\n\n","protected":false},"excerpt":{"rendered":"<p>&#8221;Jos t\u00e4m\u00e4 tulee julki, ei vaaleja kannata edes pit\u00e4\u00e4&#8221;, toteaa poliisi toiselle. Ilotytt\u00f6rinki on paljastumassa virkavallalle. Koska monet asiakkaat ovat p\u00e4\u00e4tt\u00e4ji\u00e4, asiaa ryhdyt\u00e4\u00e4n peittelem\u00e4\u00e4n. Mikael Marcimainin elokuva Call Girl<br \/>\nammentaa tos&hellip;<\/p>\n","protected":false},"author":144,"featured_media":0,"comment_status":"open","ping_status":"open","sticky":false,"template":"","format":"standard","meta":{"_acf_changed":false,"asauth_required_access_level":0,"asauth_cansharepaid":"","om_header_attributes":[],"footnotes":"","om_featured_image_focal_point":[],"om_primary_tag":0,"om_contributors":[],"om_co_authors":[],"beyondwords_generate_audio":"","beyondwords_project_id":"","beyondwords_content_id":"","beyondwords_preview_token":"","beyondwords_player_content":"","beyondwords_player_style":"","beyondwords_language_code":"","beyondwords_language_id":"","beyondwords_title_voice_id":"","beyondwords_body_voice_id":"","beyondwords_summary_voice_id":"","beyondwords_error_message":"","beyondwords_disabled":"","beyondwords_delete_content":"","beyondwords_podcast_id":"","beyondwords_hash":"","publish_post_to_speechkit":"","speechkit_hash":"","speechkit_generate_audio":"","speechkit_project_id":"","speechkit_podcast_id":"","speechkit_error_message":"","speechkit_disabled":"","speechkit_access_key":"","speechkit_error":"","speechkit_info":"","speechkit_response":"","speechkit_retries":"","speechkit_status":"","speechkit_updated_at":"","_speechkit_link":"","_speechkit_text":""},"categories":[1],"tags":[446,447,448,71],"class_list":["post-354","post","type-post","status-publish","format-standard","hentry","category-kuvien-takaa","tag-call-girl","tag-mikael-marcimain","tag-pappi-lukkari-talonpoika-vakooja","tag-ruotsalainen-elokuva"],"om_views":null,"acf":{"tuuma_off":false,"tuuma_kysymys":"","tuuma_vastaus":""},"asauth":{"required_access_level":1,"share_token":"","is_paid":false},"yoast_head":"<!-- This site is optimized with the Yoast SEO plugin v26.4 - https:\/\/yoast.com\/wordpress\/plugins\/seo\/ -->\n<title>Call Girl: vuoden paras yhteiskunnallinen j\u00e4nnityselokuva tulee Ruotsista - Kuvien takaa<\/title>\n<meta name=\"robots\" content=\"index, follow, max-snippet:-1, max-image-preview:large, max-video-preview:-1\" \/>\n<link rel=\"canonical\" href=\"https:\/\/suomenkuvalehti.fi\/kuvien-takaa\/call-girl-vuoden-paras-yhteiskunnallinen-jannityselokuva-tulee-ruotsista\/\" \/>\n<meta property=\"og:locale\" content=\"fi_FI\" \/>\n<meta property=\"og:type\" content=\"article\" \/>\n<meta property=\"og:title\" content=\"Call Girl: vuoden paras yhteiskunnallinen j\u00e4nnityselokuva tulee Ruotsista - Kuvien takaa\" \/>\n<meta property=\"og:description\" content=\"&#8221;Jos t\u00e4m\u00e4 tulee julki, ei vaaleja kannata edes pit\u00e4\u00e4&#8221;, toteaa poliisi toiselle. Ilotytt\u00f6rinki on paljastumassa virkavallalle. Koska monet asiakkaat ovat p\u00e4\u00e4tt\u00e4ji\u00e4, asiaa ryhdyt\u00e4\u00e4n peittelem\u00e4\u00e4n. Mikael Marcimainin elokuva Call Girl ammentaa tos&hellip;\" \/>\n<meta property=\"og:url\" content=\"https:\/\/suomenkuvalehti.fi\/kuvien-takaa\/call-girl-vuoden-paras-yhteiskunnallinen-jannityselokuva-tulee-ruotsista\/\" \/>\n<meta property=\"og:site_name\" content=\"Kuvien takaa\" \/>\n<meta property=\"article:author\" content=\"https:\/\/www.facebook.com\/pages\/Kalle-Kinnunen-Kuvien-takaa\/190326157715410?fref=ts\" \/>\n<meta property=\"article:published_time\" content=\"2012-11-23T05:01:00+00:00\" \/>\n<meta property=\"article:modified_time\" content=\"2013-11-30T14:24:22+00:00\" \/>\n<meta property=\"og:image\" content=\"https:\/\/suomenkuvalehti.fi\/kuvien-takaa\/wp-content\/uploads\/sites\/11\/2022\/04\/kalle_kinnunen_blogi-1-scaled.jpg\" \/>\n\t<meta property=\"og:image:width\" content=\"2560\" \/>\n\t<meta property=\"og:image:height\" content=\"1707\" \/>\n\t<meta property=\"og:image:type\" content=\"image\/jpeg\" \/>\n<meta name=\"author\" content=\"Kalle Kinnunen\" \/>\n<meta name=\"twitter:card\" content=\"summary_large_image\" \/>\n<meta name=\"twitter:creator\" content=\"@https:\/\/twitter.com\/kallekinnunen\" \/>\n<meta name=\"twitter:label1\" content=\"Written by\" \/>\n\t<meta name=\"twitter:data1\" content=\"Kalle Kinnunen\" \/>\n\t<meta name=\"twitter:label2\" content=\"Est. reading time\" \/>\n\t<meta name=\"twitter:data2\" content=\"1 minuutti\" \/>\n<script type=\"application\/ld+json\" class=\"yoast-schema-graph\">{\"@context\":\"https:\/\/schema.org\",\"@graph\":[{\"@type\":\"WebPage\",\"@id\":\"https:\/\/suomenkuvalehti.fi\/kuvien-takaa\/call-girl-vuoden-paras-yhteiskunnallinen-jannityselokuva-tulee-ruotsista\/\",\"url\":\"https:\/\/suomenkuvalehti.fi\/kuvien-takaa\/call-girl-vuoden-paras-yhteiskunnallinen-jannityselokuva-tulee-ruotsista\/\",\"name\":\"Call Girl: vuoden paras yhteiskunnallinen j\u00e4nnityselokuva tulee Ruotsista - Kuvien takaa\",\"isPartOf\":{\"@id\":\"https:\/\/suomenkuvalehti.fi\/kuvien-takaa\/#website\"},\"datePublished\":\"2012-11-23T05:01:00+00:00\",\"dateModified\":\"2013-11-30T14:24:22+00:00\",\"author\":{\"@id\":\"https:\/\/suomenkuvalehti.fi\/kuvien-takaa\/#\/schema\/person\/f3f657e4ad409e008f12af27bec60a23\"},\"breadcrumb\":{\"@id\":\"https:\/\/suomenkuvalehti.fi\/kuvien-takaa\/call-girl-vuoden-paras-yhteiskunnallinen-jannityselokuva-tulee-ruotsista\/#breadcrumb\"},\"inLanguage\":\"fi\",\"potentialAction\":[{\"@type\":\"ReadAction\",\"target\":[\"https:\/\/suomenkuvalehti.fi\/kuvien-takaa\/call-girl-vuoden-paras-yhteiskunnallinen-jannityselokuva-tulee-ruotsista\/\"]}]},{\"@type\":\"BreadcrumbList\",\"@id\":\"https:\/\/suomenkuvalehti.fi\/kuvien-takaa\/call-girl-vuoden-paras-yhteiskunnallinen-jannityselokuva-tulee-ruotsista\/#breadcrumb\",\"itemListElement\":[{\"@type\":\"ListItem\",\"position\":1,\"name\":\"Home\",\"item\":\"https:\/\/suomenkuvalehti.fi\/kuvien-takaa\/\"},{\"@type\":\"ListItem\",\"position\":2,\"name\":\"Call Girl: vuoden paras yhteiskunnallinen j\u00e4nnityselokuva tulee Ruotsista\"}]},{\"@type\":\"WebSite\",\"@id\":\"https:\/\/suomenkuvalehti.fi\/kuvien-takaa\/#website\",\"url\":\"https:\/\/suomenkuvalehti.fi\/kuvien-takaa\/\",\"name\":\"Kuvien takaa\",\"description\":\"Elokuvakriitikko Kalle Kinnusen elokuvablogi.\",\"potentialAction\":[{\"@type\":\"SearchAction\",\"target\":{\"@type\":\"EntryPoint\",\"urlTemplate\":\"https:\/\/suomenkuvalehti.fi\/haku\/?q={search_term_string}\"},\"query-input\":{\"@type\":\"PropertyValueSpecification\",\"valueRequired\":true,\"valueName\":\"search_term_string\"}}],\"inLanguage\":\"fi\"},{\"@type\":\"Person\",\"@id\":\"https:\/\/suomenkuvalehti.fi\/kuvien-takaa\/#\/schema\/person\/f3f657e4ad409e008f12af27bec60a23\",\"name\":\"Kalle Kinnunen\",\"image\":{\"@type\":\"ImageObject\",\"inLanguage\":\"fi\",\"@id\":\"https:\/\/suomenkuvalehti.fi\/kuvien-takaa\/#\/schema\/person\/image\/\",\"url\":\"https:\/\/suomenkuvalehti.fi\/kuvien-takaa\/wp-content\/uploads\/sites\/11\/2022\/04\/kalle_kinnunen_blogi-1-150x150.jpg\",\"contentUrl\":\"https:\/\/suomenkuvalehti.fi\/kuvien-takaa\/wp-content\/uploads\/sites\/11\/2022\/04\/kalle_kinnunen_blogi-1-150x150.jpg\",\"caption\":\"Kalle Kinnunen\"},\"description\":\"Kalle Kinnunen on vapaa toimittaja ja Suomen Kuvalehden avustaja.\",\"sameAs\":[\"https:\/\/www.facebook.com\/pages\/Kalle-Kinnunen-Kuvien-takaa\/190326157715410?fref=ts\",\"https:\/\/x.com\/https:\/\/twitter.com\/kallekinnunen\"]}]}<\/script>\n<!-- \/ Yoast SEO plugin. -->","yoast_head_json":{"title":"Call Girl: vuoden paras yhteiskunnallinen j\u00e4nnityselokuva tulee Ruotsista - Kuvien takaa","robots":{"index":"index","follow":"follow","max-snippet":"max-snippet:-1","max-image-preview":"max-image-preview:large","max-video-preview":"max-video-preview:-1"},"canonical":"https:\/\/suomenkuvalehti.fi\/kuvien-takaa\/call-girl-vuoden-paras-yhteiskunnallinen-jannityselokuva-tulee-ruotsista\/","og_locale":"fi_FI","og_type":"article","og_title":"Call Girl: vuoden paras yhteiskunnallinen j\u00e4nnityselokuva tulee Ruotsista - Kuvien takaa","og_description":"&#8221;Jos t\u00e4m\u00e4 tulee julki, ei vaaleja kannata edes pit\u00e4\u00e4&#8221;, toteaa poliisi toiselle. Ilotytt\u00f6rinki on paljastumassa virkavallalle. Koska monet asiakkaat ovat p\u00e4\u00e4tt\u00e4ji\u00e4, asiaa ryhdyt\u00e4\u00e4n peittelem\u00e4\u00e4n. Mikael Marcimainin elokuva Call Girl ammentaa tos&hellip;","og_url":"https:\/\/suomenkuvalehti.fi\/kuvien-takaa\/call-girl-vuoden-paras-yhteiskunnallinen-jannityselokuva-tulee-ruotsista\/","og_site_name":"Kuvien takaa","article_author":"https:\/\/www.facebook.com\/pages\/Kalle-Kinnunen-Kuvien-takaa\/190326157715410?fref=ts","article_published_time":"2012-11-23T05:01:00+00:00","article_modified_time":"2013-11-30T14:24:22+00:00","og_image":[{"width":2560,"height":1707,"url":"https:\/\/suomenkuvalehti.fi\/kuvien-takaa\/wp-content\/uploads\/sites\/11\/2022\/04\/kalle_kinnunen_blogi-1-scaled.jpg","type":"image\/jpeg"}],"author":"Kalle Kinnunen","twitter_card":"summary_large_image","twitter_creator":"@https:\/\/twitter.com\/kallekinnunen","twitter_misc":{"Written by":"Kalle Kinnunen","Est. reading time":"1 minuutti"},"schema":{"@context":"https:\/\/schema.org","@graph":[{"@type":"WebPage","@id":"https:\/\/suomenkuvalehti.fi\/kuvien-takaa\/call-girl-vuoden-paras-yhteiskunnallinen-jannityselokuva-tulee-ruotsista\/","url":"https:\/\/suomenkuvalehti.fi\/kuvien-takaa\/call-girl-vuoden-paras-yhteiskunnallinen-jannityselokuva-tulee-ruotsista\/","name":"Call Girl: vuoden paras yhteiskunnallinen j\u00e4nnityselokuva tulee Ruotsista - Kuvien takaa","isPartOf":{"@id":"https:\/\/suomenkuvalehti.fi\/kuvien-takaa\/#website"},"datePublished":"2012-11-23T05:01:00+00:00","dateModified":"2013-11-30T14:24:22+00:00","author":{"@id":"https:\/\/suomenkuvalehti.fi\/kuvien-takaa\/#\/schema\/person\/f3f657e4ad409e008f12af27bec60a23"},"breadcrumb":{"@id":"https:\/\/suomenkuvalehti.fi\/kuvien-takaa\/call-girl-vuoden-paras-yhteiskunnallinen-jannityselokuva-tulee-ruotsista\/#breadcrumb"},"inLanguage":"fi","potentialAction":[{"@type":"ReadAction","target":["https:\/\/suomenkuvalehti.fi\/kuvien-takaa\/call-girl-vuoden-paras-yhteiskunnallinen-jannityselokuva-tulee-ruotsista\/"]}]},{"@type":"BreadcrumbList","@id":"https:\/\/suomenkuvalehti.fi\/kuvien-takaa\/call-girl-vuoden-paras-yhteiskunnallinen-jannityselokuva-tulee-ruotsista\/#breadcrumb","itemListElement":[{"@type":"ListItem","position":1,"name":"Home","item":"https:\/\/suomenkuvalehti.fi\/kuvien-takaa\/"},{"@type":"ListItem","position":2,"name":"Call Girl: vuoden paras yhteiskunnallinen j\u00e4nnityselokuva tulee Ruotsista"}]},{"@type":"WebSite","@id":"https:\/\/suomenkuvalehti.fi\/kuvien-takaa\/#website","url":"https:\/\/suomenkuvalehti.fi\/kuvien-takaa\/","name":"Kuvien takaa","description":"Elokuvakriitikko Kalle Kinnusen elokuvablogi.","potentialAction":[{"@type":"SearchAction","target":{"@type":"EntryPoint","urlTemplate":"https:\/\/suomenkuvalehti.fi\/haku\/?q={search_term_string}"},"query-input":{"@type":"PropertyValueSpecification","valueRequired":true,"valueName":"search_term_string"}}],"inLanguage":"fi"},{"@type":"Person","@id":"https:\/\/suomenkuvalehti.fi\/kuvien-takaa\/#\/schema\/person\/f3f657e4ad409e008f12af27bec60a23","name":"Kalle Kinnunen","image":{"@type":"ImageObject","inLanguage":"fi","@id":"https:\/\/suomenkuvalehti.fi\/kuvien-takaa\/#\/schema\/person\/image\/","url":"https:\/\/suomenkuvalehti.fi\/kuvien-takaa\/wp-content\/uploads\/sites\/11\/2022\/04\/kalle_kinnunen_blogi-1-150x150.jpg","contentUrl":"https:\/\/suomenkuvalehti.fi\/kuvien-takaa\/wp-content\/uploads\/sites\/11\/2022\/04\/kalle_kinnunen_blogi-1-150x150.jpg","caption":"Kalle Kinnunen"},"description":"Kalle Kinnunen on vapaa toimittaja ja Suomen Kuvalehden avustaja.","sameAs":["https:\/\/www.facebook.com\/pages\/Kalle-Kinnunen-Kuvien-takaa\/190326157715410?fref=ts","https:\/\/x.com\/https:\/\/twitter.com\/kallekinnunen"]}]}},"_links":{"self":[{"href":"https:\/\/suomenkuvalehti.fi\/kuvien-takaa\/wp-json\/wp\/v2\/posts\/354","targetHints":{"allow":["GET"]}}],"collection":[{"href":"https:\/\/suomenkuvalehti.fi\/kuvien-takaa\/wp-json\/wp\/v2\/posts"}],"about":[{"href":"https:\/\/suomenkuvalehti.fi\/kuvien-takaa\/wp-json\/wp\/v2\/types\/post"}],"author":[{"embeddable":true,"href":"https:\/\/suomenkuvalehti.fi\/kuvien-takaa\/wp-json\/wp\/v2\/users\/144"}],"replies":[{"embeddable":true,"href":"https:\/\/suomenkuvalehti.fi\/kuvien-takaa\/wp-json\/wp\/v2\/comments?post=354"}],"version-history":[{"count":1,"href":"https:\/\/suomenkuvalehti.fi\/kuvien-takaa\/wp-json\/wp\/v2\/posts\/354\/revisions"}],"predecessor-version":[{"id":1222,"href":"https:\/\/suomenkuvalehti.fi\/kuvien-takaa\/wp-json\/wp\/v2\/posts\/354\/revisions\/1222"}],"wp:attachment":[{"href":"https:\/\/suomenkuvalehti.fi\/kuvien-takaa\/wp-json\/wp\/v2\/media?parent=354"}],"wp:term":[{"taxonomy":"category","embeddable":true,"href":"https:\/\/suomenkuvalehti.fi\/kuvien-takaa\/wp-json\/wp\/v2\/categories?post=354"},{"taxonomy":"post_tag","embeddable":true,"href":"https:\/\/suomenkuvalehti.fi\/kuvien-takaa\/wp-json\/wp\/v2\/tags?post=354"}],"curies":[{"name":"wp","href":"https:\/\/api.w.org\/{rel}","templated":true}]}}