{"id":351,"date":"2012-12-05T09:13:18","date_gmt":"2012-12-05T07:13:18","guid":{"rendered":"https:\/\/suomenkuvalehti.fi\/kuvientakaa\/2012\/12\/05\/tuntematon-sotilas-ja-kiista-esitysajasta-poljaa-mutta-vaistamatonta\/"},"modified":"2013-11-30T16:24:22","modified_gmt":"2013-11-30T14:24:22","slug":"tuntematon-sotilas-ja-kiista-esitysajasta-poljaa-mutta-vaistamatonta","status":"publish","type":"post","link":"https:\/\/suomenkuvalehti.fi\/kuvien-takaa\/tuntematon-sotilas-ja-kiista-esitysajasta-poljaa-mutta-vaistamatonta\/","title":{"rendered":"Tuntematon sotilas ja kiista esitysajasta: p\u00f6lj\u00e4\u00e4, mutta v\u00e4ist\u00e4m\u00e4t\u00f6nt\u00e4"},"content":{"rendered":"\n<p>Kerrankin koko Suomi on seurannut elokuva-aiheista uutisointia. Minustakin on h\u00f6lm\u00f6 juttu, ett\u00e4 <em>Tuntemattoman sotilaan<\/em> esitysajasta pit\u00e4\u00e4 kiistell\u00e4. Holhoamiselta ja byrokratialtahan se haisee. Toisaalta lain pit\u00e4isi olla sama kaikille. Kyse ei ole vain ik\u00e4rajaelin MEKUn arvovallasta.<\/p>\n\n\n\n\n<p>Aamulla uutisoitiin, ett\u00e4 Yle taipui ja <a href=\"http:\/\/www.hs.fi\/kulttuuri\/Yle+taipui+kiistassa++Tuntemattoman+esitys+my%C3%B6h%C3%A4istet%C3%A4%C3%A4n\/a1305625529181\">Tuntematon esitet\u00e4\u00e4n<\/a> vasta kello viiden j\u00e4lkeen iltap\u00e4iv\u00e4ll\u00e4, kuten laki m\u00e4\u00e4r\u00e4\u00e4. Tai <a href=\"http:\/\/www.uusisuomi.fi\/kotimaa\/55619-yle-noyrtyi-tuntematon-sotilas-vasta-kello-17\">n\u00f6yrtyi<\/a>, kuten Uusi Suomi kuvaili.<\/p>\n\n\n\n<p>Viel\u00e4 p\u00e4iv\u00e4n paperi-Hesarissa ohjelmap\u00e4\u00e4llikk\u00f6 <strong>Airi Vilhunen<\/strong> antoi vaikutelman, ett\u00e4 elokuva tulisi aiemmin iltap\u00e4iv\u00e4ll\u00e4, kuten viime vuosinakin.<\/p>\n\n\n\n<p>Kuulostaa saivartelulta, mutta er\u00e4\u00e4n elokuva-alan levityspuolen ammattilaisen Facebook-kommentti (eilisillalta, siis siit\u00e4 vaiheesta kun Yle viel\u00e4 uhosi) kertoo paljon: <em>&#8221;tallennelevitt\u00e4j\u00e4t maksavat lain noudattamisesta niin paljon, ett\u00e4 tallenteiden levitt\u00e4minen vaikeutuu, MEKU:n valvontamaksu v\u00e4hent\u00e4\u00e4 elokuvien vuokra- ja myyntipisteit\u00e4, mutta tv-kanavat vaan pyyhkiv\u00e4t kuvaohjelmalailla h\u00e4pe\u00e4m\u00e4tt\u00e4 persett\u00e4\u00e4n&#8221;<\/em>.<\/p>\n\n\n\n<p>Laki siis vaatii, ett\u00e4 elokuvien (ja tv-sarjojen) ik\u00e4rajat luokitellaan ammattimaisesti ja niiden ilmoittamisesta viranomaisille on maksu. Samoin MEKU ker\u00e4\u00e4 maksua siit\u00e4, ett\u00e4 valvoo, etteiv\u00e4t lapset saa k\u00e4siins\u00e4 esimerkiksi K-18-ik\u00e4rajaisia dvd-levyj\u00e4 tai pelej\u00e4.<\/p>\n\n\n\n<p>Televisiokanavienkin pit\u00e4isi noudattaa n\u00e4it\u00e4 p\u00e4\u00e4tettyj\u00e4 ik\u00e4rajoja. Ne ovat sopineet kesken\u00e4\u00e4n siit\u00e4, milloin mink\u00e4kin ik\u00e4rajan saaneita ohjelmia on sopivaa esitt\u00e4\u00e4.<\/p>\n\n\n\n<p>Jos kanavat alkavat sooloilla, kyll\u00e4 niill\u00e4 rahaa uhkasakkojen maksamiseen on. Mutta temppuilu olisi lain pilkkaamista ja tekisi eri v\u00e4lineist\u00e4, siis isoista televisiokanavista, eri kokoisista dvd- ja elokuvateatterilevitt\u00e4jist\u00e4 sek\u00e4 pelien levitt\u00e4jist\u00e4 t\u00e4ysin eriarvoisia. Sit\u00e4 paitsi suuren televisiokanavan kertaesityksen j\u00e4lkeen voidaan sanoa vain <em>\u00e4h\u00e4kutti<\/em> ja <em>soo soo<\/em>.<\/p>\n\n\n\n<p>Asiaan liittyy my\u00f6s puolipyh\u00e4 myytti siit\u00e4, ett\u00e4 Tuntematon tulisi Ylelt\u00e4 jokaisena itsen\u00e4isyysp\u00e4iv\u00e4n\u00e4 ja perinne olisi vuosikymmeni\u00e4 vanha.<\/p>\n\n\n\n<p>&#8221;Tuntematon sotilas on esitetty Ylell\u00e4 jo kymmeni\u00e4 vuosia&#8221;, Vilhunenkin sanoi.<\/p>\n\n\n\n<p>N\u00e4in ei ole.<\/p>\n\n\n\n<p>Asia selvi\u00e4\u00e4 k\u00e4tev\u00e4sti <a href=\"http:\/\/www.elonet.fi\/title\/ek2flk\/esitys\">Elonetin arkistosta<\/a>. <strong>Edvin Laineen<\/strong> Tuntematon sotilas on esitetty vuosittain vasta itsen\u00e4isyysp\u00e4iv\u00e4st\u00e4 2000 l\u00e4htien. Edellisen 20 vuoden aikana se n\u00e4htiin televisiossa vain nelj\u00e4 kertaa.<\/p>\n\n\n\n<p>Asiasta oli hyv\u00e4 keskustelu blogissani kuukausi sitten, kun pohdittiin <a href=\"https:\/\/suomenkuvalehti.fi\/kuvientakaa\/2012\/11\/12\/kaikkien-aikojen-paras-suomalainen-elokuva-komisario-palmun-erehdys\/\">parasta suomalaista elokuvaa<\/a>. Nimimerkki Tero t\u00e4smensi, ett\u00e4 v\u00e4ite Tuntemattoman esitt\u00e4misest\u00e4 televisiossa &#8221;aina itsen\u00e4isyysp\u00e4iv\u00e4n\u00e4&#8221; on harha.<\/p>\n\n\n\n<p>Mutta: pit\u00e4isik\u00f6 Laineen Tuntematon sotilas nostaa lain yl\u00e4puolelle? Onko se enemm\u00e4n kuin elokuva?<\/p>\n\n\n","protected":false},"excerpt":{"rendered":"<p>Kerrankin koko Suomi on seurannut elokuva-aiheista uutisointia. Minustakin on h\u00f6lm\u00f6 juttu, ett\u00e4 Tuntemattoman sotilaan esitysajasta pit\u00e4\u00e4 kiistell\u00e4. Holhoamiselta ja byrokratialtahan se haisee. Toisaalta lain pit\u00e4isi olla sama kaikille. Kyse ei ole vain<br \/>\nik\u00e4raj&hellip;<\/p>\n","protected":false},"author":144,"featured_media":0,"comment_status":"open","ping_status":"open","sticky":false,"template":"","format":"standard","meta":{"_acf_changed":false,"asauth_required_access_level":0,"asauth_cansharepaid":"","om_header_attributes":[],"footnotes":"","om_featured_image_focal_point":[],"om_primary_tag":0,"om_contributors":[],"om_co_authors":[],"beyondwords_generate_audio":"","beyondwords_project_id":"","beyondwords_content_id":"","beyondwords_preview_token":"","beyondwords_player_content":"","beyondwords_player_style":"","beyondwords_language_code":"","beyondwords_language_id":"","beyondwords_title_voice_id":"","beyondwords_body_voice_id":"","beyondwords_summary_voice_id":"","beyondwords_error_message":"","beyondwords_disabled":"","beyondwords_delete_content":"","beyondwords_podcast_id":"","beyondwords_hash":"","publish_post_to_speechkit":"","speechkit_hash":"","speechkit_generate_audio":"","speechkit_project_id":"","speechkit_podcast_id":"","speechkit_error_message":"","speechkit_disabled":"","speechkit_access_key":"","speechkit_error":"","speechkit_info":"","speechkit_response":"","speechkit_retries":"","speechkit_status":"","speechkit_updated_at":"","_speechkit_link":"","_speechkit_text":""},"categories":[1],"tags":[14,152,440,439,249],"class_list":["post-351","post","type-post","status-publish","format-standard","hentry","category-kuvien-takaa","tag-ikarajat","tag-televisiokanavat","tag-televisiokasvatus","tag-tuntematon-sotilas","tag-yle"],"om_views":null,"acf":{"tuuma_off":false,"tuuma_kysymys":"","tuuma_vastaus":""},"asauth":{"required_access_level":1,"share_token":"","is_paid":false},"yoast_head":"<!-- This site is optimized with the Yoast SEO plugin v26.4 - https:\/\/yoast.com\/wordpress\/plugins\/seo\/ -->\n<title>Tuntematon sotilas ja kiista esitysajasta: p\u00f6lj\u00e4\u00e4, mutta v\u00e4ist\u00e4m\u00e4t\u00f6nt\u00e4 - Kuvien takaa<\/title>\n<meta name=\"robots\" content=\"index, follow, max-snippet:-1, max-image-preview:large, max-video-preview:-1\" \/>\n<link rel=\"canonical\" href=\"https:\/\/suomenkuvalehti.fi\/kuvien-takaa\/tuntematon-sotilas-ja-kiista-esitysajasta-poljaa-mutta-vaistamatonta\/\" \/>\n<meta property=\"og:locale\" content=\"fi_FI\" \/>\n<meta property=\"og:type\" content=\"article\" \/>\n<meta property=\"og:title\" content=\"Tuntematon sotilas ja kiista esitysajasta: p\u00f6lj\u00e4\u00e4, mutta v\u00e4ist\u00e4m\u00e4t\u00f6nt\u00e4 - Kuvien takaa\" \/>\n<meta property=\"og:description\" content=\"Kerrankin koko Suomi on seurannut elokuva-aiheista uutisointia. Minustakin on h\u00f6lm\u00f6 juttu, ett\u00e4 Tuntemattoman sotilaan esitysajasta pit\u00e4\u00e4 kiistell\u00e4. Holhoamiselta ja byrokratialtahan se haisee. Toisaalta lain pit\u00e4isi olla sama kaikille. Kyse ei ole vain ik\u00e4raj&hellip;\" \/>\n<meta property=\"og:url\" content=\"https:\/\/suomenkuvalehti.fi\/kuvien-takaa\/tuntematon-sotilas-ja-kiista-esitysajasta-poljaa-mutta-vaistamatonta\/\" \/>\n<meta property=\"og:site_name\" content=\"Kuvien takaa\" \/>\n<meta property=\"article:author\" content=\"https:\/\/www.facebook.com\/pages\/Kalle-Kinnunen-Kuvien-takaa\/190326157715410?fref=ts\" \/>\n<meta property=\"article:published_time\" content=\"2012-12-05T07:13:18+00:00\" \/>\n<meta property=\"article:modified_time\" content=\"2013-11-30T14:24:22+00:00\" \/>\n<meta property=\"og:image\" content=\"https:\/\/suomenkuvalehti.fi\/kuvien-takaa\/wp-content\/uploads\/sites\/11\/2022\/04\/kalle_kinnunen_blogi-1-scaled.jpg\" \/>\n\t<meta property=\"og:image:width\" content=\"2560\" \/>\n\t<meta property=\"og:image:height\" content=\"1707\" \/>\n\t<meta property=\"og:image:type\" content=\"image\/jpeg\" \/>\n<meta name=\"author\" content=\"Kalle Kinnunen\" \/>\n<meta name=\"twitter:card\" content=\"summary_large_image\" \/>\n<meta name=\"twitter:creator\" content=\"@https:\/\/twitter.com\/kallekinnunen\" \/>\n<meta name=\"twitter:label1\" content=\"Written by\" \/>\n\t<meta name=\"twitter:data1\" content=\"Kalle Kinnunen\" \/>\n\t<meta name=\"twitter:label2\" content=\"Est. reading time\" \/>\n\t<meta name=\"twitter:data2\" content=\"2 minuuttia\" \/>\n<script type=\"application\/ld+json\" class=\"yoast-schema-graph\">{\"@context\":\"https:\/\/schema.org\",\"@graph\":[{\"@type\":\"WebPage\",\"@id\":\"https:\/\/suomenkuvalehti.fi\/kuvien-takaa\/tuntematon-sotilas-ja-kiista-esitysajasta-poljaa-mutta-vaistamatonta\/\",\"url\":\"https:\/\/suomenkuvalehti.fi\/kuvien-takaa\/tuntematon-sotilas-ja-kiista-esitysajasta-poljaa-mutta-vaistamatonta\/\",\"name\":\"Tuntematon sotilas ja kiista esitysajasta: p\u00f6lj\u00e4\u00e4, mutta v\u00e4ist\u00e4m\u00e4t\u00f6nt\u00e4 - Kuvien takaa\",\"isPartOf\":{\"@id\":\"https:\/\/suomenkuvalehti.fi\/kuvien-takaa\/#website\"},\"datePublished\":\"2012-12-05T07:13:18+00:00\",\"dateModified\":\"2013-11-30T14:24:22+00:00\",\"author\":{\"@id\":\"https:\/\/suomenkuvalehti.fi\/kuvien-takaa\/#\/schema\/person\/f3f657e4ad409e008f12af27bec60a23\"},\"breadcrumb\":{\"@id\":\"https:\/\/suomenkuvalehti.fi\/kuvien-takaa\/tuntematon-sotilas-ja-kiista-esitysajasta-poljaa-mutta-vaistamatonta\/#breadcrumb\"},\"inLanguage\":\"fi\",\"potentialAction\":[{\"@type\":\"ReadAction\",\"target\":[\"https:\/\/suomenkuvalehti.fi\/kuvien-takaa\/tuntematon-sotilas-ja-kiista-esitysajasta-poljaa-mutta-vaistamatonta\/\"]}]},{\"@type\":\"BreadcrumbList\",\"@id\":\"https:\/\/suomenkuvalehti.fi\/kuvien-takaa\/tuntematon-sotilas-ja-kiista-esitysajasta-poljaa-mutta-vaistamatonta\/#breadcrumb\",\"itemListElement\":[{\"@type\":\"ListItem\",\"position\":1,\"name\":\"Home\",\"item\":\"https:\/\/suomenkuvalehti.fi\/kuvien-takaa\/\"},{\"@type\":\"ListItem\",\"position\":2,\"name\":\"Tuntematon sotilas ja kiista esitysajasta: p\u00f6lj\u00e4\u00e4, mutta v\u00e4ist\u00e4m\u00e4t\u00f6nt\u00e4\"}]},{\"@type\":\"WebSite\",\"@id\":\"https:\/\/suomenkuvalehti.fi\/kuvien-takaa\/#website\",\"url\":\"https:\/\/suomenkuvalehti.fi\/kuvien-takaa\/\",\"name\":\"Kuvien takaa\",\"description\":\"Elokuvakriitikko Kalle Kinnusen elokuvablogi.\",\"potentialAction\":[{\"@type\":\"SearchAction\",\"target\":{\"@type\":\"EntryPoint\",\"urlTemplate\":\"https:\/\/suomenkuvalehti.fi\/haku\/?q={search_term_string}\"},\"query-input\":{\"@type\":\"PropertyValueSpecification\",\"valueRequired\":true,\"valueName\":\"search_term_string\"}}],\"inLanguage\":\"fi\"},{\"@type\":\"Person\",\"@id\":\"https:\/\/suomenkuvalehti.fi\/kuvien-takaa\/#\/schema\/person\/f3f657e4ad409e008f12af27bec60a23\",\"name\":\"Kalle Kinnunen\",\"image\":{\"@type\":\"ImageObject\",\"inLanguage\":\"fi\",\"@id\":\"https:\/\/suomenkuvalehti.fi\/kuvien-takaa\/#\/schema\/person\/image\/\",\"url\":\"https:\/\/suomenkuvalehti.fi\/kuvien-takaa\/wp-content\/uploads\/sites\/11\/2022\/04\/kalle_kinnunen_blogi-1-150x150.jpg\",\"contentUrl\":\"https:\/\/suomenkuvalehti.fi\/kuvien-takaa\/wp-content\/uploads\/sites\/11\/2022\/04\/kalle_kinnunen_blogi-1-150x150.jpg\",\"caption\":\"Kalle Kinnunen\"},\"description\":\"Kalle Kinnunen on vapaa toimittaja ja Suomen Kuvalehden avustaja.\",\"sameAs\":[\"https:\/\/www.facebook.com\/pages\/Kalle-Kinnunen-Kuvien-takaa\/190326157715410?fref=ts\",\"https:\/\/x.com\/https:\/\/twitter.com\/kallekinnunen\"]}]}<\/script>\n<!-- \/ Yoast SEO plugin. -->","yoast_head_json":{"title":"Tuntematon sotilas ja kiista esitysajasta: p\u00f6lj\u00e4\u00e4, mutta v\u00e4ist\u00e4m\u00e4t\u00f6nt\u00e4 - Kuvien takaa","robots":{"index":"index","follow":"follow","max-snippet":"max-snippet:-1","max-image-preview":"max-image-preview:large","max-video-preview":"max-video-preview:-1"},"canonical":"https:\/\/suomenkuvalehti.fi\/kuvien-takaa\/tuntematon-sotilas-ja-kiista-esitysajasta-poljaa-mutta-vaistamatonta\/","og_locale":"fi_FI","og_type":"article","og_title":"Tuntematon sotilas ja kiista esitysajasta: p\u00f6lj\u00e4\u00e4, mutta v\u00e4ist\u00e4m\u00e4t\u00f6nt\u00e4 - Kuvien takaa","og_description":"Kerrankin koko Suomi on seurannut elokuva-aiheista uutisointia. Minustakin on h\u00f6lm\u00f6 juttu, ett\u00e4 Tuntemattoman sotilaan esitysajasta pit\u00e4\u00e4 kiistell\u00e4. Holhoamiselta ja byrokratialtahan se haisee. Toisaalta lain pit\u00e4isi olla sama kaikille. Kyse ei ole vain ik\u00e4raj&hellip;","og_url":"https:\/\/suomenkuvalehti.fi\/kuvien-takaa\/tuntematon-sotilas-ja-kiista-esitysajasta-poljaa-mutta-vaistamatonta\/","og_site_name":"Kuvien takaa","article_author":"https:\/\/www.facebook.com\/pages\/Kalle-Kinnunen-Kuvien-takaa\/190326157715410?fref=ts","article_published_time":"2012-12-05T07:13:18+00:00","article_modified_time":"2013-11-30T14:24:22+00:00","og_image":[{"width":2560,"height":1707,"url":"https:\/\/suomenkuvalehti.fi\/kuvien-takaa\/wp-content\/uploads\/sites\/11\/2022\/04\/kalle_kinnunen_blogi-1-scaled.jpg","type":"image\/jpeg"}],"author":"Kalle Kinnunen","twitter_card":"summary_large_image","twitter_creator":"@https:\/\/twitter.com\/kallekinnunen","twitter_misc":{"Written by":"Kalle Kinnunen","Est. reading time":"2 minuuttia"},"schema":{"@context":"https:\/\/schema.org","@graph":[{"@type":"WebPage","@id":"https:\/\/suomenkuvalehti.fi\/kuvien-takaa\/tuntematon-sotilas-ja-kiista-esitysajasta-poljaa-mutta-vaistamatonta\/","url":"https:\/\/suomenkuvalehti.fi\/kuvien-takaa\/tuntematon-sotilas-ja-kiista-esitysajasta-poljaa-mutta-vaistamatonta\/","name":"Tuntematon sotilas ja kiista esitysajasta: p\u00f6lj\u00e4\u00e4, mutta v\u00e4ist\u00e4m\u00e4t\u00f6nt\u00e4 - Kuvien takaa","isPartOf":{"@id":"https:\/\/suomenkuvalehti.fi\/kuvien-takaa\/#website"},"datePublished":"2012-12-05T07:13:18+00:00","dateModified":"2013-11-30T14:24:22+00:00","author":{"@id":"https:\/\/suomenkuvalehti.fi\/kuvien-takaa\/#\/schema\/person\/f3f657e4ad409e008f12af27bec60a23"},"breadcrumb":{"@id":"https:\/\/suomenkuvalehti.fi\/kuvien-takaa\/tuntematon-sotilas-ja-kiista-esitysajasta-poljaa-mutta-vaistamatonta\/#breadcrumb"},"inLanguage":"fi","potentialAction":[{"@type":"ReadAction","target":["https:\/\/suomenkuvalehti.fi\/kuvien-takaa\/tuntematon-sotilas-ja-kiista-esitysajasta-poljaa-mutta-vaistamatonta\/"]}]},{"@type":"BreadcrumbList","@id":"https:\/\/suomenkuvalehti.fi\/kuvien-takaa\/tuntematon-sotilas-ja-kiista-esitysajasta-poljaa-mutta-vaistamatonta\/#breadcrumb","itemListElement":[{"@type":"ListItem","position":1,"name":"Home","item":"https:\/\/suomenkuvalehti.fi\/kuvien-takaa\/"},{"@type":"ListItem","position":2,"name":"Tuntematon sotilas ja kiista esitysajasta: p\u00f6lj\u00e4\u00e4, mutta v\u00e4ist\u00e4m\u00e4t\u00f6nt\u00e4"}]},{"@type":"WebSite","@id":"https:\/\/suomenkuvalehti.fi\/kuvien-takaa\/#website","url":"https:\/\/suomenkuvalehti.fi\/kuvien-takaa\/","name":"Kuvien takaa","description":"Elokuvakriitikko Kalle Kinnusen elokuvablogi.","potentialAction":[{"@type":"SearchAction","target":{"@type":"EntryPoint","urlTemplate":"https:\/\/suomenkuvalehti.fi\/haku\/?q={search_term_string}"},"query-input":{"@type":"PropertyValueSpecification","valueRequired":true,"valueName":"search_term_string"}}],"inLanguage":"fi"},{"@type":"Person","@id":"https:\/\/suomenkuvalehti.fi\/kuvien-takaa\/#\/schema\/person\/f3f657e4ad409e008f12af27bec60a23","name":"Kalle Kinnunen","image":{"@type":"ImageObject","inLanguage":"fi","@id":"https:\/\/suomenkuvalehti.fi\/kuvien-takaa\/#\/schema\/person\/image\/","url":"https:\/\/suomenkuvalehti.fi\/kuvien-takaa\/wp-content\/uploads\/sites\/11\/2022\/04\/kalle_kinnunen_blogi-1-150x150.jpg","contentUrl":"https:\/\/suomenkuvalehti.fi\/kuvien-takaa\/wp-content\/uploads\/sites\/11\/2022\/04\/kalle_kinnunen_blogi-1-150x150.jpg","caption":"Kalle Kinnunen"},"description":"Kalle Kinnunen on vapaa toimittaja ja Suomen Kuvalehden avustaja.","sameAs":["https:\/\/www.facebook.com\/pages\/Kalle-Kinnunen-Kuvien-takaa\/190326157715410?fref=ts","https:\/\/x.com\/https:\/\/twitter.com\/kallekinnunen"]}]}},"_links":{"self":[{"href":"https:\/\/suomenkuvalehti.fi\/kuvien-takaa\/wp-json\/wp\/v2\/posts\/351","targetHints":{"allow":["GET"]}}],"collection":[{"href":"https:\/\/suomenkuvalehti.fi\/kuvien-takaa\/wp-json\/wp\/v2\/posts"}],"about":[{"href":"https:\/\/suomenkuvalehti.fi\/kuvien-takaa\/wp-json\/wp\/v2\/types\/post"}],"author":[{"embeddable":true,"href":"https:\/\/suomenkuvalehti.fi\/kuvien-takaa\/wp-json\/wp\/v2\/users\/144"}],"replies":[{"embeddable":true,"href":"https:\/\/suomenkuvalehti.fi\/kuvien-takaa\/wp-json\/wp\/v2\/comments?post=351"}],"version-history":[{"count":1,"href":"https:\/\/suomenkuvalehti.fi\/kuvien-takaa\/wp-json\/wp\/v2\/posts\/351\/revisions"}],"predecessor-version":[{"id":1221,"href":"https:\/\/suomenkuvalehti.fi\/kuvien-takaa\/wp-json\/wp\/v2\/posts\/351\/revisions\/1221"}],"wp:attachment":[{"href":"https:\/\/suomenkuvalehti.fi\/kuvien-takaa\/wp-json\/wp\/v2\/media?parent=351"}],"wp:term":[{"taxonomy":"category","embeddable":true,"href":"https:\/\/suomenkuvalehti.fi\/kuvien-takaa\/wp-json\/wp\/v2\/categories?post=351"},{"taxonomy":"post_tag","embeddable":true,"href":"https:\/\/suomenkuvalehti.fi\/kuvien-takaa\/wp-json\/wp\/v2\/tags?post=351"}],"curies":[{"name":"wp","href":"https:\/\/api.w.org\/{rel}","templated":true}]}}