{"id":3490,"date":"2016-05-11T13:18:26","date_gmt":"2016-05-11T10:18:26","guid":{"rendered":"https:\/\/suomenkuvalehti.fi\/kuvien-takaa\/?p=3490"},"modified":"2016-05-11T13:18:26","modified_gmt":"2016-05-11T10:18:26","slug":"kaikki-on-poliittista-angry-birds-elokuva-ja-maahantunkeutujien-todellinen-luonne","status":"publish","type":"post","link":"https:\/\/suomenkuvalehti.fi\/kuvien-takaa\/kaikki-on-poliittista-angry-birds-elokuva-ja-maahantunkeutujien-todellinen-luonne\/","title":{"rendered":"Kaikki on poliittista: Angry Birds-elokuva ja maahantunkeutujien todellinen luonne"},"content":{"rendered":"\n<p>Edist\u00e4\u00e4k\u00f6 <em>Angry Birds -elokuva<\/em> muukalaisvihaa? Kysymys voi kuulostaa absurdilta. Silti kysymys on sen verran kuuma, ett\u00e4 Rovion toimitusjohtaja <strong>Kati Levoranta<\/strong> kommentoi sit\u00e4 <a href=\"http:\/\/www.iltalehti.fi\/uutiset\/2016051121542973_uu.shtml\" target=\"_blank\">Iltalehdelle<\/a>.<\/p>\n\n\n\n<p>&#8221;Se on ollut meist\u00e4 todella outoa. Mutta ilmeisesti t\u00e4llaista tapahtuu tuolla maailmalla&#8221;, Levoranta kommentoi tulkintaa.<\/p>\n\n\n\n<p>Eli &#8221;maailmalla&#8221; puhutaan kummia. Iltalehdess\u00e4 n\u00e4it\u00e4 tulkintoja luonnehditaan &#8221;oudoiksi nettihuhuiksi&#8221;.<\/p>\n\n\n\n<p>Eiv\u00e4t ne ole huhuja, vaan tulkintoja. Eik\u00e4 tulkinta ole edes absurdi, kun elokuvan katsoo.<\/p>\n\n\n\n<p>Kun n\u00e4in Angry Birds -elokuvan, asia k\u00e4vi todella mieless\u00e4. Ei vain se, ett\u00e4 elokuvaa voi tulkita n\u00e4in, vaan my\u00f6s ett\u00e4 tulkinta kyll\u00e4 tempaistaan esiin. Eik\u00f6 t\u00e4m\u00e4n tulkinnan mahdollisuus todella tullut tekovaiheessa Roviolla ja k\u00e4sikirjoittajien tiimiss\u00e4 puheeksi? Ollaanko siell\u00e4 ihan irti tosimaailmasta?<\/p>\n\n\n\n<p>Leffan kolmannen n\u00e4yt\u00f6ksen alkaessa juttu tuntui ilmiselv\u00e4lt\u00e4. T\u00e4m\u00e4 on tarina omavaraisesta lintukodosta sek\u00e4 pahantahtoisista maahantunkeutujista, possuista. Leppoisanoloiset, kummallisesti kommunikoivat ja eri v\u00e4riset possutulokkaat kaveeraavat lintujen kanssa, mutta kulissien takana ne ovatkin lapsia (munia) sy\u00f6vi\u00e4 valepukkeja. Ne eiv\u00e4t osaa muuta kuin bailata ja tuhota. Vihaa puhkuva, yhteis\u00f6n ulkopuolelle ajautunut maahanmuuttokriitikko on oikeassa: laivalla saapuneet &#8221;ne&#8221; ovat troijan hevosia. Vihaisen linnun viha oli oikeutettua ja levi\u00e4\u00e4 yhteis\u00f6\u00f6n. Alkaa sota.<\/p>\n\n\n\n<p>T\u00e4m\u00e4n luennan elokuva tarjoilee hopealautasella, eik\u00e4 sit\u00e4 voi olla k\u00e4sittelem\u00e4tt\u00e4 t\u00e4m\u00e4n p\u00e4iv\u00e4n Euroopassa.<\/p>\n\n\n\n<p>Suomessa elokuvan n\u00e4hneist\u00e4 kriitikoista <strong>Anton Vanha-Majamaa<\/strong> toi tulkinnan esiin heti elokuvan n\u00e4hty\u00e4\u00e4n otsikolla <em><a href=\"http:\/\/blogit.image.fi\/katsoja\/angry-birds-on-elokuva-jota-soldiers-of-odinin-jasenet-voivat-nayttaa-jalkipolvilleen\/\" target=\"_blank\">Angry Birds on elokuva, jonka Soldiers of Odinin j\u00e4senet<\/a> voivat n\u00e4ytt\u00e4\u00e4 j\u00e4lkipolvilleen<\/em> ja <strong>Olli Kangassalo<\/strong> mainitsi sen Ylen Kulttuuricocktail-sivustolla jutussa, jonka otsikko on <a href=\"http:\/\/yle.fi\/aihe\/artikkeli\/2016\/05\/10\/leikkiiko-angry-birds-maahanmuuttokriittisyydella\" target=\"_blank\"><em>Leikkiik\u00f6 Angry Birds maahanmuuttokritiikill\u00e4?<\/em><\/a><\/p>\n\n\n\n<p>Kukin lukee tarinan kontekstissaan. Yhdysvalloissa <a href=\"http:\/\/www.impulsegamer.com\/the-angry-birds-movie-film-review\/\" target=\"_blank\">vertaus on tehty<\/a> er\u00e4\u00e4ss\u00e4 pelimediassa sik\u00e4l\u00e4iseen rajat kiinni -politiikkaan ja Amerikan sotiin ulkomailla. Australiassa Sydney Morning Heraldin arviossa pahoitellaan elokuvan <a href=\"http:\/\/www.smh.com.au\/entertainment\/movies\/the-angry-birds-movie-review-franchise-extender-follows-a-predictable-flight-path-20160511-gosdmw.html\" target=\"_blank\">&#8221;valitettavaa potentiaalia&#8221; maahanmuuttopelkojen lietsomiseen<\/a>.<\/p>\n\n\n\n<p>Ei sille mit\u00e4\u00e4n voi. Angry Birds -elokuva <em>voidaan<\/em> tulkita maahanmuuttovastaisuutta julistavaksi tai rasistiseksi.<\/p>\n\n\n\n<p>Mutta yht\u00e4 lailla elokuva n\u00e4ytt\u00e4\u00e4 muultakin. Siin\u00e4 autoritaariset johtajat ovat pellej\u00e4. Itsen\u00e4inen ajattelu on dogmaattista ryhm\u00e4kuria hy\u00f6dyllisemp\u00e4\u00e4. Keisareilta riisutaan uusia vaatteita. Sinnikkyys palkitaan, ja niin edelleen.<\/p>\n\n\n\n<p>Sit\u00e4 paitsi tarina ulkopuolisesta sudesta lampaan vaatteissa ja t\u00e4m\u00e4n tunkeutujan paljastavasta yksin\u00e4isest\u00e4 sankarista on ihmiskunnan vanhimpia narratiiveja. Se ei ole kiva tarina, mutta siin\u00e4 on ikiaikainen konflikti. Kun tuo pelin asetelma laajennettiin pelin pikseleist\u00e4 persoonallisiin ja inhimillisempiin hahmoihin, se nyt vaan tuli alttiiksi tulkinnalle t\u00e4m\u00e4n p\u00e4iv\u00e4n todellisuudessa.<\/p>\n\n\n\n<p>&#8221;Maahanmuuttokriittinen&#8221; tendenssi ei takuulla ollut v\u00e4h\u00e4isimm\u00e4ss\u00e4k\u00e4\u00e4n m\u00e4\u00e4rin tarkoituksellinen &#8211; leffahan on tehty kiva br\u00e4ndi edell\u00e4. Angry Birdsin markkinoinnin ja imagon kannalta nyt sattuu olemaan huono aika kertoa t\u00e4m\u00e4 tarina, oli kyse possuista tai mist\u00e4 muukalaisista tahansa. Se vain pit\u00e4\u00e4 nyt kest\u00e4\u00e4 Roviolla.<\/p>\n\n\n\n<p>Rehellisesti sanottuna en silti veisi omia lapsiani Angry Birdsia katsomaan. Syy ei ole niink\u00e4\u00e4n tarina ja tulkinnat vaan se, ettei elokuva ole lajissaan kuin keskitasoa. L\u00e4hinn\u00e4 j\u00e4in toivomaan, ett\u00e4 olisipa elokuva v\u00e4hemm\u00e4n sekoileva ja suuremmalla syd\u00e4mell\u00e4 kirjoitettu. Tarinan v\u00e4litt\u00e4mien arvojen sekavuus ja ristiriitaisuus johtuu tietenkin <strong>Jon Vittin<\/strong> k\u00e4sikirjoituksesta ja sen poukkoilevuudesta. (Varsinainen elokuva-arvioni ilmestyy perjantaina.)<\/p>\n\n\n\n<p>Mutta selittelyt tekev\u00e4t asiasta pahemman, kuten aina. Kuinka pahan?<\/p>\n\n\n\n<p>&#8221;Voidaan olla erilaisia ja silti yst\u00e4vi\u00e4&#8221;, m\u00e4\u00e4rittelee Levoranta Iltalehdess\u00e4 elokuvan viestiksi. Kyll\u00e4. Mutta tarina voidaan tulkita niin, ett\u00e4 yst\u00e4vi\u00e4 ollaan vain lintujen kesken ja vasta sitten, kun tunkeutujapossut on tapettu ja niiden kotikaupunki r\u00e4j\u00e4ytelty maan tasalle.<\/p>\n\n\n\n<p>Tismalleen n\u00e4in elokuvassa (ja peliss\u00e4 toimitaan), vaikka possujen raatoja ei n\u00e4ytet\u00e4. T\u00e4m\u00e4h\u00e4n on kuitenkin koko perheen leffa.<\/p>\n\n\n","protected":false},"excerpt":{"rendered":"<p>Edist\u00e4\u00e4k\u00f6 Angry Birds -elokuva muukalaisvihaa? Kysymys voi kuulostaa absurdilta. Silti kysymys on sen verran kuuma, ett\u00e4 Rovion toimitusjohtaja Kati Levoranta kommentoi sit\u00e4 Iltalehdelle. &#8221;Se on ollut meist\u00e4 todella outoa. Mutta<br \/>\nilmei&hellip;<\/p>\n","protected":false},"author":144,"featured_media":0,"comment_status":"open","ping_status":"closed","sticky":false,"template":"","format":"standard","meta":{"_acf_changed":false,"asauth_required_access_level":3,"asauth_cansharepaid":"true","om_header_attributes":[],"footnotes":"","om_featured_image_focal_point":[],"om_primary_tag":0,"om_contributors":[],"om_co_authors":[],"beyondwords_generate_audio":"","beyondwords_project_id":"","beyondwords_content_id":"","beyondwords_preview_token":"","beyondwords_player_content":"","beyondwords_player_style":"","beyondwords_language_code":"","beyondwords_language_id":"","beyondwords_title_voice_id":"","beyondwords_body_voice_id":"","beyondwords_summary_voice_id":"","beyondwords_error_message":"","beyondwords_disabled":"","beyondwords_delete_content":"","beyondwords_podcast_id":"","beyondwords_hash":"","publish_post_to_speechkit":"","speechkit_hash":"","speechkit_generate_audio":"","speechkit_project_id":"","speechkit_podcast_id":"","speechkit_error_message":"","speechkit_disabled":"","speechkit_access_key":"","speechkit_error":"","speechkit_info":"","speechkit_response":"","speechkit_retries":"","speechkit_status":"","speechkit_updated_at":"","_speechkit_link":"","_speechkit_text":""},"categories":[1],"tags":[2310,129],"class_list":["post-3490","post","type-post","status-publish","format-standard","hentry","category-kuvien-takaa","tag-angry-birds-elokuva","tag-rasismi"],"om_views":null,"acf":{"tuuma_off":false,"tuuma_kysymys":"","tuuma_vastaus":""},"asauth":{"required_access_level":1,"share_token":"","is_paid":false},"yoast_head":"<!-- This site is optimized with the Yoast SEO plugin v26.4 - https:\/\/yoast.com\/wordpress\/plugins\/seo\/ -->\n<title>Kaikki on poliittista: Angry Birds-elokuva ja maahantunkeutujien todellinen luonne - Kuvien takaa<\/title>\n<meta name=\"robots\" content=\"index, follow, max-snippet:-1, max-image-preview:large, max-video-preview:-1\" \/>\n<link rel=\"canonical\" href=\"https:\/\/suomenkuvalehti.fi\/kuvien-takaa\/kaikki-on-poliittista-angry-birds-elokuva-ja-maahantunkeutujien-todellinen-luonne\/\" \/>\n<meta property=\"og:locale\" content=\"fi_FI\" \/>\n<meta property=\"og:type\" content=\"article\" \/>\n<meta property=\"og:title\" content=\"Kaikki on poliittista: Angry Birds-elokuva ja maahantunkeutujien todellinen luonne - Kuvien takaa\" \/>\n<meta property=\"og:description\" content=\"Edist\u00e4\u00e4k\u00f6 Angry Birds -elokuva muukalaisvihaa? Kysymys voi kuulostaa absurdilta. Silti kysymys on sen verran kuuma, ett\u00e4 Rovion toimitusjohtaja Kati Levoranta kommentoi sit\u00e4 Iltalehdelle. &#8221;Se on ollut meist\u00e4 todella outoa. Mutta ilmei&hellip;\" \/>\n<meta property=\"og:url\" content=\"https:\/\/suomenkuvalehti.fi\/kuvien-takaa\/kaikki-on-poliittista-angry-birds-elokuva-ja-maahantunkeutujien-todellinen-luonne\/\" \/>\n<meta property=\"og:site_name\" content=\"Kuvien takaa\" \/>\n<meta property=\"article:author\" content=\"https:\/\/www.facebook.com\/pages\/Kalle-Kinnunen-Kuvien-takaa\/190326157715410?fref=ts\" \/>\n<meta property=\"article:published_time\" content=\"2016-05-11T10:18:26+00:00\" \/>\n<meta property=\"og:image\" content=\"https:\/\/suomenkuvalehti.fi\/kuvien-takaa\/wp-content\/uploads\/sites\/11\/2022\/04\/kalle_kinnunen_blogi-1-scaled.jpg\" \/>\n\t<meta property=\"og:image:width\" content=\"2560\" \/>\n\t<meta property=\"og:image:height\" content=\"1707\" \/>\n\t<meta property=\"og:image:type\" content=\"image\/jpeg\" \/>\n<meta name=\"author\" content=\"Kalle Kinnunen\" \/>\n<meta name=\"twitter:card\" content=\"summary_large_image\" \/>\n<meta name=\"twitter:creator\" content=\"@https:\/\/twitter.com\/kallekinnunen\" \/>\n<meta name=\"twitter:label1\" content=\"Written by\" \/>\n\t<meta name=\"twitter:data1\" content=\"Kalle Kinnunen\" \/>\n\t<meta name=\"twitter:label2\" content=\"Est. reading time\" \/>\n\t<meta name=\"twitter:data2\" content=\"3 minuuttia\" \/>\n<script type=\"application\/ld+json\" class=\"yoast-schema-graph\">{\"@context\":\"https:\/\/schema.org\",\"@graph\":[{\"@type\":\"WebPage\",\"@id\":\"https:\/\/suomenkuvalehti.fi\/kuvien-takaa\/kaikki-on-poliittista-angry-birds-elokuva-ja-maahantunkeutujien-todellinen-luonne\/\",\"url\":\"https:\/\/suomenkuvalehti.fi\/kuvien-takaa\/kaikki-on-poliittista-angry-birds-elokuva-ja-maahantunkeutujien-todellinen-luonne\/\",\"name\":\"Kaikki on poliittista: Angry Birds-elokuva ja maahantunkeutujien todellinen luonne - Kuvien takaa\",\"isPartOf\":{\"@id\":\"https:\/\/suomenkuvalehti.fi\/kuvien-takaa\/#website\"},\"datePublished\":\"2016-05-11T10:18:26+00:00\",\"author\":{\"@id\":\"https:\/\/suomenkuvalehti.fi\/kuvien-takaa\/#\/schema\/person\/f3f657e4ad409e008f12af27bec60a23\"},\"breadcrumb\":{\"@id\":\"https:\/\/suomenkuvalehti.fi\/kuvien-takaa\/kaikki-on-poliittista-angry-birds-elokuva-ja-maahantunkeutujien-todellinen-luonne\/#breadcrumb\"},\"inLanguage\":\"fi\",\"potentialAction\":[{\"@type\":\"ReadAction\",\"target\":[\"https:\/\/suomenkuvalehti.fi\/kuvien-takaa\/kaikki-on-poliittista-angry-birds-elokuva-ja-maahantunkeutujien-todellinen-luonne\/\"]}]},{\"@type\":\"BreadcrumbList\",\"@id\":\"https:\/\/suomenkuvalehti.fi\/kuvien-takaa\/kaikki-on-poliittista-angry-birds-elokuva-ja-maahantunkeutujien-todellinen-luonne\/#breadcrumb\",\"itemListElement\":[{\"@type\":\"ListItem\",\"position\":1,\"name\":\"Home\",\"item\":\"https:\/\/suomenkuvalehti.fi\/kuvien-takaa\/\"},{\"@type\":\"ListItem\",\"position\":2,\"name\":\"Kaikki on poliittista: Angry Birds-elokuva ja maahantunkeutujien todellinen luonne\"}]},{\"@type\":\"WebSite\",\"@id\":\"https:\/\/suomenkuvalehti.fi\/kuvien-takaa\/#website\",\"url\":\"https:\/\/suomenkuvalehti.fi\/kuvien-takaa\/\",\"name\":\"Kuvien takaa\",\"description\":\"Elokuvakriitikko Kalle Kinnusen elokuvablogi.\",\"potentialAction\":[{\"@type\":\"SearchAction\",\"target\":{\"@type\":\"EntryPoint\",\"urlTemplate\":\"https:\/\/suomenkuvalehti.fi\/haku\/?q={search_term_string}\"},\"query-input\":{\"@type\":\"PropertyValueSpecification\",\"valueRequired\":true,\"valueName\":\"search_term_string\"}}],\"inLanguage\":\"fi\"},{\"@type\":\"Person\",\"@id\":\"https:\/\/suomenkuvalehti.fi\/kuvien-takaa\/#\/schema\/person\/f3f657e4ad409e008f12af27bec60a23\",\"name\":\"Kalle Kinnunen\",\"image\":{\"@type\":\"ImageObject\",\"inLanguage\":\"fi\",\"@id\":\"https:\/\/suomenkuvalehti.fi\/kuvien-takaa\/#\/schema\/person\/image\/\",\"url\":\"https:\/\/suomenkuvalehti.fi\/kuvien-takaa\/wp-content\/uploads\/sites\/11\/2022\/04\/kalle_kinnunen_blogi-1-150x150.jpg\",\"contentUrl\":\"https:\/\/suomenkuvalehti.fi\/kuvien-takaa\/wp-content\/uploads\/sites\/11\/2022\/04\/kalle_kinnunen_blogi-1-150x150.jpg\",\"caption\":\"Kalle Kinnunen\"},\"description\":\"Kalle Kinnunen on vapaa toimittaja ja Suomen Kuvalehden avustaja.\",\"sameAs\":[\"https:\/\/www.facebook.com\/pages\/Kalle-Kinnunen-Kuvien-takaa\/190326157715410?fref=ts\",\"https:\/\/x.com\/https:\/\/twitter.com\/kallekinnunen\"]}]}<\/script>\n<!-- \/ Yoast SEO plugin. -->","yoast_head_json":{"title":"Kaikki on poliittista: Angry Birds-elokuva ja maahantunkeutujien todellinen luonne - Kuvien takaa","robots":{"index":"index","follow":"follow","max-snippet":"max-snippet:-1","max-image-preview":"max-image-preview:large","max-video-preview":"max-video-preview:-1"},"canonical":"https:\/\/suomenkuvalehti.fi\/kuvien-takaa\/kaikki-on-poliittista-angry-birds-elokuva-ja-maahantunkeutujien-todellinen-luonne\/","og_locale":"fi_FI","og_type":"article","og_title":"Kaikki on poliittista: Angry Birds-elokuva ja maahantunkeutujien todellinen luonne - Kuvien takaa","og_description":"Edist\u00e4\u00e4k\u00f6 Angry Birds -elokuva muukalaisvihaa? Kysymys voi kuulostaa absurdilta. Silti kysymys on sen verran kuuma, ett\u00e4 Rovion toimitusjohtaja Kati Levoranta kommentoi sit\u00e4 Iltalehdelle. &#8221;Se on ollut meist\u00e4 todella outoa. Mutta ilmei&hellip;","og_url":"https:\/\/suomenkuvalehti.fi\/kuvien-takaa\/kaikki-on-poliittista-angry-birds-elokuva-ja-maahantunkeutujien-todellinen-luonne\/","og_site_name":"Kuvien takaa","article_author":"https:\/\/www.facebook.com\/pages\/Kalle-Kinnunen-Kuvien-takaa\/190326157715410?fref=ts","article_published_time":"2016-05-11T10:18:26+00:00","og_image":[{"width":2560,"height":1707,"url":"https:\/\/suomenkuvalehti.fi\/kuvien-takaa\/wp-content\/uploads\/sites\/11\/2022\/04\/kalle_kinnunen_blogi-1-scaled.jpg","type":"image\/jpeg"}],"author":"Kalle Kinnunen","twitter_card":"summary_large_image","twitter_creator":"@https:\/\/twitter.com\/kallekinnunen","twitter_misc":{"Written by":"Kalle Kinnunen","Est. reading time":"3 minuuttia"},"schema":{"@context":"https:\/\/schema.org","@graph":[{"@type":"WebPage","@id":"https:\/\/suomenkuvalehti.fi\/kuvien-takaa\/kaikki-on-poliittista-angry-birds-elokuva-ja-maahantunkeutujien-todellinen-luonne\/","url":"https:\/\/suomenkuvalehti.fi\/kuvien-takaa\/kaikki-on-poliittista-angry-birds-elokuva-ja-maahantunkeutujien-todellinen-luonne\/","name":"Kaikki on poliittista: Angry Birds-elokuva ja maahantunkeutujien todellinen luonne - Kuvien takaa","isPartOf":{"@id":"https:\/\/suomenkuvalehti.fi\/kuvien-takaa\/#website"},"datePublished":"2016-05-11T10:18:26+00:00","author":{"@id":"https:\/\/suomenkuvalehti.fi\/kuvien-takaa\/#\/schema\/person\/f3f657e4ad409e008f12af27bec60a23"},"breadcrumb":{"@id":"https:\/\/suomenkuvalehti.fi\/kuvien-takaa\/kaikki-on-poliittista-angry-birds-elokuva-ja-maahantunkeutujien-todellinen-luonne\/#breadcrumb"},"inLanguage":"fi","potentialAction":[{"@type":"ReadAction","target":["https:\/\/suomenkuvalehti.fi\/kuvien-takaa\/kaikki-on-poliittista-angry-birds-elokuva-ja-maahantunkeutujien-todellinen-luonne\/"]}]},{"@type":"BreadcrumbList","@id":"https:\/\/suomenkuvalehti.fi\/kuvien-takaa\/kaikki-on-poliittista-angry-birds-elokuva-ja-maahantunkeutujien-todellinen-luonne\/#breadcrumb","itemListElement":[{"@type":"ListItem","position":1,"name":"Home","item":"https:\/\/suomenkuvalehti.fi\/kuvien-takaa\/"},{"@type":"ListItem","position":2,"name":"Kaikki on poliittista: Angry Birds-elokuva ja maahantunkeutujien todellinen luonne"}]},{"@type":"WebSite","@id":"https:\/\/suomenkuvalehti.fi\/kuvien-takaa\/#website","url":"https:\/\/suomenkuvalehti.fi\/kuvien-takaa\/","name":"Kuvien takaa","description":"Elokuvakriitikko Kalle Kinnusen elokuvablogi.","potentialAction":[{"@type":"SearchAction","target":{"@type":"EntryPoint","urlTemplate":"https:\/\/suomenkuvalehti.fi\/haku\/?q={search_term_string}"},"query-input":{"@type":"PropertyValueSpecification","valueRequired":true,"valueName":"search_term_string"}}],"inLanguage":"fi"},{"@type":"Person","@id":"https:\/\/suomenkuvalehti.fi\/kuvien-takaa\/#\/schema\/person\/f3f657e4ad409e008f12af27bec60a23","name":"Kalle Kinnunen","image":{"@type":"ImageObject","inLanguage":"fi","@id":"https:\/\/suomenkuvalehti.fi\/kuvien-takaa\/#\/schema\/person\/image\/","url":"https:\/\/suomenkuvalehti.fi\/kuvien-takaa\/wp-content\/uploads\/sites\/11\/2022\/04\/kalle_kinnunen_blogi-1-150x150.jpg","contentUrl":"https:\/\/suomenkuvalehti.fi\/kuvien-takaa\/wp-content\/uploads\/sites\/11\/2022\/04\/kalle_kinnunen_blogi-1-150x150.jpg","caption":"Kalle Kinnunen"},"description":"Kalle Kinnunen on vapaa toimittaja ja Suomen Kuvalehden avustaja.","sameAs":["https:\/\/www.facebook.com\/pages\/Kalle-Kinnunen-Kuvien-takaa\/190326157715410?fref=ts","https:\/\/x.com\/https:\/\/twitter.com\/kallekinnunen"]}]}},"_links":{"self":[{"href":"https:\/\/suomenkuvalehti.fi\/kuvien-takaa\/wp-json\/wp\/v2\/posts\/3490","targetHints":{"allow":["GET"]}}],"collection":[{"href":"https:\/\/suomenkuvalehti.fi\/kuvien-takaa\/wp-json\/wp\/v2\/posts"}],"about":[{"href":"https:\/\/suomenkuvalehti.fi\/kuvien-takaa\/wp-json\/wp\/v2\/types\/post"}],"author":[{"embeddable":true,"href":"https:\/\/suomenkuvalehti.fi\/kuvien-takaa\/wp-json\/wp\/v2\/users\/144"}],"replies":[{"embeddable":true,"href":"https:\/\/suomenkuvalehti.fi\/kuvien-takaa\/wp-json\/wp\/v2\/comments?post=3490"}],"version-history":[{"count":4,"href":"https:\/\/suomenkuvalehti.fi\/kuvien-takaa\/wp-json\/wp\/v2\/posts\/3490\/revisions"}],"predecessor-version":[{"id":3495,"href":"https:\/\/suomenkuvalehti.fi\/kuvien-takaa\/wp-json\/wp\/v2\/posts\/3490\/revisions\/3495"}],"wp:attachment":[{"href":"https:\/\/suomenkuvalehti.fi\/kuvien-takaa\/wp-json\/wp\/v2\/media?parent=3490"}],"wp:term":[{"taxonomy":"category","embeddable":true,"href":"https:\/\/suomenkuvalehti.fi\/kuvien-takaa\/wp-json\/wp\/v2\/categories?post=3490"},{"taxonomy":"post_tag","embeddable":true,"href":"https:\/\/suomenkuvalehti.fi\/kuvien-takaa\/wp-json\/wp\/v2\/tags?post=3490"}],"curies":[{"name":"wp","href":"https:\/\/api.w.org\/{rel}","templated":true}]}}