{"id":3480,"date":"2016-05-02T15:10:02","date_gmt":"2016-05-02T12:10:02","guid":{"rendered":"https:\/\/suomenkuvalehti.fi\/kuvien-takaa\/?p=3480"},"modified":"2016-05-02T15:28:02","modified_gmt":"2016-05-02T12:28:02","slug":"turun-uusin-elokuvateatterisali-jota-ei-ollutkaan","status":"publish","type":"post","link":"https:\/\/suomenkuvalehti.fi\/kuvien-takaa\/turun-uusin-elokuvateatterisali-jota-ei-ollutkaan\/","title":{"rendered":"Turun uusin elokuvateatterisali, jota ei ollutkaan"},"content":{"rendered":"\n<p>Turku on ollut pitk\u00e4\u00e4n Suomen surkeimpia kaupunkeja, jos mittarina on elokuvateatterisalien m\u00e4\u00e4r\u00e4 ja kapasiteetti verrattuna asukasm\u00e4\u00e4r\u00e4\u00e4n.<\/p>\n\n\n\n<p>Tilanne romahti kehnosta katastrofaaliseksi viime vuosikymmenell\u00e4. Vuonna 2007 suljettiin Thalia ja <a href=\"https:\/\/suomenkuvalehti.fi\/kuvien-takaa\/turku-menettaa-kolmanneksen-elokuvateatterisaleistaan\/?shared=1020-6d64c9aa-999\" target=\"_blank\">vuonna 2009 Julia<\/a>. Viime vuosien aikana s\u00e4\u00e4nn\u00f6llist\u00e4 esitystoimintaa on ollut en\u00e4\u00e4 Finnkinon Kinopalatsissa, jossa on yhdeks\u00e4n salia. Joitain elokuvakerhojen ja KAVIn eli entisen Suomen elokuva-arkiston n\u00e4yt\u00f6ksi\u00e4 sek\u00e4 Turussa kuvattujen elokuvien ensi-iltoja on j\u00e4rjestetty Logomossa.<\/p>\n\n\n\n<p>(<a href=\"https:\/\/suomenkuvalehti.fi\/kuvien-takaa\/kino-dominosta-taas-tekijanoikeusloukkaus-asianomistajarikos\/?shared=2510-a948a611-999\" target=\"_blank\">Domino <em>aivan<\/em> on oma lukunsa<\/a>.)<\/p>\n\n\n\n<p>Huhtikuun puoliv\u00e4liss\u00e4 Turkulainen-lehti kuitenkin uutisoi otsikolla <em>\u201dT\u00e4ss\u00e4 on Turun uusin leffasali\u201d<\/em>.<\/p>\n\n\n\n<p>Voi \u00e4lk\u00e4\u00e4 huoliko, ett\u00e4 kyseess\u00e4 olisi sent\u00e4\u00e4n ollut elokuvateatteri. Loputon farssi vain sai aivan uudenlaisia piirteit\u00e4.<\/p>\n\n\n\n<p>Jutussa kerrottiin, ett\u00e4 <em>\u201d\u00c5 Salissa <\/em>[sic]<em> voidaan esitt\u00e4\u00e4 my\u00f6s teatteritasoa vaativia elokuvia.\u201d<\/em> Jutussa on kuva <a href=\"http:\/\/www.turkulainen.fi\/artikkeli\/383234-tassa-on-turun-uusin-leffasali\" target=\"_blank\">Scandic Julia -hotellin kellariiin rakennetusta<\/a>, luokkahuonemaisesta ja matalasta neuvotteluhuoneesta, &#8221;\u00c5 Salista&#8221;, jonne jutun mukaan mahtuisi jopa 280 henke\u00e4, jopa ruokailemaan.<\/p>\n\n\n\n<p>Tiedustelin asiaa jutun kirjoittaneelta toimittajalta sek\u00e4 useammalta taholta. Pian k\u00e4vi ilmi se, mit\u00e4 jokainen kuvan n\u00e4hnyt ja elokuvateattereista jotain tiet\u00e4v\u00e4 saattoi heti ounastella. Ei &#8221;\u00c5 Salissa&#8221; todellakaan ole laitteistoa, jolla voitaisiin esitt\u00e4\u00e4 \u201dteatteritasoa vaativia elokuvia\u201d.<\/p>\n\n\n\n<p>Siell\u00e4 oli kyll\u00e4 n\u00e4pp\u00e4r\u00e4 videotykki vaikka powerpointteja varten, mutta ei kunnon digi- tai filmiprojektoria (tai \u00e4\u00e4nentoistoa). Hotelli Scandicin <em>F&amp;B manager<\/em> <strong>Krista Vanhalan<\/strong> sanoin: <em>\u201dIk\u00e4v\u00e4 kyll\u00e4 meill\u00e4 ei ole tilassa yht\u00e4 hienoa tekniikkaa elokuvien esitykseen kuin varsinaisissa elokuvien levitykseen tarkoitetuissa teattereissa.\u201d<\/em><\/p>\n\n\n\n<p>Otsikko ja oikeastaan koko jutun motivaatio olikin syntynyt toimittajan tulkinnasta, ett\u00e4 jos on videotykki, on elokuvateatteri.<\/p>\n\n\n\n<p>Asiasta julkaistiin paperille painetussa Turkulaisessa oikaisu, mutta netist\u00e4 sit\u00e4 ei l\u00f6ydy. Sen sijaan alkuper\u00e4inen juttu l\u00f6ytyy &#8211; tuo linkitt\u00e4m\u00e4ni, jossa sanotaan, ett\u00e4 <em>&#8221;leffateatterit eiv\u00e4t ole en\u00e4\u00e4 vain elokuvasaleja, eiv\u00e4tk\u00e4 kokoustilat vain kokouspaikkoja&#8221;<\/em> &#8211; v\u00e4ite, joka sitten pitikin paikkansa vain 50-prosenttisesti.<\/p>\n\n\n\n<p><em>Muokattu 2.5. klo 15.27: korjattu Kino Thalian sulkemisvuosi.<\/em><\/p>\n\n\n","protected":false},"excerpt":{"rendered":"<p>Turku on ollut pitk\u00e4\u00e4n Suomen surkeimpia kaupunkeja, jos mittarina on elokuvateatterisalien m\u00e4\u00e4r\u00e4 ja kapasiteetti verrattuna asukasm\u00e4\u00e4r\u00e4\u00e4n. Tilanne romahti kehnosta katastrofaaliseksi viime vuosikymmenell\u00e4. Vuonna 2007 suljettiin Thalia ja vuonna 2009 Julia. Viime<br \/>\nvuosien a&hellip;<\/p>\n","protected":false},"author":144,"featured_media":0,"comment_status":"open","ping_status":"closed","sticky":false,"template":"","format":"standard","meta":{"_acf_changed":false,"asauth_required_access_level":3,"asauth_cansharepaid":"true","om_header_attributes":[],"footnotes":"","om_featured_image_focal_point":[],"om_primary_tag":0,"om_contributors":[],"om_co_authors":[],"beyondwords_generate_audio":"","beyondwords_project_id":"","beyondwords_content_id":"","beyondwords_preview_token":"","beyondwords_player_content":"","beyondwords_player_style":"","beyondwords_language_code":"","beyondwords_language_id":"","beyondwords_title_voice_id":"","beyondwords_body_voice_id":"","beyondwords_summary_voice_id":"","beyondwords_error_message":"","beyondwords_disabled":"","beyondwords_delete_content":"","beyondwords_podcast_id":"","beyondwords_hash":"","publish_post_to_speechkit":"","speechkit_hash":"","speechkit_generate_audio":"","speechkit_project_id":"","speechkit_podcast_id":"","speechkit_error_message":"","speechkit_disabled":"","speechkit_access_key":"","speechkit_error":"","speechkit_info":"","speechkit_response":"","speechkit_retries":"","speechkit_status":"","speechkit_updated_at":"","_speechkit_link":"","_speechkit_text":""},"categories":[1],"tags":[99,1613],"class_list":["post-3480","post","type-post","status-publish","format-standard","hentry","category-kuvien-takaa","tag-elokuvateatterit","tag-turku"],"om_views":null,"acf":{"tuuma_off":false,"tuuma_kysymys":"","tuuma_vastaus":""},"asauth":{"required_access_level":1,"share_token":"","is_paid":false},"yoast_head":"<!-- This site is optimized with the Yoast SEO plugin v26.4 - https:\/\/yoast.com\/wordpress\/plugins\/seo\/ -->\n<title>Turun uusin elokuvateatterisali, jota ei ollutkaan - Kuvien takaa<\/title>\n<meta name=\"robots\" content=\"index, follow, max-snippet:-1, max-image-preview:large, max-video-preview:-1\" \/>\n<link rel=\"canonical\" href=\"https:\/\/suomenkuvalehti.fi\/kuvien-takaa\/turun-uusin-elokuvateatterisali-jota-ei-ollutkaan\/\" \/>\n<meta property=\"og:locale\" content=\"fi_FI\" \/>\n<meta property=\"og:type\" content=\"article\" \/>\n<meta property=\"og:title\" content=\"Turun uusin elokuvateatterisali, jota ei ollutkaan - Kuvien takaa\" \/>\n<meta property=\"og:description\" content=\"Turku on ollut pitk\u00e4\u00e4n Suomen surkeimpia kaupunkeja, jos mittarina on elokuvateatterisalien m\u00e4\u00e4r\u00e4 ja kapasiteetti verrattuna asukasm\u00e4\u00e4r\u00e4\u00e4n. Tilanne romahti kehnosta katastrofaaliseksi viime vuosikymmenell\u00e4. Vuonna 2007 suljettiin Thalia ja vuonna 2009 Julia. Viime vuosien a&hellip;\" \/>\n<meta property=\"og:url\" content=\"https:\/\/suomenkuvalehti.fi\/kuvien-takaa\/turun-uusin-elokuvateatterisali-jota-ei-ollutkaan\/\" \/>\n<meta property=\"og:site_name\" content=\"Kuvien takaa\" \/>\n<meta property=\"article:author\" content=\"https:\/\/www.facebook.com\/pages\/Kalle-Kinnunen-Kuvien-takaa\/190326157715410?fref=ts\" \/>\n<meta property=\"article:published_time\" content=\"2016-05-02T12:10:02+00:00\" \/>\n<meta property=\"article:modified_time\" content=\"2016-05-02T12:28:02+00:00\" \/>\n<meta property=\"og:image\" content=\"https:\/\/suomenkuvalehti.fi\/kuvien-takaa\/wp-content\/uploads\/sites\/11\/2022\/04\/kalle_kinnunen_blogi-1-scaled.jpg\" \/>\n\t<meta property=\"og:image:width\" content=\"2560\" \/>\n\t<meta property=\"og:image:height\" content=\"1707\" \/>\n\t<meta property=\"og:image:type\" content=\"image\/jpeg\" \/>\n<meta name=\"author\" content=\"Kalle Kinnunen\" \/>\n<meta name=\"twitter:card\" content=\"summary_large_image\" \/>\n<meta name=\"twitter:creator\" content=\"@https:\/\/twitter.com\/kallekinnunen\" \/>\n<meta name=\"twitter:label1\" content=\"Written by\" \/>\n\t<meta name=\"twitter:data1\" content=\"Kalle Kinnunen\" \/>\n\t<meta name=\"twitter:label2\" content=\"Est. reading time\" \/>\n\t<meta name=\"twitter:data2\" content=\"1 minuutti\" \/>\n<script type=\"application\/ld+json\" class=\"yoast-schema-graph\">{\"@context\":\"https:\/\/schema.org\",\"@graph\":[{\"@type\":\"WebPage\",\"@id\":\"https:\/\/suomenkuvalehti.fi\/kuvien-takaa\/turun-uusin-elokuvateatterisali-jota-ei-ollutkaan\/\",\"url\":\"https:\/\/suomenkuvalehti.fi\/kuvien-takaa\/turun-uusin-elokuvateatterisali-jota-ei-ollutkaan\/\",\"name\":\"Turun uusin elokuvateatterisali, jota ei ollutkaan - Kuvien takaa\",\"isPartOf\":{\"@id\":\"https:\/\/suomenkuvalehti.fi\/kuvien-takaa\/#website\"},\"datePublished\":\"2016-05-02T12:10:02+00:00\",\"dateModified\":\"2016-05-02T12:28:02+00:00\",\"author\":{\"@id\":\"https:\/\/suomenkuvalehti.fi\/kuvien-takaa\/#\/schema\/person\/f3f657e4ad409e008f12af27bec60a23\"},\"breadcrumb\":{\"@id\":\"https:\/\/suomenkuvalehti.fi\/kuvien-takaa\/turun-uusin-elokuvateatterisali-jota-ei-ollutkaan\/#breadcrumb\"},\"inLanguage\":\"fi\",\"potentialAction\":[{\"@type\":\"ReadAction\",\"target\":[\"https:\/\/suomenkuvalehti.fi\/kuvien-takaa\/turun-uusin-elokuvateatterisali-jota-ei-ollutkaan\/\"]}]},{\"@type\":\"BreadcrumbList\",\"@id\":\"https:\/\/suomenkuvalehti.fi\/kuvien-takaa\/turun-uusin-elokuvateatterisali-jota-ei-ollutkaan\/#breadcrumb\",\"itemListElement\":[{\"@type\":\"ListItem\",\"position\":1,\"name\":\"Home\",\"item\":\"https:\/\/suomenkuvalehti.fi\/kuvien-takaa\/\"},{\"@type\":\"ListItem\",\"position\":2,\"name\":\"Turun uusin elokuvateatterisali, jota ei ollutkaan\"}]},{\"@type\":\"WebSite\",\"@id\":\"https:\/\/suomenkuvalehti.fi\/kuvien-takaa\/#website\",\"url\":\"https:\/\/suomenkuvalehti.fi\/kuvien-takaa\/\",\"name\":\"Kuvien takaa\",\"description\":\"Elokuvakriitikko Kalle Kinnusen elokuvablogi.\",\"potentialAction\":[{\"@type\":\"SearchAction\",\"target\":{\"@type\":\"EntryPoint\",\"urlTemplate\":\"https:\/\/suomenkuvalehti.fi\/haku\/?q={search_term_string}\"},\"query-input\":{\"@type\":\"PropertyValueSpecification\",\"valueRequired\":true,\"valueName\":\"search_term_string\"}}],\"inLanguage\":\"fi\"},{\"@type\":\"Person\",\"@id\":\"https:\/\/suomenkuvalehti.fi\/kuvien-takaa\/#\/schema\/person\/f3f657e4ad409e008f12af27bec60a23\",\"name\":\"Kalle Kinnunen\",\"image\":{\"@type\":\"ImageObject\",\"inLanguage\":\"fi\",\"@id\":\"https:\/\/suomenkuvalehti.fi\/kuvien-takaa\/#\/schema\/person\/image\/\",\"url\":\"https:\/\/suomenkuvalehti.fi\/kuvien-takaa\/wp-content\/uploads\/sites\/11\/2022\/04\/kalle_kinnunen_blogi-1-150x150.jpg\",\"contentUrl\":\"https:\/\/suomenkuvalehti.fi\/kuvien-takaa\/wp-content\/uploads\/sites\/11\/2022\/04\/kalle_kinnunen_blogi-1-150x150.jpg\",\"caption\":\"Kalle Kinnunen\"},\"description\":\"Kalle Kinnunen on vapaa toimittaja ja Suomen Kuvalehden avustaja.\",\"sameAs\":[\"https:\/\/www.facebook.com\/pages\/Kalle-Kinnunen-Kuvien-takaa\/190326157715410?fref=ts\",\"https:\/\/x.com\/https:\/\/twitter.com\/kallekinnunen\"]}]}<\/script>\n<!-- \/ Yoast SEO plugin. -->","yoast_head_json":{"title":"Turun uusin elokuvateatterisali, jota ei ollutkaan - Kuvien takaa","robots":{"index":"index","follow":"follow","max-snippet":"max-snippet:-1","max-image-preview":"max-image-preview:large","max-video-preview":"max-video-preview:-1"},"canonical":"https:\/\/suomenkuvalehti.fi\/kuvien-takaa\/turun-uusin-elokuvateatterisali-jota-ei-ollutkaan\/","og_locale":"fi_FI","og_type":"article","og_title":"Turun uusin elokuvateatterisali, jota ei ollutkaan - Kuvien takaa","og_description":"Turku on ollut pitk\u00e4\u00e4n Suomen surkeimpia kaupunkeja, jos mittarina on elokuvateatterisalien m\u00e4\u00e4r\u00e4 ja kapasiteetti verrattuna asukasm\u00e4\u00e4r\u00e4\u00e4n. Tilanne romahti kehnosta katastrofaaliseksi viime vuosikymmenell\u00e4. Vuonna 2007 suljettiin Thalia ja vuonna 2009 Julia. Viime vuosien a&hellip;","og_url":"https:\/\/suomenkuvalehti.fi\/kuvien-takaa\/turun-uusin-elokuvateatterisali-jota-ei-ollutkaan\/","og_site_name":"Kuvien takaa","article_author":"https:\/\/www.facebook.com\/pages\/Kalle-Kinnunen-Kuvien-takaa\/190326157715410?fref=ts","article_published_time":"2016-05-02T12:10:02+00:00","article_modified_time":"2016-05-02T12:28:02+00:00","og_image":[{"width":2560,"height":1707,"url":"https:\/\/suomenkuvalehti.fi\/kuvien-takaa\/wp-content\/uploads\/sites\/11\/2022\/04\/kalle_kinnunen_blogi-1-scaled.jpg","type":"image\/jpeg"}],"author":"Kalle Kinnunen","twitter_card":"summary_large_image","twitter_creator":"@https:\/\/twitter.com\/kallekinnunen","twitter_misc":{"Written by":"Kalle Kinnunen","Est. reading time":"1 minuutti"},"schema":{"@context":"https:\/\/schema.org","@graph":[{"@type":"WebPage","@id":"https:\/\/suomenkuvalehti.fi\/kuvien-takaa\/turun-uusin-elokuvateatterisali-jota-ei-ollutkaan\/","url":"https:\/\/suomenkuvalehti.fi\/kuvien-takaa\/turun-uusin-elokuvateatterisali-jota-ei-ollutkaan\/","name":"Turun uusin elokuvateatterisali, jota ei ollutkaan - Kuvien takaa","isPartOf":{"@id":"https:\/\/suomenkuvalehti.fi\/kuvien-takaa\/#website"},"datePublished":"2016-05-02T12:10:02+00:00","dateModified":"2016-05-02T12:28:02+00:00","author":{"@id":"https:\/\/suomenkuvalehti.fi\/kuvien-takaa\/#\/schema\/person\/f3f657e4ad409e008f12af27bec60a23"},"breadcrumb":{"@id":"https:\/\/suomenkuvalehti.fi\/kuvien-takaa\/turun-uusin-elokuvateatterisali-jota-ei-ollutkaan\/#breadcrumb"},"inLanguage":"fi","potentialAction":[{"@type":"ReadAction","target":["https:\/\/suomenkuvalehti.fi\/kuvien-takaa\/turun-uusin-elokuvateatterisali-jota-ei-ollutkaan\/"]}]},{"@type":"BreadcrumbList","@id":"https:\/\/suomenkuvalehti.fi\/kuvien-takaa\/turun-uusin-elokuvateatterisali-jota-ei-ollutkaan\/#breadcrumb","itemListElement":[{"@type":"ListItem","position":1,"name":"Home","item":"https:\/\/suomenkuvalehti.fi\/kuvien-takaa\/"},{"@type":"ListItem","position":2,"name":"Turun uusin elokuvateatterisali, jota ei ollutkaan"}]},{"@type":"WebSite","@id":"https:\/\/suomenkuvalehti.fi\/kuvien-takaa\/#website","url":"https:\/\/suomenkuvalehti.fi\/kuvien-takaa\/","name":"Kuvien takaa","description":"Elokuvakriitikko Kalle Kinnusen elokuvablogi.","potentialAction":[{"@type":"SearchAction","target":{"@type":"EntryPoint","urlTemplate":"https:\/\/suomenkuvalehti.fi\/haku\/?q={search_term_string}"},"query-input":{"@type":"PropertyValueSpecification","valueRequired":true,"valueName":"search_term_string"}}],"inLanguage":"fi"},{"@type":"Person","@id":"https:\/\/suomenkuvalehti.fi\/kuvien-takaa\/#\/schema\/person\/f3f657e4ad409e008f12af27bec60a23","name":"Kalle Kinnunen","image":{"@type":"ImageObject","inLanguage":"fi","@id":"https:\/\/suomenkuvalehti.fi\/kuvien-takaa\/#\/schema\/person\/image\/","url":"https:\/\/suomenkuvalehti.fi\/kuvien-takaa\/wp-content\/uploads\/sites\/11\/2022\/04\/kalle_kinnunen_blogi-1-150x150.jpg","contentUrl":"https:\/\/suomenkuvalehti.fi\/kuvien-takaa\/wp-content\/uploads\/sites\/11\/2022\/04\/kalle_kinnunen_blogi-1-150x150.jpg","caption":"Kalle Kinnunen"},"description":"Kalle Kinnunen on vapaa toimittaja ja Suomen Kuvalehden avustaja.","sameAs":["https:\/\/www.facebook.com\/pages\/Kalle-Kinnunen-Kuvien-takaa\/190326157715410?fref=ts","https:\/\/x.com\/https:\/\/twitter.com\/kallekinnunen"]}]}},"_links":{"self":[{"href":"https:\/\/suomenkuvalehti.fi\/kuvien-takaa\/wp-json\/wp\/v2\/posts\/3480","targetHints":{"allow":["GET"]}}],"collection":[{"href":"https:\/\/suomenkuvalehti.fi\/kuvien-takaa\/wp-json\/wp\/v2\/posts"}],"about":[{"href":"https:\/\/suomenkuvalehti.fi\/kuvien-takaa\/wp-json\/wp\/v2\/types\/post"}],"author":[{"embeddable":true,"href":"https:\/\/suomenkuvalehti.fi\/kuvien-takaa\/wp-json\/wp\/v2\/users\/144"}],"replies":[{"embeddable":true,"href":"https:\/\/suomenkuvalehti.fi\/kuvien-takaa\/wp-json\/wp\/v2\/comments?post=3480"}],"version-history":[{"count":6,"href":"https:\/\/suomenkuvalehti.fi\/kuvien-takaa\/wp-json\/wp\/v2\/posts\/3480\/revisions"}],"predecessor-version":[{"id":3486,"href":"https:\/\/suomenkuvalehti.fi\/kuvien-takaa\/wp-json\/wp\/v2\/posts\/3480\/revisions\/3486"}],"wp:attachment":[{"href":"https:\/\/suomenkuvalehti.fi\/kuvien-takaa\/wp-json\/wp\/v2\/media?parent=3480"}],"wp:term":[{"taxonomy":"category","embeddable":true,"href":"https:\/\/suomenkuvalehti.fi\/kuvien-takaa\/wp-json\/wp\/v2\/categories?post=3480"},{"taxonomy":"post_tag","embeddable":true,"href":"https:\/\/suomenkuvalehti.fi\/kuvien-takaa\/wp-json\/wp\/v2\/tags?post=3480"}],"curies":[{"name":"wp","href":"https:\/\/api.w.org\/{rel}","templated":true}]}}