{"id":3473,"date":"2016-04-27T21:39:22","date_gmt":"2016-04-27T18:39:22","guid":{"rendered":"https:\/\/suomenkuvalehti.fi\/kuvien-takaa\/?p=3473"},"modified":"2016-04-27T21:46:14","modified_gmt":"2016-04-27T18:46:14","slug":"oliver-stonella-ja-hanen-snowden-elokuvallaan-on-uskottavuusongelmia","status":"publish","type":"post","link":"https:\/\/suomenkuvalehti.fi\/kuvien-takaa\/oliver-stonella-ja-hanen-snowden-elokuvallaan-on-uskottavuusongelmia\/","title":{"rendered":"Oliver Stonella ja h\u00e4nen Snowden-elokuvallaan on uskottavuusongelmia"},"content":{"rendered":"\n<p>Ongelmat vain pahenevat.<\/p>\n\n\n\n<p><strong>Oliver Stone<\/strong> on nyt tehnyt elokuvan tietovuotaja <strong>Edward Snowdenista<\/strong>. Ohjaaja-k\u00e4sikirjoittaja ja Oscar-voittaja Stone on ikuinen vastarinnankiiski, ja Snowden on h\u00e4nelle mit\u00e4 tyypillisin aihe ja sankari: pieni ihminen, intohimoinen ty\u00f6ns\u00e4 tekij\u00e4 ja hiljainen is\u00e4nmaanyst\u00e4v\u00e4, jonka omatunto pakottaa radikaaliin ratkaisuun totuuden puolesta.<\/p>\n\n\n\n<p>Kiihke\u00e4ksi leikattu traileri n\u00e4ytt\u00e4\u00e4 visuaalisesti aavistuksen kiinnostavammalta kuin Stonen leffat yli kymmeneen vuoteen. Valitettavasti siin\u00e4 on kaikki muu pieless\u00e4.<\/p>\n\n\n<p><iframe loading=\"lazy\" width=\"630\" height=\"354\" src=\"https:\/\/www.youtube.com\/embed\/QlSAiI3xMh4?feature=oembed\" frameborder=\"0\" allowfullscreen><\/iframe><\/p>\n\n\n<p>Snowdenista ja h\u00e4nen tarinastaan juntataan trailerissa kliseekimppua.<\/p>\n\n\n\n<p>NSA vakoilee kaikkia! Useimmat ihmiset eiv\u00e4t halua vapautta vaan turvallisuutta! Hallitus tekee v\u00e4\u00e4rin, enk\u00e4 voi vain katsella! Saattaa tulla kuolemantuomio! Puhelin soi!<\/p>\n\n\n\n<p><strong>Joseph Gordon-Levittin<\/strong> t\u00e4ytyy todistaa ja todistaa p\u00e4rj\u00e4\u00e4v\u00e4ns\u00e4 isoa leffaa kantavassa p\u00e4\u00e4osassa! Internetsien tietoliikenne visualisoidaan niin vakuuttavasti, ett\u00e4 tekee mieli sijoittaa rahaa WAP-teknologiaan! Uskotteko mit\u00e4 min\u00e4 sanon! Jos ei neuroosi viel\u00e4 iske, niin <strong>Nicolas Cage<\/strong>!<\/p>\n\n\n\n<p>Trailerin perusteella en yleens\u00e4 halua elokuvia kritisoida, mutta kyll\u00e4 t\u00e4ss\u00e4 ep\u00e4ilyksi\u00e4 her\u00e4\u00e4 enemm\u00e4n kuin kahteen minuuttiin mahtuu vertauskuvallisia huutomerkkej\u00e4.<\/p>\n\n\n\n<p>Lyhyesti taiteilijasta nimelt\u00e4 Oliver Stone. H\u00e4n oli vuosien ajan suunnilleen Amerikan kiinnostavin elokuvantekij\u00e4. <em>JFK<\/em> on edelleen mestariteos, enk\u00e4 puhu sen sis\u00e4lt\u00e4mist\u00e4 teorioista (yhteennivottuna ilmeist\u00e4 huuhaata) vaan siit\u00e4, kuinka taitavasti ne kerrottiin: elokuvan katsomisen <em>aikana<\/em> tuntuu, ett\u00e4 t\u00e4ss\u00e4 todella selvitet\u00e4\u00e4n <strong>John F. Kennedyn<\/strong> murhan takaa aivan sairas salaliitto ja ett\u00e4 katsojanakin on ihan helvetin suuressa vaarassa.<\/p>\n\n\n\n<p>My\u00f6s <em>Talk Radio<\/em> on heng\u00e4stytt\u00e4v\u00e4 kertomus miehest\u00e4, joka ei kerta kaikkiaan voi olla ylitt\u00e4m\u00e4tt\u00e4 vaarallisia rajoja, pelk\u00e4ll\u00e4 puheella. Rujo sota-alueen ja patologisesti uhkarohkean mentaliteetin kuvaus <em>Salvador<\/em> on kolmas vahva ehdokas Stonen parhaaksi elokuvaksi.<\/p>\n\n\n\n<p>My\u00f6s <em>Natural Born Killersin<\/em> leikkaamaton versio on loistava elokuva ja yksi Hollywoodin rohkeimmista satiireista koskaan, <em>Syntynyt 4. hein\u00e4kuuta<\/em> on p\u00e4tev\u00e4\u00e4 rauhallisempaa Stonea ja pid\u00e4n jopa <em>The Doors<\/em> -elokuvasta paljon, mutta suhteeni siihen on hyvin henkil\u00f6kohtainen ellei suorastaan perverssi.<\/p>\n\n\n\n<p>Stonen ura pitkien fiktioiden parissa on kuitenkin ollut kohta 20 vuotta alam\u00e4ke\u00e4.<\/p>\n\n\n\n<p>T\u00e4n\u00e4\u00e4n Stone saattaa vaikuttaa poliittisesti skitsofreenikolta. Osassa teoksia on republikaanihenke\u00e4. H\u00e4n teki elokuvan <em>World Trade Center<\/em>, joka k\u00e4sittelee tornien sortumisen v\u00e4litt\u00f6mi\u00e4 seurauksia erilaisten periamerikkalaisten sankarihahmojen n\u00e4k\u00f6kulmasta. <em>W.<\/em>, h\u00e4nen hullutteleva tulkintansa <strong>George W. Bushista<\/strong>, ei ollut kyllin yksiselitteisesti pilkallinen saadakseen vasemmiston hyv\u00e4ksynt\u00e4\u00e4.<\/p>\n\n\n\n<p>Tosin World Trade Centeriss\u00e4 ei edes vihjata, mik\u00e4 tornit kaatoi &#8211; elokuva t\u00e4ysin vaikkapa salaliittoteorioiden kannattajien halattavissa &#8211; ja toisaalta se <strong>Michael Shannonin<\/strong> sotilassankarihahmo oli ainakin minusta pelottavan psykoottinen olento, ei ihailtava sankari. Valitettavasti World Trade Center oli elokuvana aika heikko. W. oli mielest\u00e4ni aika viihdytt\u00e4v\u00e4 ja hauska, joskaan ei tarpeeksi kumpaakaan.<\/p>\n\n\n\n<p>Toisaalta Stone teki taannoin suurit\u00f6isen historiasarjan ja -nkirjan Amerikasta. <a href=\"https:\/\/suomenkuvalehti.fi\/kuvien-takaa\/karlovy-vary-2013-koko-eurooppa-koostuu-nyt-yhdysvaltojen-satelliittivaltioista-jyrahti-oliver-stone\/?shared=52-b9f3fb23-999\" target=\"_blank\">The Untold History of the United States<\/a> oli usein vet\u00e4v\u00e4\u00e4, mutta v\u00e4lill\u00e4 siet\u00e4m\u00e4tt\u00f6m\u00e4n h\u00f6rh\u00f6ilev\u00e4\u00e4, salaliitoilla m\u00e4ss\u00e4ilev\u00e4\u00e4 kamaa &#8211; ehk\u00e4 kokonaisuutena kiusallinen puolelle j\u00e4\u00e4v\u00e4 anekdootti ristiriitaisella uralla.<\/p>\n\n\n\n<p>Mutta t\u00e4m\u00e4 Snowden. Miss\u00e4 paukut?<\/p>\n\n\n\n<p>Stone ei kai en\u00e4\u00e4 koskaan saa t\u00e4hdist\u00e4\u00e4n irti tehoja, jollaisiin <strong>Kevin Costner<\/strong> (!) venyi JFK:ssa, <strong>Eric Bogosian<\/strong> Talk Radiossa ja <strong>James Woods<\/strong> ja <strong>Jim Belushi<\/strong> Salvadorissa.<\/p>\n\n\n\n<p>Snowdenin uskottiin jossain vaiheessa valmistuvan Cannesin elokuvajuhlille (Ranskassa Stone on yh\u00e4 <em>merkitt\u00e4v\u00e4<\/em>), mutta se ei kuulu ohjelmistoon. Selitys on, ettei se ole valmis, tai ett\u00e4 my\u00f6hempi ensi-ilta on parempi levitysstrategialle. Cannes-pomo <strong>Thierry Fremaux<\/strong> sanoo kuitenkin n\u00e4hneens\u00e4 elokuvan ja ett\u00e4 se on <a href=\"http:\/\/www.screendaily.com\/news\/cannes-thierry-fremaux-interview\/5102645.article\" target=\"_blank\">oikein hyv\u00e4<\/a>. Toisaalta Fremaux on antanut festivaalinsa alkaa esimerkiksi <a href=\"https:\/\/suomenkuvalehti.fi\/jutut\/kulttuuri\/elokuva\/arvio-grace-monaco-epaonnistunut-hovidraama\/?shared=40798-4c546273-999\" target=\"_blank\"><em>Grace of Monacolla<\/em><\/a>, joten laatupuheet on ymm\u00e4rrett\u00e4v\u00e4 kohteliaisuuksiksi.<\/p>\n\n\n\n<p>Odotan ja pelk\u00e4\u00e4n Snowdenin n\u00e4kemist\u00e4. Ilmeisesti se saa ensi-iltansa syksyll\u00e4, jolloin Stone my\u00f6s t\u00e4ytt\u00e4\u00e4 70.<\/p>\n\n\n\n<p>&nbsp;<\/p>\n\n\n\n<p>&nbsp;<\/p>\n\n\n\n<p>&nbsp;<\/p>\n\n\n","protected":false},"excerpt":{"rendered":"<p>Ongelmat vain pahenevat. Oliver Stone on nyt tehnyt elokuvan tietovuotaja Edward Snowdenista. Ohjaaja-k\u00e4sikirjoittaja ja Oscar-voittaja Stone on ikuinen vastarinnankiiski, ja Snowden on h\u00e4nelle mit\u00e4 tyypillisin aihe ja sankari: pieni ihminen, intohimoinen<br \/>\nty&hellip;<\/p>\n","protected":false},"author":144,"featured_media":0,"comment_status":"open","ping_status":"closed","sticky":false,"template":"","format":"standard","meta":{"_acf_changed":false,"asauth_required_access_level":3,"asauth_cansharepaid":"true","om_header_attributes":[],"footnotes":"","om_featured_image_focal_point":[],"om_primary_tag":0,"om_contributors":[],"om_co_authors":[],"beyondwords_generate_audio":"","beyondwords_project_id":"","beyondwords_content_id":"","beyondwords_preview_token":"","beyondwords_player_content":"","beyondwords_player_style":"","beyondwords_language_code":"","beyondwords_language_id":"","beyondwords_title_voice_id":"","beyondwords_body_voice_id":"","beyondwords_summary_voice_id":"","beyondwords_error_message":"","beyondwords_disabled":"","beyondwords_delete_content":"","beyondwords_podcast_id":"","beyondwords_hash":"","publish_post_to_speechkit":"","speechkit_hash":"","speechkit_generate_audio":"","speechkit_project_id":"","speechkit_podcast_id":"","speechkit_error_message":"","speechkit_disabled":"","speechkit_access_key":"","speechkit_error":"","speechkit_info":"","speechkit_response":"","speechkit_retries":"","speechkit_status":"","speechkit_updated_at":"","_speechkit_link":"","_speechkit_text":""},"categories":[1],"tags":[166,857,164,2308],"class_list":["post-3473","post","type-post","status-publish","format-standard","hentry","category-kuvien-takaa","tag-edward-snowden","tag-jfk","tag-oliver-stone","tag-snowden"],"om_views":null,"acf":{"tuuma_off":false,"tuuma_kysymys":"","tuuma_vastaus":""},"asauth":{"required_access_level":1,"share_token":"","is_paid":false},"yoast_head":"<!-- This site is optimized with the Yoast SEO plugin v26.4 - https:\/\/yoast.com\/wordpress\/plugins\/seo\/ -->\n<title>Oliver Stonella ja h\u00e4nen Snowden-elokuvallaan on uskottavuusongelmia - Kuvien takaa<\/title>\n<meta name=\"robots\" content=\"index, follow, max-snippet:-1, max-image-preview:large, max-video-preview:-1\" \/>\n<link rel=\"canonical\" href=\"https:\/\/suomenkuvalehti.fi\/kuvien-takaa\/oliver-stonella-ja-hanen-snowden-elokuvallaan-on-uskottavuusongelmia\/\" \/>\n<meta property=\"og:locale\" content=\"fi_FI\" \/>\n<meta property=\"og:type\" content=\"article\" \/>\n<meta property=\"og:title\" content=\"Oliver Stonella ja h\u00e4nen Snowden-elokuvallaan on uskottavuusongelmia - Kuvien takaa\" \/>\n<meta property=\"og:description\" content=\"Ongelmat vain pahenevat. Oliver Stone on nyt tehnyt elokuvan tietovuotaja Edward Snowdenista. Ohjaaja-k\u00e4sikirjoittaja ja Oscar-voittaja Stone on ikuinen vastarinnankiiski, ja Snowden on h\u00e4nelle mit\u00e4 tyypillisin aihe ja sankari: pieni ihminen, intohimoinen ty&hellip;\" \/>\n<meta property=\"og:url\" content=\"https:\/\/suomenkuvalehti.fi\/kuvien-takaa\/oliver-stonella-ja-hanen-snowden-elokuvallaan-on-uskottavuusongelmia\/\" \/>\n<meta property=\"og:site_name\" content=\"Kuvien takaa\" \/>\n<meta property=\"article:author\" content=\"https:\/\/www.facebook.com\/pages\/Kalle-Kinnunen-Kuvien-takaa\/190326157715410?fref=ts\" \/>\n<meta property=\"article:published_time\" content=\"2016-04-27T18:39:22+00:00\" \/>\n<meta property=\"article:modified_time\" content=\"2016-04-27T18:46:14+00:00\" \/>\n<meta property=\"og:image\" content=\"https:\/\/suomenkuvalehti.fi\/kuvien-takaa\/wp-content\/uploads\/sites\/11\/2022\/04\/kalle_kinnunen_blogi-1-scaled.jpg\" \/>\n\t<meta property=\"og:image:width\" content=\"2560\" \/>\n\t<meta property=\"og:image:height\" content=\"1707\" \/>\n\t<meta property=\"og:image:type\" content=\"image\/jpeg\" \/>\n<meta name=\"author\" content=\"Kalle Kinnunen\" \/>\n<meta name=\"twitter:card\" content=\"summary_large_image\" \/>\n<meta name=\"twitter:creator\" content=\"@https:\/\/twitter.com\/kallekinnunen\" \/>\n<meta name=\"twitter:label1\" content=\"Written by\" \/>\n\t<meta name=\"twitter:data1\" content=\"Kalle Kinnunen\" \/>\n\t<meta name=\"twitter:label2\" content=\"Est. reading time\" \/>\n\t<meta name=\"twitter:data2\" content=\"3 minuuttia\" \/>\n<script type=\"application\/ld+json\" class=\"yoast-schema-graph\">{\"@context\":\"https:\/\/schema.org\",\"@graph\":[{\"@type\":\"WebPage\",\"@id\":\"https:\/\/suomenkuvalehti.fi\/kuvien-takaa\/oliver-stonella-ja-hanen-snowden-elokuvallaan-on-uskottavuusongelmia\/\",\"url\":\"https:\/\/suomenkuvalehti.fi\/kuvien-takaa\/oliver-stonella-ja-hanen-snowden-elokuvallaan-on-uskottavuusongelmia\/\",\"name\":\"Oliver Stonella ja h\u00e4nen Snowden-elokuvallaan on uskottavuusongelmia - Kuvien takaa\",\"isPartOf\":{\"@id\":\"https:\/\/suomenkuvalehti.fi\/kuvien-takaa\/#website\"},\"datePublished\":\"2016-04-27T18:39:22+00:00\",\"dateModified\":\"2016-04-27T18:46:14+00:00\",\"author\":{\"@id\":\"https:\/\/suomenkuvalehti.fi\/kuvien-takaa\/#\/schema\/person\/f3f657e4ad409e008f12af27bec60a23\"},\"breadcrumb\":{\"@id\":\"https:\/\/suomenkuvalehti.fi\/kuvien-takaa\/oliver-stonella-ja-hanen-snowden-elokuvallaan-on-uskottavuusongelmia\/#breadcrumb\"},\"inLanguage\":\"fi\",\"potentialAction\":[{\"@type\":\"ReadAction\",\"target\":[\"https:\/\/suomenkuvalehti.fi\/kuvien-takaa\/oliver-stonella-ja-hanen-snowden-elokuvallaan-on-uskottavuusongelmia\/\"]}]},{\"@type\":\"BreadcrumbList\",\"@id\":\"https:\/\/suomenkuvalehti.fi\/kuvien-takaa\/oliver-stonella-ja-hanen-snowden-elokuvallaan-on-uskottavuusongelmia\/#breadcrumb\",\"itemListElement\":[{\"@type\":\"ListItem\",\"position\":1,\"name\":\"Home\",\"item\":\"https:\/\/suomenkuvalehti.fi\/kuvien-takaa\/\"},{\"@type\":\"ListItem\",\"position\":2,\"name\":\"Oliver Stonella ja h\u00e4nen Snowden-elokuvallaan on uskottavuusongelmia\"}]},{\"@type\":\"WebSite\",\"@id\":\"https:\/\/suomenkuvalehti.fi\/kuvien-takaa\/#website\",\"url\":\"https:\/\/suomenkuvalehti.fi\/kuvien-takaa\/\",\"name\":\"Kuvien takaa\",\"description\":\"Elokuvakriitikko Kalle Kinnusen elokuvablogi.\",\"potentialAction\":[{\"@type\":\"SearchAction\",\"target\":{\"@type\":\"EntryPoint\",\"urlTemplate\":\"https:\/\/suomenkuvalehti.fi\/haku\/?q={search_term_string}\"},\"query-input\":{\"@type\":\"PropertyValueSpecification\",\"valueRequired\":true,\"valueName\":\"search_term_string\"}}],\"inLanguage\":\"fi\"},{\"@type\":\"Person\",\"@id\":\"https:\/\/suomenkuvalehti.fi\/kuvien-takaa\/#\/schema\/person\/f3f657e4ad409e008f12af27bec60a23\",\"name\":\"Kalle Kinnunen\",\"image\":{\"@type\":\"ImageObject\",\"inLanguage\":\"fi\",\"@id\":\"https:\/\/suomenkuvalehti.fi\/kuvien-takaa\/#\/schema\/person\/image\/\",\"url\":\"https:\/\/suomenkuvalehti.fi\/kuvien-takaa\/wp-content\/uploads\/sites\/11\/2022\/04\/kalle_kinnunen_blogi-1-150x150.jpg\",\"contentUrl\":\"https:\/\/suomenkuvalehti.fi\/kuvien-takaa\/wp-content\/uploads\/sites\/11\/2022\/04\/kalle_kinnunen_blogi-1-150x150.jpg\",\"caption\":\"Kalle Kinnunen\"},\"description\":\"Kalle Kinnunen on vapaa toimittaja ja Suomen Kuvalehden avustaja.\",\"sameAs\":[\"https:\/\/www.facebook.com\/pages\/Kalle-Kinnunen-Kuvien-takaa\/190326157715410?fref=ts\",\"https:\/\/x.com\/https:\/\/twitter.com\/kallekinnunen\"]}]}<\/script>\n<!-- \/ Yoast SEO plugin. -->","yoast_head_json":{"title":"Oliver Stonella ja h\u00e4nen Snowden-elokuvallaan on uskottavuusongelmia - Kuvien takaa","robots":{"index":"index","follow":"follow","max-snippet":"max-snippet:-1","max-image-preview":"max-image-preview:large","max-video-preview":"max-video-preview:-1"},"canonical":"https:\/\/suomenkuvalehti.fi\/kuvien-takaa\/oliver-stonella-ja-hanen-snowden-elokuvallaan-on-uskottavuusongelmia\/","og_locale":"fi_FI","og_type":"article","og_title":"Oliver Stonella ja h\u00e4nen Snowden-elokuvallaan on uskottavuusongelmia - Kuvien takaa","og_description":"Ongelmat vain pahenevat. Oliver Stone on nyt tehnyt elokuvan tietovuotaja Edward Snowdenista. Ohjaaja-k\u00e4sikirjoittaja ja Oscar-voittaja Stone on ikuinen vastarinnankiiski, ja Snowden on h\u00e4nelle mit\u00e4 tyypillisin aihe ja sankari: pieni ihminen, intohimoinen ty&hellip;","og_url":"https:\/\/suomenkuvalehti.fi\/kuvien-takaa\/oliver-stonella-ja-hanen-snowden-elokuvallaan-on-uskottavuusongelmia\/","og_site_name":"Kuvien takaa","article_author":"https:\/\/www.facebook.com\/pages\/Kalle-Kinnunen-Kuvien-takaa\/190326157715410?fref=ts","article_published_time":"2016-04-27T18:39:22+00:00","article_modified_time":"2016-04-27T18:46:14+00:00","og_image":[{"width":2560,"height":1707,"url":"https:\/\/suomenkuvalehti.fi\/kuvien-takaa\/wp-content\/uploads\/sites\/11\/2022\/04\/kalle_kinnunen_blogi-1-scaled.jpg","type":"image\/jpeg"}],"author":"Kalle Kinnunen","twitter_card":"summary_large_image","twitter_creator":"@https:\/\/twitter.com\/kallekinnunen","twitter_misc":{"Written by":"Kalle Kinnunen","Est. reading time":"3 minuuttia"},"schema":{"@context":"https:\/\/schema.org","@graph":[{"@type":"WebPage","@id":"https:\/\/suomenkuvalehti.fi\/kuvien-takaa\/oliver-stonella-ja-hanen-snowden-elokuvallaan-on-uskottavuusongelmia\/","url":"https:\/\/suomenkuvalehti.fi\/kuvien-takaa\/oliver-stonella-ja-hanen-snowden-elokuvallaan-on-uskottavuusongelmia\/","name":"Oliver Stonella ja h\u00e4nen Snowden-elokuvallaan on uskottavuusongelmia - Kuvien takaa","isPartOf":{"@id":"https:\/\/suomenkuvalehti.fi\/kuvien-takaa\/#website"},"datePublished":"2016-04-27T18:39:22+00:00","dateModified":"2016-04-27T18:46:14+00:00","author":{"@id":"https:\/\/suomenkuvalehti.fi\/kuvien-takaa\/#\/schema\/person\/f3f657e4ad409e008f12af27bec60a23"},"breadcrumb":{"@id":"https:\/\/suomenkuvalehti.fi\/kuvien-takaa\/oliver-stonella-ja-hanen-snowden-elokuvallaan-on-uskottavuusongelmia\/#breadcrumb"},"inLanguage":"fi","potentialAction":[{"@type":"ReadAction","target":["https:\/\/suomenkuvalehti.fi\/kuvien-takaa\/oliver-stonella-ja-hanen-snowden-elokuvallaan-on-uskottavuusongelmia\/"]}]},{"@type":"BreadcrumbList","@id":"https:\/\/suomenkuvalehti.fi\/kuvien-takaa\/oliver-stonella-ja-hanen-snowden-elokuvallaan-on-uskottavuusongelmia\/#breadcrumb","itemListElement":[{"@type":"ListItem","position":1,"name":"Home","item":"https:\/\/suomenkuvalehti.fi\/kuvien-takaa\/"},{"@type":"ListItem","position":2,"name":"Oliver Stonella ja h\u00e4nen Snowden-elokuvallaan on uskottavuusongelmia"}]},{"@type":"WebSite","@id":"https:\/\/suomenkuvalehti.fi\/kuvien-takaa\/#website","url":"https:\/\/suomenkuvalehti.fi\/kuvien-takaa\/","name":"Kuvien takaa","description":"Elokuvakriitikko Kalle Kinnusen elokuvablogi.","potentialAction":[{"@type":"SearchAction","target":{"@type":"EntryPoint","urlTemplate":"https:\/\/suomenkuvalehti.fi\/haku\/?q={search_term_string}"},"query-input":{"@type":"PropertyValueSpecification","valueRequired":true,"valueName":"search_term_string"}}],"inLanguage":"fi"},{"@type":"Person","@id":"https:\/\/suomenkuvalehti.fi\/kuvien-takaa\/#\/schema\/person\/f3f657e4ad409e008f12af27bec60a23","name":"Kalle Kinnunen","image":{"@type":"ImageObject","inLanguage":"fi","@id":"https:\/\/suomenkuvalehti.fi\/kuvien-takaa\/#\/schema\/person\/image\/","url":"https:\/\/suomenkuvalehti.fi\/kuvien-takaa\/wp-content\/uploads\/sites\/11\/2022\/04\/kalle_kinnunen_blogi-1-150x150.jpg","contentUrl":"https:\/\/suomenkuvalehti.fi\/kuvien-takaa\/wp-content\/uploads\/sites\/11\/2022\/04\/kalle_kinnunen_blogi-1-150x150.jpg","caption":"Kalle Kinnunen"},"description":"Kalle Kinnunen on vapaa toimittaja ja Suomen Kuvalehden avustaja.","sameAs":["https:\/\/www.facebook.com\/pages\/Kalle-Kinnunen-Kuvien-takaa\/190326157715410?fref=ts","https:\/\/x.com\/https:\/\/twitter.com\/kallekinnunen"]}]}},"_links":{"self":[{"href":"https:\/\/suomenkuvalehti.fi\/kuvien-takaa\/wp-json\/wp\/v2\/posts\/3473","targetHints":{"allow":["GET"]}}],"collection":[{"href":"https:\/\/suomenkuvalehti.fi\/kuvien-takaa\/wp-json\/wp\/v2\/posts"}],"about":[{"href":"https:\/\/suomenkuvalehti.fi\/kuvien-takaa\/wp-json\/wp\/v2\/types\/post"}],"author":[{"embeddable":true,"href":"https:\/\/suomenkuvalehti.fi\/kuvien-takaa\/wp-json\/wp\/v2\/users\/144"}],"replies":[{"embeddable":true,"href":"https:\/\/suomenkuvalehti.fi\/kuvien-takaa\/wp-json\/wp\/v2\/comments?post=3473"}],"version-history":[{"count":3,"href":"https:\/\/suomenkuvalehti.fi\/kuvien-takaa\/wp-json\/wp\/v2\/posts\/3473\/revisions"}],"predecessor-version":[{"id":3476,"href":"https:\/\/suomenkuvalehti.fi\/kuvien-takaa\/wp-json\/wp\/v2\/posts\/3473\/revisions\/3476"}],"wp:attachment":[{"href":"https:\/\/suomenkuvalehti.fi\/kuvien-takaa\/wp-json\/wp\/v2\/media?parent=3473"}],"wp:term":[{"taxonomy":"category","embeddable":true,"href":"https:\/\/suomenkuvalehti.fi\/kuvien-takaa\/wp-json\/wp\/v2\/categories?post=3473"},{"taxonomy":"post_tag","embeddable":true,"href":"https:\/\/suomenkuvalehti.fi\/kuvien-takaa\/wp-json\/wp\/v2\/tags?post=3473"}],"curies":[{"name":"wp","href":"https:\/\/api.w.org\/{rel}","templated":true}]}}