{"id":3406,"date":"2016-03-26T09:03:33","date_gmt":"2016-03-26T07:03:33","guid":{"rendered":"https:\/\/suomenkuvalehti.fi\/kuvien-takaa\/?p=3406"},"modified":"2016-03-26T09:03:33","modified_gmt":"2016-03-26T07:03:33","slug":"robert-de-niron-rokotushorhoily-romuttaa-elokuvafestivaalin-mainetta","status":"publish","type":"post","link":"https:\/\/suomenkuvalehti.fi\/kuvien-takaa\/robert-de-niron-rokotushorhoily-romuttaa-elokuvafestivaalin-mainetta\/","title":{"rendered":"Robert de Niron rokotush\u00f6rh\u00f6ily romuttaa elokuvafestivaalin mainetta"},"content":{"rendered":"\n<p>Tribecan elokuvafestivaalien ohjelmiston suurin yll\u00e4tys oli nolo. Se rapautti hetkess\u00e4 koko tapahtuman uskottavuutta.<\/p>\n\n\n\n<p>Dokumenttielokuvien sarjaan on kelpuutettu teos nimelt\u00e4\u00e4n <em>Vaxxed: From Cover-up to Catastrophe<\/em>. Se on h\u00f6rh\u00f6n\u00e4 pidetyn <strong>Andrew Wakefieldin<\/strong> n\u00e4kemyksi\u00e4 levitt\u00e4v\u00e4 teos, jonka ilmeinen tarkoitus on kertoa rokotusten aiheuttavan autismia. Dokumentin tekij\u00e4? Wakefield itse.<\/p>\n\n\n\n<p>Joskus ei tarvita kuin yksi ohjelmavalinta, ja pulassa ollaan. Tribeca on Pohjois-Amerikan suurimpia festivaaleja. Dokumenttielokuville se on Yhdysvaltojen t\u00e4rkein tapahtuma. Useat amerikkalaismediat ovat jo kirjoittaneet tapauksesta p\u00f6yristyneeseen s\u00e4vyyn.<\/p>\n\n\n\n<p>Kukaan kritisoijista ei ole viel\u00e4 n\u00e4hnyt Wakefieldin elokuvaa, mutta maine kulkee miehen edell\u00e4. L\u00e4\u00e4k\u00e4rinoikeutensa menett\u00e4nyt Wakefield on j\u00e4\u00e4nyt kiinni suoranaisista huijauksista. Tiedeyhteis\u00f6n silmin h\u00e4n on valehtelija. Viime aikoina h\u00e4nt\u00e4 on voinut k\u00e4yd\u00e4 kuuntelemassa l\u00e4hinn\u00e4 erilaisissa rajatietotapahtumissa.<\/p>\n\n\n\n<p>Festivaalin esittelytekstiss\u00e4 kuvaillaan, ett\u00e4 elokuvassa todistetaan rokotusten aiheuttavan autismia. Dokumentin <a href=\"http:\/\/www.vaxxedthemovie.com\/\" target=\"_blank\">traileri<\/a> on sensationalistinen ja t\u00f6ker\u00f6, suorastaan mauton.<\/p>\n\n\n\n<p>N\u00e4ytt\u00e4isi silt\u00e4, ett\u00e4 Tribeca pyyhkii perinteisill\u00e4 laatukriteereill\u00e4 takapuoltaan &#8211; mutta miksi?<\/p>\n\n\n\n<p>Festivaali puolustautui perustelunaan moni\u00e4\u00e4nisyys. Elokuva esitt\u00e4isi valtavirrasta poikkeavia n\u00e4kemyksi\u00e4 ja her\u00e4tt\u00e4isi n\u00e4in keskustelua. Ent\u00e4 lapset, joiden terveys ja henki ovat vaarassa rokotteiden vastaisen h\u00f6rh\u00f6ilyn tuloksena, kysyi Los Angeles Timesin <a href=\"http:\/\/www.latimes.com\/business\/hiltzik\/la-fi-hiltzik-tribeca-vaccine-20160323-snap-htmlstory.html\" target=\"_blank\">kolumnisti <strong>Michael Hiltzik<\/strong><\/a>. Ihan pragmaattisella tasolla her\u00e4\u00e4 my\u00f6s kulttuurikysymys: pit\u00e4\u00e4k\u00f6 Tribecan koko dokumenttivalikoima kyseenalaistaa, kun joukossa on yksisilm\u00e4ist\u00e4 propagandaa? Asiaa pohti muun muassa <a href=\"https:\/\/filmmakermagazine.com\/97862-an-open-letter-to-the-tribeca-film-festival-about-vaxxed\/#.VvYyxhhcZ-U\" target=\"_blank\">dokumentaristi <strong>Penny Lane<\/strong>,<\/a> joka on saanut Tribecan festivaalilta rahoitusta elokuvilleen. Lane my\u00f6s laski trailerista koko joukon valheita.<\/p>\n\n\n\n<p>Perjantaina debattiin osallistui yll\u00e4tt\u00e4v\u00e4 taho, Tribecan taustavaikuttaja ja yksi festivaalin perustajista, n\u00e4yttelij\u00e4 <strong>Robert de Niro<\/strong>. H\u00e4nen lausuntonsa selitt\u00e4\u00e4 paljon, mutta ei ainakaan pelasta festivaalin mainetta.<\/p>\n\n\n\n<p><em>&#8221;Grace and I have a child with autism and we believe it is critical that all of the issues surrounding the causes of autism be openly discussed and examined. In the 15 years since the Tribeca Film Festival was founded, I have never asked for a film to be screened or gotten involved in the programming. However this is very personal to me and my family and I want there to be a discussion, which is why we will be screening VAXXED. I am not personally endorsing the film, nor am I anti-vaccination; I am only providing the opportunity for a conversation around the issue.\u201d<\/em><\/p>\n\n\n\n<p>De Niro siis ilmoitti, ett\u00e4 elokuva esitet\u00e4\u00e4n kritiikist\u00e4 huolimatta, koska h\u00e4n ja h\u00e4nen vaimonsa Grace Hightower haluavat autistilapsen vanhempina &#8221;avointa keskustelua autismin syist\u00e4&#8221;.<\/p>\n\n\n\n<p>H\u00e4n enemm\u00e4n kuin j\u00e4tt\u00e4\u00e4 auki mahdollisuuden, ett\u00e4 rokotukset aiheuttaisivat autismia.<\/p>\n\n\n\n<p>Lausunnon yhdistelm\u00e4 henkil\u00f6kohtaisia perusteluja ja henkil\u00f6kohtaisten motivaatioiden kielt\u00e4mist\u00e4 on v\u00e4hint\u00e4\u00e4nkin ristiriitainen &#8211; sek\u00e4 surullisen selk\u00e4rangaton.<\/p>\n\n\n\n<p>Ainakin saatiin vastaus kysymykseen miksi Vaxxed n\u00e4ytet\u00e4\u00e4n. Vastaus ei ole ylev\u00e4: Robert De Niro haluaa legitimoida h\u00f6rh\u00f6ily\u00e4.<\/p>\n\n\n","protected":false},"excerpt":{"rendered":"<p>Tribecan elokuvafestivaalien ohjelmiston suurin yll\u00e4tys oli nolo. Se rapautti hetkess\u00e4 koko tapahtuman uskottavuutta. Dokumenttielokuvien sarjaan on kelpuutettu teos nimelt\u00e4\u00e4n Vaxxed: From Cover-up to Catastrophe. Se on h\u00f6rh\u00f6n\u00e4 pidetyn Andrew Wakefieldin<br \/>\nn\u00e4kemy&hellip;<\/p>\n","protected":false},"author":144,"featured_media":0,"comment_status":"open","ping_status":"closed","sticky":false,"template":"","format":"standard","meta":{"_acf_changed":false,"asauth_required_access_level":3,"asauth_cansharepaid":"true","om_header_attributes":[],"footnotes":"","om_featured_image_focal_point":[],"om_primary_tag":0,"om_contributors":[],"om_co_authors":[],"beyondwords_generate_audio":"","beyondwords_project_id":"","beyondwords_content_id":"","beyondwords_preview_token":"","beyondwords_player_content":"","beyondwords_player_style":"","beyondwords_language_code":"","beyondwords_language_id":"","beyondwords_title_voice_id":"","beyondwords_body_voice_id":"","beyondwords_summary_voice_id":"","beyondwords_error_message":"","beyondwords_disabled":"","beyondwords_delete_content":"","beyondwords_podcast_id":"","beyondwords_hash":"","publish_post_to_speechkit":"","speechkit_hash":"","speechkit_generate_audio":"","speechkit_project_id":"","speechkit_podcast_id":"","speechkit_error_message":"","speechkit_disabled":"","speechkit_access_key":"","speechkit_error":"","speechkit_info":"","speechkit_response":"","speechkit_retries":"","speechkit_status":"","speechkit_updated_at":"","_speechkit_link":"","_speechkit_text":""},"categories":[1],"tags":[2290,2289,1026,2291],"class_list":["post-3406","post","type-post","status-publish","format-standard","hentry","category-kuvien-takaa","tag-andrew-wakefield","tag-autismi","tag-robert-de-niro","tag-tribecan-elokuvafestivaali"],"om_views":null,"acf":{"tuuma_off":false,"tuuma_kysymys":"","tuuma_vastaus":""},"asauth":{"required_access_level":1,"share_token":"","is_paid":false},"yoast_head":"<!-- This site is optimized with the Yoast SEO plugin v26.4 - https:\/\/yoast.com\/wordpress\/plugins\/seo\/ -->\n<title>Robert de Niron rokotush\u00f6rh\u00f6ily romuttaa elokuvafestivaalin mainetta - Kuvien takaa<\/title>\n<meta name=\"robots\" content=\"index, follow, max-snippet:-1, max-image-preview:large, max-video-preview:-1\" \/>\n<link rel=\"canonical\" href=\"https:\/\/suomenkuvalehti.fi\/kuvien-takaa\/robert-de-niron-rokotushorhoily-romuttaa-elokuvafestivaalin-mainetta\/\" \/>\n<meta property=\"og:locale\" content=\"fi_FI\" \/>\n<meta property=\"og:type\" content=\"article\" \/>\n<meta property=\"og:title\" content=\"Robert de Niron rokotush\u00f6rh\u00f6ily romuttaa elokuvafestivaalin mainetta - Kuvien takaa\" \/>\n<meta property=\"og:description\" content=\"Tribecan elokuvafestivaalien ohjelmiston suurin yll\u00e4tys oli nolo. Se rapautti hetkess\u00e4 koko tapahtuman uskottavuutta. Dokumenttielokuvien sarjaan on kelpuutettu teos nimelt\u00e4\u00e4n Vaxxed: From Cover-up to Catastrophe. Se on h\u00f6rh\u00f6n\u00e4 pidetyn Andrew Wakefieldin n\u00e4kemy&hellip;\" \/>\n<meta property=\"og:url\" content=\"https:\/\/suomenkuvalehti.fi\/kuvien-takaa\/robert-de-niron-rokotushorhoily-romuttaa-elokuvafestivaalin-mainetta\/\" \/>\n<meta property=\"og:site_name\" content=\"Kuvien takaa\" \/>\n<meta property=\"article:author\" content=\"https:\/\/www.facebook.com\/pages\/Kalle-Kinnunen-Kuvien-takaa\/190326157715410?fref=ts\" \/>\n<meta property=\"article:published_time\" content=\"2016-03-26T07:03:33+00:00\" \/>\n<meta property=\"og:image\" content=\"https:\/\/suomenkuvalehti.fi\/kuvien-takaa\/wp-content\/uploads\/sites\/11\/2022\/04\/kalle_kinnunen_blogi-1-scaled.jpg\" \/>\n\t<meta property=\"og:image:width\" content=\"2560\" \/>\n\t<meta property=\"og:image:height\" content=\"1707\" \/>\n\t<meta property=\"og:image:type\" content=\"image\/jpeg\" \/>\n<meta name=\"author\" content=\"Kalle Kinnunen\" \/>\n<meta name=\"twitter:card\" content=\"summary_large_image\" \/>\n<meta name=\"twitter:creator\" content=\"@https:\/\/twitter.com\/kallekinnunen\" \/>\n<meta name=\"twitter:label1\" content=\"Written by\" \/>\n\t<meta name=\"twitter:data1\" content=\"Kalle Kinnunen\" \/>\n\t<meta name=\"twitter:label2\" content=\"Est. reading time\" \/>\n\t<meta name=\"twitter:data2\" content=\"2 minuuttia\" \/>\n<script type=\"application\/ld+json\" class=\"yoast-schema-graph\">{\"@context\":\"https:\/\/schema.org\",\"@graph\":[{\"@type\":\"WebPage\",\"@id\":\"https:\/\/suomenkuvalehti.fi\/kuvien-takaa\/robert-de-niron-rokotushorhoily-romuttaa-elokuvafestivaalin-mainetta\/\",\"url\":\"https:\/\/suomenkuvalehti.fi\/kuvien-takaa\/robert-de-niron-rokotushorhoily-romuttaa-elokuvafestivaalin-mainetta\/\",\"name\":\"Robert de Niron rokotush\u00f6rh\u00f6ily romuttaa elokuvafestivaalin mainetta - Kuvien takaa\",\"isPartOf\":{\"@id\":\"https:\/\/suomenkuvalehti.fi\/kuvien-takaa\/#website\"},\"datePublished\":\"2016-03-26T07:03:33+00:00\",\"author\":{\"@id\":\"https:\/\/suomenkuvalehti.fi\/kuvien-takaa\/#\/schema\/person\/f3f657e4ad409e008f12af27bec60a23\"},\"breadcrumb\":{\"@id\":\"https:\/\/suomenkuvalehti.fi\/kuvien-takaa\/robert-de-niron-rokotushorhoily-romuttaa-elokuvafestivaalin-mainetta\/#breadcrumb\"},\"inLanguage\":\"fi\",\"potentialAction\":[{\"@type\":\"ReadAction\",\"target\":[\"https:\/\/suomenkuvalehti.fi\/kuvien-takaa\/robert-de-niron-rokotushorhoily-romuttaa-elokuvafestivaalin-mainetta\/\"]}]},{\"@type\":\"BreadcrumbList\",\"@id\":\"https:\/\/suomenkuvalehti.fi\/kuvien-takaa\/robert-de-niron-rokotushorhoily-romuttaa-elokuvafestivaalin-mainetta\/#breadcrumb\",\"itemListElement\":[{\"@type\":\"ListItem\",\"position\":1,\"name\":\"Home\",\"item\":\"https:\/\/suomenkuvalehti.fi\/kuvien-takaa\/\"},{\"@type\":\"ListItem\",\"position\":2,\"name\":\"Robert de Niron rokotush\u00f6rh\u00f6ily romuttaa elokuvafestivaalin mainetta\"}]},{\"@type\":\"WebSite\",\"@id\":\"https:\/\/suomenkuvalehti.fi\/kuvien-takaa\/#website\",\"url\":\"https:\/\/suomenkuvalehti.fi\/kuvien-takaa\/\",\"name\":\"Kuvien takaa\",\"description\":\"Elokuvakriitikko Kalle Kinnusen elokuvablogi.\",\"potentialAction\":[{\"@type\":\"SearchAction\",\"target\":{\"@type\":\"EntryPoint\",\"urlTemplate\":\"https:\/\/suomenkuvalehti.fi\/haku\/?q={search_term_string}\"},\"query-input\":{\"@type\":\"PropertyValueSpecification\",\"valueRequired\":true,\"valueName\":\"search_term_string\"}}],\"inLanguage\":\"fi\"},{\"@type\":\"Person\",\"@id\":\"https:\/\/suomenkuvalehti.fi\/kuvien-takaa\/#\/schema\/person\/f3f657e4ad409e008f12af27bec60a23\",\"name\":\"Kalle Kinnunen\",\"image\":{\"@type\":\"ImageObject\",\"inLanguage\":\"fi\",\"@id\":\"https:\/\/suomenkuvalehti.fi\/kuvien-takaa\/#\/schema\/person\/image\/\",\"url\":\"https:\/\/suomenkuvalehti.fi\/kuvien-takaa\/wp-content\/uploads\/sites\/11\/2022\/04\/kalle_kinnunen_blogi-1-150x150.jpg\",\"contentUrl\":\"https:\/\/suomenkuvalehti.fi\/kuvien-takaa\/wp-content\/uploads\/sites\/11\/2022\/04\/kalle_kinnunen_blogi-1-150x150.jpg\",\"caption\":\"Kalle Kinnunen\"},\"description\":\"Kalle Kinnunen on vapaa toimittaja ja Suomen Kuvalehden avustaja.\",\"sameAs\":[\"https:\/\/www.facebook.com\/pages\/Kalle-Kinnunen-Kuvien-takaa\/190326157715410?fref=ts\",\"https:\/\/x.com\/https:\/\/twitter.com\/kallekinnunen\"]}]}<\/script>\n<!-- \/ Yoast SEO plugin. -->","yoast_head_json":{"title":"Robert de Niron rokotush\u00f6rh\u00f6ily romuttaa elokuvafestivaalin mainetta - Kuvien takaa","robots":{"index":"index","follow":"follow","max-snippet":"max-snippet:-1","max-image-preview":"max-image-preview:large","max-video-preview":"max-video-preview:-1"},"canonical":"https:\/\/suomenkuvalehti.fi\/kuvien-takaa\/robert-de-niron-rokotushorhoily-romuttaa-elokuvafestivaalin-mainetta\/","og_locale":"fi_FI","og_type":"article","og_title":"Robert de Niron rokotush\u00f6rh\u00f6ily romuttaa elokuvafestivaalin mainetta - Kuvien takaa","og_description":"Tribecan elokuvafestivaalien ohjelmiston suurin yll\u00e4tys oli nolo. Se rapautti hetkess\u00e4 koko tapahtuman uskottavuutta. Dokumenttielokuvien sarjaan on kelpuutettu teos nimelt\u00e4\u00e4n Vaxxed: From Cover-up to Catastrophe. Se on h\u00f6rh\u00f6n\u00e4 pidetyn Andrew Wakefieldin n\u00e4kemy&hellip;","og_url":"https:\/\/suomenkuvalehti.fi\/kuvien-takaa\/robert-de-niron-rokotushorhoily-romuttaa-elokuvafestivaalin-mainetta\/","og_site_name":"Kuvien takaa","article_author":"https:\/\/www.facebook.com\/pages\/Kalle-Kinnunen-Kuvien-takaa\/190326157715410?fref=ts","article_published_time":"2016-03-26T07:03:33+00:00","og_image":[{"width":2560,"height":1707,"url":"https:\/\/suomenkuvalehti.fi\/kuvien-takaa\/wp-content\/uploads\/sites\/11\/2022\/04\/kalle_kinnunen_blogi-1-scaled.jpg","type":"image\/jpeg"}],"author":"Kalle Kinnunen","twitter_card":"summary_large_image","twitter_creator":"@https:\/\/twitter.com\/kallekinnunen","twitter_misc":{"Written by":"Kalle Kinnunen","Est. reading time":"2 minuuttia"},"schema":{"@context":"https:\/\/schema.org","@graph":[{"@type":"WebPage","@id":"https:\/\/suomenkuvalehti.fi\/kuvien-takaa\/robert-de-niron-rokotushorhoily-romuttaa-elokuvafestivaalin-mainetta\/","url":"https:\/\/suomenkuvalehti.fi\/kuvien-takaa\/robert-de-niron-rokotushorhoily-romuttaa-elokuvafestivaalin-mainetta\/","name":"Robert de Niron rokotush\u00f6rh\u00f6ily romuttaa elokuvafestivaalin mainetta - Kuvien takaa","isPartOf":{"@id":"https:\/\/suomenkuvalehti.fi\/kuvien-takaa\/#website"},"datePublished":"2016-03-26T07:03:33+00:00","author":{"@id":"https:\/\/suomenkuvalehti.fi\/kuvien-takaa\/#\/schema\/person\/f3f657e4ad409e008f12af27bec60a23"},"breadcrumb":{"@id":"https:\/\/suomenkuvalehti.fi\/kuvien-takaa\/robert-de-niron-rokotushorhoily-romuttaa-elokuvafestivaalin-mainetta\/#breadcrumb"},"inLanguage":"fi","potentialAction":[{"@type":"ReadAction","target":["https:\/\/suomenkuvalehti.fi\/kuvien-takaa\/robert-de-niron-rokotushorhoily-romuttaa-elokuvafestivaalin-mainetta\/"]}]},{"@type":"BreadcrumbList","@id":"https:\/\/suomenkuvalehti.fi\/kuvien-takaa\/robert-de-niron-rokotushorhoily-romuttaa-elokuvafestivaalin-mainetta\/#breadcrumb","itemListElement":[{"@type":"ListItem","position":1,"name":"Home","item":"https:\/\/suomenkuvalehti.fi\/kuvien-takaa\/"},{"@type":"ListItem","position":2,"name":"Robert de Niron rokotush\u00f6rh\u00f6ily romuttaa elokuvafestivaalin mainetta"}]},{"@type":"WebSite","@id":"https:\/\/suomenkuvalehti.fi\/kuvien-takaa\/#website","url":"https:\/\/suomenkuvalehti.fi\/kuvien-takaa\/","name":"Kuvien takaa","description":"Elokuvakriitikko Kalle Kinnusen elokuvablogi.","potentialAction":[{"@type":"SearchAction","target":{"@type":"EntryPoint","urlTemplate":"https:\/\/suomenkuvalehti.fi\/haku\/?q={search_term_string}"},"query-input":{"@type":"PropertyValueSpecification","valueRequired":true,"valueName":"search_term_string"}}],"inLanguage":"fi"},{"@type":"Person","@id":"https:\/\/suomenkuvalehti.fi\/kuvien-takaa\/#\/schema\/person\/f3f657e4ad409e008f12af27bec60a23","name":"Kalle Kinnunen","image":{"@type":"ImageObject","inLanguage":"fi","@id":"https:\/\/suomenkuvalehti.fi\/kuvien-takaa\/#\/schema\/person\/image\/","url":"https:\/\/suomenkuvalehti.fi\/kuvien-takaa\/wp-content\/uploads\/sites\/11\/2022\/04\/kalle_kinnunen_blogi-1-150x150.jpg","contentUrl":"https:\/\/suomenkuvalehti.fi\/kuvien-takaa\/wp-content\/uploads\/sites\/11\/2022\/04\/kalle_kinnunen_blogi-1-150x150.jpg","caption":"Kalle Kinnunen"},"description":"Kalle Kinnunen on vapaa toimittaja ja Suomen Kuvalehden avustaja.","sameAs":["https:\/\/www.facebook.com\/pages\/Kalle-Kinnunen-Kuvien-takaa\/190326157715410?fref=ts","https:\/\/x.com\/https:\/\/twitter.com\/kallekinnunen"]}]}},"_links":{"self":[{"href":"https:\/\/suomenkuvalehti.fi\/kuvien-takaa\/wp-json\/wp\/v2\/posts\/3406","targetHints":{"allow":["GET"]}}],"collection":[{"href":"https:\/\/suomenkuvalehti.fi\/kuvien-takaa\/wp-json\/wp\/v2\/posts"}],"about":[{"href":"https:\/\/suomenkuvalehti.fi\/kuvien-takaa\/wp-json\/wp\/v2\/types\/post"}],"author":[{"embeddable":true,"href":"https:\/\/suomenkuvalehti.fi\/kuvien-takaa\/wp-json\/wp\/v2\/users\/144"}],"replies":[{"embeddable":true,"href":"https:\/\/suomenkuvalehti.fi\/kuvien-takaa\/wp-json\/wp\/v2\/comments?post=3406"}],"version-history":[{"count":1,"href":"https:\/\/suomenkuvalehti.fi\/kuvien-takaa\/wp-json\/wp\/v2\/posts\/3406\/revisions"}],"predecessor-version":[{"id":3407,"href":"https:\/\/suomenkuvalehti.fi\/kuvien-takaa\/wp-json\/wp\/v2\/posts\/3406\/revisions\/3407"}],"wp:attachment":[{"href":"https:\/\/suomenkuvalehti.fi\/kuvien-takaa\/wp-json\/wp\/v2\/media?parent=3406"}],"wp:term":[{"taxonomy":"category","embeddable":true,"href":"https:\/\/suomenkuvalehti.fi\/kuvien-takaa\/wp-json\/wp\/v2\/categories?post=3406"},{"taxonomy":"post_tag","embeddable":true,"href":"https:\/\/suomenkuvalehti.fi\/kuvien-takaa\/wp-json\/wp\/v2\/tags?post=3406"}],"curies":[{"name":"wp","href":"https:\/\/api.w.org\/{rel}","templated":true}]}}