{"id":3391,"date":"2016-03-12T09:06:20","date_gmt":"2016-03-12T07:06:20","guid":{"rendered":"https:\/\/suomenkuvalehti.fi\/kuvien-takaa\/?p=3391"},"modified":"2016-03-12T09:20:34","modified_gmt":"2016-03-12T07:20:34","slug":"milius-laitaoikeistolainen-taiteilija-puhuu-suunsa-puhtaaksi-yle-teemalla","status":"publish","type":"post","link":"https:\/\/suomenkuvalehti.fi\/kuvien-takaa\/milius-laitaoikeistolainen-taiteilija-puhuu-suunsa-puhtaaksi-yle-teemalla\/","title":{"rendered":"Milius: laitaoikeistolainen taiteilija puhuu suunsa puhtaaksi Yle Teemalla"},"content":{"rendered":"\n<p>Jos tuntuu silt\u00e4, ett\u00e4 Yle tuputtaa punavihre\u00e4\u00e4 propagandaa, ent\u00e4s t\u00e4m\u00e4? Laitaoikeistolainen amerikkalainen sai aivan oman Teemalauantain!<\/p>\n\n\n\n<p><a href=\"http:\/\/yle.fi\/aihe\/artikkeli\/2016\/03\/11\/hollywoodin-sotahullu-anarkisti-john-milius-ja-villit-vuodet-teemalauantaissa\" target=\"_blank\">Yle Teema esitt\u00e4\u00e4<\/a> dokumentin er\u00e4\u00e4st\u00e4 eritt\u00e4in mielenkiintoisesta elokuvantekij\u00e4st\u00e4. <strong>John Milius<\/strong> oli <em>Ilmestyskirja Nytin<\/em> k\u00e4sikirjoittaja, ohjasi <em>Conan Barbaarin<\/em> ja <em>Punaisen vaaran<\/em> sek\u00e4 oli viimeksi mukana yhten\u00e4 Rooma-televisiosarjan luojana.<\/p>\n\n\n<p><iframe loading=\"lazy\" width=\"630\" height=\"354\" src=\"https:\/\/www.youtube.com\/embed\/oLuPXfsCkWg?feature=oembed\" frameborder=\"0\" allowfullscreen><\/iframe><\/p>\n\n\n<p>Milius on kuulunut NRA:n johtokuntaan. H\u00e4n julistautunut ase- ja sotahulluksi. <strong>John Goodmanin<\/strong> roolihahmo <em>Big Lebowskissa<\/em> on luotu Miliuksen pohjalta. Milius kutsuu itse\u00e4\u00e4n \u201dzen-fasistiksi\u201d. Milius on juutalainen.<\/p>\n\n\n\n<p>Milius on intohimoinen surffaaja (ja illan dokumentin parina n\u00e4ytet\u00e4\u00e4n h\u00e4nen varhainen surffauselokuvansa Villit vuodet), mutta jo 1960-luvulla h\u00e4n vihasi hippej\u00e4 ja kirjoitti <em>Likaiseen Harryyn<\/em> ja sen jatko-osaan ter\u00e4vimpi\u00e4 machorepliikkej\u00e4.<\/p>\n\n\n\n<p>Milius oli keskeisess\u00e4 roolissa mukana kehitt\u00e4m\u00e4ss\u00e4 <a href=\"http:\/\/www.boxinginsider.com\/mma\/the-octagon-a-man-named-milius-and-his-imprint-on-the-ufc\/\" target=\"_blank\">UFC-lajin eli ultimate fightingin s\u00e4\u00e4nt\u00f6j\u00e4<\/a> ja keh\u00e4\u00e4. H\u00e4n on antiliberaali, jonka mielest\u00e4 hy\u00f6kk\u00e4ys on paras puolustus. H\u00e4nen on sanonut t\u00e4rkeimm\u00e4ksi toteutumattomaksi projektikseen <strong>Tsingis Kaanin<\/strong> el\u00e4m\u00e4kertaa, josta olisi tullut liian v\u00e4kivaltainen ja tyly Hollywoodille. H\u00e4n on umpiliberaalia Hollywoodia edustavien <strong>Steven Spielbergin<\/strong>, <strong>George Lucasin<\/strong>, <strong>Francis Ford Coppolan<\/strong> ja kumppanien l\u00e4heinen kaveri ja yhteisty\u00f6kumppani.<\/p>\n\n\n\n<p>Ristiriitojen miehen elokuviinkin huomaa suhtautuvansa ristiriitaisesti.<\/p>\n\n\n\n<p>Rakastan Conan barbaaria (1982), vaikka se on vahvemman voimaa t\u00e4ysill\u00e4 hehkuttavaa hourailua. Se on oikein malliesimerkki elokuvasta, jonka kanssa voin olla eri mielt\u00e4 kaikesta ja silti nauttia. Miliuksen visio on j\u00e4rjett\u00f6m\u00e4n vahva, koska se on suurella syd\u00e4mell\u00e4 tehty. Conan barbaarin fyysinen, raju ja sen oma maailma kerta kaikkiaan toimii: se on yksi kaikkien aikojen fantasiaelokuvista. (Se oli my\u00f6s <strong>Arnold Schwarzeneggerin<\/strong> l\u00e4pimurto fiktioelokuvaan. Nimenomaan Milius taisteli vakuuttaakseen tuottaja Dino De Laurentiisin, ett\u00e4 huonosti englantia puhuva lihasj\u00e4tti kyll\u00e4 kantaa p\u00e4\u00e4roolin. De Laurentiis ep\u00e4ili it\u00e4valtalaista Schwarzeneggeri\u00e4 natsiksi. \u00c4l\u00e4 huoli, min\u00e4 olen t\u00e4m\u00e4n leffatiimin ainoa ehta natsi, Milius lohdutti.)<\/p>\n\n\n\n<p>Punainen vaara (1984) taas aiheutti allekirjoittaneelle teini-i\u00e4ss\u00e4 kognitiivisen dissonanssin: siit\u00e4 tuli viel\u00e4 90-luvulla aidosti paha mieli tavalla, johon elokuva harvoin pystyy (kohtauksesta, jossa teinit k\u00e4yv\u00e4t sotaoikeutta ja teloittavat kaverinsa, joka oli pakotettu petturiksi). Paha mieli siit\u00e4 tuli my\u00f6s Neuvostoliitossa. Vuonna 1984 valmistunut elokuva on viimeisimpi\u00e4 Suomessa ulkopoliittisist\u00e4 syist\u00e4 kiellettyj\u00e4. Elokuva kertoo amerikkalaisista lukiolaisista, jotka perustavat oman sissiryhm\u00e4n, kun Kuuba ja Neuvostoliitto hy\u00f6kk\u00e4\u00e4v\u00e4t ja valtaavat osan Pohjois-Amerikasta. Viihde-elokuva lapsisotilaista on tietysti absurdi, mutta Punainen vaarakin on taitavasti tehty ja kiehtova. Kirjoitin siit\u00e4 laajemmin blogiini muutama vuosi sitten, kun <a href=\"https:\/\/suomenkuvalehti.fi\/kuvien-takaa\/sensuurin-uhri-punainen-vaara-suomen-ensi-illassa-patrick-swayze-ja-charlie-sheen-vastaan-neuvostomiehittajat\/?shared=440-0b534a4f-999\" target=\"_blank\">Punainen vaara sai ensimm\u00e4isen valkokangasesityksens\u00e4 Suomessa<\/a>.<\/p>\n\n\n\n<p>Dokumentti Milius on onnistunut, informatiivinen ja tunteellinen &#8211; eik\u00e4 se kiist\u00e4 taiteilijan ongelmallisempaa puolta. Milius itse on etev\u00e4 ja puoleensa ottava tarinankertoja my\u00f6s verbaalisesti.<\/p>\n\n\n\n<p><em>\u201dI\u2019m not a reactionary \u2014 I\u2019m just a right-wing extremist so far beyond the Christian Identity people like that and stuff, that they can\u2019t even imagine. I\u2019m so far beyond that I\u2019m a Maoist. I\u2019m an anarchist. I\u2019ve always been an anarchist. Any true, real right-winger if he goes far enough hates all form of government, because government should be done to cattle and not human beings\u201d<\/em>, Milius kertoi Film Threat-lehdelle 1999.<\/p>\n\n\n\n<p>Kun muutama vuosi sitten haastattelin tuottaja <a href=\"https:\/\/suomenkuvalehti.fi\/jutut\/kulttuuri\/kathleen-kennedy\/?shared=3146-eec832bf-999\" target=\"_blank\"><strong>Kathleen Kennedy\u00e4<\/strong><\/a>, puhe k\u00e4\u00e4ntyi Miliukseen. &#8221;Milius oli varsinainen persoona. N\u00e4kemyksemme olivat kuin y\u00f6 ja p\u00e4iv\u00e4. H\u00e4n oli jo silloin aika raju&#8221;, Kennedy kertoi. Haastattelun ulkopuolella h\u00e4n mainitsi Miliuksen terveysongelmista.<\/p>\n\n\n\n<p>Vuonna 2013 valmistunut dokumentti on tehty Miliuksen sairastellessa. H\u00e4n on kuitenkin my\u00f6hemmin toipunut infarktistaan.<\/p>\n\n\n\n<p>Elokuvantekij\u00e4 on vasta seitsem\u00e4nkymppinen. Ehk\u00e4 h\u00e4n tekee viel\u00e4 jotain valkokankaalle. Mik\u00e4li tekee, toivottavasti se tulee vilpitt\u00f6m\u00e4sti ja suoraan zen-fasistin syd\u00e4mest\u00e4.<\/p>\n\n\n\n<p><em>Milius Yle Teemalla t\u00e4n\u00e4\u00e4n lauantaina 12.3. klo 22.55. Sit\u00e4 ennen klo 21 esitet\u00e4\u00e4n Miliuksen ohjaama ja kirjoittama elokuva Villit vuodet.<\/em><\/p>\n\n\n","protected":false},"excerpt":{"rendered":"<p>Jos tuntuu silt\u00e4, ett\u00e4 Yle tuputtaa punavihre\u00e4\u00e4 propagandaa, ent\u00e4s t\u00e4m\u00e4? Laitaoikeistolainen amerikkalainen sai aivan oman Teemalauantain! Yle Teema esitt\u00e4\u00e4 dokumentin er\u00e4\u00e4st\u00e4 eritt\u00e4in mielenkiintoisesta elokuvantekij\u00e4st\u00e4. John Milius oli<br \/>\nIlmestyskirja &hellip;<\/p>\n","protected":false},"author":144,"featured_media":0,"comment_status":"open","ping_status":"closed","sticky":false,"template":"","format":"standard","meta":{"_acf_changed":false,"asauth_required_access_level":3,"asauth_cansharepaid":"true","om_header_attributes":[],"footnotes":"","om_featured_image_focal_point":[],"om_primary_tag":0,"om_contributors":[],"om_co_authors":[],"beyondwords_generate_audio":"","beyondwords_project_id":"","beyondwords_content_id":"","beyondwords_preview_token":"","beyondwords_player_content":"","beyondwords_player_style":"","beyondwords_language_code":"","beyondwords_language_id":"","beyondwords_title_voice_id":"","beyondwords_body_voice_id":"","beyondwords_summary_voice_id":"","beyondwords_error_message":"","beyondwords_disabled":"","beyondwords_delete_content":"","beyondwords_podcast_id":"","beyondwords_hash":"","publish_post_to_speechkit":"","speechkit_hash":"","speechkit_generate_audio":"","speechkit_project_id":"","speechkit_podcast_id":"","speechkit_error_message":"","speechkit_disabled":"","speechkit_access_key":"","speechkit_error":"","speechkit_info":"","speechkit_response":"","speechkit_retries":"","speechkit_status":"","speechkit_updated_at":"","_speechkit_link":"","_speechkit_text":""},"categories":[1],"tags":[2282,693,2284,2283,2281],"class_list":["post-3391","post","type-post","status-publish","format-standard","hentry","category-kuvien-takaa","tag-conan-barbaari","tag-john-milius","tag-oikeistolainen-elokuva","tag-oikeistolainen-taide","tag-villit-vuodet"],"om_views":null,"acf":{"tuuma_off":false,"tuuma_kysymys":"","tuuma_vastaus":""},"asauth":{"required_access_level":1,"share_token":"","is_paid":false},"yoast_head":"<!-- This site is optimized with the Yoast SEO plugin v26.4 - https:\/\/yoast.com\/wordpress\/plugins\/seo\/ -->\n<title>Milius: laitaoikeistolainen taiteilija puhuu suunsa puhtaaksi Yle Teemalla - Kuvien takaa<\/title>\n<meta name=\"robots\" content=\"index, follow, max-snippet:-1, max-image-preview:large, max-video-preview:-1\" \/>\n<link rel=\"canonical\" href=\"https:\/\/suomenkuvalehti.fi\/kuvien-takaa\/milius-laitaoikeistolainen-taiteilija-puhuu-suunsa-puhtaaksi-yle-teemalla\/\" \/>\n<meta property=\"og:locale\" content=\"fi_FI\" \/>\n<meta property=\"og:type\" content=\"article\" \/>\n<meta property=\"og:title\" content=\"Milius: laitaoikeistolainen taiteilija puhuu suunsa puhtaaksi Yle Teemalla - Kuvien takaa\" \/>\n<meta property=\"og:description\" content=\"Jos tuntuu silt\u00e4, ett\u00e4 Yle tuputtaa punavihre\u00e4\u00e4 propagandaa, ent\u00e4s t\u00e4m\u00e4? Laitaoikeistolainen amerikkalainen sai aivan oman Teemalauantain! Yle Teema esitt\u00e4\u00e4 dokumentin er\u00e4\u00e4st\u00e4 eritt\u00e4in mielenkiintoisesta elokuvantekij\u00e4st\u00e4. John Milius oli Ilmestyskirja &hellip;\" \/>\n<meta property=\"og:url\" content=\"https:\/\/suomenkuvalehti.fi\/kuvien-takaa\/milius-laitaoikeistolainen-taiteilija-puhuu-suunsa-puhtaaksi-yle-teemalla\/\" \/>\n<meta property=\"og:site_name\" content=\"Kuvien takaa\" \/>\n<meta property=\"article:author\" content=\"https:\/\/www.facebook.com\/pages\/Kalle-Kinnunen-Kuvien-takaa\/190326157715410?fref=ts\" \/>\n<meta property=\"article:published_time\" content=\"2016-03-12T07:06:20+00:00\" \/>\n<meta property=\"article:modified_time\" content=\"2016-03-12T07:20:34+00:00\" \/>\n<meta property=\"og:image\" content=\"https:\/\/suomenkuvalehti.fi\/kuvien-takaa\/wp-content\/uploads\/sites\/11\/2022\/04\/kalle_kinnunen_blogi-1-scaled.jpg\" \/>\n\t<meta property=\"og:image:width\" content=\"2560\" \/>\n\t<meta property=\"og:image:height\" content=\"1707\" \/>\n\t<meta property=\"og:image:type\" content=\"image\/jpeg\" \/>\n<meta name=\"author\" content=\"Kalle Kinnunen\" \/>\n<meta name=\"twitter:card\" content=\"summary_large_image\" \/>\n<meta name=\"twitter:creator\" content=\"@https:\/\/twitter.com\/kallekinnunen\" \/>\n<meta name=\"twitter:label1\" content=\"Written by\" \/>\n\t<meta name=\"twitter:data1\" content=\"Kalle Kinnunen\" \/>\n\t<meta name=\"twitter:label2\" content=\"Est. reading time\" \/>\n\t<meta name=\"twitter:data2\" content=\"3 minuuttia\" \/>\n<script type=\"application\/ld+json\" class=\"yoast-schema-graph\">{\"@context\":\"https:\/\/schema.org\",\"@graph\":[{\"@type\":\"WebPage\",\"@id\":\"https:\/\/suomenkuvalehti.fi\/kuvien-takaa\/milius-laitaoikeistolainen-taiteilija-puhuu-suunsa-puhtaaksi-yle-teemalla\/\",\"url\":\"https:\/\/suomenkuvalehti.fi\/kuvien-takaa\/milius-laitaoikeistolainen-taiteilija-puhuu-suunsa-puhtaaksi-yle-teemalla\/\",\"name\":\"Milius: laitaoikeistolainen taiteilija puhuu suunsa puhtaaksi Yle Teemalla - Kuvien takaa\",\"isPartOf\":{\"@id\":\"https:\/\/suomenkuvalehti.fi\/kuvien-takaa\/#website\"},\"datePublished\":\"2016-03-12T07:06:20+00:00\",\"dateModified\":\"2016-03-12T07:20:34+00:00\",\"author\":{\"@id\":\"https:\/\/suomenkuvalehti.fi\/kuvien-takaa\/#\/schema\/person\/f3f657e4ad409e008f12af27bec60a23\"},\"breadcrumb\":{\"@id\":\"https:\/\/suomenkuvalehti.fi\/kuvien-takaa\/milius-laitaoikeistolainen-taiteilija-puhuu-suunsa-puhtaaksi-yle-teemalla\/#breadcrumb\"},\"inLanguage\":\"fi\",\"potentialAction\":[{\"@type\":\"ReadAction\",\"target\":[\"https:\/\/suomenkuvalehti.fi\/kuvien-takaa\/milius-laitaoikeistolainen-taiteilija-puhuu-suunsa-puhtaaksi-yle-teemalla\/\"]}]},{\"@type\":\"BreadcrumbList\",\"@id\":\"https:\/\/suomenkuvalehti.fi\/kuvien-takaa\/milius-laitaoikeistolainen-taiteilija-puhuu-suunsa-puhtaaksi-yle-teemalla\/#breadcrumb\",\"itemListElement\":[{\"@type\":\"ListItem\",\"position\":1,\"name\":\"Home\",\"item\":\"https:\/\/suomenkuvalehti.fi\/kuvien-takaa\/\"},{\"@type\":\"ListItem\",\"position\":2,\"name\":\"Milius: laitaoikeistolainen taiteilija puhuu suunsa puhtaaksi Yle Teemalla\"}]},{\"@type\":\"WebSite\",\"@id\":\"https:\/\/suomenkuvalehti.fi\/kuvien-takaa\/#website\",\"url\":\"https:\/\/suomenkuvalehti.fi\/kuvien-takaa\/\",\"name\":\"Kuvien takaa\",\"description\":\"Elokuvakriitikko Kalle Kinnusen elokuvablogi.\",\"potentialAction\":[{\"@type\":\"SearchAction\",\"target\":{\"@type\":\"EntryPoint\",\"urlTemplate\":\"https:\/\/suomenkuvalehti.fi\/haku\/?q={search_term_string}\"},\"query-input\":{\"@type\":\"PropertyValueSpecification\",\"valueRequired\":true,\"valueName\":\"search_term_string\"}}],\"inLanguage\":\"fi\"},{\"@type\":\"Person\",\"@id\":\"https:\/\/suomenkuvalehti.fi\/kuvien-takaa\/#\/schema\/person\/f3f657e4ad409e008f12af27bec60a23\",\"name\":\"Kalle Kinnunen\",\"image\":{\"@type\":\"ImageObject\",\"inLanguage\":\"fi\",\"@id\":\"https:\/\/suomenkuvalehti.fi\/kuvien-takaa\/#\/schema\/person\/image\/\",\"url\":\"https:\/\/suomenkuvalehti.fi\/kuvien-takaa\/wp-content\/uploads\/sites\/11\/2022\/04\/kalle_kinnunen_blogi-1-150x150.jpg\",\"contentUrl\":\"https:\/\/suomenkuvalehti.fi\/kuvien-takaa\/wp-content\/uploads\/sites\/11\/2022\/04\/kalle_kinnunen_blogi-1-150x150.jpg\",\"caption\":\"Kalle Kinnunen\"},\"description\":\"Kalle Kinnunen on vapaa toimittaja ja Suomen Kuvalehden avustaja.\",\"sameAs\":[\"https:\/\/www.facebook.com\/pages\/Kalle-Kinnunen-Kuvien-takaa\/190326157715410?fref=ts\",\"https:\/\/x.com\/https:\/\/twitter.com\/kallekinnunen\"]}]}<\/script>\n<!-- \/ Yoast SEO plugin. -->","yoast_head_json":{"title":"Milius: laitaoikeistolainen taiteilija puhuu suunsa puhtaaksi Yle Teemalla - Kuvien takaa","robots":{"index":"index","follow":"follow","max-snippet":"max-snippet:-1","max-image-preview":"max-image-preview:large","max-video-preview":"max-video-preview:-1"},"canonical":"https:\/\/suomenkuvalehti.fi\/kuvien-takaa\/milius-laitaoikeistolainen-taiteilija-puhuu-suunsa-puhtaaksi-yle-teemalla\/","og_locale":"fi_FI","og_type":"article","og_title":"Milius: laitaoikeistolainen taiteilija puhuu suunsa puhtaaksi Yle Teemalla - Kuvien takaa","og_description":"Jos tuntuu silt\u00e4, ett\u00e4 Yle tuputtaa punavihre\u00e4\u00e4 propagandaa, ent\u00e4s t\u00e4m\u00e4? Laitaoikeistolainen amerikkalainen sai aivan oman Teemalauantain! Yle Teema esitt\u00e4\u00e4 dokumentin er\u00e4\u00e4st\u00e4 eritt\u00e4in mielenkiintoisesta elokuvantekij\u00e4st\u00e4. John Milius oli Ilmestyskirja &hellip;","og_url":"https:\/\/suomenkuvalehti.fi\/kuvien-takaa\/milius-laitaoikeistolainen-taiteilija-puhuu-suunsa-puhtaaksi-yle-teemalla\/","og_site_name":"Kuvien takaa","article_author":"https:\/\/www.facebook.com\/pages\/Kalle-Kinnunen-Kuvien-takaa\/190326157715410?fref=ts","article_published_time":"2016-03-12T07:06:20+00:00","article_modified_time":"2016-03-12T07:20:34+00:00","og_image":[{"width":2560,"height":1707,"url":"https:\/\/suomenkuvalehti.fi\/kuvien-takaa\/wp-content\/uploads\/sites\/11\/2022\/04\/kalle_kinnunen_blogi-1-scaled.jpg","type":"image\/jpeg"}],"author":"Kalle Kinnunen","twitter_card":"summary_large_image","twitter_creator":"@https:\/\/twitter.com\/kallekinnunen","twitter_misc":{"Written by":"Kalle Kinnunen","Est. reading time":"3 minuuttia"},"schema":{"@context":"https:\/\/schema.org","@graph":[{"@type":"WebPage","@id":"https:\/\/suomenkuvalehti.fi\/kuvien-takaa\/milius-laitaoikeistolainen-taiteilija-puhuu-suunsa-puhtaaksi-yle-teemalla\/","url":"https:\/\/suomenkuvalehti.fi\/kuvien-takaa\/milius-laitaoikeistolainen-taiteilija-puhuu-suunsa-puhtaaksi-yle-teemalla\/","name":"Milius: laitaoikeistolainen taiteilija puhuu suunsa puhtaaksi Yle Teemalla - Kuvien takaa","isPartOf":{"@id":"https:\/\/suomenkuvalehti.fi\/kuvien-takaa\/#website"},"datePublished":"2016-03-12T07:06:20+00:00","dateModified":"2016-03-12T07:20:34+00:00","author":{"@id":"https:\/\/suomenkuvalehti.fi\/kuvien-takaa\/#\/schema\/person\/f3f657e4ad409e008f12af27bec60a23"},"breadcrumb":{"@id":"https:\/\/suomenkuvalehti.fi\/kuvien-takaa\/milius-laitaoikeistolainen-taiteilija-puhuu-suunsa-puhtaaksi-yle-teemalla\/#breadcrumb"},"inLanguage":"fi","potentialAction":[{"@type":"ReadAction","target":["https:\/\/suomenkuvalehti.fi\/kuvien-takaa\/milius-laitaoikeistolainen-taiteilija-puhuu-suunsa-puhtaaksi-yle-teemalla\/"]}]},{"@type":"BreadcrumbList","@id":"https:\/\/suomenkuvalehti.fi\/kuvien-takaa\/milius-laitaoikeistolainen-taiteilija-puhuu-suunsa-puhtaaksi-yle-teemalla\/#breadcrumb","itemListElement":[{"@type":"ListItem","position":1,"name":"Home","item":"https:\/\/suomenkuvalehti.fi\/kuvien-takaa\/"},{"@type":"ListItem","position":2,"name":"Milius: laitaoikeistolainen taiteilija puhuu suunsa puhtaaksi Yle Teemalla"}]},{"@type":"WebSite","@id":"https:\/\/suomenkuvalehti.fi\/kuvien-takaa\/#website","url":"https:\/\/suomenkuvalehti.fi\/kuvien-takaa\/","name":"Kuvien takaa","description":"Elokuvakriitikko Kalle Kinnusen elokuvablogi.","potentialAction":[{"@type":"SearchAction","target":{"@type":"EntryPoint","urlTemplate":"https:\/\/suomenkuvalehti.fi\/haku\/?q={search_term_string}"},"query-input":{"@type":"PropertyValueSpecification","valueRequired":true,"valueName":"search_term_string"}}],"inLanguage":"fi"},{"@type":"Person","@id":"https:\/\/suomenkuvalehti.fi\/kuvien-takaa\/#\/schema\/person\/f3f657e4ad409e008f12af27bec60a23","name":"Kalle Kinnunen","image":{"@type":"ImageObject","inLanguage":"fi","@id":"https:\/\/suomenkuvalehti.fi\/kuvien-takaa\/#\/schema\/person\/image\/","url":"https:\/\/suomenkuvalehti.fi\/kuvien-takaa\/wp-content\/uploads\/sites\/11\/2022\/04\/kalle_kinnunen_blogi-1-150x150.jpg","contentUrl":"https:\/\/suomenkuvalehti.fi\/kuvien-takaa\/wp-content\/uploads\/sites\/11\/2022\/04\/kalle_kinnunen_blogi-1-150x150.jpg","caption":"Kalle Kinnunen"},"description":"Kalle Kinnunen on vapaa toimittaja ja Suomen Kuvalehden avustaja.","sameAs":["https:\/\/www.facebook.com\/pages\/Kalle-Kinnunen-Kuvien-takaa\/190326157715410?fref=ts","https:\/\/x.com\/https:\/\/twitter.com\/kallekinnunen"]}]}},"_links":{"self":[{"href":"https:\/\/suomenkuvalehti.fi\/kuvien-takaa\/wp-json\/wp\/v2\/posts\/3391","targetHints":{"allow":["GET"]}}],"collection":[{"href":"https:\/\/suomenkuvalehti.fi\/kuvien-takaa\/wp-json\/wp\/v2\/posts"}],"about":[{"href":"https:\/\/suomenkuvalehti.fi\/kuvien-takaa\/wp-json\/wp\/v2\/types\/post"}],"author":[{"embeddable":true,"href":"https:\/\/suomenkuvalehti.fi\/kuvien-takaa\/wp-json\/wp\/v2\/users\/144"}],"replies":[{"embeddable":true,"href":"https:\/\/suomenkuvalehti.fi\/kuvien-takaa\/wp-json\/wp\/v2\/comments?post=3391"}],"version-history":[{"count":4,"href":"https:\/\/suomenkuvalehti.fi\/kuvien-takaa\/wp-json\/wp\/v2\/posts\/3391\/revisions"}],"predecessor-version":[{"id":3396,"href":"https:\/\/suomenkuvalehti.fi\/kuvien-takaa\/wp-json\/wp\/v2\/posts\/3391\/revisions\/3396"}],"wp:attachment":[{"href":"https:\/\/suomenkuvalehti.fi\/kuvien-takaa\/wp-json\/wp\/v2\/media?parent=3391"}],"wp:term":[{"taxonomy":"category","embeddable":true,"href":"https:\/\/suomenkuvalehti.fi\/kuvien-takaa\/wp-json\/wp\/v2\/categories?post=3391"},{"taxonomy":"post_tag","embeddable":true,"href":"https:\/\/suomenkuvalehti.fi\/kuvien-takaa\/wp-json\/wp\/v2\/tags?post=3391"}],"curies":[{"name":"wp","href":"https:\/\/api.w.org\/{rel}","templated":true}]}}