{"id":338,"date":"2013-01-05T11:10:01","date_gmt":"2013-01-05T09:10:01","guid":{"rendered":"https:\/\/suomenkuvalehti.fi\/kuvientakaa\/2013\/01\/05\/veronmaksaja-gerard-depardieu-pakenee-ranskasta-vladimir-putin-keraa-pisteet\/"},"modified":"2013-11-30T16:24:22","modified_gmt":"2013-11-30T14:24:22","slug":"veronmaksaja-gerard-depardieu-pakenee-ranskasta-vladimir-putin-keraa-pisteet","status":"publish","type":"post","link":"https:\/\/suomenkuvalehti.fi\/kuvien-takaa\/veronmaksaja-gerard-depardieu-pakenee-ranskasta-vladimir-putin-keraa-pisteet\/","title":{"rendered":"Veronmaksaja G\u00e9rard Depardieu pakenee Ranskasta, Vladimir Putin ker\u00e4\u00e4 pisteet"},"content":{"rendered":"\n<p>T\u00e4ll\u00e4 viikolla tapahtunutta: <strong>Vladimir Putin<\/strong> antoi ranskalaisn\u00e4yttelij\u00e4 <strong>G\u00e9rard Depardieulle<\/strong> Ven\u00e4j\u00e4n kansalaisuuden. Depardieu oli valittanut Ranskan verotuksesta ja uhkaillut maastamuutolla jo aiemmin. Putinin nopea ratkaisu ja tempun media-arvo ovat helpommin ymm\u00e4rrett\u00e4vi\u00e4, jos tiet\u00e4\u00e4, ett\u00e4 Depardieu on Ven\u00e4j\u00e4ll\u00e4 ja IVY-maissa varsin suosittu.<\/p>\n\n\n\n\n<div>64-vuotiaan n\u00e4yttelij\u00e4n elokuvista esimerkiksi <a href=\"http:\/\/www.imdb.com\/title\/tt0364970\/\"><em>Babylon A.D.<\/em><\/a>, ranskalainen scifij\u00e4nn\u00e4ri, joka menestyi maailmalla muuten aika heikosti, oli erityisen suosittu Ven\u00e4j\u00e4ll\u00e4. Depardieu n\u00e4yttelee siin\u00e4 ven\u00e4l\u00e4ist\u00e4 roolihahmoa. (Elokuvan varsinainen t\u00e4hti oli <strong>Vin Diesel<\/strong>. Kaljup\u00e4\u00e4-actionin [t\u00e4htin\u00e4 Diesel, <strong>Jason Statham<\/strong>, <strong>The Rock<\/strong> jne.] poikkeuksellisesta menestyksest\u00e4 Ven\u00e4j\u00e4ll\u00e4 voisin kirjoittaa oman blogimerkint\u00e4ns\u00e4).<\/div>\n\n\n\n<p>Aiemmin Depardieu on hengaillut muun muassa Kazakhstanin presidentin kanssa, tehnyt siell\u00e4 <a href=\"http:\/\/www.caravanistan.com\/society\/really\/what-the-hell-is-gerard-depardieu-doing-in-kazakhstan\/\">mainoksia<\/a> ja elokuvia sek\u00e4 ylist\u00e4nyt <a href=\"http:\/\/www.eurasianet.org\/node\/63809\">Azerbaidzanin ruokaa<\/a>. H\u00e4n on&nbsp;<a href=\"http:\/\/narrienlaiva.com\/2013\/01\/04\/hyodyllinen-idiootti\/\">T\u0161et\u0161enian <strong>Ramzan Kadyrovin<\/strong> ja Uzbekistanin johtajien<\/a> kaveri. Kaikki t\u00e4m\u00e4 tapahtuu tietenkin rahasta. (<a href=\"https:\/\/suomenkuvalehti.fi\/kuvientakaa\/2011\/10\/17\/elokuvatahtia-kaupan-mediamannekiineiksi-oscar-voittaja-hilary-swankillakin-on-hintansa\/\"><strong>Hilary Swank<\/strong> teki saman mokan<\/a> Kadyrovin kanssa 2011.)<\/p>\n\n\n\n<p>N\u00e4yttelij\u00e4\u00e4 pidet\u00e4\u00e4n yleisesti ty\u00f6ss\u00e4\u00e4n osoittamansa lahjakkuden ulkopuolella v\u00e4h\u00e4n h\u00f6hl\u00e4n\u00e4. Alkoholismistakin on kerrottu jo pitk\u00e4\u00e4n: iltap\u00e4ivisin lounaan j\u00e4lkeen Depardieun ohjaaminen on usein vaikeaa, kertoi ohjaaja <strong>Francois Ozon<\/strong>, kun haastattelin h\u00e4nt\u00e4 <em>Potiche &#8211; aivovaimo<\/em> -elokuvan tiimoilta. Ranskassa t\u00e4m\u00e4 on ok, kun kyseess\u00e4 on kansallisaarre Depardieu, eik\u00e4 kyseess\u00e4 ollut mik\u00e4\u00e4n suuri tai pisteli\u00e4s paljastus Ozonilta. Viimeksi marraskuussa Depardieu j\u00e4i kiinni <a href=\"http:\/\/www.telegraph.co.uk\/news\/worldnews\/europe\/france\/9713097\/Gerard-Depardieu-detained-for-driving-scooter-while-drunk.html\">rattijuoppoudesta 1,8 promillen<\/a> k\u00e4nniss\u00e4.<\/p>\n\n\n\n<p>Siisp\u00e4 p\u00f6lv\u00e4stin kommentit siit\u00e4, ett\u00e4 Ven\u00e4j\u00e4 on <a href=\"http:\/\/www.hollywoodreporter.com\/news\/gerard-depardieu-russia-great-democracy-408413\">suurenmoinen demokratia<\/a>, kannattaa j\u00e4tt\u00e4\u00e4 kokonaan huomiotta.<\/p>\n\n\n\n<p>Putin ker\u00e4\u00e4 tempulla suosiota Ven\u00e4j\u00e4ll\u00e4. Depardieu-parka ei ymm\u00e4rr\u00e4, kuinka itsens\u00e4 nolaa muun maailman silmiss\u00e4.<\/p>\n\n\n\n<p>Ymm\u00e4rr\u00e4n G\u00e9rard Depardieun verokriisi\u00e4 kuitenkin hyvin. Ainakin siit\u00e4 kulmasta, ett\u00e4 jos on sy\u00f6nyt koko Ranskan, ei varmaan tunnu johdonmukaiselta maksaa sinne en\u00e4\u00e4 veroja.<\/p>\n\n\n","protected":false},"excerpt":{"rendered":"<p>T\u00e4ll\u00e4 viikolla tapahtunutta: Vladimir Putin antoi ranskalaisn\u00e4yttelij\u00e4 G\u00e9rard Depardieulle Ven\u00e4j\u00e4n kansalaisuuden. Depardieu oli valittanut Ranskan verotuksesta ja uhkaillut maastamuutolla jo aiemmin. Putinin nopea ratkaisu ja tempun media-arvo<br \/>\novat h&hellip;<\/p>\n","protected":false},"author":144,"featured_media":0,"comment_status":"open","ping_status":"open","sticky":false,"template":"","format":"standard","meta":{"_acf_changed":false,"asauth_required_access_level":0,"asauth_cansharepaid":"","om_header_attributes":[],"footnotes":"","om_featured_image_focal_point":[],"om_primary_tag":0,"om_contributors":[],"om_co_authors":[],"beyondwords_generate_audio":"","beyondwords_project_id":"","beyondwords_content_id":"","beyondwords_preview_token":"","beyondwords_player_content":"","beyondwords_player_style":"","beyondwords_language_code":"","beyondwords_language_id":"","beyondwords_title_voice_id":"","beyondwords_body_voice_id":"","beyondwords_summary_voice_id":"","beyondwords_error_message":"","beyondwords_disabled":"","beyondwords_delete_content":"","beyondwords_podcast_id":"","beyondwords_hash":"","publish_post_to_speechkit":"","speechkit_hash":"","speechkit_generate_audio":"","speechkit_project_id":"","speechkit_podcast_id":"","speechkit_error_message":"","speechkit_disabled":"","speechkit_access_key":"","speechkit_error":"","speechkit_info":"","speechkit_response":"","speechkit_retries":"","speechkit_status":"","speechkit_updated_at":"","_speechkit_link":"","_speechkit_text":""},"categories":[1],"tags":[393,389,392,390,391,97],"class_list":["post-338","post","type-post","status-publish","format-standard","hentry","category-kuvien-takaa","tag-alkoholismi","tag-gerard-depardieu","tag-ramzan-kadyrov","tag-veroaste","tag-verotus","tag-vladimir-putin"],"om_views":null,"acf":{"tuuma_off":false,"tuuma_kysymys":"","tuuma_vastaus":""},"asauth":{"required_access_level":1,"share_token":"","is_paid":false},"yoast_head":"<!-- This site is optimized with the Yoast SEO plugin v26.4 - https:\/\/yoast.com\/wordpress\/plugins\/seo\/ -->\n<title>Veronmaksaja G\u00e9rard Depardieu pakenee Ranskasta, Vladimir Putin ker\u00e4\u00e4 pisteet - Kuvien takaa<\/title>\n<meta name=\"robots\" content=\"index, follow, max-snippet:-1, max-image-preview:large, max-video-preview:-1\" \/>\n<link rel=\"canonical\" href=\"https:\/\/suomenkuvalehti.fi\/kuvien-takaa\/veronmaksaja-gerard-depardieu-pakenee-ranskasta-vladimir-putin-keraa-pisteet\/\" \/>\n<meta property=\"og:locale\" content=\"fi_FI\" \/>\n<meta property=\"og:type\" content=\"article\" \/>\n<meta property=\"og:title\" content=\"Veronmaksaja G\u00e9rard Depardieu pakenee Ranskasta, Vladimir Putin ker\u00e4\u00e4 pisteet - Kuvien takaa\" \/>\n<meta property=\"og:description\" content=\"T\u00e4ll\u00e4 viikolla tapahtunutta: Vladimir Putin antoi ranskalaisn\u00e4yttelij\u00e4 G\u00e9rard Depardieulle Ven\u00e4j\u00e4n kansalaisuuden. Depardieu oli valittanut Ranskan verotuksesta ja uhkaillut maastamuutolla jo aiemmin. Putinin nopea ratkaisu ja tempun media-arvo ovat h&hellip;\" \/>\n<meta property=\"og:url\" content=\"https:\/\/suomenkuvalehti.fi\/kuvien-takaa\/veronmaksaja-gerard-depardieu-pakenee-ranskasta-vladimir-putin-keraa-pisteet\/\" \/>\n<meta property=\"og:site_name\" content=\"Kuvien takaa\" \/>\n<meta property=\"article:author\" content=\"https:\/\/www.facebook.com\/pages\/Kalle-Kinnunen-Kuvien-takaa\/190326157715410?fref=ts\" \/>\n<meta property=\"article:published_time\" content=\"2013-01-05T09:10:01+00:00\" \/>\n<meta property=\"article:modified_time\" content=\"2013-11-30T14:24:22+00:00\" \/>\n<meta property=\"og:image\" content=\"https:\/\/suomenkuvalehti.fi\/kuvien-takaa\/wp-content\/uploads\/sites\/11\/2022\/04\/kalle_kinnunen_blogi-1-scaled.jpg\" \/>\n\t<meta property=\"og:image:width\" content=\"2560\" \/>\n\t<meta property=\"og:image:height\" content=\"1707\" \/>\n\t<meta property=\"og:image:type\" content=\"image\/jpeg\" \/>\n<meta name=\"author\" content=\"Kalle Kinnunen\" \/>\n<meta name=\"twitter:card\" content=\"summary_large_image\" \/>\n<meta name=\"twitter:creator\" content=\"@https:\/\/twitter.com\/kallekinnunen\" \/>\n<meta name=\"twitter:label1\" content=\"Written by\" \/>\n\t<meta name=\"twitter:data1\" content=\"Kalle Kinnunen\" \/>\n\t<meta name=\"twitter:label2\" content=\"Est. reading time\" \/>\n\t<meta name=\"twitter:data2\" content=\"1 minuutti\" \/>\n<script type=\"application\/ld+json\" class=\"yoast-schema-graph\">{\"@context\":\"https:\/\/schema.org\",\"@graph\":[{\"@type\":\"WebPage\",\"@id\":\"https:\/\/suomenkuvalehti.fi\/kuvien-takaa\/veronmaksaja-gerard-depardieu-pakenee-ranskasta-vladimir-putin-keraa-pisteet\/\",\"url\":\"https:\/\/suomenkuvalehti.fi\/kuvien-takaa\/veronmaksaja-gerard-depardieu-pakenee-ranskasta-vladimir-putin-keraa-pisteet\/\",\"name\":\"Veronmaksaja G\u00e9rard Depardieu pakenee Ranskasta, Vladimir Putin ker\u00e4\u00e4 pisteet - Kuvien takaa\",\"isPartOf\":{\"@id\":\"https:\/\/suomenkuvalehti.fi\/kuvien-takaa\/#website\"},\"datePublished\":\"2013-01-05T09:10:01+00:00\",\"dateModified\":\"2013-11-30T14:24:22+00:00\",\"author\":{\"@id\":\"https:\/\/suomenkuvalehti.fi\/kuvien-takaa\/#\/schema\/person\/f3f657e4ad409e008f12af27bec60a23\"},\"breadcrumb\":{\"@id\":\"https:\/\/suomenkuvalehti.fi\/kuvien-takaa\/veronmaksaja-gerard-depardieu-pakenee-ranskasta-vladimir-putin-keraa-pisteet\/#breadcrumb\"},\"inLanguage\":\"fi\",\"potentialAction\":[{\"@type\":\"ReadAction\",\"target\":[\"https:\/\/suomenkuvalehti.fi\/kuvien-takaa\/veronmaksaja-gerard-depardieu-pakenee-ranskasta-vladimir-putin-keraa-pisteet\/\"]}]},{\"@type\":\"BreadcrumbList\",\"@id\":\"https:\/\/suomenkuvalehti.fi\/kuvien-takaa\/veronmaksaja-gerard-depardieu-pakenee-ranskasta-vladimir-putin-keraa-pisteet\/#breadcrumb\",\"itemListElement\":[{\"@type\":\"ListItem\",\"position\":1,\"name\":\"Home\",\"item\":\"https:\/\/suomenkuvalehti.fi\/kuvien-takaa\/\"},{\"@type\":\"ListItem\",\"position\":2,\"name\":\"Veronmaksaja G\u00e9rard Depardieu pakenee Ranskasta, Vladimir Putin ker\u00e4\u00e4 pisteet\"}]},{\"@type\":\"WebSite\",\"@id\":\"https:\/\/suomenkuvalehti.fi\/kuvien-takaa\/#website\",\"url\":\"https:\/\/suomenkuvalehti.fi\/kuvien-takaa\/\",\"name\":\"Kuvien takaa\",\"description\":\"Elokuvakriitikko Kalle Kinnusen elokuvablogi.\",\"potentialAction\":[{\"@type\":\"SearchAction\",\"target\":{\"@type\":\"EntryPoint\",\"urlTemplate\":\"https:\/\/suomenkuvalehti.fi\/haku\/?q={search_term_string}\"},\"query-input\":{\"@type\":\"PropertyValueSpecification\",\"valueRequired\":true,\"valueName\":\"search_term_string\"}}],\"inLanguage\":\"fi\"},{\"@type\":\"Person\",\"@id\":\"https:\/\/suomenkuvalehti.fi\/kuvien-takaa\/#\/schema\/person\/f3f657e4ad409e008f12af27bec60a23\",\"name\":\"Kalle Kinnunen\",\"image\":{\"@type\":\"ImageObject\",\"inLanguage\":\"fi\",\"@id\":\"https:\/\/suomenkuvalehti.fi\/kuvien-takaa\/#\/schema\/person\/image\/\",\"url\":\"https:\/\/suomenkuvalehti.fi\/kuvien-takaa\/wp-content\/uploads\/sites\/11\/2022\/04\/kalle_kinnunen_blogi-1-150x150.jpg\",\"contentUrl\":\"https:\/\/suomenkuvalehti.fi\/kuvien-takaa\/wp-content\/uploads\/sites\/11\/2022\/04\/kalle_kinnunen_blogi-1-150x150.jpg\",\"caption\":\"Kalle Kinnunen\"},\"description\":\"Kalle Kinnunen on vapaa toimittaja ja Suomen Kuvalehden avustaja.\",\"sameAs\":[\"https:\/\/www.facebook.com\/pages\/Kalle-Kinnunen-Kuvien-takaa\/190326157715410?fref=ts\",\"https:\/\/x.com\/https:\/\/twitter.com\/kallekinnunen\"]}]}<\/script>\n<!-- \/ Yoast SEO plugin. -->","yoast_head_json":{"title":"Veronmaksaja G\u00e9rard Depardieu pakenee Ranskasta, Vladimir Putin ker\u00e4\u00e4 pisteet - Kuvien takaa","robots":{"index":"index","follow":"follow","max-snippet":"max-snippet:-1","max-image-preview":"max-image-preview:large","max-video-preview":"max-video-preview:-1"},"canonical":"https:\/\/suomenkuvalehti.fi\/kuvien-takaa\/veronmaksaja-gerard-depardieu-pakenee-ranskasta-vladimir-putin-keraa-pisteet\/","og_locale":"fi_FI","og_type":"article","og_title":"Veronmaksaja G\u00e9rard Depardieu pakenee Ranskasta, Vladimir Putin ker\u00e4\u00e4 pisteet - Kuvien takaa","og_description":"T\u00e4ll\u00e4 viikolla tapahtunutta: Vladimir Putin antoi ranskalaisn\u00e4yttelij\u00e4 G\u00e9rard Depardieulle Ven\u00e4j\u00e4n kansalaisuuden. Depardieu oli valittanut Ranskan verotuksesta ja uhkaillut maastamuutolla jo aiemmin. Putinin nopea ratkaisu ja tempun media-arvo ovat h&hellip;","og_url":"https:\/\/suomenkuvalehti.fi\/kuvien-takaa\/veronmaksaja-gerard-depardieu-pakenee-ranskasta-vladimir-putin-keraa-pisteet\/","og_site_name":"Kuvien takaa","article_author":"https:\/\/www.facebook.com\/pages\/Kalle-Kinnunen-Kuvien-takaa\/190326157715410?fref=ts","article_published_time":"2013-01-05T09:10:01+00:00","article_modified_time":"2013-11-30T14:24:22+00:00","og_image":[{"width":2560,"height":1707,"url":"https:\/\/suomenkuvalehti.fi\/kuvien-takaa\/wp-content\/uploads\/sites\/11\/2022\/04\/kalle_kinnunen_blogi-1-scaled.jpg","type":"image\/jpeg"}],"author":"Kalle Kinnunen","twitter_card":"summary_large_image","twitter_creator":"@https:\/\/twitter.com\/kallekinnunen","twitter_misc":{"Written by":"Kalle Kinnunen","Est. reading time":"1 minuutti"},"schema":{"@context":"https:\/\/schema.org","@graph":[{"@type":"WebPage","@id":"https:\/\/suomenkuvalehti.fi\/kuvien-takaa\/veronmaksaja-gerard-depardieu-pakenee-ranskasta-vladimir-putin-keraa-pisteet\/","url":"https:\/\/suomenkuvalehti.fi\/kuvien-takaa\/veronmaksaja-gerard-depardieu-pakenee-ranskasta-vladimir-putin-keraa-pisteet\/","name":"Veronmaksaja G\u00e9rard Depardieu pakenee Ranskasta, Vladimir Putin ker\u00e4\u00e4 pisteet - Kuvien takaa","isPartOf":{"@id":"https:\/\/suomenkuvalehti.fi\/kuvien-takaa\/#website"},"datePublished":"2013-01-05T09:10:01+00:00","dateModified":"2013-11-30T14:24:22+00:00","author":{"@id":"https:\/\/suomenkuvalehti.fi\/kuvien-takaa\/#\/schema\/person\/f3f657e4ad409e008f12af27bec60a23"},"breadcrumb":{"@id":"https:\/\/suomenkuvalehti.fi\/kuvien-takaa\/veronmaksaja-gerard-depardieu-pakenee-ranskasta-vladimir-putin-keraa-pisteet\/#breadcrumb"},"inLanguage":"fi","potentialAction":[{"@type":"ReadAction","target":["https:\/\/suomenkuvalehti.fi\/kuvien-takaa\/veronmaksaja-gerard-depardieu-pakenee-ranskasta-vladimir-putin-keraa-pisteet\/"]}]},{"@type":"BreadcrumbList","@id":"https:\/\/suomenkuvalehti.fi\/kuvien-takaa\/veronmaksaja-gerard-depardieu-pakenee-ranskasta-vladimir-putin-keraa-pisteet\/#breadcrumb","itemListElement":[{"@type":"ListItem","position":1,"name":"Home","item":"https:\/\/suomenkuvalehti.fi\/kuvien-takaa\/"},{"@type":"ListItem","position":2,"name":"Veronmaksaja G\u00e9rard Depardieu pakenee Ranskasta, Vladimir Putin ker\u00e4\u00e4 pisteet"}]},{"@type":"WebSite","@id":"https:\/\/suomenkuvalehti.fi\/kuvien-takaa\/#website","url":"https:\/\/suomenkuvalehti.fi\/kuvien-takaa\/","name":"Kuvien takaa","description":"Elokuvakriitikko Kalle Kinnusen elokuvablogi.","potentialAction":[{"@type":"SearchAction","target":{"@type":"EntryPoint","urlTemplate":"https:\/\/suomenkuvalehti.fi\/haku\/?q={search_term_string}"},"query-input":{"@type":"PropertyValueSpecification","valueRequired":true,"valueName":"search_term_string"}}],"inLanguage":"fi"},{"@type":"Person","@id":"https:\/\/suomenkuvalehti.fi\/kuvien-takaa\/#\/schema\/person\/f3f657e4ad409e008f12af27bec60a23","name":"Kalle Kinnunen","image":{"@type":"ImageObject","inLanguage":"fi","@id":"https:\/\/suomenkuvalehti.fi\/kuvien-takaa\/#\/schema\/person\/image\/","url":"https:\/\/suomenkuvalehti.fi\/kuvien-takaa\/wp-content\/uploads\/sites\/11\/2022\/04\/kalle_kinnunen_blogi-1-150x150.jpg","contentUrl":"https:\/\/suomenkuvalehti.fi\/kuvien-takaa\/wp-content\/uploads\/sites\/11\/2022\/04\/kalle_kinnunen_blogi-1-150x150.jpg","caption":"Kalle Kinnunen"},"description":"Kalle Kinnunen on vapaa toimittaja ja Suomen Kuvalehden avustaja.","sameAs":["https:\/\/www.facebook.com\/pages\/Kalle-Kinnunen-Kuvien-takaa\/190326157715410?fref=ts","https:\/\/x.com\/https:\/\/twitter.com\/kallekinnunen"]}]}},"_links":{"self":[{"href":"https:\/\/suomenkuvalehti.fi\/kuvien-takaa\/wp-json\/wp\/v2\/posts\/338","targetHints":{"allow":["GET"]}}],"collection":[{"href":"https:\/\/suomenkuvalehti.fi\/kuvien-takaa\/wp-json\/wp\/v2\/posts"}],"about":[{"href":"https:\/\/suomenkuvalehti.fi\/kuvien-takaa\/wp-json\/wp\/v2\/types\/post"}],"author":[{"embeddable":true,"href":"https:\/\/suomenkuvalehti.fi\/kuvien-takaa\/wp-json\/wp\/v2\/users\/144"}],"replies":[{"embeddable":true,"href":"https:\/\/suomenkuvalehti.fi\/kuvien-takaa\/wp-json\/wp\/v2\/comments?post=338"}],"version-history":[{"count":1,"href":"https:\/\/suomenkuvalehti.fi\/kuvien-takaa\/wp-json\/wp\/v2\/posts\/338\/revisions"}],"predecessor-version":[{"id":1218,"href":"https:\/\/suomenkuvalehti.fi\/kuvien-takaa\/wp-json\/wp\/v2\/posts\/338\/revisions\/1218"}],"wp:attachment":[{"href":"https:\/\/suomenkuvalehti.fi\/kuvien-takaa\/wp-json\/wp\/v2\/media?parent=338"}],"wp:term":[{"taxonomy":"category","embeddable":true,"href":"https:\/\/suomenkuvalehti.fi\/kuvien-takaa\/wp-json\/wp\/v2\/categories?post=338"},{"taxonomy":"post_tag","embeddable":true,"href":"https:\/\/suomenkuvalehti.fi\/kuvien-takaa\/wp-json\/wp\/v2\/tags?post=338"}],"curies":[{"name":"wp","href":"https:\/\/api.w.org\/{rel}","templated":true}]}}