{"id":326,"date":"2013-03-30T14:56:00","date_gmt":"2013-03-30T12:56:00","guid":{"rendered":"https:\/\/suomenkuvalehti.fi\/kuvientakaa\/2013\/03\/30\/koskemattomat-ilmio-ranskalainen-elokuva-sai-valtavan-kosketuspinnan\/"},"modified":"2013-11-30T16:24:21","modified_gmt":"2013-11-30T14:24:21","slug":"koskemattomat-ilmio-ranskalainen-elokuva-sai-valtavan-kosketuspinnan","status":"publish","type":"post","link":"https:\/\/suomenkuvalehti.fi\/kuvien-takaa\/koskemattomat-ilmio-ranskalainen-elokuva-sai-valtavan-kosketuspinnan\/","title":{"rendered":"Koskemattomat -ilmi\u00f6: ranskalainen elokuva sai valtavan kosketuspinnan"},"content":{"rendered":"\n<p>K\u00e4vin tammikuussa Pariisissa ranskalaisen elokuvan promootio-organisaation Unifrancen vieraana haastattelemassa tuoreiden elokuvien tekij\u00f6it\u00e4. Kaikkien aikojen menestyksekk\u00e4imm\u00e4n ranskalaisen elokuvan <em>Koskemattomien<\/em> vaikutus n\u00e4kyy jo siin\u00e4, mit\u00e4 Suomeen harkitaan levitykseen.<\/p>\n\n\n\n\n<p>Koskemattomat ei ollut Suomessa sellainen j\u00e4ttihitti kuin monissa muissa maissa, mutta marraskuussa ensi-iltansa saanut elokuva py\u00f6rii joissain teattereissa edelleen.<\/p>\n\n\n\n<p>Kirjoitin <a href=\"https:\/\/suomenkuvalehti.fi\/kuvientakaa\/2012\/12\/02\/ranskalainen-koskemattomat-on-kaikkien-aikojen-menestynein-ei-englanninkielinen-elokuva-miksi\/\">Koskemattomista t\u00e4h\u00e4n blogiin<\/a>, kun se oli ensimm\u00e4isell\u00e4 esitysviikollaan.<\/p>\n\n\n\n<p>Elokuva on sympaattinen, tunteellinen ja ehk\u00e4 turhankin imel\u00e4 &#8211; mutta selv\u00e4sti koskettaa monia.<\/p>\n\n\n\n<p>Tanskalaiskollegani kertoi, ett\u00e4 siell\u00e4 Koskemattomat on saanut jo 300 000 katsojaa. Mik\u00e4 mielenkiintoisinta, se on saavuttanut my\u00f6s teini-ik\u00e4iset. Afrikkalaistaustaista Drissi\u00e4 n\u00e4yttelev\u00e4 <strong>Omar Sy<\/strong> on nyt t\u00e4hti.<\/p>\n\n\n\n<p>Siksi elokuva <em>The Other Side of the Tracks<\/em> on hankittu levitett\u00e4v\u00e4ksi Pohjoismaissa. N\u00e4in sen Unifrancen tapahtumassa. Kyseess\u00e4 on hyvin tavanomainen ranskalainen poliisikomedia. T\u00e4llaisia tehd\u00e4\u00e4n useita joka vuosi, eik\u00e4 niit\u00e4 n\u00e4hd\u00e4 leffateattereissa juuri Ranskan ulkopuolella.<\/p>\n\n\n\n<p>Tuo The Other Side of the Tracks oli viimeinen Syn elokuva, jonka h\u00e4n teki &#8221;vanhalla liksalla&#8221;, se kuvattiin Koskemattomat-buumin alkamisen aikoihin. Syn vuoksi leffan uskotaan menestyv\u00e4n teattereissa esimerkiksi Ruotsissa ja Tanskassa &#8211; mit\u00e4\u00e4n muuta erityist\u00e4 myyntivalttia sill\u00e4 nimitt\u00e4in ei ole. Katsotaan, jos Suomessakin.<\/p>\n\n\n\n<p>Sy on jo v\u00e4rv\u00e4tty ensi vuonna valmistuvaan <em>X-Men<\/em> -supersankarileffaan Hollywoodiin. Mutta ehk\u00e4 Sy ei ole meill\u00e4 viel\u00e4 sen luokan n\u00e4yttelij\u00e4, ett\u00e4 h\u00e4nell\u00e4 myyt\u00e4isiin rutiininomaista ranskalaista kytt\u00e4komediaa teineille. Meill\u00e4 Koskemattomat on vedonnut ennen kaikkea varttuneempaan v\u00e4keen. Koskemattomien katsojam\u00e4\u00e4r\u00e4 on j\u00e4\u00e4m\u00e4ss\u00e4 70 000 tienoille. Ranskalaiselle elokuvalle, jonka p\u00e4\u00e4osien n\u00e4yttelij\u00e4t eiv\u00e4t edes ole tuttuja nimi\u00e4 (elokuvaharrastajat tosin muistanevat toisen p\u00e4\u00e4henkil\u00f6n esitt\u00e4j\u00e4n <strong>Francois Cluzetin<\/strong> ainakin naamalta) se on sllti eritt\u00e4in hyv\u00e4 tulos.<\/p>\n\n\n","protected":false},"excerpt":{"rendered":"<p>K\u00e4vin tammikuussa Pariisissa ranskalaisen elokuvan promootio-organisaation Unifrancen vieraana haastattelemassa tuoreiden elokuvien tekij\u00f6it\u00e4. Kaikkien aikojen menestyksekk\u00e4imm\u00e4n ranskalaisen elokuvan Koskemattomien vaikutus n\u00e4kyy jo siin\u00e4, mit\u00e4<br \/>\nSuomeen&hellip;<\/p>\n","protected":false},"author":144,"featured_media":0,"comment_status":"open","ping_status":"open","sticky":false,"template":"","format":"standard","meta":{"_acf_changed":false,"asauth_required_access_level":0,"asauth_cansharepaid":"","om_header_attributes":[],"footnotes":"","om_featured_image_focal_point":[],"om_primary_tag":0,"om_contributors":[],"om_co_authors":[],"beyondwords_generate_audio":"","beyondwords_project_id":"","beyondwords_content_id":"","beyondwords_preview_token":"","beyondwords_player_content":"","beyondwords_player_style":"","beyondwords_language_code":"","beyondwords_language_id":"","beyondwords_title_voice_id":"","beyondwords_body_voice_id":"","beyondwords_summary_voice_id":"","beyondwords_error_message":"","beyondwords_disabled":"","beyondwords_delete_content":"","beyondwords_podcast_id":"","beyondwords_hash":"","publish_post_to_speechkit":"","speechkit_hash":"","speechkit_generate_audio":"","speechkit_project_id":"","speechkit_podcast_id":"","speechkit_error_message":"","speechkit_disabled":"","speechkit_access_key":"","speechkit_error":"","speechkit_info":"","speechkit_response":"","speechkit_retries":"","speechkit_status":"","speechkit_updated_at":"","_speechkit_link":"","_speechkit_text":""},"categories":[1],"tags":[358,359,268],"class_list":["post-326","post","type-post","status-publish","format-standard","hentry","category-kuvien-takaa","tag-koskemattomat","tag-omar-sy","tag-ranskalainen-elokuva"],"om_views":null,"acf":{"tuuma_off":false,"tuuma_kysymys":"","tuuma_vastaus":""},"asauth":{"required_access_level":1,"share_token":"","is_paid":false},"yoast_head":"<!-- This site is optimized with the Yoast SEO plugin v26.4 - https:\/\/yoast.com\/wordpress\/plugins\/seo\/ -->\n<title>Koskemattomat -ilmi\u00f6: ranskalainen elokuva sai valtavan kosketuspinnan - Kuvien takaa<\/title>\n<meta name=\"robots\" content=\"index, follow, max-snippet:-1, max-image-preview:large, max-video-preview:-1\" \/>\n<link rel=\"canonical\" href=\"https:\/\/suomenkuvalehti.fi\/kuvien-takaa\/koskemattomat-ilmio-ranskalainen-elokuva-sai-valtavan-kosketuspinnan\/\" \/>\n<meta property=\"og:locale\" content=\"fi_FI\" \/>\n<meta property=\"og:type\" content=\"article\" \/>\n<meta property=\"og:title\" content=\"Koskemattomat -ilmi\u00f6: ranskalainen elokuva sai valtavan kosketuspinnan - Kuvien takaa\" \/>\n<meta property=\"og:description\" content=\"K\u00e4vin tammikuussa Pariisissa ranskalaisen elokuvan promootio-organisaation Unifrancen vieraana haastattelemassa tuoreiden elokuvien tekij\u00f6it\u00e4. Kaikkien aikojen menestyksekk\u00e4imm\u00e4n ranskalaisen elokuvan Koskemattomien vaikutus n\u00e4kyy jo siin\u00e4, mit\u00e4 Suomeen&hellip;\" \/>\n<meta property=\"og:url\" content=\"https:\/\/suomenkuvalehti.fi\/kuvien-takaa\/koskemattomat-ilmio-ranskalainen-elokuva-sai-valtavan-kosketuspinnan\/\" \/>\n<meta property=\"og:site_name\" content=\"Kuvien takaa\" \/>\n<meta property=\"article:author\" content=\"https:\/\/www.facebook.com\/pages\/Kalle-Kinnunen-Kuvien-takaa\/190326157715410?fref=ts\" \/>\n<meta property=\"article:published_time\" content=\"2013-03-30T12:56:00+00:00\" \/>\n<meta property=\"article:modified_time\" content=\"2013-11-30T14:24:21+00:00\" \/>\n<meta property=\"og:image\" content=\"https:\/\/suomenkuvalehti.fi\/kuvien-takaa\/wp-content\/uploads\/sites\/11\/2022\/04\/kalle_kinnunen_blogi-1-scaled.jpg\" \/>\n\t<meta property=\"og:image:width\" content=\"2560\" \/>\n\t<meta property=\"og:image:height\" content=\"1707\" \/>\n\t<meta property=\"og:image:type\" content=\"image\/jpeg\" \/>\n<meta name=\"author\" content=\"Kalle Kinnunen\" \/>\n<meta name=\"twitter:card\" content=\"summary_large_image\" \/>\n<meta name=\"twitter:creator\" content=\"@https:\/\/twitter.com\/kallekinnunen\" \/>\n<meta name=\"twitter:label1\" content=\"Written by\" \/>\n\t<meta name=\"twitter:data1\" content=\"Kalle Kinnunen\" \/>\n\t<meta name=\"twitter:label2\" content=\"Est. reading time\" \/>\n\t<meta name=\"twitter:data2\" content=\"1 minuutti\" \/>\n<script type=\"application\/ld+json\" class=\"yoast-schema-graph\">{\"@context\":\"https:\/\/schema.org\",\"@graph\":[{\"@type\":\"WebPage\",\"@id\":\"https:\/\/suomenkuvalehti.fi\/kuvien-takaa\/koskemattomat-ilmio-ranskalainen-elokuva-sai-valtavan-kosketuspinnan\/\",\"url\":\"https:\/\/suomenkuvalehti.fi\/kuvien-takaa\/koskemattomat-ilmio-ranskalainen-elokuva-sai-valtavan-kosketuspinnan\/\",\"name\":\"Koskemattomat -ilmi\u00f6: ranskalainen elokuva sai valtavan kosketuspinnan - Kuvien takaa\",\"isPartOf\":{\"@id\":\"https:\/\/suomenkuvalehti.fi\/kuvien-takaa\/#website\"},\"datePublished\":\"2013-03-30T12:56:00+00:00\",\"dateModified\":\"2013-11-30T14:24:21+00:00\",\"author\":{\"@id\":\"https:\/\/suomenkuvalehti.fi\/kuvien-takaa\/#\/schema\/person\/f3f657e4ad409e008f12af27bec60a23\"},\"breadcrumb\":{\"@id\":\"https:\/\/suomenkuvalehti.fi\/kuvien-takaa\/koskemattomat-ilmio-ranskalainen-elokuva-sai-valtavan-kosketuspinnan\/#breadcrumb\"},\"inLanguage\":\"fi\",\"potentialAction\":[{\"@type\":\"ReadAction\",\"target\":[\"https:\/\/suomenkuvalehti.fi\/kuvien-takaa\/koskemattomat-ilmio-ranskalainen-elokuva-sai-valtavan-kosketuspinnan\/\"]}]},{\"@type\":\"BreadcrumbList\",\"@id\":\"https:\/\/suomenkuvalehti.fi\/kuvien-takaa\/koskemattomat-ilmio-ranskalainen-elokuva-sai-valtavan-kosketuspinnan\/#breadcrumb\",\"itemListElement\":[{\"@type\":\"ListItem\",\"position\":1,\"name\":\"Home\",\"item\":\"https:\/\/suomenkuvalehti.fi\/kuvien-takaa\/\"},{\"@type\":\"ListItem\",\"position\":2,\"name\":\"Koskemattomat -ilmi\u00f6: ranskalainen elokuva sai valtavan kosketuspinnan\"}]},{\"@type\":\"WebSite\",\"@id\":\"https:\/\/suomenkuvalehti.fi\/kuvien-takaa\/#website\",\"url\":\"https:\/\/suomenkuvalehti.fi\/kuvien-takaa\/\",\"name\":\"Kuvien takaa\",\"description\":\"Elokuvakriitikko Kalle Kinnusen elokuvablogi.\",\"potentialAction\":[{\"@type\":\"SearchAction\",\"target\":{\"@type\":\"EntryPoint\",\"urlTemplate\":\"https:\/\/suomenkuvalehti.fi\/haku\/?q={search_term_string}\"},\"query-input\":{\"@type\":\"PropertyValueSpecification\",\"valueRequired\":true,\"valueName\":\"search_term_string\"}}],\"inLanguage\":\"fi\"},{\"@type\":\"Person\",\"@id\":\"https:\/\/suomenkuvalehti.fi\/kuvien-takaa\/#\/schema\/person\/f3f657e4ad409e008f12af27bec60a23\",\"name\":\"Kalle Kinnunen\",\"image\":{\"@type\":\"ImageObject\",\"inLanguage\":\"fi\",\"@id\":\"https:\/\/suomenkuvalehti.fi\/kuvien-takaa\/#\/schema\/person\/image\/\",\"url\":\"https:\/\/suomenkuvalehti.fi\/kuvien-takaa\/wp-content\/uploads\/sites\/11\/2022\/04\/kalle_kinnunen_blogi-1-150x150.jpg\",\"contentUrl\":\"https:\/\/suomenkuvalehti.fi\/kuvien-takaa\/wp-content\/uploads\/sites\/11\/2022\/04\/kalle_kinnunen_blogi-1-150x150.jpg\",\"caption\":\"Kalle Kinnunen\"},\"description\":\"Kalle Kinnunen on vapaa toimittaja ja Suomen Kuvalehden avustaja.\",\"sameAs\":[\"https:\/\/www.facebook.com\/pages\/Kalle-Kinnunen-Kuvien-takaa\/190326157715410?fref=ts\",\"https:\/\/x.com\/https:\/\/twitter.com\/kallekinnunen\"]}]}<\/script>\n<!-- \/ Yoast SEO plugin. -->","yoast_head_json":{"title":"Koskemattomat -ilmi\u00f6: ranskalainen elokuva sai valtavan kosketuspinnan - Kuvien takaa","robots":{"index":"index","follow":"follow","max-snippet":"max-snippet:-1","max-image-preview":"max-image-preview:large","max-video-preview":"max-video-preview:-1"},"canonical":"https:\/\/suomenkuvalehti.fi\/kuvien-takaa\/koskemattomat-ilmio-ranskalainen-elokuva-sai-valtavan-kosketuspinnan\/","og_locale":"fi_FI","og_type":"article","og_title":"Koskemattomat -ilmi\u00f6: ranskalainen elokuva sai valtavan kosketuspinnan - Kuvien takaa","og_description":"K\u00e4vin tammikuussa Pariisissa ranskalaisen elokuvan promootio-organisaation Unifrancen vieraana haastattelemassa tuoreiden elokuvien tekij\u00f6it\u00e4. Kaikkien aikojen menestyksekk\u00e4imm\u00e4n ranskalaisen elokuvan Koskemattomien vaikutus n\u00e4kyy jo siin\u00e4, mit\u00e4 Suomeen&hellip;","og_url":"https:\/\/suomenkuvalehti.fi\/kuvien-takaa\/koskemattomat-ilmio-ranskalainen-elokuva-sai-valtavan-kosketuspinnan\/","og_site_name":"Kuvien takaa","article_author":"https:\/\/www.facebook.com\/pages\/Kalle-Kinnunen-Kuvien-takaa\/190326157715410?fref=ts","article_published_time":"2013-03-30T12:56:00+00:00","article_modified_time":"2013-11-30T14:24:21+00:00","og_image":[{"width":2560,"height":1707,"url":"https:\/\/suomenkuvalehti.fi\/kuvien-takaa\/wp-content\/uploads\/sites\/11\/2022\/04\/kalle_kinnunen_blogi-1-scaled.jpg","type":"image\/jpeg"}],"author":"Kalle Kinnunen","twitter_card":"summary_large_image","twitter_creator":"@https:\/\/twitter.com\/kallekinnunen","twitter_misc":{"Written by":"Kalle Kinnunen","Est. reading time":"1 minuutti"},"schema":{"@context":"https:\/\/schema.org","@graph":[{"@type":"WebPage","@id":"https:\/\/suomenkuvalehti.fi\/kuvien-takaa\/koskemattomat-ilmio-ranskalainen-elokuva-sai-valtavan-kosketuspinnan\/","url":"https:\/\/suomenkuvalehti.fi\/kuvien-takaa\/koskemattomat-ilmio-ranskalainen-elokuva-sai-valtavan-kosketuspinnan\/","name":"Koskemattomat -ilmi\u00f6: ranskalainen elokuva sai valtavan kosketuspinnan - Kuvien takaa","isPartOf":{"@id":"https:\/\/suomenkuvalehti.fi\/kuvien-takaa\/#website"},"datePublished":"2013-03-30T12:56:00+00:00","dateModified":"2013-11-30T14:24:21+00:00","author":{"@id":"https:\/\/suomenkuvalehti.fi\/kuvien-takaa\/#\/schema\/person\/f3f657e4ad409e008f12af27bec60a23"},"breadcrumb":{"@id":"https:\/\/suomenkuvalehti.fi\/kuvien-takaa\/koskemattomat-ilmio-ranskalainen-elokuva-sai-valtavan-kosketuspinnan\/#breadcrumb"},"inLanguage":"fi","potentialAction":[{"@type":"ReadAction","target":["https:\/\/suomenkuvalehti.fi\/kuvien-takaa\/koskemattomat-ilmio-ranskalainen-elokuva-sai-valtavan-kosketuspinnan\/"]}]},{"@type":"BreadcrumbList","@id":"https:\/\/suomenkuvalehti.fi\/kuvien-takaa\/koskemattomat-ilmio-ranskalainen-elokuva-sai-valtavan-kosketuspinnan\/#breadcrumb","itemListElement":[{"@type":"ListItem","position":1,"name":"Home","item":"https:\/\/suomenkuvalehti.fi\/kuvien-takaa\/"},{"@type":"ListItem","position":2,"name":"Koskemattomat -ilmi\u00f6: ranskalainen elokuva sai valtavan kosketuspinnan"}]},{"@type":"WebSite","@id":"https:\/\/suomenkuvalehti.fi\/kuvien-takaa\/#website","url":"https:\/\/suomenkuvalehti.fi\/kuvien-takaa\/","name":"Kuvien takaa","description":"Elokuvakriitikko Kalle Kinnusen elokuvablogi.","potentialAction":[{"@type":"SearchAction","target":{"@type":"EntryPoint","urlTemplate":"https:\/\/suomenkuvalehti.fi\/haku\/?q={search_term_string}"},"query-input":{"@type":"PropertyValueSpecification","valueRequired":true,"valueName":"search_term_string"}}],"inLanguage":"fi"},{"@type":"Person","@id":"https:\/\/suomenkuvalehti.fi\/kuvien-takaa\/#\/schema\/person\/f3f657e4ad409e008f12af27bec60a23","name":"Kalle Kinnunen","image":{"@type":"ImageObject","inLanguage":"fi","@id":"https:\/\/suomenkuvalehti.fi\/kuvien-takaa\/#\/schema\/person\/image\/","url":"https:\/\/suomenkuvalehti.fi\/kuvien-takaa\/wp-content\/uploads\/sites\/11\/2022\/04\/kalle_kinnunen_blogi-1-150x150.jpg","contentUrl":"https:\/\/suomenkuvalehti.fi\/kuvien-takaa\/wp-content\/uploads\/sites\/11\/2022\/04\/kalle_kinnunen_blogi-1-150x150.jpg","caption":"Kalle Kinnunen"},"description":"Kalle Kinnunen on vapaa toimittaja ja Suomen Kuvalehden avustaja.","sameAs":["https:\/\/www.facebook.com\/pages\/Kalle-Kinnunen-Kuvien-takaa\/190326157715410?fref=ts","https:\/\/x.com\/https:\/\/twitter.com\/kallekinnunen"]}]}},"_links":{"self":[{"href":"https:\/\/suomenkuvalehti.fi\/kuvien-takaa\/wp-json\/wp\/v2\/posts\/326","targetHints":{"allow":["GET"]}}],"collection":[{"href":"https:\/\/suomenkuvalehti.fi\/kuvien-takaa\/wp-json\/wp\/v2\/posts"}],"about":[{"href":"https:\/\/suomenkuvalehti.fi\/kuvien-takaa\/wp-json\/wp\/v2\/types\/post"}],"author":[{"embeddable":true,"href":"https:\/\/suomenkuvalehti.fi\/kuvien-takaa\/wp-json\/wp\/v2\/users\/144"}],"replies":[{"embeddable":true,"href":"https:\/\/suomenkuvalehti.fi\/kuvien-takaa\/wp-json\/wp\/v2\/comments?post=326"}],"version-history":[{"count":1,"href":"https:\/\/suomenkuvalehti.fi\/kuvien-takaa\/wp-json\/wp\/v2\/posts\/326\/revisions"}],"predecessor-version":[{"id":1211,"href":"https:\/\/suomenkuvalehti.fi\/kuvien-takaa\/wp-json\/wp\/v2\/posts\/326\/revisions\/1211"}],"wp:attachment":[{"href":"https:\/\/suomenkuvalehti.fi\/kuvien-takaa\/wp-json\/wp\/v2\/media?parent=326"}],"wp:term":[{"taxonomy":"category","embeddable":true,"href":"https:\/\/suomenkuvalehti.fi\/kuvien-takaa\/wp-json\/wp\/v2\/categories?post=326"},{"taxonomy":"post_tag","embeddable":true,"href":"https:\/\/suomenkuvalehti.fi\/kuvien-takaa\/wp-json\/wp\/v2\/tags?post=326"}],"curies":[{"name":"wp","href":"https:\/\/api.w.org\/{rel}","templated":true}]}}