{"id":3223,"date":"2015-11-20T09:10:45","date_gmt":"2015-11-20T07:10:45","guid":{"rendered":"https:\/\/suomenkuvalehti.fi\/kuvien-takaa\/?p=3223"},"modified":"2015-11-19T23:06:10","modified_gmt":"2015-11-19T21:06:10","slug":"miksi-pakolaistarina-dheepan-on-ehka-vuoden-tarkein-elokuva","status":"publish","type":"post","link":"https:\/\/suomenkuvalehti.fi\/kuvien-takaa\/miksi-pakolaistarina-dheepan-on-ehka-vuoden-tarkein-elokuva\/","title":{"rendered":"Miksi pakolaistarina Dheepan on ehk\u00e4 vuoden t\u00e4rkein elokuva"},"content":{"rendered":"\n<p>Jos k\u00e4yt loppuvuodesta en\u00e4\u00e4 kerran elokuvissa, mene katsomaan <strong>Jacques Audiardin<\/strong> <em>Dheepan<\/em>. Se on monella tavalla v\u00e4kev\u00e4 elokuva. Mik\u00e4li et usko minua, usko Cannesin tuomaristoa, joka <strong>Coen<\/strong>-veljesten johdolla antoi elokuvalle Kultaisen palmun.<\/p>\n\n\n\n<p>Dheepan on kertomus kolmesta tamilista, jotka saapuvat Ranskaan v\u00e4\u00e4rill\u00e4 passeilla. Mies, nainen ja tytt\u00f6 pakenevat sotaa Sri Lankassa. He esitt\u00e4v\u00e4t perhett\u00e4. He eiv\u00e4t tunne toisiaan. Passit kuuluvat kuolleelle perheelle.<\/p>\n\n\n\n<p>Audiard kuvaa ulkopuolisuutta, pelkoja ja haaveita. Aluksi elokuva voi vaikuttaa yhteiskunnalliselta realismilta, mutta sen kieli on audiardia, johon kuuluu paljon eritt\u00e4in taitavaa, alleviivaamatonta symboliikkaa. Dheepan ei esit\u00e4 olevansa \u201dtotta\u201d tai &#8221;realistinen&#8221; sen enemp\u00e4\u00e4 kuin Audiardin gangsteritarina <em>Profeetta<\/em>, mutta se on j\u00e4risytt\u00e4v\u00e4n totuudellinen kertomus.<\/p>\n\n\n\n<p>Ajankohtainen maahanmuuton teema tarjoaa yhden tavan l\u00e4hesty\u00e4 elokuvaa, mutta siin\u00e4 on paljon enemm\u00e4n. Ennen kaikkea se on kuvaus dynamiikasta valeperheess\u00e4, jonka j\u00e4senten v\u00e4linen luottamus ja rakkaus syttyv\u00e4t hitaasti. Valeperheet ovat harvinaisia, luottamus ja rakkaus eiv\u00e4t, mutta helppoja asioita ne eiv\u00e4t ole. Yhteis\u00f6 on kuin mik\u00e4 vain, jossa ihmiset joutuvat tekem\u00e4\u00e4n yhteisty\u00f6t\u00e4, nyt se vain sattuu olemaan makaaberi valeperhe.<\/p>\n\n\n\n<p>Dheepan on my\u00f6s elokuva kommunikaatiosta. Kieli on yksi taso: p\u00e4\u00e4henkil\u00f6t eiv\u00e4t puhu ranskaa ja oppivat sit\u00e4 tarinan aikana vain jonkin verran. Silti asiat tulevat pian kyllin selviksi. Ihmisten v\u00e4lisen ymm\u00e4rryksen muurit eiv\u00e4t ole koskaan mahdottoman korkeita, Audiard sanoo. Jos on luottamusta, varsinaiset ongelmat ovat aina ihan muuta.<\/p>\n\n\n\n<p>K\u00e4vin katsomassa Dheepanin toista kertaa, ja vasta nyt tied\u00e4n, ett\u00e4 se on mestariteos. Cannesissa olin turhan paljon omien ennakko-odotusteni vanki. Audiardilta odotti rikosdraamaa, ja Dheepan on kyll\u00e4 sit\u00e4kin, mutta eri tavalla kuin ohjaajan aiemmat.<\/p>\n\n\n\n<p>Havainto: jokaisesta Dheepanin henkil\u00f6hahmosta haluaisi tiet\u00e4\u00e4 enemm\u00e4n, paljon enemm\u00e4n. He her\u00e4tt\u00e4v\u00e4t uteliaisuuden, koska he ovat oikeita ja s\u00e4vykk\u00e4it\u00e4 ihmisi\u00e4, joilla on salaisuutensa ja taakkansa. Parasta mahdollista elokuvan totuudellisuutta on se, ett\u00e4 hahmojen alkaa ajatella olevan ik\u00e4\u00e4n kuin olemassa elokuvan ulkopuolella.<\/p>\n\n\n\n<p>Sanotaan, ett\u00e4 yksi elokuvien hienoimmista ominaisuuksista on tapa, jolla ne voivat pist\u00e4\u00e4 katsojan toisen ihmisen nahkoihin. T\u00e4st\u00e4 n\u00e4k\u00f6kulmasta Dheepan on poikkeuksellinen. Audiard nimenomaan halusikin p\u00e4\u00e4henkil\u00f6iden tulevan kulttuurista, jolla on <a href=\"https:\/\/suomenkuvalehti.fi\/jutut\/kulttuuri\/elokuva\/maahanmuuttajat-kayttavat-kuolleiden-identiteetteja-valeperhe\/?shared=296927-7b40f4d3-999\" target=\"_blank\">mahdollisimman v\u00e4h\u00e4n tekemist\u00e4 ranskalaisuuden\/eurooppalaisuuden kanssa<\/a>.<\/p>\n\n\n\n<p>Tekstiss\u00e4 on t\u00e4m\u00e4n j\u00e4lkeen jonkinasteinen spoileri, mutta yrit\u00e4n kirjoittaa niin, etten pilaa katselukokemusta.<\/p>\n\n\n<p><iframe loading=\"lazy\" width=\"630\" height=\"354\" src=\"https:\/\/www.youtube.com\/embed\/0qB8_Q9oTuw?feature=oembed\" frameborder=\"0\" allowfullscreen><\/iframe><\/p>\n\n\n<p>Jo alkupuolella on selv\u00e4\u00e4, ett\u00e4 perheen el\u00e4m\u00e4 tulee kietoutumaan pariisilaisslummin gangsterien puuhiin. Kerrostalojen katoilla on kytt\u00e4\u00e4ji\u00e4, ehk\u00e4 poliisien tai ehk\u00e4 toisien liigojen varalta, ja alueella k\u00e4yd\u00e4\u00e4n isoa huumekauppaa.<\/p>\n\n\n\n<p>Dheepan on perheen is\u00e4n uusi nimi. Mies on entinen sotilas, ilmeisesti kuuluisa sotilaana. H\u00e4n on menett\u00e4nyt Sri Lankassa perheens\u00e4 ja taistelutoverinsa. Kun v\u00e4kivalta saapuu slummin pihoille ja menneisyys palaa kummittelemaan, Dheepanin mitta alkaa t\u00e4ytty\u00e4. Sit\u00e4 ennen audiardin kielell\u00e4 n\u00e4ytet\u00e4\u00e4n, kuinka kuoleman enkelit laskeutuvat t\u00e4h\u00e4n laaksoon moottoripy\u00f6rill\u00e4 ja aseet k\u00e4dess\u00e4.<\/p>\n\n\n\n<p>Lopussa on tyrm\u00e4\u00e4v\u00e4 purkaus ja sen j\u00e4lkeen epilogi.<\/p>\n\n\n\n<p>Audiard kertoo musiikilla ja kuvallisen tyylilajin vaihdoksella, ett\u00e4 epilogi ei ole elokuvan sis\u00e4ll\u00e4 en\u00e4\u00e4 &#8221;totta&#8221;. Magnoliankukkien alla on unelma, haave autuaasta tulevaisuudesta, t\u00e4ss\u00e4 tapauksessa &#8221;Britanniasta&#8221;.<\/p>\n\n\n\n<p>Purkaus ja\/tai epilogi olivat syyn\u00e4 siihen, ett\u00e4 Cannesissa monet kriitikot torjuivat Dheepanin. Sen saamaa Kultaista palmua ihmeteltiin. Ymm\u00e4rr\u00e4n h\u00e4mmennyksen ja senkin, miten viimeiset kuvat saattaisi n\u00e4hd\u00e4 aiempaan verrattuna ristiriitaisena. Tosin se huvitti, ett\u00e4 joissain suomalaiskritiikeiss\u00e4kin elokuvaa kutsuttiin tuon lopun vuoksi ep\u00e4uskottavaksi. (Ei kai Audiardin edellinenk\u00e4\u00e4n elokuva <em>Luihin ja ytimiin<\/em> miekkavalasonnettomuuksineen ollut kenenk\u00e4\u00e4n mielest\u00e4 &#8221;uskottava&#8221;?)<\/p>\n\n\n\n<p>Kai runoakin voisi nimitt\u00e4\u00e4 ep\u00e4uskottavaksi, kun sen kieli ei ole samaa kuin uutisen.<\/p>\n\n\n\n<p>Dheepan ei py\u00f6ri en\u00e4\u00e4 pitk\u00e4\u00e4n, se ei Cannes-voitosta huolimatta oikein l\u00f6yt\u00e4nyt yleis\u00f6\u00e4 Suomessa. Vaikeaa se onkin, kun p\u00e4\u00e4osissa on tuntemattomia nimi\u00e4 ja elokuva hajottaa ennakko-odotuksia rajusti. Juuri siksi: suosittelen, viel\u00e4 kerran.<\/p>\n\n\n","protected":false},"excerpt":{"rendered":"<p>Jos k\u00e4yt loppuvuodesta en\u00e4\u00e4 kerran elokuvissa, mene katsomaan Jacques Audiardin Dheepan. Se on monella tavalla v\u00e4kev\u00e4 elokuva. Mik\u00e4li et usko minua, usko Cannesin tuomaristoa, joka Coen-veljesten johdolla antoi elokuvalle Kultaisen palmun. Dheepan on kertomus<br \/>\nkolme&hellip;<\/p>\n","protected":false},"author":144,"featured_media":0,"comment_status":"open","ping_status":"closed","sticky":false,"template":"","format":"standard","meta":{"_acf_changed":false,"asauth_required_access_level":3,"asauth_cansharepaid":"true","om_header_attributes":[],"footnotes":"","om_featured_image_focal_point":[],"om_primary_tag":0,"om_contributors":[],"om_co_authors":[],"beyondwords_generate_audio":"","beyondwords_project_id":"","beyondwords_content_id":"","beyondwords_preview_token":"","beyondwords_player_content":"","beyondwords_player_style":"","beyondwords_language_code":"","beyondwords_language_id":"","beyondwords_title_voice_id":"","beyondwords_body_voice_id":"","beyondwords_summary_voice_id":"","beyondwords_error_message":"","beyondwords_disabled":"","beyondwords_delete_content":"","beyondwords_podcast_id":"","beyondwords_hash":"","publish_post_to_speechkit":"","speechkit_hash":"","speechkit_generate_audio":"","speechkit_project_id":"","speechkit_podcast_id":"","speechkit_error_message":"","speechkit_disabled":"","speechkit_access_key":"","speechkit_error":"","speechkit_info":"","speechkit_response":"","speechkit_retries":"","speechkit_status":"","speechkit_updated_at":"","_speechkit_link":"","_speechkit_text":""},"categories":[1],"tags":[2222,416,268],"class_list":["post-3223","post","type-post","status-publish","format-standard","hentry","category-kuvien-takaa","tag-dheepan","tag-jacques-audiard","tag-ranskalainen-elokuva"],"om_views":null,"acf":{"tuuma_off":false,"tuuma_kysymys":"","tuuma_vastaus":""},"asauth":{"required_access_level":1,"share_token":"","is_paid":false},"yoast_head":"<!-- This site is optimized with the Yoast SEO plugin v26.4 - https:\/\/yoast.com\/wordpress\/plugins\/seo\/ -->\n<title>Miksi pakolaistarina Dheepan on ehk\u00e4 vuoden t\u00e4rkein elokuva - Kuvien takaa<\/title>\n<meta name=\"robots\" content=\"index, follow, max-snippet:-1, max-image-preview:large, max-video-preview:-1\" \/>\n<link rel=\"canonical\" href=\"https:\/\/suomenkuvalehti.fi\/kuvien-takaa\/miksi-pakolaistarina-dheepan-on-ehka-vuoden-tarkein-elokuva\/\" \/>\n<meta property=\"og:locale\" content=\"fi_FI\" \/>\n<meta property=\"og:type\" content=\"article\" \/>\n<meta property=\"og:title\" content=\"Miksi pakolaistarina Dheepan on ehk\u00e4 vuoden t\u00e4rkein elokuva - Kuvien takaa\" \/>\n<meta property=\"og:description\" content=\"Jos k\u00e4yt loppuvuodesta en\u00e4\u00e4 kerran elokuvissa, mene katsomaan Jacques Audiardin Dheepan. Se on monella tavalla v\u00e4kev\u00e4 elokuva. Mik\u00e4li et usko minua, usko Cannesin tuomaristoa, joka Coen-veljesten johdolla antoi elokuvalle Kultaisen palmun. Dheepan on kertomus kolme&hellip;\" \/>\n<meta property=\"og:url\" content=\"https:\/\/suomenkuvalehti.fi\/kuvien-takaa\/miksi-pakolaistarina-dheepan-on-ehka-vuoden-tarkein-elokuva\/\" \/>\n<meta property=\"og:site_name\" content=\"Kuvien takaa\" \/>\n<meta property=\"article:author\" content=\"https:\/\/www.facebook.com\/pages\/Kalle-Kinnunen-Kuvien-takaa\/190326157715410?fref=ts\" \/>\n<meta property=\"article:published_time\" content=\"2015-11-20T07:10:45+00:00\" \/>\n<meta property=\"og:image\" content=\"https:\/\/suomenkuvalehti.fi\/kuvien-takaa\/wp-content\/uploads\/sites\/11\/2022\/04\/kalle_kinnunen_blogi-1-scaled.jpg\" \/>\n\t<meta property=\"og:image:width\" content=\"2560\" \/>\n\t<meta property=\"og:image:height\" content=\"1707\" \/>\n\t<meta property=\"og:image:type\" content=\"image\/jpeg\" \/>\n<meta name=\"author\" content=\"Kalle Kinnunen\" \/>\n<meta name=\"twitter:card\" content=\"summary_large_image\" \/>\n<meta name=\"twitter:creator\" content=\"@https:\/\/twitter.com\/kallekinnunen\" \/>\n<meta name=\"twitter:label1\" content=\"Written by\" \/>\n\t<meta name=\"twitter:data1\" content=\"Kalle Kinnunen\" \/>\n\t<meta name=\"twitter:label2\" content=\"Est. reading time\" \/>\n\t<meta name=\"twitter:data2\" content=\"3 minuuttia\" \/>\n<script type=\"application\/ld+json\" class=\"yoast-schema-graph\">{\"@context\":\"https:\/\/schema.org\",\"@graph\":[{\"@type\":\"WebPage\",\"@id\":\"https:\/\/suomenkuvalehti.fi\/kuvien-takaa\/miksi-pakolaistarina-dheepan-on-ehka-vuoden-tarkein-elokuva\/\",\"url\":\"https:\/\/suomenkuvalehti.fi\/kuvien-takaa\/miksi-pakolaistarina-dheepan-on-ehka-vuoden-tarkein-elokuva\/\",\"name\":\"Miksi pakolaistarina Dheepan on ehk\u00e4 vuoden t\u00e4rkein elokuva - Kuvien takaa\",\"isPartOf\":{\"@id\":\"https:\/\/suomenkuvalehti.fi\/kuvien-takaa\/#website\"},\"datePublished\":\"2015-11-20T07:10:45+00:00\",\"author\":{\"@id\":\"https:\/\/suomenkuvalehti.fi\/kuvien-takaa\/#\/schema\/person\/f3f657e4ad409e008f12af27bec60a23\"},\"breadcrumb\":{\"@id\":\"https:\/\/suomenkuvalehti.fi\/kuvien-takaa\/miksi-pakolaistarina-dheepan-on-ehka-vuoden-tarkein-elokuva\/#breadcrumb\"},\"inLanguage\":\"fi\",\"potentialAction\":[{\"@type\":\"ReadAction\",\"target\":[\"https:\/\/suomenkuvalehti.fi\/kuvien-takaa\/miksi-pakolaistarina-dheepan-on-ehka-vuoden-tarkein-elokuva\/\"]}]},{\"@type\":\"BreadcrumbList\",\"@id\":\"https:\/\/suomenkuvalehti.fi\/kuvien-takaa\/miksi-pakolaistarina-dheepan-on-ehka-vuoden-tarkein-elokuva\/#breadcrumb\",\"itemListElement\":[{\"@type\":\"ListItem\",\"position\":1,\"name\":\"Home\",\"item\":\"https:\/\/suomenkuvalehti.fi\/kuvien-takaa\/\"},{\"@type\":\"ListItem\",\"position\":2,\"name\":\"Miksi pakolaistarina Dheepan on ehk\u00e4 vuoden t\u00e4rkein elokuva\"}]},{\"@type\":\"WebSite\",\"@id\":\"https:\/\/suomenkuvalehti.fi\/kuvien-takaa\/#website\",\"url\":\"https:\/\/suomenkuvalehti.fi\/kuvien-takaa\/\",\"name\":\"Kuvien takaa\",\"description\":\"Elokuvakriitikko Kalle Kinnusen elokuvablogi.\",\"potentialAction\":[{\"@type\":\"SearchAction\",\"target\":{\"@type\":\"EntryPoint\",\"urlTemplate\":\"https:\/\/suomenkuvalehti.fi\/haku\/?q={search_term_string}\"},\"query-input\":{\"@type\":\"PropertyValueSpecification\",\"valueRequired\":true,\"valueName\":\"search_term_string\"}}],\"inLanguage\":\"fi\"},{\"@type\":\"Person\",\"@id\":\"https:\/\/suomenkuvalehti.fi\/kuvien-takaa\/#\/schema\/person\/f3f657e4ad409e008f12af27bec60a23\",\"name\":\"Kalle Kinnunen\",\"image\":{\"@type\":\"ImageObject\",\"inLanguage\":\"fi\",\"@id\":\"https:\/\/suomenkuvalehti.fi\/kuvien-takaa\/#\/schema\/person\/image\/\",\"url\":\"https:\/\/suomenkuvalehti.fi\/kuvien-takaa\/wp-content\/uploads\/sites\/11\/2022\/04\/kalle_kinnunen_blogi-1-150x150.jpg\",\"contentUrl\":\"https:\/\/suomenkuvalehti.fi\/kuvien-takaa\/wp-content\/uploads\/sites\/11\/2022\/04\/kalle_kinnunen_blogi-1-150x150.jpg\",\"caption\":\"Kalle Kinnunen\"},\"description\":\"Kalle Kinnunen on vapaa toimittaja ja Suomen Kuvalehden avustaja.\",\"sameAs\":[\"https:\/\/www.facebook.com\/pages\/Kalle-Kinnunen-Kuvien-takaa\/190326157715410?fref=ts\",\"https:\/\/x.com\/https:\/\/twitter.com\/kallekinnunen\"]}]}<\/script>\n<!-- \/ Yoast SEO plugin. -->","yoast_head_json":{"title":"Miksi pakolaistarina Dheepan on ehk\u00e4 vuoden t\u00e4rkein elokuva - Kuvien takaa","robots":{"index":"index","follow":"follow","max-snippet":"max-snippet:-1","max-image-preview":"max-image-preview:large","max-video-preview":"max-video-preview:-1"},"canonical":"https:\/\/suomenkuvalehti.fi\/kuvien-takaa\/miksi-pakolaistarina-dheepan-on-ehka-vuoden-tarkein-elokuva\/","og_locale":"fi_FI","og_type":"article","og_title":"Miksi pakolaistarina Dheepan on ehk\u00e4 vuoden t\u00e4rkein elokuva - Kuvien takaa","og_description":"Jos k\u00e4yt loppuvuodesta en\u00e4\u00e4 kerran elokuvissa, mene katsomaan Jacques Audiardin Dheepan. Se on monella tavalla v\u00e4kev\u00e4 elokuva. Mik\u00e4li et usko minua, usko Cannesin tuomaristoa, joka Coen-veljesten johdolla antoi elokuvalle Kultaisen palmun. Dheepan on kertomus kolme&hellip;","og_url":"https:\/\/suomenkuvalehti.fi\/kuvien-takaa\/miksi-pakolaistarina-dheepan-on-ehka-vuoden-tarkein-elokuva\/","og_site_name":"Kuvien takaa","article_author":"https:\/\/www.facebook.com\/pages\/Kalle-Kinnunen-Kuvien-takaa\/190326157715410?fref=ts","article_published_time":"2015-11-20T07:10:45+00:00","og_image":[{"width":2560,"height":1707,"url":"https:\/\/suomenkuvalehti.fi\/kuvien-takaa\/wp-content\/uploads\/sites\/11\/2022\/04\/kalle_kinnunen_blogi-1-scaled.jpg","type":"image\/jpeg"}],"author":"Kalle Kinnunen","twitter_card":"summary_large_image","twitter_creator":"@https:\/\/twitter.com\/kallekinnunen","twitter_misc":{"Written by":"Kalle Kinnunen","Est. reading time":"3 minuuttia"},"schema":{"@context":"https:\/\/schema.org","@graph":[{"@type":"WebPage","@id":"https:\/\/suomenkuvalehti.fi\/kuvien-takaa\/miksi-pakolaistarina-dheepan-on-ehka-vuoden-tarkein-elokuva\/","url":"https:\/\/suomenkuvalehti.fi\/kuvien-takaa\/miksi-pakolaistarina-dheepan-on-ehka-vuoden-tarkein-elokuva\/","name":"Miksi pakolaistarina Dheepan on ehk\u00e4 vuoden t\u00e4rkein elokuva - Kuvien takaa","isPartOf":{"@id":"https:\/\/suomenkuvalehti.fi\/kuvien-takaa\/#website"},"datePublished":"2015-11-20T07:10:45+00:00","author":{"@id":"https:\/\/suomenkuvalehti.fi\/kuvien-takaa\/#\/schema\/person\/f3f657e4ad409e008f12af27bec60a23"},"breadcrumb":{"@id":"https:\/\/suomenkuvalehti.fi\/kuvien-takaa\/miksi-pakolaistarina-dheepan-on-ehka-vuoden-tarkein-elokuva\/#breadcrumb"},"inLanguage":"fi","potentialAction":[{"@type":"ReadAction","target":["https:\/\/suomenkuvalehti.fi\/kuvien-takaa\/miksi-pakolaistarina-dheepan-on-ehka-vuoden-tarkein-elokuva\/"]}]},{"@type":"BreadcrumbList","@id":"https:\/\/suomenkuvalehti.fi\/kuvien-takaa\/miksi-pakolaistarina-dheepan-on-ehka-vuoden-tarkein-elokuva\/#breadcrumb","itemListElement":[{"@type":"ListItem","position":1,"name":"Home","item":"https:\/\/suomenkuvalehti.fi\/kuvien-takaa\/"},{"@type":"ListItem","position":2,"name":"Miksi pakolaistarina Dheepan on ehk\u00e4 vuoden t\u00e4rkein elokuva"}]},{"@type":"WebSite","@id":"https:\/\/suomenkuvalehti.fi\/kuvien-takaa\/#website","url":"https:\/\/suomenkuvalehti.fi\/kuvien-takaa\/","name":"Kuvien takaa","description":"Elokuvakriitikko Kalle Kinnusen elokuvablogi.","potentialAction":[{"@type":"SearchAction","target":{"@type":"EntryPoint","urlTemplate":"https:\/\/suomenkuvalehti.fi\/haku\/?q={search_term_string}"},"query-input":{"@type":"PropertyValueSpecification","valueRequired":true,"valueName":"search_term_string"}}],"inLanguage":"fi"},{"@type":"Person","@id":"https:\/\/suomenkuvalehti.fi\/kuvien-takaa\/#\/schema\/person\/f3f657e4ad409e008f12af27bec60a23","name":"Kalle Kinnunen","image":{"@type":"ImageObject","inLanguage":"fi","@id":"https:\/\/suomenkuvalehti.fi\/kuvien-takaa\/#\/schema\/person\/image\/","url":"https:\/\/suomenkuvalehti.fi\/kuvien-takaa\/wp-content\/uploads\/sites\/11\/2022\/04\/kalle_kinnunen_blogi-1-150x150.jpg","contentUrl":"https:\/\/suomenkuvalehti.fi\/kuvien-takaa\/wp-content\/uploads\/sites\/11\/2022\/04\/kalle_kinnunen_blogi-1-150x150.jpg","caption":"Kalle Kinnunen"},"description":"Kalle Kinnunen on vapaa toimittaja ja Suomen Kuvalehden avustaja.","sameAs":["https:\/\/www.facebook.com\/pages\/Kalle-Kinnunen-Kuvien-takaa\/190326157715410?fref=ts","https:\/\/x.com\/https:\/\/twitter.com\/kallekinnunen"]}]}},"_links":{"self":[{"href":"https:\/\/suomenkuvalehti.fi\/kuvien-takaa\/wp-json\/wp\/v2\/posts\/3223","targetHints":{"allow":["GET"]}}],"collection":[{"href":"https:\/\/suomenkuvalehti.fi\/kuvien-takaa\/wp-json\/wp\/v2\/posts"}],"about":[{"href":"https:\/\/suomenkuvalehti.fi\/kuvien-takaa\/wp-json\/wp\/v2\/types\/post"}],"author":[{"embeddable":true,"href":"https:\/\/suomenkuvalehti.fi\/kuvien-takaa\/wp-json\/wp\/v2\/users\/144"}],"replies":[{"embeddable":true,"href":"https:\/\/suomenkuvalehti.fi\/kuvien-takaa\/wp-json\/wp\/v2\/comments?post=3223"}],"version-history":[{"count":5,"href":"https:\/\/suomenkuvalehti.fi\/kuvien-takaa\/wp-json\/wp\/v2\/posts\/3223\/revisions"}],"predecessor-version":[{"id":3228,"href":"https:\/\/suomenkuvalehti.fi\/kuvien-takaa\/wp-json\/wp\/v2\/posts\/3223\/revisions\/3228"}],"wp:attachment":[{"href":"https:\/\/suomenkuvalehti.fi\/kuvien-takaa\/wp-json\/wp\/v2\/media?parent=3223"}],"wp:term":[{"taxonomy":"category","embeddable":true,"href":"https:\/\/suomenkuvalehti.fi\/kuvien-takaa\/wp-json\/wp\/v2\/categories?post=3223"},{"taxonomy":"post_tag","embeddable":true,"href":"https:\/\/suomenkuvalehti.fi\/kuvien-takaa\/wp-json\/wp\/v2\/tags?post=3223"}],"curies":[{"name":"wp","href":"https:\/\/api.w.org\/{rel}","templated":true}]}}