{"id":3175,"date":"2015-11-09T12:01:04","date_gmt":"2015-11-09T10:01:04","guid":{"rendered":"https:\/\/suomenkuvalehti.fi\/kuvien-takaa\/?p=3175"},"modified":"2015-11-09T10:48:29","modified_gmt":"2015-11-09T08:48:29","slug":"valkoinen-raivo-raflaava-tulkinta-tekee-kiusaamisdokumentista-hieman-kiusallisen","status":"publish","type":"post","link":"https:\/\/suomenkuvalehti.fi\/kuvien-takaa\/valkoinen-raivo-raflaava-tulkinta-tekee-kiusaamisdokumentista-hieman-kiusallisen\/","title":{"rendered":"Valkoinen raivo: raflaava tulkinta tekee kiusaamisdokumentista hieman kiusallisen"},"content":{"rendered":"\n<p>Dokumenttielokuva, joka selitt\u00e4\u00e4, miksi koulusurmaaja surmaa? <em>Valkoinen raivo<\/em> lupaa paljon.<\/p>\n\n\n\n<p>Tarina alkaa lapsuudesta. Runollista monologia lukee mies, josta olisi voinut tulla koulusurmaaja. Mies kertoo, miten nuoruuden kokemukset tekiv\u00e4t h\u00e4nest\u00e4 r\u00e4j\u00e4hdysalttiin. Is\u00e4 kuoli onnettomuudessa. Aikuisen roolin ottanutta poikaa kiusattiin yl\u00e4asteella ja lukiossa. Yliopistossakin miehen etevyyteen suhtauduttiin aggressiivisesti. H\u00e4nt\u00e4 paneteltiin ja syrjittiin.<\/p>\n\n\n\n<p>\u201dKeskell\u00e4 ep\u00e4oikeudenmukaista maailmaa rakastuin voimaan\u201d, mies sanoo. Kostoksi maailmalle halusi toteuttaa joukkomurhan ja suunnitteli sit\u00e4 vuodesta toiseen.<\/p>\n\n\n\n<p><strong>Arto Halosen<\/strong> dokumenttielokuva Valkoinen raivo tarjoaa yhden selityksen sille, miten ihmisest\u00e4 tulee koulusurmaaja. Tarina sin\u00e4ns\u00e4 on vahva: eettisen jaakobinpainin vetovoimaa ei voi kiist\u00e4\u00e4. Jo aihe tekee elokuvasta koko ajan kiinnostavan, ja henkil\u00f6kohtaisesti koettu ravistelee. Tutustumme kristillisesti kasvatettuun \u00e4lykk\u00f6\u00f6n, jota ty\u00f6nnet\u00e4\u00e4n vuodesta toiseen rajalle. Viha patoutuu v\u00e4kivaltafantasioiksi.<\/p>\n\n\n\n<p>Valitettavasti Valkoinen raivo ei tunnu varsinaisesti universaalilta. Se on yhden miehen muistelevaa ja analysoivaa puhetta itsest\u00e4\u00e4n. Pohdiskelevuudesta huolimatta katkeruuden trauma on sis\u00e4\u00e4nrakennettuna syv\u00e4lle t\u00e4h\u00e4n tarinaan &#8211; asia, jota raflaava dramatisointi ankarasti korostaa.<\/p>\n\n\n\n<p>Kuvat nimitt\u00e4in banalisoivat tarinaa. Sanat on lavastettu p\u00e4\u00e4asiassa kirjaimellisiksi tilanteiksi, vain joskus ne kertovat enemm\u00e4n kuin monologi. N\u00e4emme jopa, kuinka koulukaverit viitteellisesti raiskaavat kiusatun. Sitten mies, joka <em>n\u00e4yttelee<\/em> elokuvan p\u00e4\u00e4henkil\u00f6miest\u00e4, monologin puhujaa jonka identiteetti\u00e4 ei paljasteta, seisoo ampumisista tunnettujen koulujen pihoilla ja Myyrmannissa. Rinnastus &#8211; h\u00e4n itse olisi voinut olla tappaja &#8211; on enemm\u00e4n kuin aavistuksen korni. Viel\u00e4 hankalampia ovat v\u00e4liin leikatut kuvat <strong>Auvisesta<\/strong>, <strong>Saaresta<\/strong> ja <strong>Breivikist\u00e4<\/strong>.<\/p>\n\n\n\n<p>Valkoinen raivo her\u00e4tt\u00e4\u00e4 kiusallisen johtop\u00e4\u00e4t\u00f6ksen: ehk\u00e4 t\u00e4t\u00e4 tarinaa nimenomaan ei olisi pit\u00e4nyt yritt\u00e4\u00e4 kertoa (pitk\u00e4n\u00e4) elokuvana. Kun kiusaamiskokemusten kuvittaminen menee sentinkin mauttoman puolelle, siin\u00e4 on sentti liikaa. Halonen menee liian pitk\u00e4lle tulkitessaan kiusatuksi tulemisen raflaavuutta. Tietenkin siin\u00e4 her\u00e4\u00e4 katsojassa suuri kostonhimo &#8211; mutta sek\u00f6 on tarkoitus?<\/p>\n\n\n\n<p>Miksi kouluampumisia tapahtuu? Mit\u00e4 jos t\u00e4llaisin emotionaalisin keinoin ryyditetty vastaus legitimoi itse tekoja? Etenkin, kun mies tuntuu korostavan, ettei h\u00e4nen surmaamisaikeessaan ollut kyse perinteisest\u00e4 mielenterveyden j\u00e4rkkymisest\u00e4 vaan (j\u00e4lleen esitystavasta johtuen) v\u00e4h\u00e4n myyttiset mittasuhteet saavasta <em>valkoisesta raivosta<\/em>.<\/p>\n\n\n\n<p>Lopussa mies kertoo olevansa psykologian asiantuntija. H\u00e4n laajentaa teoriansa harkitsevasta ja siksi niin vaarallisesta valkoisesta raivosta koskemaan armeijoiden erikoisjoukkoja ja pakolaisia ja ISIS:i\u00e4 (!). T\u00e4m\u00e4kin on ristiriidassa sen kanssa, ettei henkil\u00f6 silti ole itse dokumentin kuvissa l\u00e4sn\u00e4: kovin suuria sanoja anonyymin asiantuntijan lausumiksi.<\/p>\n\n\n\n<p>Ehk\u00e4 omaa katsomiskokemustani problematisoi se, ett\u00e4 <a href=\"http:\/\/www.newyorker.com\/magazine\/2015\/10\/19\/thresholds-of-violence\" target=\"_blank\"><strong>Malcolm Gladwellin<\/strong> taannoinen artikkeli<\/a> kouluampumisista teki osin niin toisenlaisia johtop\u00e4\u00e4t\u00f6ksi\u00e4. Samoin n\u00e4iss\u00e4 valkoisen raivon viem\u00e4n pojan\/miehen fantasioissa on iso ero useimpiin toteutuneisiin vastaavanlaisiin joukkomurhiin, jotka ovat my\u00f6s laajennettuja itsemurhia.<\/p>\n\n\n\n<p>Valkoinen raivo on aiheeltaan hyvin kiinnostava elokuva. Sen toteutusta ei ole harkittu loppuun asti. Toisenlaisella kuvituksella yksityinen olisi kasvanut vakuuttavammin yleiseksi. Dokumentista j\u00e4i hitusen halju olo, eik\u00e4 kipe\u00e4st\u00e4 aiheesta johtuen vaan ihan v\u00e4\u00e4rist\u00e4 syist\u00e4.<\/p>\n\n\n\n<p><em>Valkoinen raivo ammentaa Suomen Kuvalehdess\u00e4 julkaistusta <a href=\"https:\/\/suomenkuvalehti.fi\/jutut\/kotimaa\/lauri-on-mahdollinen-joukkomurhaaja-kertomus-valkoisesta-raivosta\" target=\"_blank\">Katri Merikallion artikkelista<\/a>. Dokumentti on elokuvateattereissa 27.11. alkaen.\n<\/em><\/p>\n\n\n","protected":false},"excerpt":{"rendered":"<p>Dokumenttielokuva, joka selitt\u00e4\u00e4, miksi koulusurmaaja surmaa? Valkoinen raivo lupaa paljon. Tarina alkaa lapsuudesta. Runollista monologia lukee mies, josta olisi voinut tulla koulusurmaaja. Mies kertoo, miten nuoruuden kokemukset tekiv\u00e4t<br \/>\nh\u00e4&hellip;<\/p>\n","protected":false},"author":144,"featured_media":0,"comment_status":"open","ping_status":"closed","sticky":false,"template":"","format":"standard","meta":{"_acf_changed":false,"asauth_required_access_level":3,"asauth_cansharepaid":"true","om_header_attributes":[],"footnotes":"","om_featured_image_focal_point":[],"om_primary_tag":0,"om_contributors":[],"om_co_authors":[],"beyondwords_generate_audio":"","beyondwords_project_id":"","beyondwords_content_id":"","beyondwords_preview_token":"","beyondwords_player_content":"","beyondwords_player_style":"","beyondwords_language_code":"","beyondwords_language_id":"","beyondwords_title_voice_id":"","beyondwords_body_voice_id":"","beyondwords_summary_voice_id":"","beyondwords_error_message":"","beyondwords_disabled":"","beyondwords_delete_content":"","beyondwords_podcast_id":"","beyondwords_hash":"","publish_post_to_speechkit":"","speechkit_hash":"","speechkit_generate_audio":"","speechkit_project_id":"","speechkit_podcast_id":"","speechkit_error_message":"","speechkit_disabled":"","speechkit_access_key":"","speechkit_error":"","speechkit_info":"","speechkit_response":"","speechkit_retries":"","speechkit_status":"","speechkit_updated_at":"","_speechkit_link":"","_speechkit_text":""},"categories":[1],"tags":[509,2213,2214,2212,1196,2211],"class_list":["post-3175","post","type-post","status-publish","format-standard","hentry","category-kuvien-takaa","tag-arto-halonen","tag-kouluampumiset","tag-koulukiusaaminen","tag-koulusurmat","tag-suomalaiset-elokuvat","tag-valkoinen-raivo"],"om_views":null,"acf":{"tuuma_off":false,"tuuma_kysymys":"","tuuma_vastaus":""},"asauth":{"required_access_level":1,"share_token":"","is_paid":false},"yoast_head":"<!-- This site is optimized with the Yoast SEO plugin v26.4 - https:\/\/yoast.com\/wordpress\/plugins\/seo\/ -->\n<title>Valkoinen raivo: raflaava tulkinta tekee kiusaamisdokumentista hieman kiusallisen - Kuvien takaa<\/title>\n<meta name=\"description\" content=\"Millaisista kokemuksista kasvaa kouluampuja?\" \/>\n<meta name=\"robots\" content=\"index, follow, max-snippet:-1, max-image-preview:large, max-video-preview:-1\" \/>\n<link rel=\"canonical\" href=\"https:\/\/suomenkuvalehti.fi\/kuvien-takaa\/valkoinen-raivo-raflaava-tulkinta-tekee-kiusaamisdokumentista-hieman-kiusallisen\/\" \/>\n<meta property=\"og:locale\" content=\"fi_FI\" \/>\n<meta property=\"og:type\" content=\"article\" \/>\n<meta property=\"og:title\" content=\"Valkoinen raivo: raflaava tulkinta tekee kiusaamisdokumentista hieman kiusallisen - Kuvien takaa\" \/>\n<meta property=\"og:description\" content=\"Millaisista kokemuksista kasvaa kouluampuja?\" \/>\n<meta property=\"og:url\" content=\"https:\/\/suomenkuvalehti.fi\/kuvien-takaa\/valkoinen-raivo-raflaava-tulkinta-tekee-kiusaamisdokumentista-hieman-kiusallisen\/\" \/>\n<meta property=\"og:site_name\" content=\"Kuvien takaa\" \/>\n<meta property=\"article:author\" content=\"https:\/\/www.facebook.com\/pages\/Kalle-Kinnunen-Kuvien-takaa\/190326157715410?fref=ts\" \/>\n<meta property=\"article:published_time\" content=\"2015-11-09T10:01:04+00:00\" \/>\n<meta property=\"og:image\" content=\"https:\/\/suomenkuvalehti.fi\/kuvien-takaa\/wp-content\/uploads\/sites\/11\/2022\/04\/kalle_kinnunen_blogi-1-scaled.jpg\" \/>\n\t<meta property=\"og:image:width\" content=\"2560\" \/>\n\t<meta property=\"og:image:height\" content=\"1707\" \/>\n\t<meta property=\"og:image:type\" content=\"image\/jpeg\" \/>\n<meta name=\"author\" content=\"Kalle Kinnunen\" \/>\n<meta name=\"twitter:card\" content=\"summary_large_image\" \/>\n<meta name=\"twitter:creator\" content=\"@https:\/\/twitter.com\/kallekinnunen\" \/>\n<meta name=\"twitter:label1\" content=\"Written by\" \/>\n\t<meta name=\"twitter:data1\" content=\"Kalle Kinnunen\" \/>\n\t<meta name=\"twitter:label2\" content=\"Est. reading time\" \/>\n\t<meta name=\"twitter:data2\" content=\"2 minuuttia\" \/>\n<script type=\"application\/ld+json\" class=\"yoast-schema-graph\">{\"@context\":\"https:\/\/schema.org\",\"@graph\":[{\"@type\":\"WebPage\",\"@id\":\"https:\/\/suomenkuvalehti.fi\/kuvien-takaa\/valkoinen-raivo-raflaava-tulkinta-tekee-kiusaamisdokumentista-hieman-kiusallisen\/\",\"url\":\"https:\/\/suomenkuvalehti.fi\/kuvien-takaa\/valkoinen-raivo-raflaava-tulkinta-tekee-kiusaamisdokumentista-hieman-kiusallisen\/\",\"name\":\"Valkoinen raivo: raflaava tulkinta tekee kiusaamisdokumentista hieman kiusallisen - Kuvien takaa\",\"isPartOf\":{\"@id\":\"https:\/\/suomenkuvalehti.fi\/kuvien-takaa\/#website\"},\"datePublished\":\"2015-11-09T10:01:04+00:00\",\"author\":{\"@id\":\"https:\/\/suomenkuvalehti.fi\/kuvien-takaa\/#\/schema\/person\/f3f657e4ad409e008f12af27bec60a23\"},\"description\":\"Millaisista kokemuksista kasvaa kouluampuja?\",\"breadcrumb\":{\"@id\":\"https:\/\/suomenkuvalehti.fi\/kuvien-takaa\/valkoinen-raivo-raflaava-tulkinta-tekee-kiusaamisdokumentista-hieman-kiusallisen\/#breadcrumb\"},\"inLanguage\":\"fi\",\"potentialAction\":[{\"@type\":\"ReadAction\",\"target\":[\"https:\/\/suomenkuvalehti.fi\/kuvien-takaa\/valkoinen-raivo-raflaava-tulkinta-tekee-kiusaamisdokumentista-hieman-kiusallisen\/\"]}]},{\"@type\":\"BreadcrumbList\",\"@id\":\"https:\/\/suomenkuvalehti.fi\/kuvien-takaa\/valkoinen-raivo-raflaava-tulkinta-tekee-kiusaamisdokumentista-hieman-kiusallisen\/#breadcrumb\",\"itemListElement\":[{\"@type\":\"ListItem\",\"position\":1,\"name\":\"Home\",\"item\":\"https:\/\/suomenkuvalehti.fi\/kuvien-takaa\/\"},{\"@type\":\"ListItem\",\"position\":2,\"name\":\"Valkoinen raivo: raflaava tulkinta tekee kiusaamisdokumentista hieman kiusallisen\"}]},{\"@type\":\"WebSite\",\"@id\":\"https:\/\/suomenkuvalehti.fi\/kuvien-takaa\/#website\",\"url\":\"https:\/\/suomenkuvalehti.fi\/kuvien-takaa\/\",\"name\":\"Kuvien takaa\",\"description\":\"Elokuvakriitikko Kalle Kinnusen elokuvablogi.\",\"potentialAction\":[{\"@type\":\"SearchAction\",\"target\":{\"@type\":\"EntryPoint\",\"urlTemplate\":\"https:\/\/suomenkuvalehti.fi\/haku\/?q={search_term_string}\"},\"query-input\":{\"@type\":\"PropertyValueSpecification\",\"valueRequired\":true,\"valueName\":\"search_term_string\"}}],\"inLanguage\":\"fi\"},{\"@type\":\"Person\",\"@id\":\"https:\/\/suomenkuvalehti.fi\/kuvien-takaa\/#\/schema\/person\/f3f657e4ad409e008f12af27bec60a23\",\"name\":\"Kalle Kinnunen\",\"image\":{\"@type\":\"ImageObject\",\"inLanguage\":\"fi\",\"@id\":\"https:\/\/suomenkuvalehti.fi\/kuvien-takaa\/#\/schema\/person\/image\/\",\"url\":\"https:\/\/suomenkuvalehti.fi\/kuvien-takaa\/wp-content\/uploads\/sites\/11\/2022\/04\/kalle_kinnunen_blogi-1-150x150.jpg\",\"contentUrl\":\"https:\/\/suomenkuvalehti.fi\/kuvien-takaa\/wp-content\/uploads\/sites\/11\/2022\/04\/kalle_kinnunen_blogi-1-150x150.jpg\",\"caption\":\"Kalle Kinnunen\"},\"description\":\"Kalle Kinnunen on vapaa toimittaja ja Suomen Kuvalehden avustaja.\",\"sameAs\":[\"https:\/\/www.facebook.com\/pages\/Kalle-Kinnunen-Kuvien-takaa\/190326157715410?fref=ts\",\"https:\/\/x.com\/https:\/\/twitter.com\/kallekinnunen\"]}]}<\/script>\n<!-- \/ Yoast SEO plugin. -->","yoast_head_json":{"title":"Valkoinen raivo: raflaava tulkinta tekee kiusaamisdokumentista hieman kiusallisen - Kuvien takaa","description":"Millaisista kokemuksista kasvaa kouluampuja?","robots":{"index":"index","follow":"follow","max-snippet":"max-snippet:-1","max-image-preview":"max-image-preview:large","max-video-preview":"max-video-preview:-1"},"canonical":"https:\/\/suomenkuvalehti.fi\/kuvien-takaa\/valkoinen-raivo-raflaava-tulkinta-tekee-kiusaamisdokumentista-hieman-kiusallisen\/","og_locale":"fi_FI","og_type":"article","og_title":"Valkoinen raivo: raflaava tulkinta tekee kiusaamisdokumentista hieman kiusallisen - Kuvien takaa","og_description":"Millaisista kokemuksista kasvaa kouluampuja?","og_url":"https:\/\/suomenkuvalehti.fi\/kuvien-takaa\/valkoinen-raivo-raflaava-tulkinta-tekee-kiusaamisdokumentista-hieman-kiusallisen\/","og_site_name":"Kuvien takaa","article_author":"https:\/\/www.facebook.com\/pages\/Kalle-Kinnunen-Kuvien-takaa\/190326157715410?fref=ts","article_published_time":"2015-11-09T10:01:04+00:00","og_image":[{"width":2560,"height":1707,"url":"https:\/\/suomenkuvalehti.fi\/kuvien-takaa\/wp-content\/uploads\/sites\/11\/2022\/04\/kalle_kinnunen_blogi-1-scaled.jpg","type":"image\/jpeg"}],"author":"Kalle Kinnunen","twitter_card":"summary_large_image","twitter_creator":"@https:\/\/twitter.com\/kallekinnunen","twitter_misc":{"Written by":"Kalle Kinnunen","Est. reading time":"2 minuuttia"},"schema":{"@context":"https:\/\/schema.org","@graph":[{"@type":"WebPage","@id":"https:\/\/suomenkuvalehti.fi\/kuvien-takaa\/valkoinen-raivo-raflaava-tulkinta-tekee-kiusaamisdokumentista-hieman-kiusallisen\/","url":"https:\/\/suomenkuvalehti.fi\/kuvien-takaa\/valkoinen-raivo-raflaava-tulkinta-tekee-kiusaamisdokumentista-hieman-kiusallisen\/","name":"Valkoinen raivo: raflaava tulkinta tekee kiusaamisdokumentista hieman kiusallisen - Kuvien takaa","isPartOf":{"@id":"https:\/\/suomenkuvalehti.fi\/kuvien-takaa\/#website"},"datePublished":"2015-11-09T10:01:04+00:00","author":{"@id":"https:\/\/suomenkuvalehti.fi\/kuvien-takaa\/#\/schema\/person\/f3f657e4ad409e008f12af27bec60a23"},"description":"Millaisista kokemuksista kasvaa kouluampuja?","breadcrumb":{"@id":"https:\/\/suomenkuvalehti.fi\/kuvien-takaa\/valkoinen-raivo-raflaava-tulkinta-tekee-kiusaamisdokumentista-hieman-kiusallisen\/#breadcrumb"},"inLanguage":"fi","potentialAction":[{"@type":"ReadAction","target":["https:\/\/suomenkuvalehti.fi\/kuvien-takaa\/valkoinen-raivo-raflaava-tulkinta-tekee-kiusaamisdokumentista-hieman-kiusallisen\/"]}]},{"@type":"BreadcrumbList","@id":"https:\/\/suomenkuvalehti.fi\/kuvien-takaa\/valkoinen-raivo-raflaava-tulkinta-tekee-kiusaamisdokumentista-hieman-kiusallisen\/#breadcrumb","itemListElement":[{"@type":"ListItem","position":1,"name":"Home","item":"https:\/\/suomenkuvalehti.fi\/kuvien-takaa\/"},{"@type":"ListItem","position":2,"name":"Valkoinen raivo: raflaava tulkinta tekee kiusaamisdokumentista hieman kiusallisen"}]},{"@type":"WebSite","@id":"https:\/\/suomenkuvalehti.fi\/kuvien-takaa\/#website","url":"https:\/\/suomenkuvalehti.fi\/kuvien-takaa\/","name":"Kuvien takaa","description":"Elokuvakriitikko Kalle Kinnusen elokuvablogi.","potentialAction":[{"@type":"SearchAction","target":{"@type":"EntryPoint","urlTemplate":"https:\/\/suomenkuvalehti.fi\/haku\/?q={search_term_string}"},"query-input":{"@type":"PropertyValueSpecification","valueRequired":true,"valueName":"search_term_string"}}],"inLanguage":"fi"},{"@type":"Person","@id":"https:\/\/suomenkuvalehti.fi\/kuvien-takaa\/#\/schema\/person\/f3f657e4ad409e008f12af27bec60a23","name":"Kalle Kinnunen","image":{"@type":"ImageObject","inLanguage":"fi","@id":"https:\/\/suomenkuvalehti.fi\/kuvien-takaa\/#\/schema\/person\/image\/","url":"https:\/\/suomenkuvalehti.fi\/kuvien-takaa\/wp-content\/uploads\/sites\/11\/2022\/04\/kalle_kinnunen_blogi-1-150x150.jpg","contentUrl":"https:\/\/suomenkuvalehti.fi\/kuvien-takaa\/wp-content\/uploads\/sites\/11\/2022\/04\/kalle_kinnunen_blogi-1-150x150.jpg","caption":"Kalle Kinnunen"},"description":"Kalle Kinnunen on vapaa toimittaja ja Suomen Kuvalehden avustaja.","sameAs":["https:\/\/www.facebook.com\/pages\/Kalle-Kinnunen-Kuvien-takaa\/190326157715410?fref=ts","https:\/\/x.com\/https:\/\/twitter.com\/kallekinnunen"]}]}},"_links":{"self":[{"href":"https:\/\/suomenkuvalehti.fi\/kuvien-takaa\/wp-json\/wp\/v2\/posts\/3175","targetHints":{"allow":["GET"]}}],"collection":[{"href":"https:\/\/suomenkuvalehti.fi\/kuvien-takaa\/wp-json\/wp\/v2\/posts"}],"about":[{"href":"https:\/\/suomenkuvalehti.fi\/kuvien-takaa\/wp-json\/wp\/v2\/types\/post"}],"author":[{"embeddable":true,"href":"https:\/\/suomenkuvalehti.fi\/kuvien-takaa\/wp-json\/wp\/v2\/users\/144"}],"replies":[{"embeddable":true,"href":"https:\/\/suomenkuvalehti.fi\/kuvien-takaa\/wp-json\/wp\/v2\/comments?post=3175"}],"version-history":[{"count":7,"href":"https:\/\/suomenkuvalehti.fi\/kuvien-takaa\/wp-json\/wp\/v2\/posts\/3175\/revisions"}],"predecessor-version":[{"id":3194,"href":"https:\/\/suomenkuvalehti.fi\/kuvien-takaa\/wp-json\/wp\/v2\/posts\/3175\/revisions\/3194"}],"wp:attachment":[{"href":"https:\/\/suomenkuvalehti.fi\/kuvien-takaa\/wp-json\/wp\/v2\/media?parent=3175"}],"wp:term":[{"taxonomy":"category","embeddable":true,"href":"https:\/\/suomenkuvalehti.fi\/kuvien-takaa\/wp-json\/wp\/v2\/categories?post=3175"},{"taxonomy":"post_tag","embeddable":true,"href":"https:\/\/suomenkuvalehti.fi\/kuvien-takaa\/wp-json\/wp\/v2\/tags?post=3175"}],"curies":[{"name":"wp","href":"https:\/\/api.w.org\/{rel}","templated":true}]}}