{"id":3089,"date":"2015-09-26T05:00:37","date_gmt":"2015-09-26T02:00:37","guid":{"rendered":"https:\/\/suomenkuvalehti.fi\/kuvien-takaa\/?p=3089"},"modified":"2015-09-26T00:01:15","modified_gmt":"2015-09-25T21:01:15","slug":"poimintoja-rakkautta-anarkiaa-ohjelmistosta-osa-2-peter-von-baghin-katketty-aarre-sosialismi","status":"publish","type":"post","link":"https:\/\/suomenkuvalehti.fi\/kuvien-takaa\/poimintoja-rakkautta-anarkiaa-ohjelmistosta-osa-2-peter-von-baghin-katketty-aarre-sosialismi\/","title":{"rendered":"Poimintoja Rakkautta &#038; Anarkiaa -ohjelmistosta, osa 2: Peter von Baghin k\u00e4tketty aarre Sosialismi"},"content":{"rendered":"\n<p>Rakkautta &amp; Anarkiaa -festivaalin parhaiten varjeltu salaisuus on nimelt\u00e4\u00e4n <em>Sosialismi<\/em>. <strong>Peter von Baghin<\/strong> viimeisest\u00e4 elokuvasta on yksi harvinainen n\u00e4yt\u00f6s.<\/p>\n\n\n\n<p>Dokumenttia ei voida esitt\u00e4\u00e4 &#8221;kaupallisesti&#8221;, koska sen sis\u00e4lt\u00e4mien elokuva- ja musiikkiotteiden <a href=\"http:\/\/www.hs.fi\/kulttuuri\/a1418734287302\" target=\"_blank\">tekij\u00e4noikeuksiin<\/a> liittyy ratkaisuttomia kysymyksi\u00e4. R&amp;A:lla on Helsingin ensimm\u00e4inen festivaaliesitys elokuvasta. Jos sit\u00e4 ei n\u00e4e nyt, sit\u00e4 ei v\u00e4ltt\u00e4m\u00e4tt\u00e4 n\u00e4e aikohin.<\/p>\n\n\n\n<p>Viime vuoden Sodankyl\u00e4n festivaaleille valmistunut elokuva on puolitoistatuntinen synteesi siit\u00e4, mik\u00e4 oli sosialismin nousun syy ja mik\u00e4 oli sen lupaus. Kuten von Baghin hienoissa elokuvissa <em>Helsinki, ikuisesti<\/em> ja <em>Muisteja<\/em>, kuvia on yht\u00e4 lailla uutisfilmeist\u00e4 kuin fiktioelokuvista. Niiss\u00e4 on suuria toiveita ja tunteita, kertojan\u00e4\u00e4niss\u00e4 ja rinnastuksissa my\u00f6s kritiikki\u00e4 ja ironiaa.<\/p>\n\n\n\n<p>Pintatasolla Sosialismi on eritt\u00e4in nopeatempoinen tilinteko l\u00e4nsimaiden noin 150 viime vuodesta, yhteiskunnan kehityssuunnista ja arvojen muutoksesta. Se on vimmaista ja tulkitsevaa historiankirjoitusta elokuvalla, nimenomaan huikean tuntemuksen mukaan <em>parhailla mahdollisilla<\/em> (vs. ilmeisimmill\u00e4) elokuvan\u00e4ytteill\u00e4, kuvataiden\u00e4ytteill\u00e4, kirjallisuuslainauksilla ja lauluilla. Sille on mahdoton sanoa ei, silloinkin kun yksi kertojan\u00e4\u00e4nist\u00e4 ykskantaan p\u00e4\u00e4ttelee, ett\u00e4 ensimm\u00e4inen maailmansota oli luokkataistelujen luonnollinen jatke.<\/p>\n\n\n\n<p>Mik\u00e4\u00e4n ei en\u00e4\u00e4 pitele kerrontaa: Pariisin kommuuni, Marx, <strong>Paul Robeson<\/strong>, <strong>John Steinbeck<\/strong>, jonka innoittamana &#8221;jopa Hollywoodissa saatettiin puhua v\u00e4h\u00e4v\u00e4kisten asiaa&#8221;. Neuvostoliiton nousu teollisuusvallaksi, <strong>Dziga Vertov<\/strong>. Markkinoiden nousu ihmist\u00e4 t\u00e4rke\u00e4mm\u00e4ksi, <strong>Pentti Haanp\u00e4\u00e4<\/strong>, <strong>Joris Ivens<\/strong>, 1930-luvun suuri lama. Sointula, suuret puhdistukset Neuvostoliitossa, reaalisosialismi, kommunismin valtavat uhrim\u00e4\u00e4r\u00e4t, tapettujen unelmat.<\/p>\n\n\n\n<p>Tulonjaon &#8221;riettaus&#8221; yh\u00e4 nykyajassa.<\/p>\n\n\n\n<p>Ja aina kaiken takana <strong>Lenin, Lenin, Lenin<\/strong> &#8211; sek\u00e4 <strong>Charlie Chaplin<\/strong>. Elokuvan lumo, unelmien merkitys, sosialismin idean ylevyys. T\u00e4m\u00e4 kaikki varman vuolaana (tajunnan)virtana.<\/p>\n\n\n\n<p>Sik\u00e4li on luontevaa, ja toisaalta suunnaton harmi, ett\u00e4 t\u00e4m\u00e4 on von Baghin viimeinen teos.<\/p>\n\n\n\n<p>Koska h\u00e4n on tekij\u00e4, Sosialismi on tietenkin my\u00f6s elokuva elokuvan voimasta. Lavastettujen elokuvien kohtaukset muuttuvat tunteellisiksi tuokioiksi todellisuudesta, kun ne kontekstoidaan historiaan. Sosialismia katsoessa tuntuu, ett\u00e4 katsoo kuvien satoja tai tuhansia edesmenneit\u00e4 ihmisi\u00e4 suoraan silmiin. Ehk\u00e4 my\u00f6s von Baghia.<\/p>\n\n\n\n<p>Eritt\u00e4in kauniin, nostalgisen, pettyneen ja lopulta ei niin hirve\u00e4sti pettyneen elokuvan nimi voisi yht\u00e4 hyvin olla Ihminen.<\/p>\n\n\n\n<p>Tai tarkemmin:<\/p>\n\n\n\n<p><em>Ihminen, Peter von Baghin mukaan<\/em>.<\/p>\n\n\n\n<p><em>Elokuvan ainoa n\u00e4yt\u00f6s on Bio Rexiss\u00e4 t\u00e4n\u00e4\u00e4n lauantaina 26.9. klo 16.<\/em><\/p>\n\n\n\n<p>&nbsp;<\/p>\n\n\n","protected":false},"excerpt":{"rendered":"<p>Rakkautta &amp; Anarkiaa -festivaalin parhaiten varjeltu salaisuus on nimelt\u00e4\u00e4n Sosialismi. Peter von Baghin viimeisest\u00e4 elokuvasta on yksi harvinainen n\u00e4yt\u00f6s. Dokumenttia ei voida esitt\u00e4\u00e4 &#8221;kaupallisesti&#8221;,<br \/>\nkoska &hellip;<\/p>\n","protected":false},"author":144,"featured_media":0,"comment_status":"open","ping_status":"closed","sticky":false,"template":"","format":"standard","meta":{"_acf_changed":false,"asauth_required_access_level":3,"asauth_cansharepaid":"true","om_header_attributes":[],"footnotes":"","om_featured_image_focal_point":[],"om_primary_tag":0,"om_contributors":[],"om_co_authors":[],"beyondwords_generate_audio":"","beyondwords_project_id":"","beyondwords_content_id":"","beyondwords_preview_token":"","beyondwords_player_content":"","beyondwords_player_style":"","beyondwords_language_code":"","beyondwords_language_id":"","beyondwords_title_voice_id":"","beyondwords_body_voice_id":"","beyondwords_summary_voice_id":"","beyondwords_error_message":"","beyondwords_disabled":"","beyondwords_delete_content":"","beyondwords_podcast_id":"","beyondwords_hash":"","publish_post_to_speechkit":"","speechkit_hash":"","speechkit_generate_audio":"","speechkit_project_id":"","speechkit_podcast_id":"","speechkit_error_message":"","speechkit_disabled":"","speechkit_access_key":"","speechkit_error":"","speechkit_info":"","speechkit_response":"","speechkit_retries":"","speechkit_status":"","speechkit_updated_at":"","_speechkit_link":"","_speechkit_text":""},"categories":[1],"tags":[822,55,1581],"class_list":["post-3089","post","type-post","status-publish","format-standard","hentry","category-kuvien-takaa","tag-peter-von-bagh","tag-rakkauttaanarkiaa","tag-sosialismi"],"om_views":null,"acf":{"tuuma_off":false,"tuuma_kysymys":"","tuuma_vastaus":""},"asauth":{"required_access_level":1,"share_token":"","is_paid":false},"yoast_head":"<!-- This site is optimized with the Yoast SEO plugin v26.4 - https:\/\/yoast.com\/wordpress\/plugins\/seo\/ -->\n<title>Poimintoja Rakkautta &amp; Anarkiaa -ohjelmistosta, osa 2: Peter von Baghin k\u00e4tketty aarre Sosialismi - Kuvien takaa<\/title>\n<meta name=\"robots\" content=\"index, follow, max-snippet:-1, max-image-preview:large, max-video-preview:-1\" \/>\n<link rel=\"canonical\" href=\"https:\/\/suomenkuvalehti.fi\/kuvien-takaa\/poimintoja-rakkautta-anarkiaa-ohjelmistosta-osa-2-peter-von-baghin-katketty-aarre-sosialismi\/\" \/>\n<meta property=\"og:locale\" content=\"fi_FI\" \/>\n<meta property=\"og:type\" content=\"article\" \/>\n<meta property=\"og:title\" content=\"Poimintoja Rakkautta &amp; Anarkiaa -ohjelmistosta, osa 2: Peter von Baghin k\u00e4tketty aarre Sosialismi - Kuvien takaa\" \/>\n<meta property=\"og:description\" content=\"Rakkautta &amp; Anarkiaa -festivaalin parhaiten varjeltu salaisuus on nimelt\u00e4\u00e4n Sosialismi. Peter von Baghin viimeisest\u00e4 elokuvasta on yksi harvinainen n\u00e4yt\u00f6s. Dokumenttia ei voida esitt\u00e4\u00e4 &#8221;kaupallisesti&#8221;, koska &hellip;\" \/>\n<meta property=\"og:url\" content=\"https:\/\/suomenkuvalehti.fi\/kuvien-takaa\/poimintoja-rakkautta-anarkiaa-ohjelmistosta-osa-2-peter-von-baghin-katketty-aarre-sosialismi\/\" \/>\n<meta property=\"og:site_name\" content=\"Kuvien takaa\" \/>\n<meta property=\"article:author\" content=\"https:\/\/www.facebook.com\/pages\/Kalle-Kinnunen-Kuvien-takaa\/190326157715410?fref=ts\" \/>\n<meta property=\"article:published_time\" content=\"2015-09-26T02:00:37+00:00\" \/>\n<meta property=\"og:image\" content=\"https:\/\/suomenkuvalehti.fi\/kuvien-takaa\/wp-content\/uploads\/sites\/11\/2022\/04\/kalle_kinnunen_blogi-1-scaled.jpg\" \/>\n\t<meta property=\"og:image:width\" content=\"2560\" \/>\n\t<meta property=\"og:image:height\" content=\"1707\" \/>\n\t<meta property=\"og:image:type\" content=\"image\/jpeg\" \/>\n<meta name=\"author\" content=\"Kalle Kinnunen\" \/>\n<meta name=\"twitter:card\" content=\"summary_large_image\" \/>\n<meta name=\"twitter:creator\" content=\"@https:\/\/twitter.com\/kallekinnunen\" \/>\n<meta name=\"twitter:label1\" content=\"Written by\" \/>\n\t<meta name=\"twitter:data1\" content=\"Kalle Kinnunen\" \/>\n\t<meta name=\"twitter:label2\" content=\"Est. reading time\" \/>\n\t<meta name=\"twitter:data2\" content=\"2 minuuttia\" \/>\n<script type=\"application\/ld+json\" class=\"yoast-schema-graph\">{\"@context\":\"https:\/\/schema.org\",\"@graph\":[{\"@type\":\"WebPage\",\"@id\":\"https:\/\/suomenkuvalehti.fi\/kuvien-takaa\/poimintoja-rakkautta-anarkiaa-ohjelmistosta-osa-2-peter-von-baghin-katketty-aarre-sosialismi\/\",\"url\":\"https:\/\/suomenkuvalehti.fi\/kuvien-takaa\/poimintoja-rakkautta-anarkiaa-ohjelmistosta-osa-2-peter-von-baghin-katketty-aarre-sosialismi\/\",\"name\":\"Poimintoja Rakkautta & Anarkiaa -ohjelmistosta, osa 2: Peter von Baghin k\u00e4tketty aarre Sosialismi - Kuvien takaa\",\"isPartOf\":{\"@id\":\"https:\/\/suomenkuvalehti.fi\/kuvien-takaa\/#website\"},\"datePublished\":\"2015-09-26T02:00:37+00:00\",\"author\":{\"@id\":\"https:\/\/suomenkuvalehti.fi\/kuvien-takaa\/#\/schema\/person\/f3f657e4ad409e008f12af27bec60a23\"},\"breadcrumb\":{\"@id\":\"https:\/\/suomenkuvalehti.fi\/kuvien-takaa\/poimintoja-rakkautta-anarkiaa-ohjelmistosta-osa-2-peter-von-baghin-katketty-aarre-sosialismi\/#breadcrumb\"},\"inLanguage\":\"fi\",\"potentialAction\":[{\"@type\":\"ReadAction\",\"target\":[\"https:\/\/suomenkuvalehti.fi\/kuvien-takaa\/poimintoja-rakkautta-anarkiaa-ohjelmistosta-osa-2-peter-von-baghin-katketty-aarre-sosialismi\/\"]}]},{\"@type\":\"BreadcrumbList\",\"@id\":\"https:\/\/suomenkuvalehti.fi\/kuvien-takaa\/poimintoja-rakkautta-anarkiaa-ohjelmistosta-osa-2-peter-von-baghin-katketty-aarre-sosialismi\/#breadcrumb\",\"itemListElement\":[{\"@type\":\"ListItem\",\"position\":1,\"name\":\"Home\",\"item\":\"https:\/\/suomenkuvalehti.fi\/kuvien-takaa\/\"},{\"@type\":\"ListItem\",\"position\":2,\"name\":\"Poimintoja Rakkautta &#038; Anarkiaa -ohjelmistosta, osa 2: Peter von Baghin k\u00e4tketty aarre Sosialismi\"}]},{\"@type\":\"WebSite\",\"@id\":\"https:\/\/suomenkuvalehti.fi\/kuvien-takaa\/#website\",\"url\":\"https:\/\/suomenkuvalehti.fi\/kuvien-takaa\/\",\"name\":\"Kuvien takaa\",\"description\":\"Elokuvakriitikko Kalle Kinnusen elokuvablogi.\",\"potentialAction\":[{\"@type\":\"SearchAction\",\"target\":{\"@type\":\"EntryPoint\",\"urlTemplate\":\"https:\/\/suomenkuvalehti.fi\/haku\/?q={search_term_string}\"},\"query-input\":{\"@type\":\"PropertyValueSpecification\",\"valueRequired\":true,\"valueName\":\"search_term_string\"}}],\"inLanguage\":\"fi\"},{\"@type\":\"Person\",\"@id\":\"https:\/\/suomenkuvalehti.fi\/kuvien-takaa\/#\/schema\/person\/f3f657e4ad409e008f12af27bec60a23\",\"name\":\"Kalle Kinnunen\",\"image\":{\"@type\":\"ImageObject\",\"inLanguage\":\"fi\",\"@id\":\"https:\/\/suomenkuvalehti.fi\/kuvien-takaa\/#\/schema\/person\/image\/\",\"url\":\"https:\/\/suomenkuvalehti.fi\/kuvien-takaa\/wp-content\/uploads\/sites\/11\/2022\/04\/kalle_kinnunen_blogi-1-150x150.jpg\",\"contentUrl\":\"https:\/\/suomenkuvalehti.fi\/kuvien-takaa\/wp-content\/uploads\/sites\/11\/2022\/04\/kalle_kinnunen_blogi-1-150x150.jpg\",\"caption\":\"Kalle Kinnunen\"},\"description\":\"Kalle Kinnunen on vapaa toimittaja ja Suomen Kuvalehden avustaja.\",\"sameAs\":[\"https:\/\/www.facebook.com\/pages\/Kalle-Kinnunen-Kuvien-takaa\/190326157715410?fref=ts\",\"https:\/\/x.com\/https:\/\/twitter.com\/kallekinnunen\"]}]}<\/script>\n<!-- \/ Yoast SEO plugin. -->","yoast_head_json":{"title":"Poimintoja Rakkautta & Anarkiaa -ohjelmistosta, osa 2: Peter von Baghin k\u00e4tketty aarre Sosialismi - Kuvien takaa","robots":{"index":"index","follow":"follow","max-snippet":"max-snippet:-1","max-image-preview":"max-image-preview:large","max-video-preview":"max-video-preview:-1"},"canonical":"https:\/\/suomenkuvalehti.fi\/kuvien-takaa\/poimintoja-rakkautta-anarkiaa-ohjelmistosta-osa-2-peter-von-baghin-katketty-aarre-sosialismi\/","og_locale":"fi_FI","og_type":"article","og_title":"Poimintoja Rakkautta & Anarkiaa -ohjelmistosta, osa 2: Peter von Baghin k\u00e4tketty aarre Sosialismi - Kuvien takaa","og_description":"Rakkautta &amp; Anarkiaa -festivaalin parhaiten varjeltu salaisuus on nimelt\u00e4\u00e4n Sosialismi. Peter von Baghin viimeisest\u00e4 elokuvasta on yksi harvinainen n\u00e4yt\u00f6s. Dokumenttia ei voida esitt\u00e4\u00e4 &#8221;kaupallisesti&#8221;, koska &hellip;","og_url":"https:\/\/suomenkuvalehti.fi\/kuvien-takaa\/poimintoja-rakkautta-anarkiaa-ohjelmistosta-osa-2-peter-von-baghin-katketty-aarre-sosialismi\/","og_site_name":"Kuvien takaa","article_author":"https:\/\/www.facebook.com\/pages\/Kalle-Kinnunen-Kuvien-takaa\/190326157715410?fref=ts","article_published_time":"2015-09-26T02:00:37+00:00","og_image":[{"width":2560,"height":1707,"url":"https:\/\/suomenkuvalehti.fi\/kuvien-takaa\/wp-content\/uploads\/sites\/11\/2022\/04\/kalle_kinnunen_blogi-1-scaled.jpg","type":"image\/jpeg"}],"author":"Kalle Kinnunen","twitter_card":"summary_large_image","twitter_creator":"@https:\/\/twitter.com\/kallekinnunen","twitter_misc":{"Written by":"Kalle Kinnunen","Est. reading time":"2 minuuttia"},"schema":{"@context":"https:\/\/schema.org","@graph":[{"@type":"WebPage","@id":"https:\/\/suomenkuvalehti.fi\/kuvien-takaa\/poimintoja-rakkautta-anarkiaa-ohjelmistosta-osa-2-peter-von-baghin-katketty-aarre-sosialismi\/","url":"https:\/\/suomenkuvalehti.fi\/kuvien-takaa\/poimintoja-rakkautta-anarkiaa-ohjelmistosta-osa-2-peter-von-baghin-katketty-aarre-sosialismi\/","name":"Poimintoja Rakkautta & Anarkiaa -ohjelmistosta, osa 2: Peter von Baghin k\u00e4tketty aarre Sosialismi - Kuvien takaa","isPartOf":{"@id":"https:\/\/suomenkuvalehti.fi\/kuvien-takaa\/#website"},"datePublished":"2015-09-26T02:00:37+00:00","author":{"@id":"https:\/\/suomenkuvalehti.fi\/kuvien-takaa\/#\/schema\/person\/f3f657e4ad409e008f12af27bec60a23"},"breadcrumb":{"@id":"https:\/\/suomenkuvalehti.fi\/kuvien-takaa\/poimintoja-rakkautta-anarkiaa-ohjelmistosta-osa-2-peter-von-baghin-katketty-aarre-sosialismi\/#breadcrumb"},"inLanguage":"fi","potentialAction":[{"@type":"ReadAction","target":["https:\/\/suomenkuvalehti.fi\/kuvien-takaa\/poimintoja-rakkautta-anarkiaa-ohjelmistosta-osa-2-peter-von-baghin-katketty-aarre-sosialismi\/"]}]},{"@type":"BreadcrumbList","@id":"https:\/\/suomenkuvalehti.fi\/kuvien-takaa\/poimintoja-rakkautta-anarkiaa-ohjelmistosta-osa-2-peter-von-baghin-katketty-aarre-sosialismi\/#breadcrumb","itemListElement":[{"@type":"ListItem","position":1,"name":"Home","item":"https:\/\/suomenkuvalehti.fi\/kuvien-takaa\/"},{"@type":"ListItem","position":2,"name":"Poimintoja Rakkautta &#038; Anarkiaa -ohjelmistosta, osa 2: Peter von Baghin k\u00e4tketty aarre Sosialismi"}]},{"@type":"WebSite","@id":"https:\/\/suomenkuvalehti.fi\/kuvien-takaa\/#website","url":"https:\/\/suomenkuvalehti.fi\/kuvien-takaa\/","name":"Kuvien takaa","description":"Elokuvakriitikko Kalle Kinnusen elokuvablogi.","potentialAction":[{"@type":"SearchAction","target":{"@type":"EntryPoint","urlTemplate":"https:\/\/suomenkuvalehti.fi\/haku\/?q={search_term_string}"},"query-input":{"@type":"PropertyValueSpecification","valueRequired":true,"valueName":"search_term_string"}}],"inLanguage":"fi"},{"@type":"Person","@id":"https:\/\/suomenkuvalehti.fi\/kuvien-takaa\/#\/schema\/person\/f3f657e4ad409e008f12af27bec60a23","name":"Kalle Kinnunen","image":{"@type":"ImageObject","inLanguage":"fi","@id":"https:\/\/suomenkuvalehti.fi\/kuvien-takaa\/#\/schema\/person\/image\/","url":"https:\/\/suomenkuvalehti.fi\/kuvien-takaa\/wp-content\/uploads\/sites\/11\/2022\/04\/kalle_kinnunen_blogi-1-150x150.jpg","contentUrl":"https:\/\/suomenkuvalehti.fi\/kuvien-takaa\/wp-content\/uploads\/sites\/11\/2022\/04\/kalle_kinnunen_blogi-1-150x150.jpg","caption":"Kalle Kinnunen"},"description":"Kalle Kinnunen on vapaa toimittaja ja Suomen Kuvalehden avustaja.","sameAs":["https:\/\/www.facebook.com\/pages\/Kalle-Kinnunen-Kuvien-takaa\/190326157715410?fref=ts","https:\/\/x.com\/https:\/\/twitter.com\/kallekinnunen"]}]}},"_links":{"self":[{"href":"https:\/\/suomenkuvalehti.fi\/kuvien-takaa\/wp-json\/wp\/v2\/posts\/3089","targetHints":{"allow":["GET"]}}],"collection":[{"href":"https:\/\/suomenkuvalehti.fi\/kuvien-takaa\/wp-json\/wp\/v2\/posts"}],"about":[{"href":"https:\/\/suomenkuvalehti.fi\/kuvien-takaa\/wp-json\/wp\/v2\/types\/post"}],"author":[{"embeddable":true,"href":"https:\/\/suomenkuvalehti.fi\/kuvien-takaa\/wp-json\/wp\/v2\/users\/144"}],"replies":[{"embeddable":true,"href":"https:\/\/suomenkuvalehti.fi\/kuvien-takaa\/wp-json\/wp\/v2\/comments?post=3089"}],"version-history":[{"count":8,"href":"https:\/\/suomenkuvalehti.fi\/kuvien-takaa\/wp-json\/wp\/v2\/posts\/3089\/revisions"}],"predecessor-version":[{"id":3097,"href":"https:\/\/suomenkuvalehti.fi\/kuvien-takaa\/wp-json\/wp\/v2\/posts\/3089\/revisions\/3097"}],"wp:attachment":[{"href":"https:\/\/suomenkuvalehti.fi\/kuvien-takaa\/wp-json\/wp\/v2\/media?parent=3089"}],"wp:term":[{"taxonomy":"category","embeddable":true,"href":"https:\/\/suomenkuvalehti.fi\/kuvien-takaa\/wp-json\/wp\/v2\/categories?post=3089"},{"taxonomy":"post_tag","embeddable":true,"href":"https:\/\/suomenkuvalehti.fi\/kuvien-takaa\/wp-json\/wp\/v2\/tags?post=3089"}],"curies":[{"name":"wp","href":"https:\/\/api.w.org\/{rel}","templated":true}]}}