{"id":3051,"date":"2015-09-09T10:00:43","date_gmt":"2015-09-09T07:00:43","guid":{"rendered":"https:\/\/suomenkuvalehti.fi\/kuvien-takaa\/?p=3051"},"modified":"2015-09-09T10:05:50","modified_gmt":"2015-09-09T07:05:50","slug":"venetsian-elokuvajuhlat-2015-sorry-johnny-depp-ei-ole-marlon-brando","status":"publish","type":"post","link":"https:\/\/suomenkuvalehti.fi\/kuvien-takaa\/venetsian-elokuvajuhlat-2015-sorry-johnny-depp-ei-ole-marlon-brando\/","title":{"rendered":"Venetsian elokuvajuhlat 2015: sorry, Johnny Depp ei ole Marlon Brando"},"content":{"rendered":"\n<p><em>Black Mass<\/em> on elokuva <strong>James Whitey Bulgerista<\/strong>, joka oli enemm\u00e4n tai v\u00e4hemm\u00e4n Bostonin alamaailman pomo 1970-luvulta vuoteen 1994. P\u00e4\u00e4osaa esitt\u00e4\u00e4 <strong>Johnny Depp<\/strong>, ja miten: t\u00e4hdell\u00e4 on p\u00e4lvikalju, oudot silm\u00e4t, korkea otsa <em>ja iso p\u00e4\u00e4<\/em>. Ja suu aina mutrussa.<\/p>\n\n\n\n<p>Depp ei ole aiemmin n\u00e4ytellyt ehtaa ilke\u00e4\u00e4 kusip\u00e4ist\u00e4 sosiopaattia.<\/p>\n\n\n<p><iframe loading=\"lazy\" width=\"630\" height=\"354\" src=\"https:\/\/www.youtube.com\/embed\/4XD0Q8JW9qw?feature=oembed\" frameborder=\"0\" allowfullscreen><\/iframe><\/p>\n\n\n<p>Roolia on jo kuvailtu sen hyv\u00e4n Deppin comebackiksi. Vuosien ajan n\u00e4yttelij\u00e4, jota pidettiin yhten\u00e4 Hollywoodin (ja jenkki-indien) parhaista, on huseerannut j\u00e4ttibudjettijutuissa rooleissa, joista puuttuu syd\u00e4n ja potku. <a href=\"https:\/\/suomenkuvalehti.fi\/kuvien-takaa\/kerran-han-oli-tarkea-nayttelija-nyt-han-on-jatko-osia-tehtaileva-tahti-johnny-depp-lyhyt-oppimaara\/?shared=46-9611c4a8-999\" target=\"_blank\">Deppin nimi ei ole en\u00e4\u00e4<\/a> laadun tae.<\/p>\n\n\n\n<p>Bulger-Depp on saanut vuolaita kehuja monilta valtavirran kriitikoilta (Guardian, <a href=\"http:\/\/variety.com\/2015\/film\/festivals\/black-mass-review-johnny-depp-whitey-bulger-1201570428\/\" target=\"_blank\">Variety<\/a> jne).<\/p>\n\n\n\n<p>T\u00e4t\u00e4 on v\u00e4h\u00e4n vaikea ymm\u00e4rt\u00e4\u00e4. Rooli on toki rohkea ja kunnianhimoinen veto.<\/p>\n\n\n\n<p>Mutta Depp on elokuvassa kuin ulkoavaruuden olento keskell\u00e4 gangsterien Bostonia. H\u00e4n on muodonmuutoksensa vanki, koska h\u00e4n ei onnistu n\u00e4yttelem\u00e4\u00e4n oudon olemuksensa yli. Pisteit\u00e4 kertyy siis vain yrityksest\u00e4, siit\u00e4 ett\u00e4 iso kultapoikat\u00e4hti heitt\u00e4ytyy puolihulluksi ja rumaksi murhaajaksi.<\/p>\n\n\n\n<p>Deppin Bulger on kuin yhdistelm\u00e4 kahta <em>Mafiaveljien<\/em> hahmoa: yleens\u00e4 h\u00e4n on kuin <strong>Ray Liottan<\/strong> esitt\u00e4m\u00e4 <strong>Henry Hill<\/strong> kokaiinivaiheessaan, mutta parissa kohtauksessa kelmill\u00e4 kiehahtaa yli ja h\u00e4n vet\u00e4\u00e4 <strong>Joe Pescin<\/strong> <em>youthinkimfunnylikeaclownit<\/em>. Loistorooleja ne, mutta t\u00e4st\u00e4 puuttuu uskottavuutta. En tied\u00e4 mik\u00e4 t\u00e4t\u00e4 Bulgeria motivoi.<\/p>\n\n\n\n<p>Ufoilu lienee jonkinlainen <strong>Marlon Brando<\/strong> -temppu. Brandon muutos Don Corleoneksi pumpulia poskissaan oli kreisi tempaus, joka toimi. Nyt se n\u00e4hd\u00e4\u00e4n: Depp ei ole ihailemansa Brando.<\/p>\n\n\n\n<p>Muuten Black Mass on ihan hyv\u00e4, vakava gangsterielokuva. Suomen ensi-ilta on 16.10.<\/p>\n\n\n","protected":false},"excerpt":{"rendered":"<p>Black Mass on elokuva James Whitey Bulgerista, joka oli enemm\u00e4n tai v\u00e4hemm\u00e4n Bostonin alamaailman pomo 1970-luvulta vuoteen 1994. P\u00e4\u00e4osaa esitt\u00e4\u00e4 Johnny Depp, ja miten: t\u00e4hdell\u00e4 on p\u00e4lvikalju, oudot silm\u00e4t, korkea otsa ja iso p\u00e4\u00e4. Ja suu aina<br \/>\nmutrussa. De&hellip;<\/p>\n","protected":false},"author":144,"featured_media":0,"comment_status":"open","ping_status":"closed","sticky":false,"template":"","format":"standard","meta":{"_acf_changed":false,"asauth_required_access_level":3,"asauth_cansharepaid":"true","om_header_attributes":[],"footnotes":"","om_featured_image_focal_point":[],"om_primary_tag":0,"om_contributors":[],"om_co_authors":[],"beyondwords_generate_audio":"","beyondwords_project_id":"","beyondwords_content_id":"","beyondwords_preview_token":"","beyondwords_player_content":"","beyondwords_player_style":"","beyondwords_language_code":"","beyondwords_language_id":"","beyondwords_title_voice_id":"","beyondwords_body_voice_id":"","beyondwords_summary_voice_id":"","beyondwords_error_message":"","beyondwords_disabled":"","beyondwords_delete_content":"","beyondwords_podcast_id":"","beyondwords_hash":"","publish_post_to_speechkit":"","speechkit_hash":"","speechkit_generate_audio":"","speechkit_project_id":"","speechkit_podcast_id":"","speechkit_error_message":"","speechkit_disabled":"","speechkit_access_key":"","speechkit_error":"","speechkit_info":"","speechkit_response":"","speechkit_retries":"","speechkit_status":"","speechkit_updated_at":"","_speechkit_link":"","_speechkit_text":""},"categories":[1],"tags":[2174,124,2175],"class_list":["post-3051","post","type-post","status-publish","format-standard","hentry","category-kuvien-takaa","tag-black-mass","tag-johnny-depp","tag-whitey-bulger"],"om_views":null,"acf":{"tuuma_off":false,"tuuma_kysymys":"","tuuma_vastaus":""},"asauth":{"required_access_level":1,"share_token":"","is_paid":false},"yoast_head":"<!-- This site is optimized with the Yoast SEO plugin v26.4 - https:\/\/yoast.com\/wordpress\/plugins\/seo\/ -->\n<title>Venetsian elokuvajuhlat 2015: sorry, Johnny Depp ei ole Marlon Brando - Kuvien takaa<\/title>\n<meta name=\"robots\" content=\"index, follow, max-snippet:-1, max-image-preview:large, max-video-preview:-1\" \/>\n<link rel=\"canonical\" href=\"https:\/\/suomenkuvalehti.fi\/kuvien-takaa\/venetsian-elokuvajuhlat-2015-sorry-johnny-depp-ei-ole-marlon-brando\/\" \/>\n<meta property=\"og:locale\" content=\"fi_FI\" \/>\n<meta property=\"og:type\" content=\"article\" \/>\n<meta property=\"og:title\" content=\"Venetsian elokuvajuhlat 2015: sorry, Johnny Depp ei ole Marlon Brando - Kuvien takaa\" \/>\n<meta property=\"og:description\" content=\"Black Mass on elokuva James Whitey Bulgerista, joka oli enemm\u00e4n tai v\u00e4hemm\u00e4n Bostonin alamaailman pomo 1970-luvulta vuoteen 1994. P\u00e4\u00e4osaa esitt\u00e4\u00e4 Johnny Depp, ja miten: t\u00e4hdell\u00e4 on p\u00e4lvikalju, oudot silm\u00e4t, korkea otsa ja iso p\u00e4\u00e4. Ja suu aina mutrussa. De&hellip;\" \/>\n<meta property=\"og:url\" content=\"https:\/\/suomenkuvalehti.fi\/kuvien-takaa\/venetsian-elokuvajuhlat-2015-sorry-johnny-depp-ei-ole-marlon-brando\/\" \/>\n<meta property=\"og:site_name\" content=\"Kuvien takaa\" \/>\n<meta property=\"article:author\" content=\"https:\/\/www.facebook.com\/pages\/Kalle-Kinnunen-Kuvien-takaa\/190326157715410?fref=ts\" \/>\n<meta property=\"article:published_time\" content=\"2015-09-09T07:00:43+00:00\" \/>\n<meta property=\"article:modified_time\" content=\"2015-09-09T07:05:50+00:00\" \/>\n<meta property=\"og:image\" content=\"https:\/\/suomenkuvalehti.fi\/kuvien-takaa\/wp-content\/uploads\/sites\/11\/2022\/04\/kalle_kinnunen_blogi-1-scaled.jpg\" \/>\n\t<meta property=\"og:image:width\" content=\"2560\" \/>\n\t<meta property=\"og:image:height\" content=\"1707\" \/>\n\t<meta property=\"og:image:type\" content=\"image\/jpeg\" \/>\n<meta name=\"author\" content=\"Kalle Kinnunen\" \/>\n<meta name=\"twitter:card\" content=\"summary_large_image\" \/>\n<meta name=\"twitter:creator\" content=\"@https:\/\/twitter.com\/kallekinnunen\" \/>\n<meta name=\"twitter:label1\" content=\"Written by\" \/>\n\t<meta name=\"twitter:data1\" content=\"Kalle Kinnunen\" \/>\n\t<meta name=\"twitter:label2\" content=\"Est. reading time\" \/>\n\t<meta name=\"twitter:data2\" content=\"1 minuutti\" \/>\n<script type=\"application\/ld+json\" class=\"yoast-schema-graph\">{\"@context\":\"https:\/\/schema.org\",\"@graph\":[{\"@type\":\"WebPage\",\"@id\":\"https:\/\/suomenkuvalehti.fi\/kuvien-takaa\/venetsian-elokuvajuhlat-2015-sorry-johnny-depp-ei-ole-marlon-brando\/\",\"url\":\"https:\/\/suomenkuvalehti.fi\/kuvien-takaa\/venetsian-elokuvajuhlat-2015-sorry-johnny-depp-ei-ole-marlon-brando\/\",\"name\":\"Venetsian elokuvajuhlat 2015: sorry, Johnny Depp ei ole Marlon Brando - Kuvien takaa\",\"isPartOf\":{\"@id\":\"https:\/\/suomenkuvalehti.fi\/kuvien-takaa\/#website\"},\"datePublished\":\"2015-09-09T07:00:43+00:00\",\"dateModified\":\"2015-09-09T07:05:50+00:00\",\"author\":{\"@id\":\"https:\/\/suomenkuvalehti.fi\/kuvien-takaa\/#\/schema\/person\/f3f657e4ad409e008f12af27bec60a23\"},\"breadcrumb\":{\"@id\":\"https:\/\/suomenkuvalehti.fi\/kuvien-takaa\/venetsian-elokuvajuhlat-2015-sorry-johnny-depp-ei-ole-marlon-brando\/#breadcrumb\"},\"inLanguage\":\"fi\",\"potentialAction\":[{\"@type\":\"ReadAction\",\"target\":[\"https:\/\/suomenkuvalehti.fi\/kuvien-takaa\/venetsian-elokuvajuhlat-2015-sorry-johnny-depp-ei-ole-marlon-brando\/\"]}]},{\"@type\":\"BreadcrumbList\",\"@id\":\"https:\/\/suomenkuvalehti.fi\/kuvien-takaa\/venetsian-elokuvajuhlat-2015-sorry-johnny-depp-ei-ole-marlon-brando\/#breadcrumb\",\"itemListElement\":[{\"@type\":\"ListItem\",\"position\":1,\"name\":\"Home\",\"item\":\"https:\/\/suomenkuvalehti.fi\/kuvien-takaa\/\"},{\"@type\":\"ListItem\",\"position\":2,\"name\":\"Venetsian elokuvajuhlat 2015: sorry, Johnny Depp ei ole Marlon Brando\"}]},{\"@type\":\"WebSite\",\"@id\":\"https:\/\/suomenkuvalehti.fi\/kuvien-takaa\/#website\",\"url\":\"https:\/\/suomenkuvalehti.fi\/kuvien-takaa\/\",\"name\":\"Kuvien takaa\",\"description\":\"Elokuvakriitikko Kalle Kinnusen elokuvablogi.\",\"potentialAction\":[{\"@type\":\"SearchAction\",\"target\":{\"@type\":\"EntryPoint\",\"urlTemplate\":\"https:\/\/suomenkuvalehti.fi\/haku\/?q={search_term_string}\"},\"query-input\":{\"@type\":\"PropertyValueSpecification\",\"valueRequired\":true,\"valueName\":\"search_term_string\"}}],\"inLanguage\":\"fi\"},{\"@type\":\"Person\",\"@id\":\"https:\/\/suomenkuvalehti.fi\/kuvien-takaa\/#\/schema\/person\/f3f657e4ad409e008f12af27bec60a23\",\"name\":\"Kalle Kinnunen\",\"image\":{\"@type\":\"ImageObject\",\"inLanguage\":\"fi\",\"@id\":\"https:\/\/suomenkuvalehti.fi\/kuvien-takaa\/#\/schema\/person\/image\/\",\"url\":\"https:\/\/suomenkuvalehti.fi\/kuvien-takaa\/wp-content\/uploads\/sites\/11\/2022\/04\/kalle_kinnunen_blogi-1-150x150.jpg\",\"contentUrl\":\"https:\/\/suomenkuvalehti.fi\/kuvien-takaa\/wp-content\/uploads\/sites\/11\/2022\/04\/kalle_kinnunen_blogi-1-150x150.jpg\",\"caption\":\"Kalle Kinnunen\"},\"description\":\"Kalle Kinnunen on vapaa toimittaja ja Suomen Kuvalehden avustaja.\",\"sameAs\":[\"https:\/\/www.facebook.com\/pages\/Kalle-Kinnunen-Kuvien-takaa\/190326157715410?fref=ts\",\"https:\/\/x.com\/https:\/\/twitter.com\/kallekinnunen\"]}]}<\/script>\n<!-- \/ Yoast SEO plugin. -->","yoast_head_json":{"title":"Venetsian elokuvajuhlat 2015: sorry, Johnny Depp ei ole Marlon Brando - Kuvien takaa","robots":{"index":"index","follow":"follow","max-snippet":"max-snippet:-1","max-image-preview":"max-image-preview:large","max-video-preview":"max-video-preview:-1"},"canonical":"https:\/\/suomenkuvalehti.fi\/kuvien-takaa\/venetsian-elokuvajuhlat-2015-sorry-johnny-depp-ei-ole-marlon-brando\/","og_locale":"fi_FI","og_type":"article","og_title":"Venetsian elokuvajuhlat 2015: sorry, Johnny Depp ei ole Marlon Brando - Kuvien takaa","og_description":"Black Mass on elokuva James Whitey Bulgerista, joka oli enemm\u00e4n tai v\u00e4hemm\u00e4n Bostonin alamaailman pomo 1970-luvulta vuoteen 1994. P\u00e4\u00e4osaa esitt\u00e4\u00e4 Johnny Depp, ja miten: t\u00e4hdell\u00e4 on p\u00e4lvikalju, oudot silm\u00e4t, korkea otsa ja iso p\u00e4\u00e4. Ja suu aina mutrussa. De&hellip;","og_url":"https:\/\/suomenkuvalehti.fi\/kuvien-takaa\/venetsian-elokuvajuhlat-2015-sorry-johnny-depp-ei-ole-marlon-brando\/","og_site_name":"Kuvien takaa","article_author":"https:\/\/www.facebook.com\/pages\/Kalle-Kinnunen-Kuvien-takaa\/190326157715410?fref=ts","article_published_time":"2015-09-09T07:00:43+00:00","article_modified_time":"2015-09-09T07:05:50+00:00","og_image":[{"width":2560,"height":1707,"url":"https:\/\/suomenkuvalehti.fi\/kuvien-takaa\/wp-content\/uploads\/sites\/11\/2022\/04\/kalle_kinnunen_blogi-1-scaled.jpg","type":"image\/jpeg"}],"author":"Kalle Kinnunen","twitter_card":"summary_large_image","twitter_creator":"@https:\/\/twitter.com\/kallekinnunen","twitter_misc":{"Written by":"Kalle Kinnunen","Est. reading time":"1 minuutti"},"schema":{"@context":"https:\/\/schema.org","@graph":[{"@type":"WebPage","@id":"https:\/\/suomenkuvalehti.fi\/kuvien-takaa\/venetsian-elokuvajuhlat-2015-sorry-johnny-depp-ei-ole-marlon-brando\/","url":"https:\/\/suomenkuvalehti.fi\/kuvien-takaa\/venetsian-elokuvajuhlat-2015-sorry-johnny-depp-ei-ole-marlon-brando\/","name":"Venetsian elokuvajuhlat 2015: sorry, Johnny Depp ei ole Marlon Brando - Kuvien takaa","isPartOf":{"@id":"https:\/\/suomenkuvalehti.fi\/kuvien-takaa\/#website"},"datePublished":"2015-09-09T07:00:43+00:00","dateModified":"2015-09-09T07:05:50+00:00","author":{"@id":"https:\/\/suomenkuvalehti.fi\/kuvien-takaa\/#\/schema\/person\/f3f657e4ad409e008f12af27bec60a23"},"breadcrumb":{"@id":"https:\/\/suomenkuvalehti.fi\/kuvien-takaa\/venetsian-elokuvajuhlat-2015-sorry-johnny-depp-ei-ole-marlon-brando\/#breadcrumb"},"inLanguage":"fi","potentialAction":[{"@type":"ReadAction","target":["https:\/\/suomenkuvalehti.fi\/kuvien-takaa\/venetsian-elokuvajuhlat-2015-sorry-johnny-depp-ei-ole-marlon-brando\/"]}]},{"@type":"BreadcrumbList","@id":"https:\/\/suomenkuvalehti.fi\/kuvien-takaa\/venetsian-elokuvajuhlat-2015-sorry-johnny-depp-ei-ole-marlon-brando\/#breadcrumb","itemListElement":[{"@type":"ListItem","position":1,"name":"Home","item":"https:\/\/suomenkuvalehti.fi\/kuvien-takaa\/"},{"@type":"ListItem","position":2,"name":"Venetsian elokuvajuhlat 2015: sorry, Johnny Depp ei ole Marlon Brando"}]},{"@type":"WebSite","@id":"https:\/\/suomenkuvalehti.fi\/kuvien-takaa\/#website","url":"https:\/\/suomenkuvalehti.fi\/kuvien-takaa\/","name":"Kuvien takaa","description":"Elokuvakriitikko Kalle Kinnusen elokuvablogi.","potentialAction":[{"@type":"SearchAction","target":{"@type":"EntryPoint","urlTemplate":"https:\/\/suomenkuvalehti.fi\/haku\/?q={search_term_string}"},"query-input":{"@type":"PropertyValueSpecification","valueRequired":true,"valueName":"search_term_string"}}],"inLanguage":"fi"},{"@type":"Person","@id":"https:\/\/suomenkuvalehti.fi\/kuvien-takaa\/#\/schema\/person\/f3f657e4ad409e008f12af27bec60a23","name":"Kalle Kinnunen","image":{"@type":"ImageObject","inLanguage":"fi","@id":"https:\/\/suomenkuvalehti.fi\/kuvien-takaa\/#\/schema\/person\/image\/","url":"https:\/\/suomenkuvalehti.fi\/kuvien-takaa\/wp-content\/uploads\/sites\/11\/2022\/04\/kalle_kinnunen_blogi-1-150x150.jpg","contentUrl":"https:\/\/suomenkuvalehti.fi\/kuvien-takaa\/wp-content\/uploads\/sites\/11\/2022\/04\/kalle_kinnunen_blogi-1-150x150.jpg","caption":"Kalle Kinnunen"},"description":"Kalle Kinnunen on vapaa toimittaja ja Suomen Kuvalehden avustaja.","sameAs":["https:\/\/www.facebook.com\/pages\/Kalle-Kinnunen-Kuvien-takaa\/190326157715410?fref=ts","https:\/\/x.com\/https:\/\/twitter.com\/kallekinnunen"]}]}},"_links":{"self":[{"href":"https:\/\/suomenkuvalehti.fi\/kuvien-takaa\/wp-json\/wp\/v2\/posts\/3051","targetHints":{"allow":["GET"]}}],"collection":[{"href":"https:\/\/suomenkuvalehti.fi\/kuvien-takaa\/wp-json\/wp\/v2\/posts"}],"about":[{"href":"https:\/\/suomenkuvalehti.fi\/kuvien-takaa\/wp-json\/wp\/v2\/types\/post"}],"author":[{"embeddable":true,"href":"https:\/\/suomenkuvalehti.fi\/kuvien-takaa\/wp-json\/wp\/v2\/users\/144"}],"replies":[{"embeddable":true,"href":"https:\/\/suomenkuvalehti.fi\/kuvien-takaa\/wp-json\/wp\/v2\/comments?post=3051"}],"version-history":[{"count":4,"href":"https:\/\/suomenkuvalehti.fi\/kuvien-takaa\/wp-json\/wp\/v2\/posts\/3051\/revisions"}],"predecessor-version":[{"id":3055,"href":"https:\/\/suomenkuvalehti.fi\/kuvien-takaa\/wp-json\/wp\/v2\/posts\/3051\/revisions\/3055"}],"wp:attachment":[{"href":"https:\/\/suomenkuvalehti.fi\/kuvien-takaa\/wp-json\/wp\/v2\/media?parent=3051"}],"wp:term":[{"taxonomy":"category","embeddable":true,"href":"https:\/\/suomenkuvalehti.fi\/kuvien-takaa\/wp-json\/wp\/v2\/categories?post=3051"},{"taxonomy":"post_tag","embeddable":true,"href":"https:\/\/suomenkuvalehti.fi\/kuvien-takaa\/wp-json\/wp\/v2\/tags?post=3051"}],"curies":[{"name":"wp","href":"https:\/\/api.w.org\/{rel}","templated":true}]}}