{"id":2959,"date":"2015-07-03T11:53:39","date_gmt":"2015-07-03T08:53:39","guid":{"rendered":"https:\/\/suomenkuvalehti.fi\/kuvien-takaa\/?p=2959"},"modified":"2015-07-03T11:53:39","modified_gmt":"2015-07-03T08:53:39","slug":"blackface-peseeko-riku-nieminen-kasvonsa-puhtaaksi","status":"publish","type":"post","link":"https:\/\/suomenkuvalehti.fi\/kuvien-takaa\/blackface-peseeko-riku-nieminen-kasvonsa-puhtaaksi\/","title":{"rendered":"Blackface: peseek\u00f6 Riku Nieminen kasvonsa puhtaaksi?"},"content":{"rendered":"\n<p><strong>Riku Nieminen<\/strong> otti Twitteriss\u00e4 herneen nen\u00e4\u00e4n, kun h\u00e4nelt\u00e4 kysyttiin, onko ihan ok esiinty\u00e4 <em>blackfacessa<\/em>. Koomikko ihmetteli <a href=\"https:\/\/twitter.com\/rjniemin\/status\/616696885844180993\" target=\"_blank\">k\u00e4rkk\u00e4\u00e4sti<\/a>, miksi muka on mautonta tehd\u00e4 ohjelmasta mainos, jossa ainoa vitsi on se, ett\u00e4 valkoinen mies on maalattu naamastaan mustaksi ja puhuu hassua \u00f6lisev\u00e4\u00e4 englantia ymm\u00e4rt\u00e4\u00e4kseni &#8221;afrikkalaisella aksentilla&#8221;.<\/p>\n\n\n\n<p><blockquote class=\"twitter-tweet\" data-width=\"550\"><p lang=\"fi\" dir=\"ltr\">T\u00e4m\u00e4 show on yht\u00e4 cool kuin Suomen kes\u00e4! <a href=\"https:\/\/twitter.com\/hashtag\/1001Rikua?src=hash\">#1001Rikua<\/a> tulee uusin jaksoin, to 2.7. klo 21.00 MTV3-kanavalla. <a href=\"https:\/\/twitter.com\/rjniemin\">@rjniemin<\/a> <a href=\"http:\/\/t.co\/WbcieLi7HZ\">pic.twitter.com\/WbcieLi7HZ<\/a><\/p>&mdash; MTV3 (@Maikkari) <a href=\"https:\/\/twitter.com\/Maikkari\/status\/605714610449195008\">June 2, 2015<\/a><\/blockquote><script async src=\"\/\/platform.twitter.com\/widgets.js\" charset=\"utf-8\"><\/script><\/p>\n\n\n\n<p>&nbsp;<\/p>\n\n\n\n<p>Naurattaako?<\/p>\n\n\n\n<p>Niin, miksi my\u00f6s sana <em>neekeri<\/em> on mauton ja yleens\u00e4 sopimaton? Miksi Fazer luopui lakujen logosta?<\/p>\n\n\n\n<p>Blackface on etenkin amerikkalaisessa yhteydess\u00e4 <em>\u00e4\u00e4rimm\u00e4isen<\/em> rasistinen asia. Mustaksi maalattu, &#8221;lankattu&#8221; valkoinen n\u00e4yttelij\u00e4 on osa nyt hyvin paheksuttua, sadan vuoden takaista teatteriperinnett\u00e4, joka perustui rasististen stereotyyppien korostamiseen. Euroopassa blackface miellet\u00e4\u00e4n negatiiviseksi stereotyypiksi, niin komediahahmon maskeerauksena kuin esimerkiksi <a href=\"http:\/\/sports.yahoo.com\/blogs\/soccer-dirty-tackle\/fifa-to-investigate-germany-fans--blackface-against-ghana-165531831.html\" target=\"_blank\">urheiluseurojen fanien<\/a> harkitsemattomana tempauksena.<\/p>\n\n\n\n<p>Nieminen suuttui, kun <a href=\"https:\/\/twitter.com\/rjniemin\/status\/616857074736201728\" target=\"_blank\">Twitter-keskusteluun<\/a> osallistui yh\u00e4 enemm\u00e4n kyseenalaistajia. H\u00e4nest\u00e4 <em>blackface-termin k\u00e4ytt\u00f6<\/em> oli rasistista, ei h\u00e4nen hahmonsa &#8211; joka oli ilmiselv\u00e4 <em>blackface<\/em>. Miksi se ei olisi?<\/p>\n\n\n\n<p>Asiat ovat usein sit\u00e4, milt\u00e4 ne n\u00e4ytt\u00e4v\u00e4t.<\/p>\n\n\n\n<p>Niemisest\u00e4 oli outoa, ett\u00e4 h\u00e4nen <a href=\"http:\/\/www.iltalehti.fi\/viihde\/2015011419019533_vi.shtml\" target=\"_blank\">intialaishahmonsa mokkakikkeli -vitseineen<\/a> ei her\u00e4tt\u00e4nyt arvostelua, ja blackface her\u00e4tt\u00e4\u00e4. Ehk\u00e4 ero on siin\u00e4, ett\u00e4 mokkakikkeli -jutussa oli tulkittavissa antirasistinen, karnevalisoiva vire. Rajanveto v\u00e4hemmist\u00f6jen stereotyyppien karnevalisoivassa korostamisessa ja ilke\u00e4mm\u00e4ss\u00e4 irvailussa ei ole helppoa, enk\u00e4 tied\u00e4, kannattaako rajaa v\u00e4kisin tunnustella.<\/p>\n\n\n\n<p>&#8221;Huumorilla on historia. Sit\u00e4 pit\u00e4is ehk\u00e4 opiskella jos sit\u00e4 tekee ammatikseen&#8221;, kommentoi er\u00e4s nimimerkki, ja osui&nbsp; ytimeen.<\/p>\n\n\n\n<p>Ehk\u00e4 Niemisen ohjelmassa on tosiaan odotettavissa pist\u00e4v\u00e4\u00e4 satiiria ja perustelu. Kenties siin\u00e4 on jokin ovela kierre kuten <em>Tropic Thunder<\/em> -elokuvassa, jossa <strong>Robert Downey Jr:n<\/strong> roolihahmolla &#8211; n\u00e4yttelij\u00e4ll\u00e4, joka muuttaa ihonv\u00e4ri\u00e4\u00e4n kemiallisesti roolin vuoksi &#8211; irvaillaan metodin\u00e4yttelemiselle. <a href=\"http:\/\/www.mtv.fi\/viihde\/ohjelmat\/kingi\/uutiset\/artikkeli\/video-iina-kuustosesta-muodokas-nicki-minaj-esitteli-rappitaitojaan\/4682268\" target=\"_blank\">Kingi-ohjelman &#8221;Nicki Minaj&#8221;<\/a> menee jotenkin viel\u00e4 l\u00e4pi, koska tosiel\u00e4m\u00e4n Minaj yliseksuaalisine biiseineen on irvokkuudella leikittelev\u00e4 ja sill\u00e4 myyv\u00e4 mediahahmo.<\/p>\n\n\n\n<p>Nieminen itse ei kertonut, mit\u00e4 ohjelmassa tuleman pit\u00e4\u00e4. H\u00e4n toisteli Twitteriss\u00e4, ettei ole ansainnut negatiivista huomiota.<\/p>\n\n\n\n<p>Tai ehk\u00e4 asialla ei tosiaan ole Suomessa <em>mit\u00e4\u00e4n v\u00e4li\u00e4<\/em>.<\/p>\n\n\n\n<p><blockquote class=\"twitter-tweet\" data-width=\"550\"><p lang=\"fi\" dir=\"ltr\"><a href=\"https:\/\/twitter.com\/rjniemin\">@rjniemin<\/a> <a href=\"https:\/\/twitter.com\/JoonasAlanne\">@JoonasAlanne<\/a> Eik\u00f6 t\u00e4mm\u00f6nen naaman maalaus ollut jo Pekka ja P\u00e4tk\u00e4 Neekerein\u00e4 leffassa Ei se nyt niin paha ole<\/p>&mdash; Merja Mansner (@merma72) <a href=\"https:\/\/twitter.com\/merma72\/status\/616709957568716800\">July 2, 2015<\/a><\/blockquote><script async src=\"\/\/platform.twitter.com\/widgets.js\" charset=\"utf-8\"><\/script><\/p>\n\n\n\n<p>&nbsp;<\/p>\n\n\n","protected":false},"excerpt":{"rendered":"<p>Riku Nieminen otti Twitteriss\u00e4 herneen nen\u00e4\u00e4n, kun h\u00e4nelt\u00e4 kysyttiin, onko ihan ok esiinty\u00e4 blackfacessa. Koomikko ihmetteli k\u00e4rkk\u00e4\u00e4sti, miksi muka on mautonta tehd\u00e4 ohjelmasta mainos, jossa ainoa vitsi on se, ett\u00e4 valkoinen mies on maalattu naamastaan mustaksi ja<br \/>\npuhuu hass&hellip;<\/p>\n","protected":false},"author":144,"featured_media":0,"comment_status":"open","ping_status":"closed","sticky":false,"template":"","format":"standard","meta":{"_acf_changed":false,"asauth_required_access_level":3,"asauth_cansharepaid":"true","om_header_attributes":[],"footnotes":"","om_featured_image_focal_point":[],"om_primary_tag":0,"om_contributors":[],"om_co_authors":[],"beyondwords_generate_audio":"","beyondwords_project_id":"","beyondwords_content_id":"","beyondwords_preview_token":"","beyondwords_player_content":"","beyondwords_player_style":"","beyondwords_language_code":"","beyondwords_language_id":"","beyondwords_title_voice_id":"","beyondwords_body_voice_id":"","beyondwords_summary_voice_id":"","beyondwords_error_message":"","beyondwords_disabled":"","beyondwords_delete_content":"","beyondwords_podcast_id":"","beyondwords_hash":"","publish_post_to_speechkit":"","speechkit_hash":"","speechkit_generate_audio":"","speechkit_project_id":"","speechkit_podcast_id":"","speechkit_error_message":"","speechkit_disabled":"","speechkit_access_key":"","speechkit_error":"","speechkit_info":"","speechkit_response":"","speechkit_retries":"","speechkit_status":"","speechkit_updated_at":"","_speechkit_link":"","_speechkit_text":""},"categories":[1],"tags":[2138,2139,2137],"class_list":["post-2959","post","type-post","status-publish","format-standard","hentry","category-kuvien-takaa","tag-1001-rikua","tag-blackface","tag-riku-nieminen"],"om_views":null,"acf":{"tuuma_off":false,"tuuma_kysymys":"","tuuma_vastaus":""},"asauth":{"required_access_level":1,"share_token":"","is_paid":false},"yoast_head":"<!-- This site is optimized with the Yoast SEO plugin v26.4 - https:\/\/yoast.com\/wordpress\/plugins\/seo\/ -->\n<title>Blackface: peseek\u00f6 Riku Nieminen kasvonsa puhtaaksi? - Kuvien takaa<\/title>\n<meta name=\"robots\" content=\"index, follow, max-snippet:-1, max-image-preview:large, max-video-preview:-1\" \/>\n<link rel=\"canonical\" href=\"https:\/\/suomenkuvalehti.fi\/kuvien-takaa\/blackface-peseeko-riku-nieminen-kasvonsa-puhtaaksi\/\" \/>\n<meta property=\"og:locale\" content=\"fi_FI\" \/>\n<meta property=\"og:type\" content=\"article\" \/>\n<meta property=\"og:title\" content=\"Blackface: peseek\u00f6 Riku Nieminen kasvonsa puhtaaksi? - Kuvien takaa\" \/>\n<meta property=\"og:description\" content=\"Riku Nieminen otti Twitteriss\u00e4 herneen nen\u00e4\u00e4n, kun h\u00e4nelt\u00e4 kysyttiin, onko ihan ok esiinty\u00e4 blackfacessa. Koomikko ihmetteli k\u00e4rkk\u00e4\u00e4sti, miksi muka on mautonta tehd\u00e4 ohjelmasta mainos, jossa ainoa vitsi on se, ett\u00e4 valkoinen mies on maalattu naamastaan mustaksi ja puhuu hass&hellip;\" \/>\n<meta property=\"og:url\" content=\"https:\/\/suomenkuvalehti.fi\/kuvien-takaa\/blackface-peseeko-riku-nieminen-kasvonsa-puhtaaksi\/\" \/>\n<meta property=\"og:site_name\" content=\"Kuvien takaa\" \/>\n<meta property=\"article:author\" content=\"https:\/\/www.facebook.com\/pages\/Kalle-Kinnunen-Kuvien-takaa\/190326157715410?fref=ts\" \/>\n<meta property=\"article:published_time\" content=\"2015-07-03T08:53:39+00:00\" \/>\n<meta property=\"og:image\" content=\"https:\/\/suomenkuvalehti.fi\/kuvien-takaa\/wp-content\/uploads\/sites\/11\/2022\/04\/kalle_kinnunen_blogi-1-scaled.jpg\" \/>\n\t<meta property=\"og:image:width\" content=\"2560\" \/>\n\t<meta property=\"og:image:height\" content=\"1707\" \/>\n\t<meta property=\"og:image:type\" content=\"image\/jpeg\" \/>\n<meta name=\"author\" content=\"Kalle Kinnunen\" \/>\n<meta name=\"twitter:card\" content=\"summary_large_image\" \/>\n<meta name=\"twitter:creator\" content=\"@https:\/\/twitter.com\/kallekinnunen\" \/>\n<meta name=\"twitter:label1\" content=\"Written by\" \/>\n\t<meta name=\"twitter:data1\" content=\"Kalle Kinnunen\" \/>\n\t<meta name=\"twitter:label2\" content=\"Est. reading time\" \/>\n\t<meta name=\"twitter:data2\" content=\"2 minuuttia\" \/>\n<script type=\"application\/ld+json\" class=\"yoast-schema-graph\">{\"@context\":\"https:\/\/schema.org\",\"@graph\":[{\"@type\":\"WebPage\",\"@id\":\"https:\/\/suomenkuvalehti.fi\/kuvien-takaa\/blackface-peseeko-riku-nieminen-kasvonsa-puhtaaksi\/\",\"url\":\"https:\/\/suomenkuvalehti.fi\/kuvien-takaa\/blackface-peseeko-riku-nieminen-kasvonsa-puhtaaksi\/\",\"name\":\"Blackface: peseek\u00f6 Riku Nieminen kasvonsa puhtaaksi? - Kuvien takaa\",\"isPartOf\":{\"@id\":\"https:\/\/suomenkuvalehti.fi\/kuvien-takaa\/#website\"},\"datePublished\":\"2015-07-03T08:53:39+00:00\",\"author\":{\"@id\":\"https:\/\/suomenkuvalehti.fi\/kuvien-takaa\/#\/schema\/person\/f3f657e4ad409e008f12af27bec60a23\"},\"breadcrumb\":{\"@id\":\"https:\/\/suomenkuvalehti.fi\/kuvien-takaa\/blackface-peseeko-riku-nieminen-kasvonsa-puhtaaksi\/#breadcrumb\"},\"inLanguage\":\"fi\",\"potentialAction\":[{\"@type\":\"ReadAction\",\"target\":[\"https:\/\/suomenkuvalehti.fi\/kuvien-takaa\/blackface-peseeko-riku-nieminen-kasvonsa-puhtaaksi\/\"]}]},{\"@type\":\"BreadcrumbList\",\"@id\":\"https:\/\/suomenkuvalehti.fi\/kuvien-takaa\/blackface-peseeko-riku-nieminen-kasvonsa-puhtaaksi\/#breadcrumb\",\"itemListElement\":[{\"@type\":\"ListItem\",\"position\":1,\"name\":\"Home\",\"item\":\"https:\/\/suomenkuvalehti.fi\/kuvien-takaa\/\"},{\"@type\":\"ListItem\",\"position\":2,\"name\":\"Blackface: peseek\u00f6 Riku Nieminen kasvonsa puhtaaksi?\"}]},{\"@type\":\"WebSite\",\"@id\":\"https:\/\/suomenkuvalehti.fi\/kuvien-takaa\/#website\",\"url\":\"https:\/\/suomenkuvalehti.fi\/kuvien-takaa\/\",\"name\":\"Kuvien takaa\",\"description\":\"Elokuvakriitikko Kalle Kinnusen elokuvablogi.\",\"potentialAction\":[{\"@type\":\"SearchAction\",\"target\":{\"@type\":\"EntryPoint\",\"urlTemplate\":\"https:\/\/suomenkuvalehti.fi\/haku\/?q={search_term_string}\"},\"query-input\":{\"@type\":\"PropertyValueSpecification\",\"valueRequired\":true,\"valueName\":\"search_term_string\"}}],\"inLanguage\":\"fi\"},{\"@type\":\"Person\",\"@id\":\"https:\/\/suomenkuvalehti.fi\/kuvien-takaa\/#\/schema\/person\/f3f657e4ad409e008f12af27bec60a23\",\"name\":\"Kalle Kinnunen\",\"image\":{\"@type\":\"ImageObject\",\"inLanguage\":\"fi\",\"@id\":\"https:\/\/suomenkuvalehti.fi\/kuvien-takaa\/#\/schema\/person\/image\/\",\"url\":\"https:\/\/suomenkuvalehti.fi\/kuvien-takaa\/wp-content\/uploads\/sites\/11\/2022\/04\/kalle_kinnunen_blogi-1-150x150.jpg\",\"contentUrl\":\"https:\/\/suomenkuvalehti.fi\/kuvien-takaa\/wp-content\/uploads\/sites\/11\/2022\/04\/kalle_kinnunen_blogi-1-150x150.jpg\",\"caption\":\"Kalle Kinnunen\"},\"description\":\"Kalle Kinnunen on vapaa toimittaja ja Suomen Kuvalehden avustaja.\",\"sameAs\":[\"https:\/\/www.facebook.com\/pages\/Kalle-Kinnunen-Kuvien-takaa\/190326157715410?fref=ts\",\"https:\/\/x.com\/https:\/\/twitter.com\/kallekinnunen\"]}]}<\/script>\n<!-- \/ Yoast SEO plugin. -->","yoast_head_json":{"title":"Blackface: peseek\u00f6 Riku Nieminen kasvonsa puhtaaksi? - Kuvien takaa","robots":{"index":"index","follow":"follow","max-snippet":"max-snippet:-1","max-image-preview":"max-image-preview:large","max-video-preview":"max-video-preview:-1"},"canonical":"https:\/\/suomenkuvalehti.fi\/kuvien-takaa\/blackface-peseeko-riku-nieminen-kasvonsa-puhtaaksi\/","og_locale":"fi_FI","og_type":"article","og_title":"Blackface: peseek\u00f6 Riku Nieminen kasvonsa puhtaaksi? - Kuvien takaa","og_description":"Riku Nieminen otti Twitteriss\u00e4 herneen nen\u00e4\u00e4n, kun h\u00e4nelt\u00e4 kysyttiin, onko ihan ok esiinty\u00e4 blackfacessa. Koomikko ihmetteli k\u00e4rkk\u00e4\u00e4sti, miksi muka on mautonta tehd\u00e4 ohjelmasta mainos, jossa ainoa vitsi on se, ett\u00e4 valkoinen mies on maalattu naamastaan mustaksi ja puhuu hass&hellip;","og_url":"https:\/\/suomenkuvalehti.fi\/kuvien-takaa\/blackface-peseeko-riku-nieminen-kasvonsa-puhtaaksi\/","og_site_name":"Kuvien takaa","article_author":"https:\/\/www.facebook.com\/pages\/Kalle-Kinnunen-Kuvien-takaa\/190326157715410?fref=ts","article_published_time":"2015-07-03T08:53:39+00:00","og_image":[{"width":2560,"height":1707,"url":"https:\/\/suomenkuvalehti.fi\/kuvien-takaa\/wp-content\/uploads\/sites\/11\/2022\/04\/kalle_kinnunen_blogi-1-scaled.jpg","type":"image\/jpeg"}],"author":"Kalle Kinnunen","twitter_card":"summary_large_image","twitter_creator":"@https:\/\/twitter.com\/kallekinnunen","twitter_misc":{"Written by":"Kalle Kinnunen","Est. reading time":"2 minuuttia"},"schema":{"@context":"https:\/\/schema.org","@graph":[{"@type":"WebPage","@id":"https:\/\/suomenkuvalehti.fi\/kuvien-takaa\/blackface-peseeko-riku-nieminen-kasvonsa-puhtaaksi\/","url":"https:\/\/suomenkuvalehti.fi\/kuvien-takaa\/blackface-peseeko-riku-nieminen-kasvonsa-puhtaaksi\/","name":"Blackface: peseek\u00f6 Riku Nieminen kasvonsa puhtaaksi? - Kuvien takaa","isPartOf":{"@id":"https:\/\/suomenkuvalehti.fi\/kuvien-takaa\/#website"},"datePublished":"2015-07-03T08:53:39+00:00","author":{"@id":"https:\/\/suomenkuvalehti.fi\/kuvien-takaa\/#\/schema\/person\/f3f657e4ad409e008f12af27bec60a23"},"breadcrumb":{"@id":"https:\/\/suomenkuvalehti.fi\/kuvien-takaa\/blackface-peseeko-riku-nieminen-kasvonsa-puhtaaksi\/#breadcrumb"},"inLanguage":"fi","potentialAction":[{"@type":"ReadAction","target":["https:\/\/suomenkuvalehti.fi\/kuvien-takaa\/blackface-peseeko-riku-nieminen-kasvonsa-puhtaaksi\/"]}]},{"@type":"BreadcrumbList","@id":"https:\/\/suomenkuvalehti.fi\/kuvien-takaa\/blackface-peseeko-riku-nieminen-kasvonsa-puhtaaksi\/#breadcrumb","itemListElement":[{"@type":"ListItem","position":1,"name":"Home","item":"https:\/\/suomenkuvalehti.fi\/kuvien-takaa\/"},{"@type":"ListItem","position":2,"name":"Blackface: peseek\u00f6 Riku Nieminen kasvonsa puhtaaksi?"}]},{"@type":"WebSite","@id":"https:\/\/suomenkuvalehti.fi\/kuvien-takaa\/#website","url":"https:\/\/suomenkuvalehti.fi\/kuvien-takaa\/","name":"Kuvien takaa","description":"Elokuvakriitikko Kalle Kinnusen elokuvablogi.","potentialAction":[{"@type":"SearchAction","target":{"@type":"EntryPoint","urlTemplate":"https:\/\/suomenkuvalehti.fi\/haku\/?q={search_term_string}"},"query-input":{"@type":"PropertyValueSpecification","valueRequired":true,"valueName":"search_term_string"}}],"inLanguage":"fi"},{"@type":"Person","@id":"https:\/\/suomenkuvalehti.fi\/kuvien-takaa\/#\/schema\/person\/f3f657e4ad409e008f12af27bec60a23","name":"Kalle Kinnunen","image":{"@type":"ImageObject","inLanguage":"fi","@id":"https:\/\/suomenkuvalehti.fi\/kuvien-takaa\/#\/schema\/person\/image\/","url":"https:\/\/suomenkuvalehti.fi\/kuvien-takaa\/wp-content\/uploads\/sites\/11\/2022\/04\/kalle_kinnunen_blogi-1-150x150.jpg","contentUrl":"https:\/\/suomenkuvalehti.fi\/kuvien-takaa\/wp-content\/uploads\/sites\/11\/2022\/04\/kalle_kinnunen_blogi-1-150x150.jpg","caption":"Kalle Kinnunen"},"description":"Kalle Kinnunen on vapaa toimittaja ja Suomen Kuvalehden avustaja.","sameAs":["https:\/\/www.facebook.com\/pages\/Kalle-Kinnunen-Kuvien-takaa\/190326157715410?fref=ts","https:\/\/x.com\/https:\/\/twitter.com\/kallekinnunen"]}]}},"_links":{"self":[{"href":"https:\/\/suomenkuvalehti.fi\/kuvien-takaa\/wp-json\/wp\/v2\/posts\/2959","targetHints":{"allow":["GET"]}}],"collection":[{"href":"https:\/\/suomenkuvalehti.fi\/kuvien-takaa\/wp-json\/wp\/v2\/posts"}],"about":[{"href":"https:\/\/suomenkuvalehti.fi\/kuvien-takaa\/wp-json\/wp\/v2\/types\/post"}],"author":[{"embeddable":true,"href":"https:\/\/suomenkuvalehti.fi\/kuvien-takaa\/wp-json\/wp\/v2\/users\/144"}],"replies":[{"embeddable":true,"href":"https:\/\/suomenkuvalehti.fi\/kuvien-takaa\/wp-json\/wp\/v2\/comments?post=2959"}],"version-history":[{"count":1,"href":"https:\/\/suomenkuvalehti.fi\/kuvien-takaa\/wp-json\/wp\/v2\/posts\/2959\/revisions"}],"predecessor-version":[{"id":2960,"href":"https:\/\/suomenkuvalehti.fi\/kuvien-takaa\/wp-json\/wp\/v2\/posts\/2959\/revisions\/2960"}],"wp:attachment":[{"href":"https:\/\/suomenkuvalehti.fi\/kuvien-takaa\/wp-json\/wp\/v2\/media?parent=2959"}],"wp:term":[{"taxonomy":"category","embeddable":true,"href":"https:\/\/suomenkuvalehti.fi\/kuvien-takaa\/wp-json\/wp\/v2\/categories?post=2959"},{"taxonomy":"post_tag","embeddable":true,"href":"https:\/\/suomenkuvalehti.fi\/kuvien-takaa\/wp-json\/wp\/v2\/tags?post=2959"}],"curies":[{"name":"wp","href":"https:\/\/api.w.org\/{rel}","templated":true}]}}