{"id":2947,"date":"2015-06-28T09:56:32","date_gmt":"2015-06-28T06:56:32","guid":{"rendered":"https:\/\/suomenkuvalehti.fi\/kuvien-takaa\/?p=2947"},"modified":"2015-06-28T09:56:32","modified_gmt":"2015-06-28T06:56:32","slug":"pirjo-honkasalo-oscar-hompan-ylapuolella","status":"publish","type":"post","link":"https:\/\/suomenkuvalehti.fi\/kuvien-takaa\/pirjo-honkasalo-oscar-hompan-ylapuolella\/","title":{"rendered":"Pirjo Honkasalo, Oscar-h\u00f6mp\u00e4n yl\u00e4puolella"},"content":{"rendered":"\n<p>Suomalainen elokuvaohjaaja <strong>Pirjo Honkasalo<\/strong> on kutsuttu Yhdysvaltojen elokuva-akatemian AMPASin j\u00e4seneksi. Kunnia on harvinainen. Ensimm\u00e4inen suomalainen AMPASin j\u00e4sen oli <strong>Paul Jyr\u00e4l\u00e4<\/strong> 1990-luvulla. Suomalaisj\u00e4seni\u00e4 on edelleen vain muutama.<\/p>\n\n\n\n<p>AMPAS on se j\u00e4rjest\u00f6, jonka j\u00e4senet \u00e4\u00e4nest\u00e4v\u00e4t Oscareista. Dokumenttihaaran j\u00e4senen\u00e4 Honkasalo \u00e4\u00e4nest\u00e4isi ensin siit\u00e4, mitk\u00e4 elokuvat saavat parhaan dokumentin ehdokkuudet. Kun kaikkien kategorioiden ehdokkaat on n\u00e4in kunkin haaran j\u00e4senten asiantuntemuksella valittu ja julkistettu, h\u00e4n \u00e4\u00e4nest\u00e4isi kaikissa kategorioissa.<\/p>\n\n\n\n<p>Honkasalo aikoo sanoa kutsulle ei, h\u00e4n <a href=\"http:\/\/www.hs.fi\/kulttuuri\/a1435368492229\" target=\"_blank\">kertoi Helsingin Sanomille<\/a>. H\u00e4nest\u00e4 j\u00e4senill\u00e4 ei ole todellisia vaikutusmahdollisuuksia.<\/p>\n\n\n\n<p>&#8221;Mieluummin olisin Euroopan elokuva-akatemian j\u00e4sen&#8221;, Honkasalo sanoo haastattelussa.<\/p>\n\n\n\n<p>Arvokasta sekin varmaan on, mutta Euroopan elokuva-akatemialla ei ole ainakaan viel\u00e4 mit\u00e4\u00e4n merkityst\u00e4 alan ulkopuolella. Palkintoa arvostetaan, mutta harva niist\u00e4 kuulee tai on kiinnostunut.<\/p>\n\n\n\n<p>Allekirjoittanut on kutsuttu parina vuonna Euroopan elokuva-akatemian palkintojenjakoon, European Film Awardsiin. Pakettiin kuuluisi lennot ja hotelli. Perill\u00e4 n\u00e4iss\u00e4 &#8221;Euro-Oscareissa&#8221;&nbsp;(siksi niit\u00e4 kutsutaan &#8211; vertauskohta on tietty se l\u00e4hin todella kiinnostava juttu) menisi pari p\u00e4iv\u00e4\u00e4. Gaala on joka vuosi eri kaupungissa.<\/p>\n\n\n\n<p>En ole mennyt. Miksi menisin? Ainoa syy matkustaa olisi menn\u00e4 ottamaan keittoa kollegoiden kanssa ja tiirailemaan eurot\u00e4hti\u00e4, jos sellainen kiinnostaa. Freelancerina voin nimitt\u00e4in todeta, ettei mik\u00e4\u00e4n media, jolle kirjoitan, ole ollut halukas maksamaan tuosta tapahtumasta kertovasta jutusta edes p\u00e4iv\u00e4n ty\u00f6t\u00e4 vastaavaa juttupalkkiota. Nyt kun tarkemmin muistelen, en mennyt EFA-gaalaan patsastelemaan edes Tallinnan elokuvajuhlien aikaan 2010, vaikka olin kaupungissa muutenkin.<\/p>\n\n\n\n<p>Oscarit ovat lobattu, l\u00e4peens\u00e4 kaupallinen ja h\u00f6ps\u00f6sti glamor\u00f6\u00f6si tapahtuma, ja aina siell\u00e4 palkitaan v\u00e4\u00e4r\u00e4t elokuvat. <em>Hear, hear!<\/em> Oscareilla on kuitenkin <em>merkityst\u00e4<\/em>. Ehdokkuus on kaupallisesti eritt\u00e4in suuri asia. Voitto on miljoonapotti, dokkarillekin. N\u00e4kyvyys on tolkuton, Oscarit kiinnostavat Suomessakin asti aika hemmetin paljon. Eik\u00e4 kukaan voi v\u00e4itt\u00e4\u00e4, ettei Oscaria arvostettaisi tekij\u00f6iden keskuudessa tavattomasti.<\/p>\n\n\n\n<p>Ehk\u00e4 Honkasaloa harmittaa, ettei h\u00e4n saanut Oscar-ehdokkuutta, vaikka meni <em>Betoniy\u00f6n<\/em> kanssa Los Angelesiin asti. Ehkei h\u00e4n \u00e4\u00e4nest\u00e4 Suomen vaaleissakaan.<\/p>\n\n\n\n<p>Honksulle tiedoksi, t\u00e4ll\u00e4 hetkell\u00e4 <a href=\"http:\/\/www.thewrap.com\/oscar-numbers-many-votes-take-get-nomination\/\" target=\"_blank\">ehdokkuuden varmistamiseksi<\/a> &#8211; siis <em>maailman t\u00e4rkeimm\u00e4n dokkaripalkinnon ehdokkuuden<\/em> varmistamiseksi &#8211; tarvitaan <em>korkeintaan<\/em> noin 40 dokumenttihaaran j\u00e4senen \u00e4\u00e4ni (luku on siis v\u00e4h\u00e4n kasvamassa linkiss\u00e4 mainitusta). Todenn\u00e4k\u00f6isesti kaikki haaran j\u00e4senet eiv\u00e4t \u00e4\u00e4nest\u00e4, joten luku on matalampi.<\/p>\n\n\n\n<p>Ai ett\u00e4 ei vaikutusvaltaa?<\/p>\n\n\n\n<p>&nbsp;<\/p>\n\n\n","protected":false},"excerpt":{"rendered":"<p>Suomalainen elokuvaohjaaja Pirjo Honkasalo on kutsuttu Yhdysvaltojen elokuva-akatemian AMPASin j\u00e4seneksi. Kunnia on harvinainen. Ensimm\u00e4inen suomalainen AMPASin j\u00e4sen oli Paul Jyr\u00e4l\u00e4 1990-luvulla. Suomalaisj\u00e4seni\u00e4 on edelleen vain muutama. AMPAS on se j\u00e4rjest\u00f6, jonka j\u00e4senet<br \/>\n\u00e4\u00e4nest\u00e4v\u00e4&hellip;<\/p>\n","protected":false},"author":144,"featured_media":0,"comment_status":"open","ping_status":"closed","sticky":false,"template":"","format":"standard","meta":{"_acf_changed":false,"asauth_required_access_level":3,"asauth_cansharepaid":"true","om_header_attributes":[],"footnotes":"","om_featured_image_focal_point":[],"om_primary_tag":0,"om_contributors":[],"om_co_authors":[],"beyondwords_generate_audio":"","beyondwords_project_id":"","beyondwords_content_id":"","beyondwords_preview_token":"","beyondwords_player_content":"","beyondwords_player_style":"","beyondwords_language_code":"","beyondwords_language_id":"","beyondwords_title_voice_id":"","beyondwords_body_voice_id":"","beyondwords_summary_voice_id":"","beyondwords_error_message":"","beyondwords_disabled":"","beyondwords_delete_content":"","beyondwords_podcast_id":"","beyondwords_hash":"","publish_post_to_speechkit":"","speechkit_hash":"","speechkit_generate_audio":"","speechkit_project_id":"","speechkit_podcast_id":"","speechkit_error_message":"","speechkit_disabled":"","speechkit_access_key":"","speechkit_error":"","speechkit_info":"","speechkit_response":"","speechkit_retries":"","speechkit_status":"","speechkit_updated_at":"","_speechkit_link":"","_speechkit_text":""},"categories":[1],"tags":[1123,1093,74,1175],"class_list":["post-2947","post","type-post","status-publish","format-standard","hentry","category-kuvien-takaa","tag-elokuvapalkinnot","tag-oscar-gaala","tag-oscarit","tag-pirjo-honkasalo"],"om_views":null,"acf":{"tuuma_off":false,"tuuma_kysymys":"","tuuma_vastaus":""},"asauth":{"required_access_level":1,"share_token":"","is_paid":false},"yoast_head":"<!-- This site is optimized with the Yoast SEO plugin v26.4 - https:\/\/yoast.com\/wordpress\/plugins\/seo\/ -->\n<title>Pirjo Honkasalo, Oscar-h\u00f6mp\u00e4n yl\u00e4puolella - Kuvien takaa<\/title>\n<meta name=\"robots\" content=\"index, follow, max-snippet:-1, max-image-preview:large, max-video-preview:-1\" \/>\n<link rel=\"canonical\" href=\"https:\/\/suomenkuvalehti.fi\/kuvien-takaa\/pirjo-honkasalo-oscar-hompan-ylapuolella\/\" \/>\n<meta property=\"og:locale\" content=\"fi_FI\" \/>\n<meta property=\"og:type\" content=\"article\" \/>\n<meta property=\"og:title\" content=\"Pirjo Honkasalo, Oscar-h\u00f6mp\u00e4n yl\u00e4puolella - Kuvien takaa\" \/>\n<meta property=\"og:description\" content=\"Suomalainen elokuvaohjaaja Pirjo Honkasalo on kutsuttu Yhdysvaltojen elokuva-akatemian AMPASin j\u00e4seneksi. Kunnia on harvinainen. Ensimm\u00e4inen suomalainen AMPASin j\u00e4sen oli Paul Jyr\u00e4l\u00e4 1990-luvulla. Suomalaisj\u00e4seni\u00e4 on edelleen vain muutama. AMPAS on se j\u00e4rjest\u00f6, jonka j\u00e4senet \u00e4\u00e4nest\u00e4v\u00e4&hellip;\" \/>\n<meta property=\"og:url\" content=\"https:\/\/suomenkuvalehti.fi\/kuvien-takaa\/pirjo-honkasalo-oscar-hompan-ylapuolella\/\" \/>\n<meta property=\"og:site_name\" content=\"Kuvien takaa\" \/>\n<meta property=\"article:author\" content=\"https:\/\/www.facebook.com\/pages\/Kalle-Kinnunen-Kuvien-takaa\/190326157715410?fref=ts\" \/>\n<meta property=\"article:published_time\" content=\"2015-06-28T06:56:32+00:00\" \/>\n<meta property=\"og:image\" content=\"https:\/\/suomenkuvalehti.fi\/kuvien-takaa\/wp-content\/uploads\/sites\/11\/2022\/04\/kalle_kinnunen_blogi-1-scaled.jpg\" \/>\n\t<meta property=\"og:image:width\" content=\"2560\" \/>\n\t<meta property=\"og:image:height\" content=\"1707\" \/>\n\t<meta property=\"og:image:type\" content=\"image\/jpeg\" \/>\n<meta name=\"author\" content=\"Kalle Kinnunen\" \/>\n<meta name=\"twitter:card\" content=\"summary_large_image\" \/>\n<meta name=\"twitter:creator\" content=\"@https:\/\/twitter.com\/kallekinnunen\" \/>\n<meta name=\"twitter:label1\" content=\"Written by\" \/>\n\t<meta name=\"twitter:data1\" content=\"Kalle Kinnunen\" \/>\n\t<meta name=\"twitter:label2\" content=\"Est. reading time\" \/>\n\t<meta name=\"twitter:data2\" content=\"2 minuuttia\" \/>\n<script type=\"application\/ld+json\" class=\"yoast-schema-graph\">{\"@context\":\"https:\/\/schema.org\",\"@graph\":[{\"@type\":\"WebPage\",\"@id\":\"https:\/\/suomenkuvalehti.fi\/kuvien-takaa\/pirjo-honkasalo-oscar-hompan-ylapuolella\/\",\"url\":\"https:\/\/suomenkuvalehti.fi\/kuvien-takaa\/pirjo-honkasalo-oscar-hompan-ylapuolella\/\",\"name\":\"Pirjo Honkasalo, Oscar-h\u00f6mp\u00e4n yl\u00e4puolella - Kuvien takaa\",\"isPartOf\":{\"@id\":\"https:\/\/suomenkuvalehti.fi\/kuvien-takaa\/#website\"},\"datePublished\":\"2015-06-28T06:56:32+00:00\",\"author\":{\"@id\":\"https:\/\/suomenkuvalehti.fi\/kuvien-takaa\/#\/schema\/person\/f3f657e4ad409e008f12af27bec60a23\"},\"breadcrumb\":{\"@id\":\"https:\/\/suomenkuvalehti.fi\/kuvien-takaa\/pirjo-honkasalo-oscar-hompan-ylapuolella\/#breadcrumb\"},\"inLanguage\":\"fi\",\"potentialAction\":[{\"@type\":\"ReadAction\",\"target\":[\"https:\/\/suomenkuvalehti.fi\/kuvien-takaa\/pirjo-honkasalo-oscar-hompan-ylapuolella\/\"]}]},{\"@type\":\"BreadcrumbList\",\"@id\":\"https:\/\/suomenkuvalehti.fi\/kuvien-takaa\/pirjo-honkasalo-oscar-hompan-ylapuolella\/#breadcrumb\",\"itemListElement\":[{\"@type\":\"ListItem\",\"position\":1,\"name\":\"Home\",\"item\":\"https:\/\/suomenkuvalehti.fi\/kuvien-takaa\/\"},{\"@type\":\"ListItem\",\"position\":2,\"name\":\"Pirjo Honkasalo, Oscar-h\u00f6mp\u00e4n yl\u00e4puolella\"}]},{\"@type\":\"WebSite\",\"@id\":\"https:\/\/suomenkuvalehti.fi\/kuvien-takaa\/#website\",\"url\":\"https:\/\/suomenkuvalehti.fi\/kuvien-takaa\/\",\"name\":\"Kuvien takaa\",\"description\":\"Elokuvakriitikko Kalle Kinnusen elokuvablogi.\",\"potentialAction\":[{\"@type\":\"SearchAction\",\"target\":{\"@type\":\"EntryPoint\",\"urlTemplate\":\"https:\/\/suomenkuvalehti.fi\/haku\/?q={search_term_string}\"},\"query-input\":{\"@type\":\"PropertyValueSpecification\",\"valueRequired\":true,\"valueName\":\"search_term_string\"}}],\"inLanguage\":\"fi\"},{\"@type\":\"Person\",\"@id\":\"https:\/\/suomenkuvalehti.fi\/kuvien-takaa\/#\/schema\/person\/f3f657e4ad409e008f12af27bec60a23\",\"name\":\"Kalle Kinnunen\",\"image\":{\"@type\":\"ImageObject\",\"inLanguage\":\"fi\",\"@id\":\"https:\/\/suomenkuvalehti.fi\/kuvien-takaa\/#\/schema\/person\/image\/\",\"url\":\"https:\/\/suomenkuvalehti.fi\/kuvien-takaa\/wp-content\/uploads\/sites\/11\/2022\/04\/kalle_kinnunen_blogi-1-150x150.jpg\",\"contentUrl\":\"https:\/\/suomenkuvalehti.fi\/kuvien-takaa\/wp-content\/uploads\/sites\/11\/2022\/04\/kalle_kinnunen_blogi-1-150x150.jpg\",\"caption\":\"Kalle Kinnunen\"},\"description\":\"Kalle Kinnunen on vapaa toimittaja ja Suomen Kuvalehden avustaja.\",\"sameAs\":[\"https:\/\/www.facebook.com\/pages\/Kalle-Kinnunen-Kuvien-takaa\/190326157715410?fref=ts\",\"https:\/\/x.com\/https:\/\/twitter.com\/kallekinnunen\"]}]}<\/script>\n<!-- \/ Yoast SEO plugin. -->","yoast_head_json":{"title":"Pirjo Honkasalo, Oscar-h\u00f6mp\u00e4n yl\u00e4puolella - Kuvien takaa","robots":{"index":"index","follow":"follow","max-snippet":"max-snippet:-1","max-image-preview":"max-image-preview:large","max-video-preview":"max-video-preview:-1"},"canonical":"https:\/\/suomenkuvalehti.fi\/kuvien-takaa\/pirjo-honkasalo-oscar-hompan-ylapuolella\/","og_locale":"fi_FI","og_type":"article","og_title":"Pirjo Honkasalo, Oscar-h\u00f6mp\u00e4n yl\u00e4puolella - Kuvien takaa","og_description":"Suomalainen elokuvaohjaaja Pirjo Honkasalo on kutsuttu Yhdysvaltojen elokuva-akatemian AMPASin j\u00e4seneksi. Kunnia on harvinainen. Ensimm\u00e4inen suomalainen AMPASin j\u00e4sen oli Paul Jyr\u00e4l\u00e4 1990-luvulla. Suomalaisj\u00e4seni\u00e4 on edelleen vain muutama. AMPAS on se j\u00e4rjest\u00f6, jonka j\u00e4senet \u00e4\u00e4nest\u00e4v\u00e4&hellip;","og_url":"https:\/\/suomenkuvalehti.fi\/kuvien-takaa\/pirjo-honkasalo-oscar-hompan-ylapuolella\/","og_site_name":"Kuvien takaa","article_author":"https:\/\/www.facebook.com\/pages\/Kalle-Kinnunen-Kuvien-takaa\/190326157715410?fref=ts","article_published_time":"2015-06-28T06:56:32+00:00","og_image":[{"width":2560,"height":1707,"url":"https:\/\/suomenkuvalehti.fi\/kuvien-takaa\/wp-content\/uploads\/sites\/11\/2022\/04\/kalle_kinnunen_blogi-1-scaled.jpg","type":"image\/jpeg"}],"author":"Kalle Kinnunen","twitter_card":"summary_large_image","twitter_creator":"@https:\/\/twitter.com\/kallekinnunen","twitter_misc":{"Written by":"Kalle Kinnunen","Est. reading time":"2 minuuttia"},"schema":{"@context":"https:\/\/schema.org","@graph":[{"@type":"WebPage","@id":"https:\/\/suomenkuvalehti.fi\/kuvien-takaa\/pirjo-honkasalo-oscar-hompan-ylapuolella\/","url":"https:\/\/suomenkuvalehti.fi\/kuvien-takaa\/pirjo-honkasalo-oscar-hompan-ylapuolella\/","name":"Pirjo Honkasalo, Oscar-h\u00f6mp\u00e4n yl\u00e4puolella - Kuvien takaa","isPartOf":{"@id":"https:\/\/suomenkuvalehti.fi\/kuvien-takaa\/#website"},"datePublished":"2015-06-28T06:56:32+00:00","author":{"@id":"https:\/\/suomenkuvalehti.fi\/kuvien-takaa\/#\/schema\/person\/f3f657e4ad409e008f12af27bec60a23"},"breadcrumb":{"@id":"https:\/\/suomenkuvalehti.fi\/kuvien-takaa\/pirjo-honkasalo-oscar-hompan-ylapuolella\/#breadcrumb"},"inLanguage":"fi","potentialAction":[{"@type":"ReadAction","target":["https:\/\/suomenkuvalehti.fi\/kuvien-takaa\/pirjo-honkasalo-oscar-hompan-ylapuolella\/"]}]},{"@type":"BreadcrumbList","@id":"https:\/\/suomenkuvalehti.fi\/kuvien-takaa\/pirjo-honkasalo-oscar-hompan-ylapuolella\/#breadcrumb","itemListElement":[{"@type":"ListItem","position":1,"name":"Home","item":"https:\/\/suomenkuvalehti.fi\/kuvien-takaa\/"},{"@type":"ListItem","position":2,"name":"Pirjo Honkasalo, Oscar-h\u00f6mp\u00e4n yl\u00e4puolella"}]},{"@type":"WebSite","@id":"https:\/\/suomenkuvalehti.fi\/kuvien-takaa\/#website","url":"https:\/\/suomenkuvalehti.fi\/kuvien-takaa\/","name":"Kuvien takaa","description":"Elokuvakriitikko Kalle Kinnusen elokuvablogi.","potentialAction":[{"@type":"SearchAction","target":{"@type":"EntryPoint","urlTemplate":"https:\/\/suomenkuvalehti.fi\/haku\/?q={search_term_string}"},"query-input":{"@type":"PropertyValueSpecification","valueRequired":true,"valueName":"search_term_string"}}],"inLanguage":"fi"},{"@type":"Person","@id":"https:\/\/suomenkuvalehti.fi\/kuvien-takaa\/#\/schema\/person\/f3f657e4ad409e008f12af27bec60a23","name":"Kalle Kinnunen","image":{"@type":"ImageObject","inLanguage":"fi","@id":"https:\/\/suomenkuvalehti.fi\/kuvien-takaa\/#\/schema\/person\/image\/","url":"https:\/\/suomenkuvalehti.fi\/kuvien-takaa\/wp-content\/uploads\/sites\/11\/2022\/04\/kalle_kinnunen_blogi-1-150x150.jpg","contentUrl":"https:\/\/suomenkuvalehti.fi\/kuvien-takaa\/wp-content\/uploads\/sites\/11\/2022\/04\/kalle_kinnunen_blogi-1-150x150.jpg","caption":"Kalle Kinnunen"},"description":"Kalle Kinnunen on vapaa toimittaja ja Suomen Kuvalehden avustaja.","sameAs":["https:\/\/www.facebook.com\/pages\/Kalle-Kinnunen-Kuvien-takaa\/190326157715410?fref=ts","https:\/\/x.com\/https:\/\/twitter.com\/kallekinnunen"]}]}},"_links":{"self":[{"href":"https:\/\/suomenkuvalehti.fi\/kuvien-takaa\/wp-json\/wp\/v2\/posts\/2947","targetHints":{"allow":["GET"]}}],"collection":[{"href":"https:\/\/suomenkuvalehti.fi\/kuvien-takaa\/wp-json\/wp\/v2\/posts"}],"about":[{"href":"https:\/\/suomenkuvalehti.fi\/kuvien-takaa\/wp-json\/wp\/v2\/types\/post"}],"author":[{"embeddable":true,"href":"https:\/\/suomenkuvalehti.fi\/kuvien-takaa\/wp-json\/wp\/v2\/users\/144"}],"replies":[{"embeddable":true,"href":"https:\/\/suomenkuvalehti.fi\/kuvien-takaa\/wp-json\/wp\/v2\/comments?post=2947"}],"version-history":[{"count":3,"href":"https:\/\/suomenkuvalehti.fi\/kuvien-takaa\/wp-json\/wp\/v2\/posts\/2947\/revisions"}],"predecessor-version":[{"id":2950,"href":"https:\/\/suomenkuvalehti.fi\/kuvien-takaa\/wp-json\/wp\/v2\/posts\/2947\/revisions\/2950"}],"wp:attachment":[{"href":"https:\/\/suomenkuvalehti.fi\/kuvien-takaa\/wp-json\/wp\/v2\/media?parent=2947"}],"wp:term":[{"taxonomy":"category","embeddable":true,"href":"https:\/\/suomenkuvalehti.fi\/kuvien-takaa\/wp-json\/wp\/v2\/categories?post=2947"},{"taxonomy":"post_tag","embeddable":true,"href":"https:\/\/suomenkuvalehti.fi\/kuvien-takaa\/wp-json\/wp\/v2\/tags?post=2947"}],"curies":[{"name":"wp","href":"https:\/\/api.w.org\/{rel}","templated":true}]}}