{"id":2850,"date":"2015-05-05T15:39:18","date_gmt":"2015-05-05T12:39:18","guid":{"rendered":"https:\/\/suomenkuvalehti.fi\/kuvien-takaa\/?p=2850"},"modified":"2015-05-05T16:09:28","modified_gmt":"2015-05-05T13:09:28","slug":"black-metalia-ja-kirkonpolttajia-jonas-akerlund-tekee-elokuvan-mayhemin-kitaristista","status":"publish","type":"post","link":"https:\/\/suomenkuvalehti.fi\/kuvien-takaa\/black-metalia-ja-kirkonpolttajia-jonas-akerlund-tekee-elokuvan-mayhemin-kitaristista\/","title":{"rendered":"Black metalia ja kirkonpolttajia: Jonas \u00c5kerlund tekee elokuvan Mayhemin kitaristista"},"content":{"rendered":"\n<p><strong>\u00d8ystein Aarseth<\/strong> muutti nuorena miehen\u00e4 Osloon, l\u00f6ysi muusikkoyst\u00e4vi\u00e4 ja perusti b\u00e4ndin. Mayhemista tuli Norjan black metal -skeness\u00e4 iso juttu. Aarseth perehtyi ideologioihin ja ihastui kommunismiin, mutta ainoastaan aatteen totalit\u00e4\u00e4risimp\u00e4\u00e4n ilmentym\u00e4\u00e4n.<\/p>\n\n\n\n<p>Vuonna 1991 yksi b\u00e4ndin j\u00e4senist\u00e4, <strong>Per Ohlin<\/strong>, tappoi itsens\u00e4 haulikolla. Ruumiin l\u00f6yt\u00e4nyt Aarseth otti siit\u00e4 kuvia, jotka p\u00e4\u00e4tyiv\u00e4t pian Mayhemin levyn kanteen. Tahdikkuus ennen kaikkea.<\/p>\n\n\n\n<p>Aarseth avasi levykaupan, poltti kaveriensa kanssa kirkkoja ja teki yst\u00e4v\u00e4ns\u00e4 p\u00e4\u00e4kallon palasista korun. Mayhemista tuli yh\u00e4 suosituimpi, my\u00f6s kansainv\u00e4lisesti. Haastatteluissa Aarseth kertoi el\u00e4m\u00e4nteht\u00e4v\u00e4kseen pahuuden, vihan ja surun levitt\u00e4misen.<\/p>\n\n\n\n<p>Sitten er\u00e4\u00e4n\u00e4 p\u00e4iv\u00e4n\u00e4 soittaja- ja kirkonpolttajakollega, Burzum-yhtyeen <strong>Kristian Vikernes<\/strong> puukotti h\u00e4net kuoliaaksi.<\/p>\n\n\n\n<p><strong>Jonas \u00c5kerlund<\/strong> on pitk\u00e4\u00e4n haikaillut tekev\u00e4ns\u00e4 elokuvan kirjasta Lords of Chaos, joka kertoo Norjan p\u00f6yristytt\u00e4vimmist\u00e4 black metal -vuosista. Nyt se on rahoitusvaiheessa. Brittil\u00e4isen\u00e4 tuotantona syntyv\u00e4n elokuvan tarina kiertyy paremmin Euronymous -taiteilijanimell\u00e4\u00e4n tunnetun Aarsethin lyhyen el\u00e4m\u00e4nkaaren ymp\u00e4rille.<\/p>\n\n\n\n<p>P\u00e4\u00e4osaa n\u00e4yttelee <strong>Rory Culkin<\/strong> &#8211; kyll\u00e4, <em>Yksin kotona<\/em> -t\u00e4hti <strong>Macaulay Culkinin<\/strong> veli.<\/p>\n\n\n\n<p><a href=\"http:\/\/www.rollingstone.com\/movies\/news\/madonna-video-director-to-helm-norwegian-black-metal-movie-20150504\">Rolling Stone -lehti<\/a> sai b\u00e4ndin ex-j\u00e4senen&nbsp;<strong>J\u00f8rn Stubberudin<\/strong> kommentoimaan elokuvaa.<\/p>\n\n\n\n<p><em>&#8221;This book Lords of Chaos is&nbsp;fucking crap and that some stupid Swedes are gonna make a movie out of it is&nbsp;not OK. &#8212; I&nbsp;will do everything I&nbsp;can to stop this film.&nbsp;Tell the Swedes and the Hollywood people to go fuck themselves<\/em>&#8221;, kuuluvat my\u00f6s&nbsp;Necrobutcherina tunnetun musikantin iloiset terveiset.<\/p>\n\n\n\n<p><strong>Madonnan<\/strong>, <strong>Lady Gagan<\/strong> ja Metallican musiikkivideoiden ohjaajana tunnettu ruotsalainen \u00c5kerlund ei ole aihepiirituntemuksen osalta ollenkaan huono valinta elokuvantekij\u00e4ksi. H\u00e4n soitti itse teini-i\u00e4ss\u00e4 black metalia yhtyeess\u00e4 Bathory.<\/p>\n\n\n\n<p>Tarina on sin\u00e4ns\u00e4 aivan poikkeuksellisen karmea, mutta itse <em>Lords of Chaos<\/em> -elokuvan salonkikelpoisuutta nostaa tieto, ett\u00e4 yhten\u00e4 tuotantofirmana mukana on <strong>Ridley Scottin<\/strong> yhti\u00f6 Scott Free. Englanninkielinen elokuva kuvataan loppuvuodesta <a href=\"http:\/\/variety.com\/2015\/film\/global\/cannes-jonas-akerlund-to-direct-lords-of-chaos-for-ridley-scotts-scott-free-rsa-vice-1201486540\/\" target=\"_blank\">Norjassa, kertoo Variety<\/a>.<\/p>\n\n\n\n<p>Ensi vuoden puolella valkokankailla voidaan sitten ihailla uudenlaista Norja-br\u00e4ndi\u00e4.<\/p>\n\n\n\n<p><em>Muokattu 5.5. klo 16:07: tarkennettu levynkansiasiaa.<\/em><\/p>\n\n\n","protected":false},"excerpt":{"rendered":"<p>\u00d8ystein Aarseth muutti nuorena miehen\u00e4 Osloon, l\u00f6ysi muusikkoyst\u00e4vi\u00e4 ja perusti b\u00e4ndin. Mayhemista tuli Norjan black metal -skeness\u00e4 iso juttu. Aarseth perehtyi ideologioihin ja ihastui kommunismiin, mutta ainoastaan aatteen<br \/>\ntotali&hellip;<\/p>\n","protected":false},"author":144,"featured_media":0,"comment_status":"open","ping_status":"closed","sticky":false,"template":"","format":"standard","meta":{"_acf_changed":false,"asauth_required_access_level":3,"asauth_cansharepaid":"true","om_header_attributes":[],"footnotes":"","om_featured_image_focal_point":[],"om_primary_tag":0,"om_contributors":[],"om_co_authors":[],"beyondwords_generate_audio":"","beyondwords_project_id":"","beyondwords_content_id":"","beyondwords_preview_token":"","beyondwords_player_content":"","beyondwords_player_style":"","beyondwords_language_code":"","beyondwords_language_id":"","beyondwords_title_voice_id":"","beyondwords_body_voice_id":"","beyondwords_summary_voice_id":"","beyondwords_error_message":"","beyondwords_disabled":"","beyondwords_delete_content":"","beyondwords_podcast_id":"","beyondwords_hash":"","publish_post_to_speechkit":"","speechkit_hash":"","speechkit_generate_audio":"","speechkit_project_id":"","speechkit_podcast_id":"","speechkit_error_message":"","speechkit_disabled":"","speechkit_access_key":"","speechkit_error":"","speechkit_info":"","speechkit_response":"","speechkit_retries":"","speechkit_status":"","speechkit_updated_at":"","_speechkit_link":"","_speechkit_text":""},"categories":[1],"tags":[2103,2106,1400,2104,2105],"class_list":["post-2850","post","type-post","status-publish","format-standard","hentry","category-kuvien-takaa","tag-black-metal","tag-burzum","tag-jonas-akerlund","tag-lords-of-chaos","tag-mayhem"],"om_views":null,"acf":{"tuuma_off":false,"tuuma_kysymys":"","tuuma_vastaus":""},"asauth":{"required_access_level":1,"share_token":"","is_paid":false},"yoast_head":"<!-- This site is optimized with the Yoast SEO plugin v26.4 - https:\/\/yoast.com\/wordpress\/plugins\/seo\/ -->\n<title>Black metalia ja kirkonpolttajia: Jonas \u00c5kerlund tekee elokuvan Mayhemin kitaristista - Kuvien takaa<\/title>\n<meta name=\"robots\" content=\"index, follow, max-snippet:-1, max-image-preview:large, max-video-preview:-1\" \/>\n<link rel=\"canonical\" href=\"https:\/\/suomenkuvalehti.fi\/kuvien-takaa\/black-metalia-ja-kirkonpolttajia-jonas-akerlund-tekee-elokuvan-mayhemin-kitaristista\/\" \/>\n<meta property=\"og:locale\" content=\"fi_FI\" \/>\n<meta property=\"og:type\" content=\"article\" \/>\n<meta property=\"og:title\" content=\"Black metalia ja kirkonpolttajia: Jonas \u00c5kerlund tekee elokuvan Mayhemin kitaristista - Kuvien takaa\" \/>\n<meta property=\"og:description\" content=\"\u00d8ystein Aarseth muutti nuorena miehen\u00e4 Osloon, l\u00f6ysi muusikkoyst\u00e4vi\u00e4 ja perusti b\u00e4ndin. Mayhemista tuli Norjan black metal -skeness\u00e4 iso juttu. Aarseth perehtyi ideologioihin ja ihastui kommunismiin, mutta ainoastaan aatteen totali&hellip;\" \/>\n<meta property=\"og:url\" content=\"https:\/\/suomenkuvalehti.fi\/kuvien-takaa\/black-metalia-ja-kirkonpolttajia-jonas-akerlund-tekee-elokuvan-mayhemin-kitaristista\/\" \/>\n<meta property=\"og:site_name\" content=\"Kuvien takaa\" \/>\n<meta property=\"article:author\" content=\"https:\/\/www.facebook.com\/pages\/Kalle-Kinnunen-Kuvien-takaa\/190326157715410?fref=ts\" \/>\n<meta property=\"article:published_time\" content=\"2015-05-05T12:39:18+00:00\" \/>\n<meta property=\"article:modified_time\" content=\"2015-05-05T13:09:28+00:00\" \/>\n<meta property=\"og:image\" content=\"https:\/\/suomenkuvalehti.fi\/kuvien-takaa\/wp-content\/uploads\/sites\/11\/2022\/04\/kalle_kinnunen_blogi-1-scaled.jpg\" \/>\n\t<meta property=\"og:image:width\" content=\"2560\" \/>\n\t<meta property=\"og:image:height\" content=\"1707\" \/>\n\t<meta property=\"og:image:type\" content=\"image\/jpeg\" \/>\n<meta name=\"author\" content=\"Kalle Kinnunen\" \/>\n<meta name=\"twitter:card\" content=\"summary_large_image\" \/>\n<meta name=\"twitter:creator\" content=\"@https:\/\/twitter.com\/kallekinnunen\" \/>\n<meta name=\"twitter:label1\" content=\"Written by\" \/>\n\t<meta name=\"twitter:data1\" content=\"Kalle Kinnunen\" \/>\n\t<meta name=\"twitter:label2\" content=\"Est. reading time\" \/>\n\t<meta name=\"twitter:data2\" content=\"2 minuuttia\" \/>\n<script type=\"application\/ld+json\" class=\"yoast-schema-graph\">{\"@context\":\"https:\/\/schema.org\",\"@graph\":[{\"@type\":\"WebPage\",\"@id\":\"https:\/\/suomenkuvalehti.fi\/kuvien-takaa\/black-metalia-ja-kirkonpolttajia-jonas-akerlund-tekee-elokuvan-mayhemin-kitaristista\/\",\"url\":\"https:\/\/suomenkuvalehti.fi\/kuvien-takaa\/black-metalia-ja-kirkonpolttajia-jonas-akerlund-tekee-elokuvan-mayhemin-kitaristista\/\",\"name\":\"Black metalia ja kirkonpolttajia: Jonas \u00c5kerlund tekee elokuvan Mayhemin kitaristista - Kuvien takaa\",\"isPartOf\":{\"@id\":\"https:\/\/suomenkuvalehti.fi\/kuvien-takaa\/#website\"},\"datePublished\":\"2015-05-05T12:39:18+00:00\",\"dateModified\":\"2015-05-05T13:09:28+00:00\",\"author\":{\"@id\":\"https:\/\/suomenkuvalehti.fi\/kuvien-takaa\/#\/schema\/person\/f3f657e4ad409e008f12af27bec60a23\"},\"breadcrumb\":{\"@id\":\"https:\/\/suomenkuvalehti.fi\/kuvien-takaa\/black-metalia-ja-kirkonpolttajia-jonas-akerlund-tekee-elokuvan-mayhemin-kitaristista\/#breadcrumb\"},\"inLanguage\":\"fi\",\"potentialAction\":[{\"@type\":\"ReadAction\",\"target\":[\"https:\/\/suomenkuvalehti.fi\/kuvien-takaa\/black-metalia-ja-kirkonpolttajia-jonas-akerlund-tekee-elokuvan-mayhemin-kitaristista\/\"]}]},{\"@type\":\"BreadcrumbList\",\"@id\":\"https:\/\/suomenkuvalehti.fi\/kuvien-takaa\/black-metalia-ja-kirkonpolttajia-jonas-akerlund-tekee-elokuvan-mayhemin-kitaristista\/#breadcrumb\",\"itemListElement\":[{\"@type\":\"ListItem\",\"position\":1,\"name\":\"Home\",\"item\":\"https:\/\/suomenkuvalehti.fi\/kuvien-takaa\/\"},{\"@type\":\"ListItem\",\"position\":2,\"name\":\"Black metalia ja kirkonpolttajia: Jonas \u00c5kerlund tekee elokuvan Mayhemin kitaristista\"}]},{\"@type\":\"WebSite\",\"@id\":\"https:\/\/suomenkuvalehti.fi\/kuvien-takaa\/#website\",\"url\":\"https:\/\/suomenkuvalehti.fi\/kuvien-takaa\/\",\"name\":\"Kuvien takaa\",\"description\":\"Elokuvakriitikko Kalle Kinnusen elokuvablogi.\",\"potentialAction\":[{\"@type\":\"SearchAction\",\"target\":{\"@type\":\"EntryPoint\",\"urlTemplate\":\"https:\/\/suomenkuvalehti.fi\/haku\/?q={search_term_string}\"},\"query-input\":{\"@type\":\"PropertyValueSpecification\",\"valueRequired\":true,\"valueName\":\"search_term_string\"}}],\"inLanguage\":\"fi\"},{\"@type\":\"Person\",\"@id\":\"https:\/\/suomenkuvalehti.fi\/kuvien-takaa\/#\/schema\/person\/f3f657e4ad409e008f12af27bec60a23\",\"name\":\"Kalle Kinnunen\",\"image\":{\"@type\":\"ImageObject\",\"inLanguage\":\"fi\",\"@id\":\"https:\/\/suomenkuvalehti.fi\/kuvien-takaa\/#\/schema\/person\/image\/\",\"url\":\"https:\/\/suomenkuvalehti.fi\/kuvien-takaa\/wp-content\/uploads\/sites\/11\/2022\/04\/kalle_kinnunen_blogi-1-150x150.jpg\",\"contentUrl\":\"https:\/\/suomenkuvalehti.fi\/kuvien-takaa\/wp-content\/uploads\/sites\/11\/2022\/04\/kalle_kinnunen_blogi-1-150x150.jpg\",\"caption\":\"Kalle Kinnunen\"},\"description\":\"Kalle Kinnunen on vapaa toimittaja ja Suomen Kuvalehden avustaja.\",\"sameAs\":[\"https:\/\/www.facebook.com\/pages\/Kalle-Kinnunen-Kuvien-takaa\/190326157715410?fref=ts\",\"https:\/\/x.com\/https:\/\/twitter.com\/kallekinnunen\"]}]}<\/script>\n<!-- \/ Yoast SEO plugin. -->","yoast_head_json":{"title":"Black metalia ja kirkonpolttajia: Jonas \u00c5kerlund tekee elokuvan Mayhemin kitaristista - Kuvien takaa","robots":{"index":"index","follow":"follow","max-snippet":"max-snippet:-1","max-image-preview":"max-image-preview:large","max-video-preview":"max-video-preview:-1"},"canonical":"https:\/\/suomenkuvalehti.fi\/kuvien-takaa\/black-metalia-ja-kirkonpolttajia-jonas-akerlund-tekee-elokuvan-mayhemin-kitaristista\/","og_locale":"fi_FI","og_type":"article","og_title":"Black metalia ja kirkonpolttajia: Jonas \u00c5kerlund tekee elokuvan Mayhemin kitaristista - Kuvien takaa","og_description":"\u00d8ystein Aarseth muutti nuorena miehen\u00e4 Osloon, l\u00f6ysi muusikkoyst\u00e4vi\u00e4 ja perusti b\u00e4ndin. Mayhemista tuli Norjan black metal -skeness\u00e4 iso juttu. Aarseth perehtyi ideologioihin ja ihastui kommunismiin, mutta ainoastaan aatteen totali&hellip;","og_url":"https:\/\/suomenkuvalehti.fi\/kuvien-takaa\/black-metalia-ja-kirkonpolttajia-jonas-akerlund-tekee-elokuvan-mayhemin-kitaristista\/","og_site_name":"Kuvien takaa","article_author":"https:\/\/www.facebook.com\/pages\/Kalle-Kinnunen-Kuvien-takaa\/190326157715410?fref=ts","article_published_time":"2015-05-05T12:39:18+00:00","article_modified_time":"2015-05-05T13:09:28+00:00","og_image":[{"width":2560,"height":1707,"url":"https:\/\/suomenkuvalehti.fi\/kuvien-takaa\/wp-content\/uploads\/sites\/11\/2022\/04\/kalle_kinnunen_blogi-1-scaled.jpg","type":"image\/jpeg"}],"author":"Kalle Kinnunen","twitter_card":"summary_large_image","twitter_creator":"@https:\/\/twitter.com\/kallekinnunen","twitter_misc":{"Written by":"Kalle Kinnunen","Est. reading time":"2 minuuttia"},"schema":{"@context":"https:\/\/schema.org","@graph":[{"@type":"WebPage","@id":"https:\/\/suomenkuvalehti.fi\/kuvien-takaa\/black-metalia-ja-kirkonpolttajia-jonas-akerlund-tekee-elokuvan-mayhemin-kitaristista\/","url":"https:\/\/suomenkuvalehti.fi\/kuvien-takaa\/black-metalia-ja-kirkonpolttajia-jonas-akerlund-tekee-elokuvan-mayhemin-kitaristista\/","name":"Black metalia ja kirkonpolttajia: Jonas \u00c5kerlund tekee elokuvan Mayhemin kitaristista - Kuvien takaa","isPartOf":{"@id":"https:\/\/suomenkuvalehti.fi\/kuvien-takaa\/#website"},"datePublished":"2015-05-05T12:39:18+00:00","dateModified":"2015-05-05T13:09:28+00:00","author":{"@id":"https:\/\/suomenkuvalehti.fi\/kuvien-takaa\/#\/schema\/person\/f3f657e4ad409e008f12af27bec60a23"},"breadcrumb":{"@id":"https:\/\/suomenkuvalehti.fi\/kuvien-takaa\/black-metalia-ja-kirkonpolttajia-jonas-akerlund-tekee-elokuvan-mayhemin-kitaristista\/#breadcrumb"},"inLanguage":"fi","potentialAction":[{"@type":"ReadAction","target":["https:\/\/suomenkuvalehti.fi\/kuvien-takaa\/black-metalia-ja-kirkonpolttajia-jonas-akerlund-tekee-elokuvan-mayhemin-kitaristista\/"]}]},{"@type":"BreadcrumbList","@id":"https:\/\/suomenkuvalehti.fi\/kuvien-takaa\/black-metalia-ja-kirkonpolttajia-jonas-akerlund-tekee-elokuvan-mayhemin-kitaristista\/#breadcrumb","itemListElement":[{"@type":"ListItem","position":1,"name":"Home","item":"https:\/\/suomenkuvalehti.fi\/kuvien-takaa\/"},{"@type":"ListItem","position":2,"name":"Black metalia ja kirkonpolttajia: Jonas \u00c5kerlund tekee elokuvan Mayhemin kitaristista"}]},{"@type":"WebSite","@id":"https:\/\/suomenkuvalehti.fi\/kuvien-takaa\/#website","url":"https:\/\/suomenkuvalehti.fi\/kuvien-takaa\/","name":"Kuvien takaa","description":"Elokuvakriitikko Kalle Kinnusen elokuvablogi.","potentialAction":[{"@type":"SearchAction","target":{"@type":"EntryPoint","urlTemplate":"https:\/\/suomenkuvalehti.fi\/haku\/?q={search_term_string}"},"query-input":{"@type":"PropertyValueSpecification","valueRequired":true,"valueName":"search_term_string"}}],"inLanguage":"fi"},{"@type":"Person","@id":"https:\/\/suomenkuvalehti.fi\/kuvien-takaa\/#\/schema\/person\/f3f657e4ad409e008f12af27bec60a23","name":"Kalle Kinnunen","image":{"@type":"ImageObject","inLanguage":"fi","@id":"https:\/\/suomenkuvalehti.fi\/kuvien-takaa\/#\/schema\/person\/image\/","url":"https:\/\/suomenkuvalehti.fi\/kuvien-takaa\/wp-content\/uploads\/sites\/11\/2022\/04\/kalle_kinnunen_blogi-1-150x150.jpg","contentUrl":"https:\/\/suomenkuvalehti.fi\/kuvien-takaa\/wp-content\/uploads\/sites\/11\/2022\/04\/kalle_kinnunen_blogi-1-150x150.jpg","caption":"Kalle Kinnunen"},"description":"Kalle Kinnunen on vapaa toimittaja ja Suomen Kuvalehden avustaja.","sameAs":["https:\/\/www.facebook.com\/pages\/Kalle-Kinnunen-Kuvien-takaa\/190326157715410?fref=ts","https:\/\/x.com\/https:\/\/twitter.com\/kallekinnunen"]}]}},"_links":{"self":[{"href":"https:\/\/suomenkuvalehti.fi\/kuvien-takaa\/wp-json\/wp\/v2\/posts\/2850","targetHints":{"allow":["GET"]}}],"collection":[{"href":"https:\/\/suomenkuvalehti.fi\/kuvien-takaa\/wp-json\/wp\/v2\/posts"}],"about":[{"href":"https:\/\/suomenkuvalehti.fi\/kuvien-takaa\/wp-json\/wp\/v2\/types\/post"}],"author":[{"embeddable":true,"href":"https:\/\/suomenkuvalehti.fi\/kuvien-takaa\/wp-json\/wp\/v2\/users\/144"}],"replies":[{"embeddable":true,"href":"https:\/\/suomenkuvalehti.fi\/kuvien-takaa\/wp-json\/wp\/v2\/comments?post=2850"}],"version-history":[{"count":4,"href":"https:\/\/suomenkuvalehti.fi\/kuvien-takaa\/wp-json\/wp\/v2\/posts\/2850\/revisions"}],"predecessor-version":[{"id":2854,"href":"https:\/\/suomenkuvalehti.fi\/kuvien-takaa\/wp-json\/wp\/v2\/posts\/2850\/revisions\/2854"}],"wp:attachment":[{"href":"https:\/\/suomenkuvalehti.fi\/kuvien-takaa\/wp-json\/wp\/v2\/media?parent=2850"}],"wp:term":[{"taxonomy":"category","embeddable":true,"href":"https:\/\/suomenkuvalehti.fi\/kuvien-takaa\/wp-json\/wp\/v2\/categories?post=2850"},{"taxonomy":"post_tag","embeddable":true,"href":"https:\/\/suomenkuvalehti.fi\/kuvien-takaa\/wp-json\/wp\/v2\/tags?post=2850"}],"curies":[{"name":"wp","href":"https:\/\/api.w.org\/{rel}","templated":true}]}}