{"id":2794,"date":"2015-04-10T09:16:56","date_gmt":"2015-04-10T06:16:56","guid":{"rendered":"https:\/\/suomenkuvalehti.fi\/kuvien-takaa\/?p=2794"},"modified":"2015-04-09T16:19:17","modified_gmt":"2015-04-09T13:19:17","slug":"cohen-coen-mita-naita-nyt-on-lyhyt-oppimaara-komiikan-neroista-ja-tolloista","status":"publish","type":"post","link":"https:\/\/suomenkuvalehti.fi\/kuvien-takaa\/cohen-coen-mita-naita-nyt-on-lyhyt-oppimaara-komiikan-neroista-ja-tolloista\/","title":{"rendered":"Cohen, Coen, mit\u00e4 n\u00e4it\u00e4 nyt on: lyhyt oppim\u00e4\u00e4r\u00e4 komiikan neroista ja tolloista"},"content":{"rendered":"\n<p>Miksi laatutietoinen <strong>Bill Murray<\/strong> suostui huonoon Karvinen-elokuvaan?<\/p>\n\n\n\n<p>Yhden kirjaimen erheen vuoksi. Jottei meille k\u00e4y samaa, k\u00e4yd\u00e4\u00e4np\u00e4 Hollywood-huumorin keskeiset Coenit ja Cohenit nyt l\u00e4pi.<\/p>\n\n\n\n<p>&nbsp;<\/p>\n\n\n\n<ol class=\"wp-block-list\">\n<li><strong>Joel<\/strong> ja <strong>Ethan Coen<\/strong> ovat lakonisia (rikos)komedioita kirjoittanut ja ohjannut veljespari. Heid\u00e4t tunnetaan muun muassa elokuvista <em>Fargo, Menetetty maa, Miller&#8217;s Crossing<\/em> ja <em>Kova kuin kivi<\/em>. He jakavat t\u00e4n\u00e4 vuonna Cannesin elokuvajuhlien tuomariston puheenjohtajan teht\u00e4v\u00e4n.<\/li>\n<\/ol>\n\n\n\n<p>&nbsp;<\/p>\n\n\n\n<ol class=\"wp-block-list\" start=\"2\">\n<li><strong>Etan Cohen<\/strong> on k\u00e4sikirjoittaja, joka on ollut mukana tekem\u00e4ss\u00e4 elokuvia <em>Tropic Thunder<\/em> ja <em>Idiocracy<\/em> sek\u00e4 Kukkulan kuningas-sarjaa. Etan Cohenin esikoisohjaus on <strong>Will Ferrell<\/strong>-komedia <em>Get Hard<\/em>, joka tulee Suomessa teattereihin osuvasti vappuna eli 1.5.<\/li>\n<\/ol>\n\n\n\n<p>&nbsp;<\/p>\n\n\n\n<ol class=\"wp-block-list\" start=\"3\">\n<li><strong>Joel Cohen<\/strong> on k\u00e4sikirjoittaja, jonka elokuvia ovat <em>Evan taivaanlahja<\/em> ja <em>Villi tusina<\/em>. Cohen oli my\u00f6s mukana kirjoittamassa ensimm\u00e4ist\u00e4 <em>Toy Storya<\/em>. L\u00e4hinn\u00e4 h\u00e4n on tehnyt liukuhihnajuttuja.<\/li>\n<\/ol>\n\n\n\n<p>&nbsp;<\/p>\n\n\n\n<p>Kun Bill Murraylle tarjottiin roolia Karvinen-elokuvassa kissasankarin \u00e4\u00e4nen\u00e4, h\u00e4n erehtyi elokuvan k\u00e4sikirjoittajan nimest\u00e4. Murray otti roolin, koska h\u00e4n <em>luuli tekev\u00e4ns\u00e4 yhteisty\u00f6t\u00e4 Joel Coenin kanssa<\/em>. Jos et usko kun n\u00e4in v\u00e4it\u00e4n, usko Murrayta itse\u00e4\u00e4n &#8211; h\u00e4n kertoi <a href=\"http:\/\/www.gq.com\/entertainment\/celebrities\/201008\/bill-murray-dan-fierman-gq-interview?printable=true\" target=\"_blank\">tarinan GQ-lehdelle<\/a> muutama vuosi sitten.<\/p>\n\n\n\n<p>Karvisen kirjoitti Joel Co<em>h<\/em>en. Karvinen on huono elokuva.<\/p>\n\n\n\n<p>Alla on traileri elokuvasta, jonka ohjaaja <em>ei<\/em> ole Ethan Coen.<\/p>\n\n\n<p><iframe loading=\"lazy\" width=\"630\" height=\"354\" src=\"https:\/\/www.youtube.com\/embed\/lEqrpuU9fYI?feature=oembed\" frameborder=\"0\" allowfullscreen><\/iframe><\/p>\n\n","protected":false},"excerpt":{"rendered":"<p>Miksi laatutietoinen Bill Murray suostui huonoon Karvinen-elokuvaan? Yhden kirjaimen erheen vuoksi. Jottei meille k\u00e4y samaa, k\u00e4yd\u00e4\u00e4np\u00e4 Hollywood-huumorin keskeiset Coenit ja Cohenit nyt l\u00e4pi. &nbsp; Joel ja Ethan Coen ovat lakonisia<br \/>\n(riko&hellip;<\/p>\n","protected":false},"author":144,"featured_media":0,"comment_status":"open","ping_status":"closed","sticky":false,"template":"","format":"standard","meta":{"_acf_changed":false,"asauth_required_access_level":3,"asauth_cansharepaid":"true","om_header_attributes":[],"footnotes":"","om_featured_image_focal_point":[],"om_primary_tag":0,"om_contributors":[],"om_co_authors":[],"beyondwords_generate_audio":"","beyondwords_project_id":"","beyondwords_content_id":"","beyondwords_preview_token":"","beyondwords_player_content":"","beyondwords_player_style":"","beyondwords_language_code":"","beyondwords_language_id":"","beyondwords_title_voice_id":"","beyondwords_body_voice_id":"","beyondwords_summary_voice_id":"","beyondwords_error_message":"","beyondwords_disabled":"","beyondwords_delete_content":"","beyondwords_podcast_id":"","beyondwords_hash":"","publish_post_to_speechkit":"","speechkit_hash":"","speechkit_generate_audio":"","speechkit_project_id":"","speechkit_podcast_id":"","speechkit_error_message":"","speechkit_disabled":"","speechkit_access_key":"","speechkit_error":"","speechkit_info":"","speechkit_response":"","speechkit_retries":"","speechkit_status":"","speechkit_updated_at":"","_speechkit_link":"","_speechkit_text":""},"categories":[1],"tags":[200,2081,2080,2084,2079,2082,2083,2085],"class_list":["post-2794","post","type-post","status-publish","format-standard","hentry","category-kuvien-takaa","tag-coen-veljekset","tag-etan-cohen","tag-ethan-coen","tag-get-hard","tag-joel-coen","tag-joel-cohen","tag-karvinen","tag-will-ferrell"],"om_views":null,"acf":{"tuuma_off":false,"tuuma_kysymys":"","tuuma_vastaus":""},"asauth":{"required_access_level":1,"share_token":"","is_paid":false},"yoast_head":"<!-- This site is optimized with the Yoast SEO plugin v26.4 - https:\/\/yoast.com\/wordpress\/plugins\/seo\/ -->\n<title>Cohen, Coen, mit\u00e4 n\u00e4it\u00e4 nyt on: lyhyt oppim\u00e4\u00e4r\u00e4 komiikan neroista ja tolloista - Kuvien takaa<\/title>\n<meta name=\"description\" content=\"Miksi laatutietoinen Bill Murray suostui huonoon Karvinen-elokuvaan? H\u00e4n erehtyi yhdest\u00e4 kirjaimesta k\u00e4sikirjoittajan nimess\u00e4.\" \/>\n<meta name=\"robots\" content=\"index, follow, max-snippet:-1, max-image-preview:large, max-video-preview:-1\" \/>\n<link rel=\"canonical\" href=\"https:\/\/suomenkuvalehti.fi\/kuvien-takaa\/cohen-coen-mita-naita-nyt-on-lyhyt-oppimaara-komiikan-neroista-ja-tolloista\/\" \/>\n<meta property=\"og:locale\" content=\"fi_FI\" \/>\n<meta property=\"og:type\" content=\"article\" \/>\n<meta property=\"og:title\" content=\"Cohen, Coen, mit\u00e4 n\u00e4it\u00e4 nyt on: lyhyt oppim\u00e4\u00e4r\u00e4 komiikan neroista ja tolloista - Kuvien takaa\" \/>\n<meta property=\"og:description\" content=\"Miksi laatutietoinen Bill Murray suostui huonoon Karvinen-elokuvaan? H\u00e4n erehtyi yhdest\u00e4 kirjaimesta k\u00e4sikirjoittajan nimess\u00e4.\" \/>\n<meta property=\"og:url\" content=\"https:\/\/suomenkuvalehti.fi\/kuvien-takaa\/cohen-coen-mita-naita-nyt-on-lyhyt-oppimaara-komiikan-neroista-ja-tolloista\/\" \/>\n<meta property=\"og:site_name\" content=\"Kuvien takaa\" \/>\n<meta property=\"article:author\" content=\"https:\/\/www.facebook.com\/pages\/Kalle-Kinnunen-Kuvien-takaa\/190326157715410?fref=ts\" \/>\n<meta property=\"article:published_time\" content=\"2015-04-10T06:16:56+00:00\" \/>\n<meta property=\"og:image\" content=\"https:\/\/suomenkuvalehti.fi\/kuvien-takaa\/wp-content\/uploads\/sites\/11\/2022\/04\/kalle_kinnunen_blogi-1-scaled.jpg\" \/>\n\t<meta property=\"og:image:width\" content=\"2560\" \/>\n\t<meta property=\"og:image:height\" content=\"1707\" \/>\n\t<meta property=\"og:image:type\" content=\"image\/jpeg\" \/>\n<meta name=\"author\" content=\"Kalle Kinnunen\" \/>\n<meta name=\"twitter:card\" content=\"summary_large_image\" \/>\n<meta name=\"twitter:creator\" content=\"@https:\/\/twitter.com\/kallekinnunen\" \/>\n<meta name=\"twitter:label1\" content=\"Written by\" \/>\n\t<meta name=\"twitter:data1\" content=\"Kalle Kinnunen\" \/>\n\t<meta name=\"twitter:label2\" content=\"Est. reading time\" \/>\n\t<meta name=\"twitter:data2\" content=\"1 minuutti\" \/>\n<script type=\"application\/ld+json\" class=\"yoast-schema-graph\">{\"@context\":\"https:\/\/schema.org\",\"@graph\":[{\"@type\":\"WebPage\",\"@id\":\"https:\/\/suomenkuvalehti.fi\/kuvien-takaa\/cohen-coen-mita-naita-nyt-on-lyhyt-oppimaara-komiikan-neroista-ja-tolloista\/\",\"url\":\"https:\/\/suomenkuvalehti.fi\/kuvien-takaa\/cohen-coen-mita-naita-nyt-on-lyhyt-oppimaara-komiikan-neroista-ja-tolloista\/\",\"name\":\"Cohen, Coen, mit\u00e4 n\u00e4it\u00e4 nyt on: lyhyt oppim\u00e4\u00e4r\u00e4 komiikan neroista ja tolloista - Kuvien takaa\",\"isPartOf\":{\"@id\":\"https:\/\/suomenkuvalehti.fi\/kuvien-takaa\/#website\"},\"datePublished\":\"2015-04-10T06:16:56+00:00\",\"author\":{\"@id\":\"https:\/\/suomenkuvalehti.fi\/kuvien-takaa\/#\/schema\/person\/f3f657e4ad409e008f12af27bec60a23\"},\"description\":\"Miksi laatutietoinen Bill Murray suostui huonoon Karvinen-elokuvaan? H\u00e4n erehtyi yhdest\u00e4 kirjaimesta k\u00e4sikirjoittajan nimess\u00e4.\",\"breadcrumb\":{\"@id\":\"https:\/\/suomenkuvalehti.fi\/kuvien-takaa\/cohen-coen-mita-naita-nyt-on-lyhyt-oppimaara-komiikan-neroista-ja-tolloista\/#breadcrumb\"},\"inLanguage\":\"fi\",\"potentialAction\":[{\"@type\":\"ReadAction\",\"target\":[\"https:\/\/suomenkuvalehti.fi\/kuvien-takaa\/cohen-coen-mita-naita-nyt-on-lyhyt-oppimaara-komiikan-neroista-ja-tolloista\/\"]}]},{\"@type\":\"BreadcrumbList\",\"@id\":\"https:\/\/suomenkuvalehti.fi\/kuvien-takaa\/cohen-coen-mita-naita-nyt-on-lyhyt-oppimaara-komiikan-neroista-ja-tolloista\/#breadcrumb\",\"itemListElement\":[{\"@type\":\"ListItem\",\"position\":1,\"name\":\"Home\",\"item\":\"https:\/\/suomenkuvalehti.fi\/kuvien-takaa\/\"},{\"@type\":\"ListItem\",\"position\":2,\"name\":\"Cohen, Coen, mit\u00e4 n\u00e4it\u00e4 nyt on: lyhyt oppim\u00e4\u00e4r\u00e4 komiikan neroista ja tolloista\"}]},{\"@type\":\"WebSite\",\"@id\":\"https:\/\/suomenkuvalehti.fi\/kuvien-takaa\/#website\",\"url\":\"https:\/\/suomenkuvalehti.fi\/kuvien-takaa\/\",\"name\":\"Kuvien takaa\",\"description\":\"Elokuvakriitikko Kalle Kinnusen elokuvablogi.\",\"potentialAction\":[{\"@type\":\"SearchAction\",\"target\":{\"@type\":\"EntryPoint\",\"urlTemplate\":\"https:\/\/suomenkuvalehti.fi\/haku\/?q={search_term_string}\"},\"query-input\":{\"@type\":\"PropertyValueSpecification\",\"valueRequired\":true,\"valueName\":\"search_term_string\"}}],\"inLanguage\":\"fi\"},{\"@type\":\"Person\",\"@id\":\"https:\/\/suomenkuvalehti.fi\/kuvien-takaa\/#\/schema\/person\/f3f657e4ad409e008f12af27bec60a23\",\"name\":\"Kalle Kinnunen\",\"image\":{\"@type\":\"ImageObject\",\"inLanguage\":\"fi\",\"@id\":\"https:\/\/suomenkuvalehti.fi\/kuvien-takaa\/#\/schema\/person\/image\/\",\"url\":\"https:\/\/suomenkuvalehti.fi\/kuvien-takaa\/wp-content\/uploads\/sites\/11\/2022\/04\/kalle_kinnunen_blogi-1-150x150.jpg\",\"contentUrl\":\"https:\/\/suomenkuvalehti.fi\/kuvien-takaa\/wp-content\/uploads\/sites\/11\/2022\/04\/kalle_kinnunen_blogi-1-150x150.jpg\",\"caption\":\"Kalle Kinnunen\"},\"description\":\"Kalle Kinnunen on vapaa toimittaja ja Suomen Kuvalehden avustaja.\",\"sameAs\":[\"https:\/\/www.facebook.com\/pages\/Kalle-Kinnunen-Kuvien-takaa\/190326157715410?fref=ts\",\"https:\/\/x.com\/https:\/\/twitter.com\/kallekinnunen\"]}]}<\/script>\n<!-- \/ Yoast SEO plugin. -->","yoast_head_json":{"title":"Cohen, Coen, mit\u00e4 n\u00e4it\u00e4 nyt on: lyhyt oppim\u00e4\u00e4r\u00e4 komiikan neroista ja tolloista - Kuvien takaa","description":"Miksi laatutietoinen Bill Murray suostui huonoon Karvinen-elokuvaan? H\u00e4n erehtyi yhdest\u00e4 kirjaimesta k\u00e4sikirjoittajan nimess\u00e4.","robots":{"index":"index","follow":"follow","max-snippet":"max-snippet:-1","max-image-preview":"max-image-preview:large","max-video-preview":"max-video-preview:-1"},"canonical":"https:\/\/suomenkuvalehti.fi\/kuvien-takaa\/cohen-coen-mita-naita-nyt-on-lyhyt-oppimaara-komiikan-neroista-ja-tolloista\/","og_locale":"fi_FI","og_type":"article","og_title":"Cohen, Coen, mit\u00e4 n\u00e4it\u00e4 nyt on: lyhyt oppim\u00e4\u00e4r\u00e4 komiikan neroista ja tolloista - Kuvien takaa","og_description":"Miksi laatutietoinen Bill Murray suostui huonoon Karvinen-elokuvaan? H\u00e4n erehtyi yhdest\u00e4 kirjaimesta k\u00e4sikirjoittajan nimess\u00e4.","og_url":"https:\/\/suomenkuvalehti.fi\/kuvien-takaa\/cohen-coen-mita-naita-nyt-on-lyhyt-oppimaara-komiikan-neroista-ja-tolloista\/","og_site_name":"Kuvien takaa","article_author":"https:\/\/www.facebook.com\/pages\/Kalle-Kinnunen-Kuvien-takaa\/190326157715410?fref=ts","article_published_time":"2015-04-10T06:16:56+00:00","og_image":[{"width":2560,"height":1707,"url":"https:\/\/suomenkuvalehti.fi\/kuvien-takaa\/wp-content\/uploads\/sites\/11\/2022\/04\/kalle_kinnunen_blogi-1-scaled.jpg","type":"image\/jpeg"}],"author":"Kalle Kinnunen","twitter_card":"summary_large_image","twitter_creator":"@https:\/\/twitter.com\/kallekinnunen","twitter_misc":{"Written by":"Kalle Kinnunen","Est. reading time":"1 minuutti"},"schema":{"@context":"https:\/\/schema.org","@graph":[{"@type":"WebPage","@id":"https:\/\/suomenkuvalehti.fi\/kuvien-takaa\/cohen-coen-mita-naita-nyt-on-lyhyt-oppimaara-komiikan-neroista-ja-tolloista\/","url":"https:\/\/suomenkuvalehti.fi\/kuvien-takaa\/cohen-coen-mita-naita-nyt-on-lyhyt-oppimaara-komiikan-neroista-ja-tolloista\/","name":"Cohen, Coen, mit\u00e4 n\u00e4it\u00e4 nyt on: lyhyt oppim\u00e4\u00e4r\u00e4 komiikan neroista ja tolloista - Kuvien takaa","isPartOf":{"@id":"https:\/\/suomenkuvalehti.fi\/kuvien-takaa\/#website"},"datePublished":"2015-04-10T06:16:56+00:00","author":{"@id":"https:\/\/suomenkuvalehti.fi\/kuvien-takaa\/#\/schema\/person\/f3f657e4ad409e008f12af27bec60a23"},"description":"Miksi laatutietoinen Bill Murray suostui huonoon Karvinen-elokuvaan? H\u00e4n erehtyi yhdest\u00e4 kirjaimesta k\u00e4sikirjoittajan nimess\u00e4.","breadcrumb":{"@id":"https:\/\/suomenkuvalehti.fi\/kuvien-takaa\/cohen-coen-mita-naita-nyt-on-lyhyt-oppimaara-komiikan-neroista-ja-tolloista\/#breadcrumb"},"inLanguage":"fi","potentialAction":[{"@type":"ReadAction","target":["https:\/\/suomenkuvalehti.fi\/kuvien-takaa\/cohen-coen-mita-naita-nyt-on-lyhyt-oppimaara-komiikan-neroista-ja-tolloista\/"]}]},{"@type":"BreadcrumbList","@id":"https:\/\/suomenkuvalehti.fi\/kuvien-takaa\/cohen-coen-mita-naita-nyt-on-lyhyt-oppimaara-komiikan-neroista-ja-tolloista\/#breadcrumb","itemListElement":[{"@type":"ListItem","position":1,"name":"Home","item":"https:\/\/suomenkuvalehti.fi\/kuvien-takaa\/"},{"@type":"ListItem","position":2,"name":"Cohen, Coen, mit\u00e4 n\u00e4it\u00e4 nyt on: lyhyt oppim\u00e4\u00e4r\u00e4 komiikan neroista ja tolloista"}]},{"@type":"WebSite","@id":"https:\/\/suomenkuvalehti.fi\/kuvien-takaa\/#website","url":"https:\/\/suomenkuvalehti.fi\/kuvien-takaa\/","name":"Kuvien takaa","description":"Elokuvakriitikko Kalle Kinnusen elokuvablogi.","potentialAction":[{"@type":"SearchAction","target":{"@type":"EntryPoint","urlTemplate":"https:\/\/suomenkuvalehti.fi\/haku\/?q={search_term_string}"},"query-input":{"@type":"PropertyValueSpecification","valueRequired":true,"valueName":"search_term_string"}}],"inLanguage":"fi"},{"@type":"Person","@id":"https:\/\/suomenkuvalehti.fi\/kuvien-takaa\/#\/schema\/person\/f3f657e4ad409e008f12af27bec60a23","name":"Kalle Kinnunen","image":{"@type":"ImageObject","inLanguage":"fi","@id":"https:\/\/suomenkuvalehti.fi\/kuvien-takaa\/#\/schema\/person\/image\/","url":"https:\/\/suomenkuvalehti.fi\/kuvien-takaa\/wp-content\/uploads\/sites\/11\/2022\/04\/kalle_kinnunen_blogi-1-150x150.jpg","contentUrl":"https:\/\/suomenkuvalehti.fi\/kuvien-takaa\/wp-content\/uploads\/sites\/11\/2022\/04\/kalle_kinnunen_blogi-1-150x150.jpg","caption":"Kalle Kinnunen"},"description":"Kalle Kinnunen on vapaa toimittaja ja Suomen Kuvalehden avustaja.","sameAs":["https:\/\/www.facebook.com\/pages\/Kalle-Kinnunen-Kuvien-takaa\/190326157715410?fref=ts","https:\/\/x.com\/https:\/\/twitter.com\/kallekinnunen"]}]}},"_links":{"self":[{"href":"https:\/\/suomenkuvalehti.fi\/kuvien-takaa\/wp-json\/wp\/v2\/posts\/2794","targetHints":{"allow":["GET"]}}],"collection":[{"href":"https:\/\/suomenkuvalehti.fi\/kuvien-takaa\/wp-json\/wp\/v2\/posts"}],"about":[{"href":"https:\/\/suomenkuvalehti.fi\/kuvien-takaa\/wp-json\/wp\/v2\/types\/post"}],"author":[{"embeddable":true,"href":"https:\/\/suomenkuvalehti.fi\/kuvien-takaa\/wp-json\/wp\/v2\/users\/144"}],"replies":[{"embeddable":true,"href":"https:\/\/suomenkuvalehti.fi\/kuvien-takaa\/wp-json\/wp\/v2\/comments?post=2794"}],"version-history":[{"count":3,"href":"https:\/\/suomenkuvalehti.fi\/kuvien-takaa\/wp-json\/wp\/v2\/posts\/2794\/revisions"}],"predecessor-version":[{"id":2797,"href":"https:\/\/suomenkuvalehti.fi\/kuvien-takaa\/wp-json\/wp\/v2\/posts\/2794\/revisions\/2797"}],"wp:attachment":[{"href":"https:\/\/suomenkuvalehti.fi\/kuvien-takaa\/wp-json\/wp\/v2\/media?parent=2794"}],"wp:term":[{"taxonomy":"category","embeddable":true,"href":"https:\/\/suomenkuvalehti.fi\/kuvien-takaa\/wp-json\/wp\/v2\/categories?post=2794"},{"taxonomy":"post_tag","embeddable":true,"href":"https:\/\/suomenkuvalehti.fi\/kuvien-takaa\/wp-json\/wp\/v2\/tags?post=2794"}],"curies":[{"name":"wp","href":"https:\/\/api.w.org\/{rel}","templated":true}]}}