{"id":2621,"date":"2014-12-31T13:39:34","date_gmt":"2014-12-31T11:39:34","guid":{"rendered":"https:\/\/suomenkuvalehti.fi\/kuvien-takaa\/?p=2621"},"modified":"2014-12-31T13:39:34","modified_gmt":"2014-12-31T11:39:34","slug":"sylvester-stallone-rocky-rambo-apollo-creed-jatko","status":"publish","type":"post","link":"https:\/\/suomenkuvalehti.fi\/kuvien-takaa\/sylvester-stallone-rocky-rambo-apollo-creed-jatko\/","title":{"rendered":"Uusi vuosi, vanhat kujeet: Sylvester Stallone haluaa tehd\u00e4 seitsem\u00e4nnen Rockyn ja viidennen Rambon"},"content":{"rendered":"\n<p>Vuosi 2015 alkaa, ja mit\u00e4 on <strong>Sylvester Stallonella<\/strong> mieless\u00e4?<\/p>\n\n\n\n<p><em>The Expendables 3<\/em> ei myynyt kuten piti. Ei se floppikaan ollut, mutta Stallone katsoo taaksep\u00e4in.<\/p>\n\n\n\n<p>H\u00e4n pyrkii tekem\u00e4\u00e4n seuraavaksi elokuvan <em>Creed<\/em>, joka kertoisi <a href=\"http:\/\/www.gamesradar.com\/sylvester-stallone-making-rambo-5\/\" target=\"_blank\">Rocky Balboasta valmentamassa<\/a> Apollo Creedin pojanpoikaa. Rockya Stallone n\u00e4ytteli ensimm\u00e4isen kerran 39 vuotta sitten. Kyseess\u00e4 olisi seitsem\u00e4s Rocky-leffa.<\/p>\n\n\n\n<p><strong>Carl Weathersin<\/strong> n\u00e4yttelem\u00e4 Apollo Creed kuoli nelj\u00e4nness\u00e4 Rockyssa kolmekymment\u00e4 vuotta sitten. Totta tosiaan, kyseess\u00e4 ei voisi olla Creedin lapsi ensimm\u00e4isess\u00e4 polvessa, koska oma lapsihan olisi jo <em>aivan<\/em> liian vanha aloittaakseen nyrkkeilyn!<\/p>\n\n\n\n<p>Tekeill\u00e4 on my\u00f6s viides Rambo. Ensimm\u00e4isest\u00e4 Rambosta tuleekin kuluneeksi ainoastaan 33 vuotta. Viel\u00e4 kun kolmas Rambo tehtiin nelj\u00e4nnesvuosisata sitten, Neuvostoliitto oli yh\u00e4 voimissaan.<\/p>\n\n\n\n<p><a href=\"https:\/\/suomenkuvalehti.fi\/jutut\/ulkomaat\/sylvester-stallone-the-expendables-on-uskomattoman-fyysinen-ja-rankka\/?shared=10697-6a22de21-999\" target=\"_blank\">Stallone<\/a> t\u00e4ytt\u00e4\u00e4 alkavana vuonna 69 vuotta.<\/p>\n\n\n\n<p>Viidennen Rockyn valmistumisen aikoihin syntyneet t\u00e4ytt\u00e4v\u00e4t nyt 25 vuotta.<\/p>\n\n\n\n<p>Nelj\u00e4s Rambo oli suosittu kai yksinomaan tajuttoman v\u00e4kivaltaisuutensa vuoksi. Kuten linkitt\u00e4m\u00e4ss\u00e4ni Total Filmin jutussa mainitaan, siin\u00e4 tapettiin 247 ihmist\u00e4. Oletettavasti elokuvan valmistumisen aikaan seitsem\u00e4nkymppisen Stallonen pit\u00e4isi ik\u00e4\u00e4ns\u00e4 kompensoidakseen nostaa ruumislukua ja splatter-tasoa viel\u00e4 merkitt\u00e4v\u00e4sti. Meneek\u00f6h\u00e4n 500 raadon raja rikki?<\/p>\n\n\n","protected":false},"excerpt":{"rendered":"<p>Vuosi 2015 alkaa, ja mit\u00e4 on Sylvester Stallonella mieless\u00e4? The Expendables 3 ei myynyt kuten piti. Ei se floppikaan ollut, mutta Stallone katsoo taaksep\u00e4in. H\u00e4n pyrkii tekem\u00e4\u00e4n seuraavaksi elokuvan Creed, joka kertoisi Rocky<br \/>\nBalbo&hellip;<\/p>\n","protected":false},"author":144,"featured_media":0,"comment_status":"open","ping_status":"closed","sticky":false,"template":"","format":"standard","meta":{"_acf_changed":false,"asauth_required_access_level":3,"asauth_cansharepaid":"true","om_header_attributes":[],"footnotes":"","om_featured_image_focal_point":[],"om_primary_tag":0,"om_contributors":[],"om_co_authors":[],"beyondwords_generate_audio":"","beyondwords_project_id":"","beyondwords_content_id":"","beyondwords_preview_token":"","beyondwords_player_content":"","beyondwords_player_style":"","beyondwords_language_code":"","beyondwords_language_id":"","beyondwords_title_voice_id":"","beyondwords_body_voice_id":"","beyondwords_summary_voice_id":"","beyondwords_error_message":"","beyondwords_disabled":"","beyondwords_delete_content":"","beyondwords_podcast_id":"","beyondwords_hash":"","publish_post_to_speechkit":"","speechkit_hash":"","speechkit_generate_audio":"","speechkit_project_id":"","speechkit_podcast_id":"","speechkit_error_message":"","speechkit_disabled":"","speechkit_access_key":"","speechkit_error":"","speechkit_info":"","speechkit_response":"","speechkit_retries":"","speechkit_status":"","speechkit_updated_at":"","_speechkit_link":"","_speechkit_text":""},"categories":[1],"tags":[2020,1281,2019,703],"class_list":["post-2621","post","type-post","status-publish","format-standard","hentry","category-kuvien-takaa","tag-elake","tag-rambo","tag-rocky","tag-sylvester-stallone"],"om_views":null,"acf":{"tuuma_off":false,"tuuma_kysymys":"","tuuma_vastaus":""},"asauth":{"required_access_level":1,"share_token":"","is_paid":false},"yoast_head":"<!-- This site is optimized with the Yoast SEO plugin v26.4 - https:\/\/yoast.com\/wordpress\/plugins\/seo\/ -->\n<title>Uusi vuosi, vanhat kujeet: Sylvester Stallone haluaa tehd\u00e4 seitsem\u00e4nnen Rockyn ja viidennen Rambon - Kuvien takaa<\/title>\n<meta name=\"robots\" content=\"index, follow, max-snippet:-1, max-image-preview:large, max-video-preview:-1\" \/>\n<link rel=\"canonical\" href=\"https:\/\/suomenkuvalehti.fi\/kuvien-takaa\/sylvester-stallone-rocky-rambo-apollo-creed-jatko\/\" \/>\n<meta property=\"og:locale\" content=\"fi_FI\" \/>\n<meta property=\"og:type\" content=\"article\" \/>\n<meta property=\"og:title\" content=\"Uusi vuosi, vanhat kujeet: Sylvester Stallone haluaa tehd\u00e4 seitsem\u00e4nnen Rockyn ja viidennen Rambon - Kuvien takaa\" \/>\n<meta property=\"og:description\" content=\"Vuosi 2015 alkaa, ja mit\u00e4 on Sylvester Stallonella mieless\u00e4? The Expendables 3 ei myynyt kuten piti. Ei se floppikaan ollut, mutta Stallone katsoo taaksep\u00e4in. H\u00e4n pyrkii tekem\u00e4\u00e4n seuraavaksi elokuvan Creed, joka kertoisi Rocky Balbo&hellip;\" \/>\n<meta property=\"og:url\" content=\"https:\/\/suomenkuvalehti.fi\/kuvien-takaa\/sylvester-stallone-rocky-rambo-apollo-creed-jatko\/\" \/>\n<meta property=\"og:site_name\" content=\"Kuvien takaa\" \/>\n<meta property=\"article:author\" content=\"https:\/\/www.facebook.com\/pages\/Kalle-Kinnunen-Kuvien-takaa\/190326157715410?fref=ts\" \/>\n<meta property=\"article:published_time\" content=\"2014-12-31T11:39:34+00:00\" \/>\n<meta property=\"og:image\" content=\"https:\/\/suomenkuvalehti.fi\/kuvien-takaa\/wp-content\/uploads\/sites\/11\/2022\/04\/kalle_kinnunen_blogi-1-scaled.jpg\" \/>\n\t<meta property=\"og:image:width\" content=\"2560\" \/>\n\t<meta property=\"og:image:height\" content=\"1707\" \/>\n\t<meta property=\"og:image:type\" content=\"image\/jpeg\" \/>\n<meta name=\"author\" content=\"Kalle Kinnunen\" \/>\n<meta name=\"twitter:card\" content=\"summary_large_image\" \/>\n<meta name=\"twitter:creator\" content=\"@https:\/\/twitter.com\/kallekinnunen\" \/>\n<meta name=\"twitter:label1\" content=\"Written by\" \/>\n\t<meta name=\"twitter:data1\" content=\"Kalle Kinnunen\" \/>\n\t<meta name=\"twitter:label2\" content=\"Est. reading time\" \/>\n\t<meta name=\"twitter:data2\" content=\"1 minuutti\" \/>\n<script type=\"application\/ld+json\" class=\"yoast-schema-graph\">{\"@context\":\"https:\/\/schema.org\",\"@graph\":[{\"@type\":\"WebPage\",\"@id\":\"https:\/\/suomenkuvalehti.fi\/kuvien-takaa\/sylvester-stallone-rocky-rambo-apollo-creed-jatko\/\",\"url\":\"https:\/\/suomenkuvalehti.fi\/kuvien-takaa\/sylvester-stallone-rocky-rambo-apollo-creed-jatko\/\",\"name\":\"Uusi vuosi, vanhat kujeet: Sylvester Stallone haluaa tehd\u00e4 seitsem\u00e4nnen Rockyn ja viidennen Rambon - Kuvien takaa\",\"isPartOf\":{\"@id\":\"https:\/\/suomenkuvalehti.fi\/kuvien-takaa\/#website\"},\"datePublished\":\"2014-12-31T11:39:34+00:00\",\"author\":{\"@id\":\"https:\/\/suomenkuvalehti.fi\/kuvien-takaa\/#\/schema\/person\/f3f657e4ad409e008f12af27bec60a23\"},\"breadcrumb\":{\"@id\":\"https:\/\/suomenkuvalehti.fi\/kuvien-takaa\/sylvester-stallone-rocky-rambo-apollo-creed-jatko\/#breadcrumb\"},\"inLanguage\":\"fi\",\"potentialAction\":[{\"@type\":\"ReadAction\",\"target\":[\"https:\/\/suomenkuvalehti.fi\/kuvien-takaa\/sylvester-stallone-rocky-rambo-apollo-creed-jatko\/\"]}]},{\"@type\":\"BreadcrumbList\",\"@id\":\"https:\/\/suomenkuvalehti.fi\/kuvien-takaa\/sylvester-stallone-rocky-rambo-apollo-creed-jatko\/#breadcrumb\",\"itemListElement\":[{\"@type\":\"ListItem\",\"position\":1,\"name\":\"Home\",\"item\":\"https:\/\/suomenkuvalehti.fi\/kuvien-takaa\/\"},{\"@type\":\"ListItem\",\"position\":2,\"name\":\"Uusi vuosi, vanhat kujeet: Sylvester Stallone haluaa tehd\u00e4 seitsem\u00e4nnen Rockyn ja viidennen Rambon\"}]},{\"@type\":\"WebSite\",\"@id\":\"https:\/\/suomenkuvalehti.fi\/kuvien-takaa\/#website\",\"url\":\"https:\/\/suomenkuvalehti.fi\/kuvien-takaa\/\",\"name\":\"Kuvien takaa\",\"description\":\"Elokuvakriitikko Kalle Kinnusen elokuvablogi.\",\"potentialAction\":[{\"@type\":\"SearchAction\",\"target\":{\"@type\":\"EntryPoint\",\"urlTemplate\":\"https:\/\/suomenkuvalehti.fi\/haku\/?q={search_term_string}\"},\"query-input\":{\"@type\":\"PropertyValueSpecification\",\"valueRequired\":true,\"valueName\":\"search_term_string\"}}],\"inLanguage\":\"fi\"},{\"@type\":\"Person\",\"@id\":\"https:\/\/suomenkuvalehti.fi\/kuvien-takaa\/#\/schema\/person\/f3f657e4ad409e008f12af27bec60a23\",\"name\":\"Kalle Kinnunen\",\"image\":{\"@type\":\"ImageObject\",\"inLanguage\":\"fi\",\"@id\":\"https:\/\/suomenkuvalehti.fi\/kuvien-takaa\/#\/schema\/person\/image\/\",\"url\":\"https:\/\/suomenkuvalehti.fi\/kuvien-takaa\/wp-content\/uploads\/sites\/11\/2022\/04\/kalle_kinnunen_blogi-1-150x150.jpg\",\"contentUrl\":\"https:\/\/suomenkuvalehti.fi\/kuvien-takaa\/wp-content\/uploads\/sites\/11\/2022\/04\/kalle_kinnunen_blogi-1-150x150.jpg\",\"caption\":\"Kalle Kinnunen\"},\"description\":\"Kalle Kinnunen on vapaa toimittaja ja Suomen Kuvalehden avustaja.\",\"sameAs\":[\"https:\/\/www.facebook.com\/pages\/Kalle-Kinnunen-Kuvien-takaa\/190326157715410?fref=ts\",\"https:\/\/x.com\/https:\/\/twitter.com\/kallekinnunen\"]}]}<\/script>\n<!-- \/ Yoast SEO plugin. -->","yoast_head_json":{"title":"Uusi vuosi, vanhat kujeet: Sylvester Stallone haluaa tehd\u00e4 seitsem\u00e4nnen Rockyn ja viidennen Rambon - Kuvien takaa","robots":{"index":"index","follow":"follow","max-snippet":"max-snippet:-1","max-image-preview":"max-image-preview:large","max-video-preview":"max-video-preview:-1"},"canonical":"https:\/\/suomenkuvalehti.fi\/kuvien-takaa\/sylvester-stallone-rocky-rambo-apollo-creed-jatko\/","og_locale":"fi_FI","og_type":"article","og_title":"Uusi vuosi, vanhat kujeet: Sylvester Stallone haluaa tehd\u00e4 seitsem\u00e4nnen Rockyn ja viidennen Rambon - Kuvien takaa","og_description":"Vuosi 2015 alkaa, ja mit\u00e4 on Sylvester Stallonella mieless\u00e4? The Expendables 3 ei myynyt kuten piti. Ei se floppikaan ollut, mutta Stallone katsoo taaksep\u00e4in. H\u00e4n pyrkii tekem\u00e4\u00e4n seuraavaksi elokuvan Creed, joka kertoisi Rocky Balbo&hellip;","og_url":"https:\/\/suomenkuvalehti.fi\/kuvien-takaa\/sylvester-stallone-rocky-rambo-apollo-creed-jatko\/","og_site_name":"Kuvien takaa","article_author":"https:\/\/www.facebook.com\/pages\/Kalle-Kinnunen-Kuvien-takaa\/190326157715410?fref=ts","article_published_time":"2014-12-31T11:39:34+00:00","og_image":[{"width":2560,"height":1707,"url":"https:\/\/suomenkuvalehti.fi\/kuvien-takaa\/wp-content\/uploads\/sites\/11\/2022\/04\/kalle_kinnunen_blogi-1-scaled.jpg","type":"image\/jpeg"}],"author":"Kalle Kinnunen","twitter_card":"summary_large_image","twitter_creator":"@https:\/\/twitter.com\/kallekinnunen","twitter_misc":{"Written by":"Kalle Kinnunen","Est. reading time":"1 minuutti"},"schema":{"@context":"https:\/\/schema.org","@graph":[{"@type":"WebPage","@id":"https:\/\/suomenkuvalehti.fi\/kuvien-takaa\/sylvester-stallone-rocky-rambo-apollo-creed-jatko\/","url":"https:\/\/suomenkuvalehti.fi\/kuvien-takaa\/sylvester-stallone-rocky-rambo-apollo-creed-jatko\/","name":"Uusi vuosi, vanhat kujeet: Sylvester Stallone haluaa tehd\u00e4 seitsem\u00e4nnen Rockyn ja viidennen Rambon - Kuvien takaa","isPartOf":{"@id":"https:\/\/suomenkuvalehti.fi\/kuvien-takaa\/#website"},"datePublished":"2014-12-31T11:39:34+00:00","author":{"@id":"https:\/\/suomenkuvalehti.fi\/kuvien-takaa\/#\/schema\/person\/f3f657e4ad409e008f12af27bec60a23"},"breadcrumb":{"@id":"https:\/\/suomenkuvalehti.fi\/kuvien-takaa\/sylvester-stallone-rocky-rambo-apollo-creed-jatko\/#breadcrumb"},"inLanguage":"fi","potentialAction":[{"@type":"ReadAction","target":["https:\/\/suomenkuvalehti.fi\/kuvien-takaa\/sylvester-stallone-rocky-rambo-apollo-creed-jatko\/"]}]},{"@type":"BreadcrumbList","@id":"https:\/\/suomenkuvalehti.fi\/kuvien-takaa\/sylvester-stallone-rocky-rambo-apollo-creed-jatko\/#breadcrumb","itemListElement":[{"@type":"ListItem","position":1,"name":"Home","item":"https:\/\/suomenkuvalehti.fi\/kuvien-takaa\/"},{"@type":"ListItem","position":2,"name":"Uusi vuosi, vanhat kujeet: Sylvester Stallone haluaa tehd\u00e4 seitsem\u00e4nnen Rockyn ja viidennen Rambon"}]},{"@type":"WebSite","@id":"https:\/\/suomenkuvalehti.fi\/kuvien-takaa\/#website","url":"https:\/\/suomenkuvalehti.fi\/kuvien-takaa\/","name":"Kuvien takaa","description":"Elokuvakriitikko Kalle Kinnusen elokuvablogi.","potentialAction":[{"@type":"SearchAction","target":{"@type":"EntryPoint","urlTemplate":"https:\/\/suomenkuvalehti.fi\/haku\/?q={search_term_string}"},"query-input":{"@type":"PropertyValueSpecification","valueRequired":true,"valueName":"search_term_string"}}],"inLanguage":"fi"},{"@type":"Person","@id":"https:\/\/suomenkuvalehti.fi\/kuvien-takaa\/#\/schema\/person\/f3f657e4ad409e008f12af27bec60a23","name":"Kalle Kinnunen","image":{"@type":"ImageObject","inLanguage":"fi","@id":"https:\/\/suomenkuvalehti.fi\/kuvien-takaa\/#\/schema\/person\/image\/","url":"https:\/\/suomenkuvalehti.fi\/kuvien-takaa\/wp-content\/uploads\/sites\/11\/2022\/04\/kalle_kinnunen_blogi-1-150x150.jpg","contentUrl":"https:\/\/suomenkuvalehti.fi\/kuvien-takaa\/wp-content\/uploads\/sites\/11\/2022\/04\/kalle_kinnunen_blogi-1-150x150.jpg","caption":"Kalle Kinnunen"},"description":"Kalle Kinnunen on vapaa toimittaja ja Suomen Kuvalehden avustaja.","sameAs":["https:\/\/www.facebook.com\/pages\/Kalle-Kinnunen-Kuvien-takaa\/190326157715410?fref=ts","https:\/\/x.com\/https:\/\/twitter.com\/kallekinnunen"]}]}},"_links":{"self":[{"href":"https:\/\/suomenkuvalehti.fi\/kuvien-takaa\/wp-json\/wp\/v2\/posts\/2621","targetHints":{"allow":["GET"]}}],"collection":[{"href":"https:\/\/suomenkuvalehti.fi\/kuvien-takaa\/wp-json\/wp\/v2\/posts"}],"about":[{"href":"https:\/\/suomenkuvalehti.fi\/kuvien-takaa\/wp-json\/wp\/v2\/types\/post"}],"author":[{"embeddable":true,"href":"https:\/\/suomenkuvalehti.fi\/kuvien-takaa\/wp-json\/wp\/v2\/users\/144"}],"replies":[{"embeddable":true,"href":"https:\/\/suomenkuvalehti.fi\/kuvien-takaa\/wp-json\/wp\/v2\/comments?post=2621"}],"version-history":[{"count":2,"href":"https:\/\/suomenkuvalehti.fi\/kuvien-takaa\/wp-json\/wp\/v2\/posts\/2621\/revisions"}],"predecessor-version":[{"id":2623,"href":"https:\/\/suomenkuvalehti.fi\/kuvien-takaa\/wp-json\/wp\/v2\/posts\/2621\/revisions\/2623"}],"wp:attachment":[{"href":"https:\/\/suomenkuvalehti.fi\/kuvien-takaa\/wp-json\/wp\/v2\/media?parent=2621"}],"wp:term":[{"taxonomy":"category","embeddable":true,"href":"https:\/\/suomenkuvalehti.fi\/kuvien-takaa\/wp-json\/wp\/v2\/categories?post=2621"},{"taxonomy":"post_tag","embeddable":true,"href":"https:\/\/suomenkuvalehti.fi\/kuvien-takaa\/wp-json\/wp\/v2\/tags?post=2621"}],"curies":[{"name":"wp","href":"https:\/\/api.w.org\/{rel}","templated":true}]}}