{"id":2526,"date":"2014-11-17T10:43:03","date_gmt":"2014-11-17T08:43:03","guid":{"rendered":"https:\/\/suomenkuvalehti.fi\/kuvien-takaa\/?p=2526"},"modified":"2014-11-17T10:43:03","modified_gmt":"2014-11-17T08:43:03","slug":"kieltaisiko-poliisi-miesten-vuoron-alastomuus-julkinen-paikka-ja-valkokangas","status":"publish","type":"post","link":"https:\/\/suomenkuvalehti.fi\/kuvien-takaa\/kieltaisiko-poliisi-miesten-vuoron-alastomuus-julkinen-paikka-ja-valkokangas\/","title":{"rendered":"Kielt\u00e4isik\u00f6 poliisi Miesten vuoron? Alastomuus, julkinen paikka ja valkokangas"},"content":{"rendered":"\n<p><strong>Dries Verhoevenin<\/strong> teokseen kuuluva alastoman, naamio kasvoillaan aloillaan istuvan ihmisen esiintyminen Helsingiss\u00e4 <a href=\"http:\/\/yle.fi\/uutiset\/sensuuri_iski_helsingin_keskustassa__on_selvaa_etta_alaston_esiintyja_olisi_herattanyt_pahennusta_ohikulkevissa_lapsiperheissa\/7631658\" target=\"_blank\">kiellettiin<\/a> sunnuntaina.<\/p>\n\n\n\n<p>P\u00e4\u00e4t\u00f6s on mielenkiintoinen monella tavalla, my\u00f6s elokuvien julkisen esitt\u00e4misen n\u00e4k\u00f6kulmasta.<\/p>\n\n\n\n<p>Sadat tai todenn\u00e4k\u00f6isemmin tuhannet elokuvat, joissa on alastomuutta, ovat Suomessa kaikenik\u00e4isille sallittuja. <a href=\"https:\/\/suomenkuvalehti.fi\/kuvien-takaa\/alastomuudesta-ja-seksista-amerikkalaisessa-elokuvassa\/?shared=547-d4e72f65-999\" target=\"_blank\">Toisin kuin<\/a> vaikkapa anglosaksisissa maissa, meill\u00e4 ik\u00e4raja nousee vasta kun alastomuuteen liittyy seksuaalinen toiminta: itse &#8221;alastomuus ei ole <a href=\"http:\/\/ikarajat.fi\/index.php?option=com_content&amp;view=article&amp;id=49:seksi&amp;catid=24&amp;Itemid=162\" target=\"_blank\">ik\u00e4rajaperuste<\/a>&#8221;, kertoo <a href=\"https:\/\/kavi.fi\/fi\/kansallinen-audiovisuaalinen-instituutti\/mediakasvatus-ja-kuvaohjelmayksikko\" target=\"_blank\">Meku<\/a>.<\/p>\n\n\n\n<p>Kunhan tekij\u00e4noikeusasiat on hoidettu, elokuvia, joissa on ei-seksuaalista alastomuutta saa esitt\u00e4\u00e4 julkisella paikalla.<\/p>\n\n\n\n<p>Mutta ei sittenk\u00e4\u00e4n &#8211; yksi saunakohtaus riitt\u00e4isi.<\/p>\n\n\n\n<p>Tapahtuman j\u00e4rjest\u00e4j\u00e4 ei takuulla tulisi ajatelleeksi, kuinka ankarasti vaikkapa <a href=\"https:\/\/vimeo.com\/9126156\" target=\"_blank\"><em>Miesten vuoron<\/em><\/a> n\u00e4yt\u00f6s Helsingin poliisin tulkinnan mukaan rikkoisi rikoslain 17. luvun 21. pyk\u00e4l\u00e4\u00e4.<\/p>\n\n\n\n<p>Olisikohan tosiaan n\u00e4in? Her\u00e4tt\u00e4isik\u00f6 saunominen laissa mainittua &#8221;pahennusta&#8221;? Ehk\u00e4 kyseess\u00e4 on uuspuritanismi, ehk\u00e4 ulkomaalaisen taiteilijan haastavaa avantgarde-teosta kohdellaan eri tavalla kuin rehti\u00e4 nakuilua korpimets\u00e4ss\u00e4.<\/p>\n\n\n\n<p>&nbsp;<\/p>\n\n\n","protected":false},"excerpt":{"rendered":"<p>Dries Verhoevenin teokseen kuuluva alastoman, naamio kasvoillaan aloillaan istuvan ihmisen esiintyminen Helsingiss\u00e4 kiellettiin sunnuntaina. P\u00e4\u00e4t\u00f6s on mielenkiintoinen monella tavalla, my\u00f6s elokuvien julkisen esitt\u00e4misen n\u00e4k\u00f6kulmasta. Sadat tai<br \/>\ntodenn\u00e4&hellip;<\/p>\n","protected":false},"author":144,"featured_media":0,"comment_status":"open","ping_status":"closed","sticky":false,"template":"","format":"standard","meta":{"_acf_changed":false,"asauth_required_access_level":3,"asauth_cansharepaid":"true","om_header_attributes":[],"footnotes":"","om_featured_image_focal_point":[],"om_primary_tag":0,"om_contributors":[],"om_co_authors":[],"beyondwords_generate_audio":"","beyondwords_project_id":"","beyondwords_content_id":"","beyondwords_preview_token":"","beyondwords_player_content":"","beyondwords_player_style":"","beyondwords_language_code":"","beyondwords_language_id":"","beyondwords_title_voice_id":"","beyondwords_body_voice_id":"","beyondwords_summary_voice_id":"","beyondwords_error_message":"","beyondwords_disabled":"","beyondwords_delete_content":"","beyondwords_podcast_id":"","beyondwords_hash":"","publish_post_to_speechkit":"","speechkit_hash":"","speechkit_generate_audio":"","speechkit_project_id":"","speechkit_podcast_id":"","speechkit_error_message":"","speechkit_disabled":"","speechkit_access_key":"","speechkit_error":"","speechkit_info":"","speechkit_response":"","speechkit_retries":"","speechkit_status":"","speechkit_updated_at":"","_speechkit_link":"","_speechkit_text":""},"categories":[1],"tags":[919,1996,14,1995],"class_list":["post-2526","post","type-post","status-publish","format-standard","hentry","category-kuvien-takaa","tag-alastomuus","tag-dries-verhoeven","tag-ikarajat","tag-rikoslaki"],"om_views":null,"acf":{"tuuma_off":false,"tuuma_kysymys":"","tuuma_vastaus":""},"asauth":{"required_access_level":1,"share_token":"","is_paid":false},"yoast_head":"<!-- This site is optimized with the Yoast SEO plugin v26.4 - https:\/\/yoast.com\/wordpress\/plugins\/seo\/ -->\n<title>Kielt\u00e4isik\u00f6 poliisi Miesten vuoron? Alastomuus, julkinen paikka ja valkokangas - Kuvien takaa<\/title>\n<meta name=\"robots\" content=\"index, follow, max-snippet:-1, max-image-preview:large, max-video-preview:-1\" \/>\n<link rel=\"canonical\" href=\"https:\/\/suomenkuvalehti.fi\/kuvien-takaa\/kieltaisiko-poliisi-miesten-vuoron-alastomuus-julkinen-paikka-ja-valkokangas\/\" \/>\n<meta property=\"og:locale\" content=\"fi_FI\" \/>\n<meta property=\"og:type\" content=\"article\" \/>\n<meta property=\"og:title\" content=\"Kielt\u00e4isik\u00f6 poliisi Miesten vuoron? Alastomuus, julkinen paikka ja valkokangas - Kuvien takaa\" \/>\n<meta property=\"og:description\" content=\"Dries Verhoevenin teokseen kuuluva alastoman, naamio kasvoillaan aloillaan istuvan ihmisen esiintyminen Helsingiss\u00e4 kiellettiin sunnuntaina. P\u00e4\u00e4t\u00f6s on mielenkiintoinen monella tavalla, my\u00f6s elokuvien julkisen esitt\u00e4misen n\u00e4k\u00f6kulmasta. Sadat tai todenn\u00e4&hellip;\" \/>\n<meta property=\"og:url\" content=\"https:\/\/suomenkuvalehti.fi\/kuvien-takaa\/kieltaisiko-poliisi-miesten-vuoron-alastomuus-julkinen-paikka-ja-valkokangas\/\" \/>\n<meta property=\"og:site_name\" content=\"Kuvien takaa\" \/>\n<meta property=\"article:author\" content=\"https:\/\/www.facebook.com\/pages\/Kalle-Kinnunen-Kuvien-takaa\/190326157715410?fref=ts\" \/>\n<meta property=\"article:published_time\" content=\"2014-11-17T08:43:03+00:00\" \/>\n<meta property=\"og:image\" content=\"https:\/\/suomenkuvalehti.fi\/kuvien-takaa\/wp-content\/uploads\/sites\/11\/2022\/04\/kalle_kinnunen_blogi-1-scaled.jpg\" \/>\n\t<meta property=\"og:image:width\" content=\"2560\" \/>\n\t<meta property=\"og:image:height\" content=\"1707\" \/>\n\t<meta property=\"og:image:type\" content=\"image\/jpeg\" \/>\n<meta name=\"author\" content=\"Kalle Kinnunen\" \/>\n<meta name=\"twitter:card\" content=\"summary_large_image\" \/>\n<meta name=\"twitter:creator\" content=\"@https:\/\/twitter.com\/kallekinnunen\" \/>\n<meta name=\"twitter:label1\" content=\"Written by\" \/>\n\t<meta name=\"twitter:data1\" content=\"Kalle Kinnunen\" \/>\n\t<meta name=\"twitter:label2\" content=\"Est. reading time\" \/>\n\t<meta name=\"twitter:data2\" content=\"1 minuutti\" \/>\n<script type=\"application\/ld+json\" class=\"yoast-schema-graph\">{\"@context\":\"https:\/\/schema.org\",\"@graph\":[{\"@type\":\"WebPage\",\"@id\":\"https:\/\/suomenkuvalehti.fi\/kuvien-takaa\/kieltaisiko-poliisi-miesten-vuoron-alastomuus-julkinen-paikka-ja-valkokangas\/\",\"url\":\"https:\/\/suomenkuvalehti.fi\/kuvien-takaa\/kieltaisiko-poliisi-miesten-vuoron-alastomuus-julkinen-paikka-ja-valkokangas\/\",\"name\":\"Kielt\u00e4isik\u00f6 poliisi Miesten vuoron? Alastomuus, julkinen paikka ja valkokangas - Kuvien takaa\",\"isPartOf\":{\"@id\":\"https:\/\/suomenkuvalehti.fi\/kuvien-takaa\/#website\"},\"datePublished\":\"2014-11-17T08:43:03+00:00\",\"author\":{\"@id\":\"https:\/\/suomenkuvalehti.fi\/kuvien-takaa\/#\/schema\/person\/f3f657e4ad409e008f12af27bec60a23\"},\"breadcrumb\":{\"@id\":\"https:\/\/suomenkuvalehti.fi\/kuvien-takaa\/kieltaisiko-poliisi-miesten-vuoron-alastomuus-julkinen-paikka-ja-valkokangas\/#breadcrumb\"},\"inLanguage\":\"fi\",\"potentialAction\":[{\"@type\":\"ReadAction\",\"target\":[\"https:\/\/suomenkuvalehti.fi\/kuvien-takaa\/kieltaisiko-poliisi-miesten-vuoron-alastomuus-julkinen-paikka-ja-valkokangas\/\"]}]},{\"@type\":\"BreadcrumbList\",\"@id\":\"https:\/\/suomenkuvalehti.fi\/kuvien-takaa\/kieltaisiko-poliisi-miesten-vuoron-alastomuus-julkinen-paikka-ja-valkokangas\/#breadcrumb\",\"itemListElement\":[{\"@type\":\"ListItem\",\"position\":1,\"name\":\"Home\",\"item\":\"https:\/\/suomenkuvalehti.fi\/kuvien-takaa\/\"},{\"@type\":\"ListItem\",\"position\":2,\"name\":\"Kielt\u00e4isik\u00f6 poliisi Miesten vuoron? Alastomuus, julkinen paikka ja valkokangas\"}]},{\"@type\":\"WebSite\",\"@id\":\"https:\/\/suomenkuvalehti.fi\/kuvien-takaa\/#website\",\"url\":\"https:\/\/suomenkuvalehti.fi\/kuvien-takaa\/\",\"name\":\"Kuvien takaa\",\"description\":\"Elokuvakriitikko Kalle Kinnusen elokuvablogi.\",\"potentialAction\":[{\"@type\":\"SearchAction\",\"target\":{\"@type\":\"EntryPoint\",\"urlTemplate\":\"https:\/\/suomenkuvalehti.fi\/haku\/?q={search_term_string}\"},\"query-input\":{\"@type\":\"PropertyValueSpecification\",\"valueRequired\":true,\"valueName\":\"search_term_string\"}}],\"inLanguage\":\"fi\"},{\"@type\":\"Person\",\"@id\":\"https:\/\/suomenkuvalehti.fi\/kuvien-takaa\/#\/schema\/person\/f3f657e4ad409e008f12af27bec60a23\",\"name\":\"Kalle Kinnunen\",\"image\":{\"@type\":\"ImageObject\",\"inLanguage\":\"fi\",\"@id\":\"https:\/\/suomenkuvalehti.fi\/kuvien-takaa\/#\/schema\/person\/image\/\",\"url\":\"https:\/\/suomenkuvalehti.fi\/kuvien-takaa\/wp-content\/uploads\/sites\/11\/2022\/04\/kalle_kinnunen_blogi-1-150x150.jpg\",\"contentUrl\":\"https:\/\/suomenkuvalehti.fi\/kuvien-takaa\/wp-content\/uploads\/sites\/11\/2022\/04\/kalle_kinnunen_blogi-1-150x150.jpg\",\"caption\":\"Kalle Kinnunen\"},\"description\":\"Kalle Kinnunen on vapaa toimittaja ja Suomen Kuvalehden avustaja.\",\"sameAs\":[\"https:\/\/www.facebook.com\/pages\/Kalle-Kinnunen-Kuvien-takaa\/190326157715410?fref=ts\",\"https:\/\/x.com\/https:\/\/twitter.com\/kallekinnunen\"]}]}<\/script>\n<!-- \/ Yoast SEO plugin. -->","yoast_head_json":{"title":"Kielt\u00e4isik\u00f6 poliisi Miesten vuoron? Alastomuus, julkinen paikka ja valkokangas - Kuvien takaa","robots":{"index":"index","follow":"follow","max-snippet":"max-snippet:-1","max-image-preview":"max-image-preview:large","max-video-preview":"max-video-preview:-1"},"canonical":"https:\/\/suomenkuvalehti.fi\/kuvien-takaa\/kieltaisiko-poliisi-miesten-vuoron-alastomuus-julkinen-paikka-ja-valkokangas\/","og_locale":"fi_FI","og_type":"article","og_title":"Kielt\u00e4isik\u00f6 poliisi Miesten vuoron? Alastomuus, julkinen paikka ja valkokangas - Kuvien takaa","og_description":"Dries Verhoevenin teokseen kuuluva alastoman, naamio kasvoillaan aloillaan istuvan ihmisen esiintyminen Helsingiss\u00e4 kiellettiin sunnuntaina. P\u00e4\u00e4t\u00f6s on mielenkiintoinen monella tavalla, my\u00f6s elokuvien julkisen esitt\u00e4misen n\u00e4k\u00f6kulmasta. Sadat tai todenn\u00e4&hellip;","og_url":"https:\/\/suomenkuvalehti.fi\/kuvien-takaa\/kieltaisiko-poliisi-miesten-vuoron-alastomuus-julkinen-paikka-ja-valkokangas\/","og_site_name":"Kuvien takaa","article_author":"https:\/\/www.facebook.com\/pages\/Kalle-Kinnunen-Kuvien-takaa\/190326157715410?fref=ts","article_published_time":"2014-11-17T08:43:03+00:00","og_image":[{"width":2560,"height":1707,"url":"https:\/\/suomenkuvalehti.fi\/kuvien-takaa\/wp-content\/uploads\/sites\/11\/2022\/04\/kalle_kinnunen_blogi-1-scaled.jpg","type":"image\/jpeg"}],"author":"Kalle Kinnunen","twitter_card":"summary_large_image","twitter_creator":"@https:\/\/twitter.com\/kallekinnunen","twitter_misc":{"Written by":"Kalle Kinnunen","Est. reading time":"1 minuutti"},"schema":{"@context":"https:\/\/schema.org","@graph":[{"@type":"WebPage","@id":"https:\/\/suomenkuvalehti.fi\/kuvien-takaa\/kieltaisiko-poliisi-miesten-vuoron-alastomuus-julkinen-paikka-ja-valkokangas\/","url":"https:\/\/suomenkuvalehti.fi\/kuvien-takaa\/kieltaisiko-poliisi-miesten-vuoron-alastomuus-julkinen-paikka-ja-valkokangas\/","name":"Kielt\u00e4isik\u00f6 poliisi Miesten vuoron? Alastomuus, julkinen paikka ja valkokangas - Kuvien takaa","isPartOf":{"@id":"https:\/\/suomenkuvalehti.fi\/kuvien-takaa\/#website"},"datePublished":"2014-11-17T08:43:03+00:00","author":{"@id":"https:\/\/suomenkuvalehti.fi\/kuvien-takaa\/#\/schema\/person\/f3f657e4ad409e008f12af27bec60a23"},"breadcrumb":{"@id":"https:\/\/suomenkuvalehti.fi\/kuvien-takaa\/kieltaisiko-poliisi-miesten-vuoron-alastomuus-julkinen-paikka-ja-valkokangas\/#breadcrumb"},"inLanguage":"fi","potentialAction":[{"@type":"ReadAction","target":["https:\/\/suomenkuvalehti.fi\/kuvien-takaa\/kieltaisiko-poliisi-miesten-vuoron-alastomuus-julkinen-paikka-ja-valkokangas\/"]}]},{"@type":"BreadcrumbList","@id":"https:\/\/suomenkuvalehti.fi\/kuvien-takaa\/kieltaisiko-poliisi-miesten-vuoron-alastomuus-julkinen-paikka-ja-valkokangas\/#breadcrumb","itemListElement":[{"@type":"ListItem","position":1,"name":"Home","item":"https:\/\/suomenkuvalehti.fi\/kuvien-takaa\/"},{"@type":"ListItem","position":2,"name":"Kielt\u00e4isik\u00f6 poliisi Miesten vuoron? Alastomuus, julkinen paikka ja valkokangas"}]},{"@type":"WebSite","@id":"https:\/\/suomenkuvalehti.fi\/kuvien-takaa\/#website","url":"https:\/\/suomenkuvalehti.fi\/kuvien-takaa\/","name":"Kuvien takaa","description":"Elokuvakriitikko Kalle Kinnusen elokuvablogi.","potentialAction":[{"@type":"SearchAction","target":{"@type":"EntryPoint","urlTemplate":"https:\/\/suomenkuvalehti.fi\/haku\/?q={search_term_string}"},"query-input":{"@type":"PropertyValueSpecification","valueRequired":true,"valueName":"search_term_string"}}],"inLanguage":"fi"},{"@type":"Person","@id":"https:\/\/suomenkuvalehti.fi\/kuvien-takaa\/#\/schema\/person\/f3f657e4ad409e008f12af27bec60a23","name":"Kalle Kinnunen","image":{"@type":"ImageObject","inLanguage":"fi","@id":"https:\/\/suomenkuvalehti.fi\/kuvien-takaa\/#\/schema\/person\/image\/","url":"https:\/\/suomenkuvalehti.fi\/kuvien-takaa\/wp-content\/uploads\/sites\/11\/2022\/04\/kalle_kinnunen_blogi-1-150x150.jpg","contentUrl":"https:\/\/suomenkuvalehti.fi\/kuvien-takaa\/wp-content\/uploads\/sites\/11\/2022\/04\/kalle_kinnunen_blogi-1-150x150.jpg","caption":"Kalle Kinnunen"},"description":"Kalle Kinnunen on vapaa toimittaja ja Suomen Kuvalehden avustaja.","sameAs":["https:\/\/www.facebook.com\/pages\/Kalle-Kinnunen-Kuvien-takaa\/190326157715410?fref=ts","https:\/\/x.com\/https:\/\/twitter.com\/kallekinnunen"]}]}},"_links":{"self":[{"href":"https:\/\/suomenkuvalehti.fi\/kuvien-takaa\/wp-json\/wp\/v2\/posts\/2526","targetHints":{"allow":["GET"]}}],"collection":[{"href":"https:\/\/suomenkuvalehti.fi\/kuvien-takaa\/wp-json\/wp\/v2\/posts"}],"about":[{"href":"https:\/\/suomenkuvalehti.fi\/kuvien-takaa\/wp-json\/wp\/v2\/types\/post"}],"author":[{"embeddable":true,"href":"https:\/\/suomenkuvalehti.fi\/kuvien-takaa\/wp-json\/wp\/v2\/users\/144"}],"replies":[{"embeddable":true,"href":"https:\/\/suomenkuvalehti.fi\/kuvien-takaa\/wp-json\/wp\/v2\/comments?post=2526"}],"version-history":[{"count":1,"href":"https:\/\/suomenkuvalehti.fi\/kuvien-takaa\/wp-json\/wp\/v2\/posts\/2526\/revisions"}],"predecessor-version":[{"id":2527,"href":"https:\/\/suomenkuvalehti.fi\/kuvien-takaa\/wp-json\/wp\/v2\/posts\/2526\/revisions\/2527"}],"wp:attachment":[{"href":"https:\/\/suomenkuvalehti.fi\/kuvien-takaa\/wp-json\/wp\/v2\/media?parent=2526"}],"wp:term":[{"taxonomy":"category","embeddable":true,"href":"https:\/\/suomenkuvalehti.fi\/kuvien-takaa\/wp-json\/wp\/v2\/categories?post=2526"},{"taxonomy":"post_tag","embeddable":true,"href":"https:\/\/suomenkuvalehti.fi\/kuvien-takaa\/wp-json\/wp\/v2\/tags?post=2526"}],"curies":[{"name":"wp","href":"https:\/\/api.w.org\/{rel}","templated":true}]}}