{"id":2418,"date":"2014-10-07T14:02:06","date_gmt":"2014-10-07T11:02:06","guid":{"rendered":"https:\/\/suomenkuvalehti.fi\/kuvien-takaa\/?p=2418"},"modified":"2014-10-07T14:19:28","modified_gmt":"2014-10-07T11:19:28","slug":"twin-peaksin-paluu-onko-ihan-pakko","status":"publish","type":"post","link":"https:\/\/suomenkuvalehti.fi\/kuvien-takaa\/twin-peaksin-paluu-onko-ihan-pakko\/","title":{"rendered":"Twin Peaksin paluu &#8211; onko ihan pakko"},"content":{"rendered":"\n<p><em>Twin Peaksin<\/em> <a href=\"http:\/\/deadline.com\/2014\/10\/twin-peaks-series-showtime-david-lynch-mark-frost-845804\/\" target=\"_blank\">uudet jaksot<\/a> valmistuvat vuonna 2016. Tieto yhdeks\u00e4st\u00e4 uudesta jaksosta oli kulttuurin saralla suorastaan poikkeuksellinen uutispommi, jos asiaa arvioi reaktioiden perusteella. Kulttisarjalla ja Lynchill\u00e4 riitt\u00e4\u00e4 faneja.<\/p>\n\n\n\n<p>Itsekin h\u00e4mm\u00e4styin. Toki uudet jaksot kuulostivat ensin kiinnostavalta jutulta. Mit\u00e4k\u00f6h\u00e4n ihmett\u00e4 on tulossa? Agentti Cooperin eli <strong>Kyle MacLachlanin<\/strong> l\u00e4sn\u00e4olokin ilahdutti.<\/p>\n\n\n\n<p>Mit\u00e4 enemm\u00e4n asiaa mietin, sit\u00e4 v\u00e4hemm\u00e4n nappaa.<\/p>\n\n\n\n<p>Oikeastaan toivoisin <strong>David Lynchilt\u00e4<\/strong> jotain muuta, <em>mit\u00e4 tahansa<\/em> muuta television tai leffan parissa.<\/p>\n\n\n\n<p>Mieluiten elokuvaa, mutta todenn\u00e4k\u00f6isesti h\u00e4n <a href=\"https:\/\/suomenkuvalehti.fi\/kuvien-takaa\/onko-david-lynchin-elokuvaura-ohi\/?shared=577-eec71f0c-999\" target=\"_blank\">ei en\u00e4\u00e4 tee elokuvia<\/a>. Lynch on keskittynyt <a href=\"http:\/\/www.davidlynchfoundation.org\/\" target=\"_blank\">joogalent\u00e4miseen<\/a> ja rahastamaan \u00e4veri\u00e4it\u00e4 bailaajia <a href=\"http:\/\/www.theguardian.com\/film\/2011\/aug\/31\/david-lynch-disco-paris\" target=\"_blank\">y\u00f6kerholisensoinnilla<\/a>. Elokuviin ei heru rahoitusta, koska <em>Inland Empiren<\/em> tapaiset, sin\u00e4ns\u00e4 herkulliset teokset ovat yksinkertaisesti tappiollista liiketoimintaa.<\/p>\n\n\n\n<p>Jo Twin Peaksin toinen kausi oli aikanaan vesittynyt. Ensimm\u00e4isell\u00e4, Lynchin luotsaamalla kaudella esiteltiin kreisi maailma. Toinen, pidempi kausi oli enemm\u00e4n saippuaoopperaa, vaikka sill\u00e4kin oli fantastisen pelottavat hetkens\u00e4.<\/p>\n\n\n\n<p>Twin Peaks oli luovassa hulluudessaan virstanpylv\u00e4s amerikkalaisessa televisiokulttuurissa. Sarja mullisti tekemist\u00e4 aikana, jolloin <em>Miami Vice<\/em> oli ollut suunnilleen kokeellisinta, mihin amerikkalainen televisio oli venynyt.<\/p>\n\n\n\n<p>Lynch itse pisti homman tyylikk\u00e4\u00e4sti pakettiin hienolla, itse sarjaa uskaliaammalla ja aikanaan ristiriitaisen vastaanoton saaneella elokuvalla <em>Twin Peaks: Tuli kulje kanssani<\/em>.<\/p>\n\n\n\n<p>Ja se oli siin\u00e4. Vuonna 2001 Lynch itsekin piti <a href=\"http:\/\/www.davidlynch.de\/empire2001.html\" target=\"_blank\">Twin Peaksia kuolleena kuin kivi<\/a>.<\/p>\n\n\n\n<p>Vaikka Twin Peaksin keskeisten hahmojen kuulumiset nelj\u00e4nnesvuosisadan j\u00e4lkeen ovat varmasti ihan hupaisaa katsottavaa, kolmas kausi on ajatuksena kuin jonkun 1980-luvun popb\u00e4ndin paluu lavoille veivaamaan jotain vanhaa albumiaan yh\u00e4 uudelleen. Nostalgiaa, selk\u00e4\u00e4ntaputtelua,&nbsp; kivaa hengailua vanhojen tuttujen kanssa. Agentti Cooper juonee taas (hyv\u00e4\u00e4) kahvia ja p\u00f6ll\u00f6t lienev\u00e4t muuta kuin mit\u00e4 luulisi.<\/p>\n\n\n\n<p>Kyll\u00e4, Lynchin pitk\u00e4aikaisena ihailijana katson aikanaan tietenkin uudet jaksot. Kenties Lynch vie homman uudelle tasolle. Mutta viel\u00e4 t\u00e4ll\u00e4 hetkell\u00e4 fiilis on, ett\u00e4 onko ihan pakko.<\/p>\n\n\n","protected":false},"excerpt":{"rendered":"<p>Twin Peaksin uudet jaksot valmistuvat vuonna 2016. Tieto yhdeks\u00e4st\u00e4 uudesta jaksosta oli kulttuurin saralla suorastaan poikkeuksellinen uutispommi, jos asiaa arvioi reaktioiden perusteella. Kulttisarjalla ja Lynchill\u00e4 riitt\u00e4\u00e4 faneja. Itsekin h\u00e4mm\u00e4styin. Toki uudet jaksot<br \/>\nkuulos&hellip;<\/p>\n","protected":false},"author":144,"featured_media":0,"comment_status":"open","ping_status":"closed","sticky":false,"template":"","format":"standard","meta":{"_acf_changed":false,"asauth_required_access_level":3,"asauth_cansharepaid":"true","om_header_attributes":[],"footnotes":"","om_featured_image_focal_point":[],"om_primary_tag":0,"om_contributors":[],"om_co_authors":[],"beyondwords_generate_audio":"","beyondwords_project_id":"","beyondwords_content_id":"","beyondwords_preview_token":"","beyondwords_player_content":"","beyondwords_player_style":"","beyondwords_language_code":"","beyondwords_language_id":"","beyondwords_title_voice_id":"","beyondwords_body_voice_id":"","beyondwords_summary_voice_id":"","beyondwords_error_message":"","beyondwords_disabled":"","beyondwords_delete_content":"","beyondwords_podcast_id":"","beyondwords_hash":"","publish_post_to_speechkit":"","speechkit_hash":"","speechkit_generate_audio":"","speechkit_project_id":"","speechkit_podcast_id":"","speechkit_error_message":"","speechkit_disabled":"","speechkit_access_key":"","speechkit_error":"","speechkit_info":"","speechkit_response":"","speechkit_retries":"","speechkit_status":"","speechkit_updated_at":"","_speechkit_link":"","_speechkit_text":""},"categories":[1],"tags":[882,1977],"class_list":["post-2418","post","type-post","status-publish","format-standard","hentry","category-kuvien-takaa","tag-david-lynch","tag-twin-peaks"],"om_views":null,"acf":{"tuuma_off":false,"tuuma_kysymys":"","tuuma_vastaus":""},"asauth":{"required_access_level":1,"share_token":"","is_paid":false},"yoast_head":"<!-- This site is optimized with the Yoast SEO plugin v26.4 - https:\/\/yoast.com\/wordpress\/plugins\/seo\/ -->\n<title>Twin Peaksin paluu - onko ihan pakko - Kuvien takaa<\/title>\n<meta name=\"description\" content=\"Mit\u00e4 Twin Peaksin paluulta pit\u00e4isi muka odottaa?\" \/>\n<meta name=\"robots\" content=\"index, follow, max-snippet:-1, max-image-preview:large, max-video-preview:-1\" \/>\n<link rel=\"canonical\" href=\"https:\/\/suomenkuvalehti.fi\/kuvien-takaa\/twin-peaksin-paluu-onko-ihan-pakko\/\" \/>\n<meta property=\"og:locale\" content=\"fi_FI\" \/>\n<meta property=\"og:type\" content=\"article\" \/>\n<meta property=\"og:title\" content=\"Twin Peaksin paluu - onko ihan pakko - Kuvien takaa\" \/>\n<meta property=\"og:description\" content=\"Mit\u00e4 Twin Peaksin paluulta pit\u00e4isi muka odottaa?\" \/>\n<meta property=\"og:url\" content=\"https:\/\/suomenkuvalehti.fi\/kuvien-takaa\/twin-peaksin-paluu-onko-ihan-pakko\/\" \/>\n<meta property=\"og:site_name\" content=\"Kuvien takaa\" \/>\n<meta property=\"article:author\" content=\"https:\/\/www.facebook.com\/pages\/Kalle-Kinnunen-Kuvien-takaa\/190326157715410?fref=ts\" \/>\n<meta property=\"article:published_time\" content=\"2014-10-07T11:02:06+00:00\" \/>\n<meta property=\"article:modified_time\" content=\"2014-10-07T11:19:28+00:00\" \/>\n<meta property=\"og:image\" content=\"https:\/\/suomenkuvalehti.fi\/kuvien-takaa\/wp-content\/uploads\/sites\/11\/2022\/04\/kalle_kinnunen_blogi-1-scaled.jpg\" \/>\n\t<meta property=\"og:image:width\" content=\"2560\" \/>\n\t<meta property=\"og:image:height\" content=\"1707\" \/>\n\t<meta property=\"og:image:type\" content=\"image\/jpeg\" \/>\n<meta name=\"author\" content=\"Kalle Kinnunen\" \/>\n<meta name=\"twitter:card\" content=\"summary_large_image\" \/>\n<meta name=\"twitter:creator\" content=\"@https:\/\/twitter.com\/kallekinnunen\" \/>\n<meta name=\"twitter:label1\" content=\"Written by\" \/>\n\t<meta name=\"twitter:data1\" content=\"Kalle Kinnunen\" \/>\n\t<meta name=\"twitter:label2\" content=\"Est. reading time\" \/>\n\t<meta name=\"twitter:data2\" content=\"1 minuutti\" \/>\n<script type=\"application\/ld+json\" class=\"yoast-schema-graph\">{\"@context\":\"https:\/\/schema.org\",\"@graph\":[{\"@type\":\"WebPage\",\"@id\":\"https:\/\/suomenkuvalehti.fi\/kuvien-takaa\/twin-peaksin-paluu-onko-ihan-pakko\/\",\"url\":\"https:\/\/suomenkuvalehti.fi\/kuvien-takaa\/twin-peaksin-paluu-onko-ihan-pakko\/\",\"name\":\"Twin Peaksin paluu - onko ihan pakko - Kuvien takaa\",\"isPartOf\":{\"@id\":\"https:\/\/suomenkuvalehti.fi\/kuvien-takaa\/#website\"},\"datePublished\":\"2014-10-07T11:02:06+00:00\",\"dateModified\":\"2014-10-07T11:19:28+00:00\",\"author\":{\"@id\":\"https:\/\/suomenkuvalehti.fi\/kuvien-takaa\/#\/schema\/person\/f3f657e4ad409e008f12af27bec60a23\"},\"description\":\"Mit\u00e4 Twin Peaksin paluulta pit\u00e4isi muka odottaa?\",\"breadcrumb\":{\"@id\":\"https:\/\/suomenkuvalehti.fi\/kuvien-takaa\/twin-peaksin-paluu-onko-ihan-pakko\/#breadcrumb\"},\"inLanguage\":\"fi\",\"potentialAction\":[{\"@type\":\"ReadAction\",\"target\":[\"https:\/\/suomenkuvalehti.fi\/kuvien-takaa\/twin-peaksin-paluu-onko-ihan-pakko\/\"]}]},{\"@type\":\"BreadcrumbList\",\"@id\":\"https:\/\/suomenkuvalehti.fi\/kuvien-takaa\/twin-peaksin-paluu-onko-ihan-pakko\/#breadcrumb\",\"itemListElement\":[{\"@type\":\"ListItem\",\"position\":1,\"name\":\"Home\",\"item\":\"https:\/\/suomenkuvalehti.fi\/kuvien-takaa\/\"},{\"@type\":\"ListItem\",\"position\":2,\"name\":\"Twin Peaksin paluu &#8211; onko ihan pakko\"}]},{\"@type\":\"WebSite\",\"@id\":\"https:\/\/suomenkuvalehti.fi\/kuvien-takaa\/#website\",\"url\":\"https:\/\/suomenkuvalehti.fi\/kuvien-takaa\/\",\"name\":\"Kuvien takaa\",\"description\":\"Elokuvakriitikko Kalle Kinnusen elokuvablogi.\",\"potentialAction\":[{\"@type\":\"SearchAction\",\"target\":{\"@type\":\"EntryPoint\",\"urlTemplate\":\"https:\/\/suomenkuvalehti.fi\/haku\/?q={search_term_string}\"},\"query-input\":{\"@type\":\"PropertyValueSpecification\",\"valueRequired\":true,\"valueName\":\"search_term_string\"}}],\"inLanguage\":\"fi\"},{\"@type\":\"Person\",\"@id\":\"https:\/\/suomenkuvalehti.fi\/kuvien-takaa\/#\/schema\/person\/f3f657e4ad409e008f12af27bec60a23\",\"name\":\"Kalle Kinnunen\",\"image\":{\"@type\":\"ImageObject\",\"inLanguage\":\"fi\",\"@id\":\"https:\/\/suomenkuvalehti.fi\/kuvien-takaa\/#\/schema\/person\/image\/\",\"url\":\"https:\/\/suomenkuvalehti.fi\/kuvien-takaa\/wp-content\/uploads\/sites\/11\/2022\/04\/kalle_kinnunen_blogi-1-150x150.jpg\",\"contentUrl\":\"https:\/\/suomenkuvalehti.fi\/kuvien-takaa\/wp-content\/uploads\/sites\/11\/2022\/04\/kalle_kinnunen_blogi-1-150x150.jpg\",\"caption\":\"Kalle Kinnunen\"},\"description\":\"Kalle Kinnunen on vapaa toimittaja ja Suomen Kuvalehden avustaja.\",\"sameAs\":[\"https:\/\/www.facebook.com\/pages\/Kalle-Kinnunen-Kuvien-takaa\/190326157715410?fref=ts\",\"https:\/\/x.com\/https:\/\/twitter.com\/kallekinnunen\"]}]}<\/script>\n<!-- \/ Yoast SEO plugin. -->","yoast_head_json":{"title":"Twin Peaksin paluu - onko ihan pakko - Kuvien takaa","description":"Mit\u00e4 Twin Peaksin paluulta pit\u00e4isi muka odottaa?","robots":{"index":"index","follow":"follow","max-snippet":"max-snippet:-1","max-image-preview":"max-image-preview:large","max-video-preview":"max-video-preview:-1"},"canonical":"https:\/\/suomenkuvalehti.fi\/kuvien-takaa\/twin-peaksin-paluu-onko-ihan-pakko\/","og_locale":"fi_FI","og_type":"article","og_title":"Twin Peaksin paluu - onko ihan pakko - Kuvien takaa","og_description":"Mit\u00e4 Twin Peaksin paluulta pit\u00e4isi muka odottaa?","og_url":"https:\/\/suomenkuvalehti.fi\/kuvien-takaa\/twin-peaksin-paluu-onko-ihan-pakko\/","og_site_name":"Kuvien takaa","article_author":"https:\/\/www.facebook.com\/pages\/Kalle-Kinnunen-Kuvien-takaa\/190326157715410?fref=ts","article_published_time":"2014-10-07T11:02:06+00:00","article_modified_time":"2014-10-07T11:19:28+00:00","og_image":[{"width":2560,"height":1707,"url":"https:\/\/suomenkuvalehti.fi\/kuvien-takaa\/wp-content\/uploads\/sites\/11\/2022\/04\/kalle_kinnunen_blogi-1-scaled.jpg","type":"image\/jpeg"}],"author":"Kalle Kinnunen","twitter_card":"summary_large_image","twitter_creator":"@https:\/\/twitter.com\/kallekinnunen","twitter_misc":{"Written by":"Kalle Kinnunen","Est. reading time":"1 minuutti"},"schema":{"@context":"https:\/\/schema.org","@graph":[{"@type":"WebPage","@id":"https:\/\/suomenkuvalehti.fi\/kuvien-takaa\/twin-peaksin-paluu-onko-ihan-pakko\/","url":"https:\/\/suomenkuvalehti.fi\/kuvien-takaa\/twin-peaksin-paluu-onko-ihan-pakko\/","name":"Twin Peaksin paluu - onko ihan pakko - Kuvien takaa","isPartOf":{"@id":"https:\/\/suomenkuvalehti.fi\/kuvien-takaa\/#website"},"datePublished":"2014-10-07T11:02:06+00:00","dateModified":"2014-10-07T11:19:28+00:00","author":{"@id":"https:\/\/suomenkuvalehti.fi\/kuvien-takaa\/#\/schema\/person\/f3f657e4ad409e008f12af27bec60a23"},"description":"Mit\u00e4 Twin Peaksin paluulta pit\u00e4isi muka odottaa?","breadcrumb":{"@id":"https:\/\/suomenkuvalehti.fi\/kuvien-takaa\/twin-peaksin-paluu-onko-ihan-pakko\/#breadcrumb"},"inLanguage":"fi","potentialAction":[{"@type":"ReadAction","target":["https:\/\/suomenkuvalehti.fi\/kuvien-takaa\/twin-peaksin-paluu-onko-ihan-pakko\/"]}]},{"@type":"BreadcrumbList","@id":"https:\/\/suomenkuvalehti.fi\/kuvien-takaa\/twin-peaksin-paluu-onko-ihan-pakko\/#breadcrumb","itemListElement":[{"@type":"ListItem","position":1,"name":"Home","item":"https:\/\/suomenkuvalehti.fi\/kuvien-takaa\/"},{"@type":"ListItem","position":2,"name":"Twin Peaksin paluu &#8211; onko ihan pakko"}]},{"@type":"WebSite","@id":"https:\/\/suomenkuvalehti.fi\/kuvien-takaa\/#website","url":"https:\/\/suomenkuvalehti.fi\/kuvien-takaa\/","name":"Kuvien takaa","description":"Elokuvakriitikko Kalle Kinnusen elokuvablogi.","potentialAction":[{"@type":"SearchAction","target":{"@type":"EntryPoint","urlTemplate":"https:\/\/suomenkuvalehti.fi\/haku\/?q={search_term_string}"},"query-input":{"@type":"PropertyValueSpecification","valueRequired":true,"valueName":"search_term_string"}}],"inLanguage":"fi"},{"@type":"Person","@id":"https:\/\/suomenkuvalehti.fi\/kuvien-takaa\/#\/schema\/person\/f3f657e4ad409e008f12af27bec60a23","name":"Kalle Kinnunen","image":{"@type":"ImageObject","inLanguage":"fi","@id":"https:\/\/suomenkuvalehti.fi\/kuvien-takaa\/#\/schema\/person\/image\/","url":"https:\/\/suomenkuvalehti.fi\/kuvien-takaa\/wp-content\/uploads\/sites\/11\/2022\/04\/kalle_kinnunen_blogi-1-150x150.jpg","contentUrl":"https:\/\/suomenkuvalehti.fi\/kuvien-takaa\/wp-content\/uploads\/sites\/11\/2022\/04\/kalle_kinnunen_blogi-1-150x150.jpg","caption":"Kalle Kinnunen"},"description":"Kalle Kinnunen on vapaa toimittaja ja Suomen Kuvalehden avustaja.","sameAs":["https:\/\/www.facebook.com\/pages\/Kalle-Kinnunen-Kuvien-takaa\/190326157715410?fref=ts","https:\/\/x.com\/https:\/\/twitter.com\/kallekinnunen"]}]}},"_links":{"self":[{"href":"https:\/\/suomenkuvalehti.fi\/kuvien-takaa\/wp-json\/wp\/v2\/posts\/2418","targetHints":{"allow":["GET"]}}],"collection":[{"href":"https:\/\/suomenkuvalehti.fi\/kuvien-takaa\/wp-json\/wp\/v2\/posts"}],"about":[{"href":"https:\/\/suomenkuvalehti.fi\/kuvien-takaa\/wp-json\/wp\/v2\/types\/post"}],"author":[{"embeddable":true,"href":"https:\/\/suomenkuvalehti.fi\/kuvien-takaa\/wp-json\/wp\/v2\/users\/144"}],"replies":[{"embeddable":true,"href":"https:\/\/suomenkuvalehti.fi\/kuvien-takaa\/wp-json\/wp\/v2\/comments?post=2418"}],"version-history":[{"count":4,"href":"https:\/\/suomenkuvalehti.fi\/kuvien-takaa\/wp-json\/wp\/v2\/posts\/2418\/revisions"}],"predecessor-version":[{"id":2422,"href":"https:\/\/suomenkuvalehti.fi\/kuvien-takaa\/wp-json\/wp\/v2\/posts\/2418\/revisions\/2422"}],"wp:attachment":[{"href":"https:\/\/suomenkuvalehti.fi\/kuvien-takaa\/wp-json\/wp\/v2\/media?parent=2418"}],"wp:term":[{"taxonomy":"category","embeddable":true,"href":"https:\/\/suomenkuvalehti.fi\/kuvien-takaa\/wp-json\/wp\/v2\/categories?post=2418"},{"taxonomy":"post_tag","embeddable":true,"href":"https:\/\/suomenkuvalehti.fi\/kuvien-takaa\/wp-json\/wp\/v2\/tags?post=2418"}],"curies":[{"name":"wp","href":"https:\/\/api.w.org\/{rel}","templated":true}]}}