{"id":2383,"date":"2014-09-22T12:38:20","date_gmt":"2014-09-22T09:38:20","guid":{"rendered":"https:\/\/suomenkuvalehti.fi\/kuvien-takaa\/?p=2383"},"modified":"2014-09-22T12:46:03","modified_gmt":"2014-09-22T09:46:03","slug":"muistoja-peter-von-baghista","status":"publish","type":"post","link":"https:\/\/suomenkuvalehti.fi\/kuvien-takaa\/muistoja-peter-von-baghista\/","title":{"rendered":"Muistoja Peter von Baghista"},"content":{"rendered":"\n<p><strong>Peter von Bagh<\/strong> ei ollut koskaan sankarini. Von Bagh oli aina el\u00e4m\u00e4\u00e4 suurempi hahmo.<\/p>\n\n\n\n<p>T\u00e4m\u00e4 ei ole muistelukirjoitus <strong>Petterin<\/strong> persoonasta, koska se ei ole minulle tuttu, vaan siit\u00e4 mit\u00e4 von Bagh merkitsi.<\/p>\n\n\n\n<p>Innostuin elokuvista toden teolla varhaisteini-i\u00e4ss\u00e4. Tuollon, 1990-luvun alkaessa, von Bagh oli Suomen kiistaton Herra Elokuva, alan suurin auktoriteetti. H\u00e4n oli jo kauan esitellyt klassikkoelokuvia televisiossa ja kirjoittanut merkitt\u00e4vi\u00e4 kirjoja.<\/p>\n\n\n\n<p>Mielipiteist\u00e4 voidaan aina kinastella, mutta von Baghissa henkil\u00f6ityi sellainen absoluuttisesti rakkaiden alojen asiantuntemus, jota kukaan ei voi kiist\u00e4\u00e4.<\/p>\n\n\n\n<p>H\u00e4n ei ollut kuiva tutkijatyyppi, vaan intohimon ruumiillistuma: cinefiili.<\/p>\n\n\n\n<p>Ajat muuttuivat. Von Bagh ei katsonut uusia elokuvia en\u00e4\u00e4 juuri lainkaan. Kuulin muutama vuosi sitten, ett\u00e4 h\u00e4n yritti kest\u00e4\u00e4 <em>Driven<\/em> l\u00e4pi, muttei saanut siit\u00e4 kerta kaikkiaan mit\u00e4\u00e4n irti.<\/p>\n\n\n\n<p>Ehk\u00e4 siksi h\u00e4n ei tehnyt numeroa esimerkiksi siit\u00e4, ett\u00e4 tunsi henkil\u00f6kohtaisesti esimerkiksi <strong>Martin Scorsesen<\/strong>. Kontaktejaan von Bagh oli ker\u00e4nnyt vuosikymmenien aikana, usein ranskalaisten tuttaviensa kautta. H\u00e4nen verkostonsa oli k\u00e4sitt\u00e4m\u00e4t\u00f6n. H\u00e4net esimerkiksi haluttiiin Cannesin festivaalin tuomaristoon 2004 &#8211; ainoana elokuvakriitikkona tai -kirjailijana vuosikymmeniin.<\/p>\n\n\n\n<p>Von Baghin kuolema viime keskiviikkona on er\u00e4\u00e4n aikakauden loppua. Muutoksen myrskytuulia ovat elokuvien esitt\u00e4misen siirtym\u00e4 filmist\u00e4 digitaalisuuteen &#8211; asia, jota Von Bagh p\u00e4\u00e4toimittamansa Filmihullun p\u00e4\u00e4kirjoituksissa kritisoi ankarasti ja usein &#8211; sek\u00e4 konkreettinen sukupolvien vaihtuminen. Niist\u00e4 elokuvantekij\u00f6ist\u00e4, joita von Bagh eniten ihaili, on en\u00e4\u00e4 hyvin harvoja joukossamme.<\/p>\n\n\n\n<p>Tapasin Petterin varsinaisesti ensimm\u00e4ist\u00e4 kertaa vasta joulukuussa 2011. Esitt\u00e4ydyimme toisillemme hotellin aulassa Tallinnassa, jonne meid\u00e4t oli eri syist\u00e4 kutsuttu <a href=\"https:\/\/suomenkuvalehti.fi\/kuvien-takaa\/60-seconds-of-solitude-elokuva-on-ainutkertaista\/?shared=502-80e2a651-999\" target=\"_blank\">60 Seconds of Solitude -elokuvan\u00e4yt\u00f6kseen<\/a>.<\/p>\n\n\n\n<p>Keskustellessamme k\u00e4vi ilmi, ett\u00e4 von Bagh olikin mainio seuramies, jonka huumori oli hyvin vinoa. \u00c4ly\u00e4 reunusti ronski puhetyyli. Olin yll\u00e4ttynyt: odotin kiivaampaa ja kire\u00e4mp\u00e4\u00e4 tyyppi\u00e4. Filmihullun p\u00e4\u00e4kirjoitusten perusteella von Baghia olisi suoraan sanoen voinut luulla varsinaiseksi \u00e4k\u00e4pussiksi.<\/p>\n\n\n\n<p>L\u00e4hes p\u00e4iv\u00e4lleen vuosi sitten vedin Espoon kauniissa Kino Tapiolassa von Baghin yleis\u00f6keskustelua h\u00e4nen dokumenttinsa <em>Muisteja<\/em> tiimoilta. Jo tuolloin vakavasti sairaan von Baghin k\u00e4yt\u00f6ksest\u00e4 ei olisi uskonut, ett\u00e4 h\u00e4nen terveydess\u00e4\u00e4n olisi yht\u00e4\u00e4n mit\u00e4\u00e4n vikaa. Allekirjoittanutta ei olisi tarvittu v\u00e4liin, kun Petteri keskusteli t\u00e4ydell\u00e4 energialla l\u00e4hes t\u00e4yden salillisen kanssa nuoruudestaan, Oulusta ja elokuvien taiasta.<\/p>\n\n\n\n<p>Liioittelematta se oli vauhdikkaimpia ja ennen kaikkea iloisimpia elokuvaan liittyvi\u00e4 yleis\u00f6keskusteluja, joita olen koskaan, miss\u00e4\u00e4n festivaaleilla tai tapahtumissa kokenut. Oli todellinen kunnia olla mukana lavalla.<\/p>\n\n\n\n<p>Muisteja on yksi hienoimpia kotimaisia dokumentteja. Ehk\u00e4 von Baghin uusin elokuva, Sodankyl\u00e4ss\u00e4 n\u00e4hty dokumentti <em>Sosialismi<\/em> saadaan viel\u00e4 levitykseenkin. Tarmosta kertoo, ett\u00e4 h\u00e4n l\u00e4hti tekem\u00e4\u00e4n sit\u00e4 ilman julkista rahoitusta: sellaisen odottamiseen ja byrokratiaan ei ollut aikaa.<\/p>\n\n\n\n<p>Ahkeruudesta viel\u00e4: pelk\u00e4st\u00e4\u00e4n viime vuonna von Baghilta ilmestyi <a href=\"https:\/\/suomenkuvalehti.fi\/jutut\/kotimaa\/han\/peter-von-bagh-elokuvahullu-kuvaa-suomea-jota-ei-ehka-koskaan-ollut\/?shared=3053-5e8b2df0-999\" target=\"_blank\">kaksi kirjaa Muisteja-elokuvan lis\u00e4ksi<\/a>. H\u00e4n oli loppuun asti my\u00f6s kahden elokuvafestivaalin taiteellinen johtaja.<\/p>\n\n\n\n<p>Viimeisimm\u00e4ss\u00e4 Filmihullun numerossa on von Baghin haastattelu. Asialle hieman naurettiin sosiaalisessa mediassa &#8211; harvemmin nyt lehdiss\u00e4 sent\u00e4\u00e4n niiden p\u00e4\u00e4toimittajia haastatellaan. Kyse oli siit\u00e4, ett\u00e4 Sodankyl\u00e4n elokuvajuhlilla er\u00e4\u00e4n ulkomaisen vieraan peruuntumisen vuoksi oli h\u00e4nen ja von Baghin v\u00e4liseksi tarkoitetusta aamukeskustelusta tehty sen sijaan von Baghin ja h\u00e4nen yst\u00e4v\u00e4ns\u00e4 <strong>Aki Kaurism\u00e4en<\/strong> juttutuokio: ohjaaja haastatteli kirjailijaa.<\/p>\n\n\n\n<p>Nyt tuo teksti, tilaisuuden litterointi, tuntuu er\u00e4\u00e4nlaiselta lempe\u00e4lt\u00e4 ja humoristiselta muistokirjoitukselta. Siin\u00e4 puhutaan <strong>Howard Hawksista, John Fordista, Ingmar Bergmanista, Gene Kellyst\u00e4 <\/strong>ja<strong> Charlie Chaplinista<\/strong>. Tietenkin.<\/p>\n\n\n\n<p>Siin\u00e4 von Bagh ilmaisee tyypillisen ter\u00e4v\u00e4\u00e4n ja tylyynkin tapaansa huoltaan elokuvakoulutuksesta sek\u00e4 harmittelee digitaalisuutta. VHS-kasetin kuva oli h\u00e4nelle el\u00e4myksellisempi kuin blurayn ter\u00e4vyys.<\/p>\n\n\n\n<p>K\u00e4rk\u00e4st\u00e4, mutta varmasti vahvasti eletty\u00e4.<\/p>\n\n\n\n<p>&#8221;Peter von Baghin Suomea ei oikeastaan ole. H\u00e4n el\u00e4\u00e4 uudelleen lupausta kaikesta siit\u00e4, mit\u00e4 kansakunta olisi tietyll\u00e4 hetkell\u00e4 voinut olla&#8221;, tutkija <strong>Olaf M\u00f6ller<\/strong> totesi Suomen Kuvalehden von Bagh-henkil\u00f6kuvajutussa.<\/p>\n\n\n\n<p>Nyt von Baghin vuosikymmenten ajan antama inspiraatio tuntuu itsest\u00e4\u00e4nselvyydelt\u00e4, joka vietiinkin pois.<\/p>\n\n\n","protected":false},"excerpt":{"rendered":"<p>Peter von Bagh ei ollut koskaan sankarini. Von Bagh oli aina el\u00e4m\u00e4\u00e4 suurempi hahmo. T\u00e4m\u00e4 ei ole muistelukirjoitus Petterin persoonasta, koska se ei ole minulle tuttu, vaan siit\u00e4 mit\u00e4 von Bagh merkitsi. Innostuin elokuvista toden teolla varhaisteini-i\u00e4ss\u00e4. Tuollon, 1990-luvun alkaessa, von Bagh<br \/>\noli Suom&hellip;<\/p>\n","protected":false},"author":144,"featured_media":0,"comment_status":"open","ping_status":"closed","sticky":false,"template":"","format":"standard","meta":{"_acf_changed":false,"asauth_required_access_level":3,"asauth_cansharepaid":"true","om_header_attributes":[],"footnotes":"","om_featured_image_focal_point":[],"om_primary_tag":0,"om_contributors":[],"om_co_authors":[],"beyondwords_generate_audio":"","beyondwords_project_id":"","beyondwords_content_id":"","beyondwords_preview_token":"","beyondwords_player_content":"","beyondwords_player_style":"","beyondwords_language_code":"","beyondwords_language_id":"","beyondwords_title_voice_id":"","beyondwords_body_voice_id":"","beyondwords_summary_voice_id":"","beyondwords_error_message":"","beyondwords_disabled":"","beyondwords_delete_content":"","beyondwords_podcast_id":"","beyondwords_hash":"","publish_post_to_speechkit":"","speechkit_hash":"","speechkit_generate_audio":"","speechkit_project_id":"","speechkit_podcast_id":"","speechkit_error_message":"","speechkit_disabled":"","speechkit_access_key":"","speechkit_error":"","speechkit_info":"","speechkit_response":"","speechkit_retries":"","speechkit_status":"","speechkit_updated_at":"","_speechkit_link":"","_speechkit_text":""},"categories":[1],"tags":[822],"class_list":["post-2383","post","type-post","status-publish","format-standard","hentry","category-kuvien-takaa","tag-peter-von-bagh"],"om_views":null,"acf":{"tuuma_off":false,"tuuma_kysymys":"","tuuma_vastaus":""},"asauth":{"required_access_level":1,"share_token":"","is_paid":false},"yoast_head":"<!-- This site is optimized with the Yoast SEO plugin v26.4 - https:\/\/yoast.com\/wordpress\/plugins\/seo\/ -->\n<title>Muistoja Peter von Baghista - Kuvien takaa<\/title>\n<meta name=\"robots\" content=\"index, follow, max-snippet:-1, max-image-preview:large, max-video-preview:-1\" \/>\n<link rel=\"canonical\" href=\"https:\/\/suomenkuvalehti.fi\/kuvien-takaa\/muistoja-peter-von-baghista\/\" \/>\n<meta property=\"og:locale\" content=\"fi_FI\" \/>\n<meta property=\"og:type\" content=\"article\" \/>\n<meta property=\"og:title\" content=\"Muistoja Peter von Baghista - Kuvien takaa\" \/>\n<meta property=\"og:description\" content=\"Peter von Bagh ei ollut koskaan sankarini. Von Bagh oli aina el\u00e4m\u00e4\u00e4 suurempi hahmo. T\u00e4m\u00e4 ei ole muistelukirjoitus Petterin persoonasta, koska se ei ole minulle tuttu, vaan siit\u00e4 mit\u00e4 von Bagh merkitsi. Innostuin elokuvista toden teolla varhaisteini-i\u00e4ss\u00e4. Tuollon, 1990-luvun alkaessa, von Bagh oli Suom&hellip;\" \/>\n<meta property=\"og:url\" content=\"https:\/\/suomenkuvalehti.fi\/kuvien-takaa\/muistoja-peter-von-baghista\/\" \/>\n<meta property=\"og:site_name\" content=\"Kuvien takaa\" \/>\n<meta property=\"article:author\" content=\"https:\/\/www.facebook.com\/pages\/Kalle-Kinnunen-Kuvien-takaa\/190326157715410?fref=ts\" \/>\n<meta property=\"article:published_time\" content=\"2014-09-22T09:38:20+00:00\" \/>\n<meta property=\"article:modified_time\" content=\"2014-09-22T09:46:03+00:00\" \/>\n<meta property=\"og:image\" content=\"https:\/\/suomenkuvalehti.fi\/kuvien-takaa\/wp-content\/uploads\/sites\/11\/2022\/04\/kalle_kinnunen_blogi-1-scaled.jpg\" \/>\n\t<meta property=\"og:image:width\" content=\"2560\" \/>\n\t<meta property=\"og:image:height\" content=\"1707\" \/>\n\t<meta property=\"og:image:type\" content=\"image\/jpeg\" \/>\n<meta name=\"author\" content=\"Kalle Kinnunen\" \/>\n<meta name=\"twitter:card\" content=\"summary_large_image\" \/>\n<meta name=\"twitter:creator\" content=\"@https:\/\/twitter.com\/kallekinnunen\" \/>\n<meta name=\"twitter:label1\" content=\"Written by\" \/>\n\t<meta name=\"twitter:data1\" content=\"Kalle Kinnunen\" \/>\n\t<meta name=\"twitter:label2\" content=\"Est. reading time\" \/>\n\t<meta name=\"twitter:data2\" content=\"3 minuuttia\" \/>\n<script type=\"application\/ld+json\" class=\"yoast-schema-graph\">{\"@context\":\"https:\/\/schema.org\",\"@graph\":[{\"@type\":\"WebPage\",\"@id\":\"https:\/\/suomenkuvalehti.fi\/kuvien-takaa\/muistoja-peter-von-baghista\/\",\"url\":\"https:\/\/suomenkuvalehti.fi\/kuvien-takaa\/muistoja-peter-von-baghista\/\",\"name\":\"Muistoja Peter von Baghista - Kuvien takaa\",\"isPartOf\":{\"@id\":\"https:\/\/suomenkuvalehti.fi\/kuvien-takaa\/#website\"},\"datePublished\":\"2014-09-22T09:38:20+00:00\",\"dateModified\":\"2014-09-22T09:46:03+00:00\",\"author\":{\"@id\":\"https:\/\/suomenkuvalehti.fi\/kuvien-takaa\/#\/schema\/person\/f3f657e4ad409e008f12af27bec60a23\"},\"breadcrumb\":{\"@id\":\"https:\/\/suomenkuvalehti.fi\/kuvien-takaa\/muistoja-peter-von-baghista\/#breadcrumb\"},\"inLanguage\":\"fi\",\"potentialAction\":[{\"@type\":\"ReadAction\",\"target\":[\"https:\/\/suomenkuvalehti.fi\/kuvien-takaa\/muistoja-peter-von-baghista\/\"]}]},{\"@type\":\"BreadcrumbList\",\"@id\":\"https:\/\/suomenkuvalehti.fi\/kuvien-takaa\/muistoja-peter-von-baghista\/#breadcrumb\",\"itemListElement\":[{\"@type\":\"ListItem\",\"position\":1,\"name\":\"Home\",\"item\":\"https:\/\/suomenkuvalehti.fi\/kuvien-takaa\/\"},{\"@type\":\"ListItem\",\"position\":2,\"name\":\"Muistoja Peter von Baghista\"}]},{\"@type\":\"WebSite\",\"@id\":\"https:\/\/suomenkuvalehti.fi\/kuvien-takaa\/#website\",\"url\":\"https:\/\/suomenkuvalehti.fi\/kuvien-takaa\/\",\"name\":\"Kuvien takaa\",\"description\":\"Elokuvakriitikko Kalle Kinnusen elokuvablogi.\",\"potentialAction\":[{\"@type\":\"SearchAction\",\"target\":{\"@type\":\"EntryPoint\",\"urlTemplate\":\"https:\/\/suomenkuvalehti.fi\/haku\/?q={search_term_string}\"},\"query-input\":{\"@type\":\"PropertyValueSpecification\",\"valueRequired\":true,\"valueName\":\"search_term_string\"}}],\"inLanguage\":\"fi\"},{\"@type\":\"Person\",\"@id\":\"https:\/\/suomenkuvalehti.fi\/kuvien-takaa\/#\/schema\/person\/f3f657e4ad409e008f12af27bec60a23\",\"name\":\"Kalle Kinnunen\",\"image\":{\"@type\":\"ImageObject\",\"inLanguage\":\"fi\",\"@id\":\"https:\/\/suomenkuvalehti.fi\/kuvien-takaa\/#\/schema\/person\/image\/\",\"url\":\"https:\/\/suomenkuvalehti.fi\/kuvien-takaa\/wp-content\/uploads\/sites\/11\/2022\/04\/kalle_kinnunen_blogi-1-150x150.jpg\",\"contentUrl\":\"https:\/\/suomenkuvalehti.fi\/kuvien-takaa\/wp-content\/uploads\/sites\/11\/2022\/04\/kalle_kinnunen_blogi-1-150x150.jpg\",\"caption\":\"Kalle Kinnunen\"},\"description\":\"Kalle Kinnunen on vapaa toimittaja ja Suomen Kuvalehden avustaja.\",\"sameAs\":[\"https:\/\/www.facebook.com\/pages\/Kalle-Kinnunen-Kuvien-takaa\/190326157715410?fref=ts\",\"https:\/\/x.com\/https:\/\/twitter.com\/kallekinnunen\"]}]}<\/script>\n<!-- \/ Yoast SEO plugin. -->","yoast_head_json":{"title":"Muistoja Peter von Baghista - Kuvien takaa","robots":{"index":"index","follow":"follow","max-snippet":"max-snippet:-1","max-image-preview":"max-image-preview:large","max-video-preview":"max-video-preview:-1"},"canonical":"https:\/\/suomenkuvalehti.fi\/kuvien-takaa\/muistoja-peter-von-baghista\/","og_locale":"fi_FI","og_type":"article","og_title":"Muistoja Peter von Baghista - Kuvien takaa","og_description":"Peter von Bagh ei ollut koskaan sankarini. Von Bagh oli aina el\u00e4m\u00e4\u00e4 suurempi hahmo. T\u00e4m\u00e4 ei ole muistelukirjoitus Petterin persoonasta, koska se ei ole minulle tuttu, vaan siit\u00e4 mit\u00e4 von Bagh merkitsi. Innostuin elokuvista toden teolla varhaisteini-i\u00e4ss\u00e4. Tuollon, 1990-luvun alkaessa, von Bagh oli Suom&hellip;","og_url":"https:\/\/suomenkuvalehti.fi\/kuvien-takaa\/muistoja-peter-von-baghista\/","og_site_name":"Kuvien takaa","article_author":"https:\/\/www.facebook.com\/pages\/Kalle-Kinnunen-Kuvien-takaa\/190326157715410?fref=ts","article_published_time":"2014-09-22T09:38:20+00:00","article_modified_time":"2014-09-22T09:46:03+00:00","og_image":[{"width":2560,"height":1707,"url":"https:\/\/suomenkuvalehti.fi\/kuvien-takaa\/wp-content\/uploads\/sites\/11\/2022\/04\/kalle_kinnunen_blogi-1-scaled.jpg","type":"image\/jpeg"}],"author":"Kalle Kinnunen","twitter_card":"summary_large_image","twitter_creator":"@https:\/\/twitter.com\/kallekinnunen","twitter_misc":{"Written by":"Kalle Kinnunen","Est. reading time":"3 minuuttia"},"schema":{"@context":"https:\/\/schema.org","@graph":[{"@type":"WebPage","@id":"https:\/\/suomenkuvalehti.fi\/kuvien-takaa\/muistoja-peter-von-baghista\/","url":"https:\/\/suomenkuvalehti.fi\/kuvien-takaa\/muistoja-peter-von-baghista\/","name":"Muistoja Peter von Baghista - Kuvien takaa","isPartOf":{"@id":"https:\/\/suomenkuvalehti.fi\/kuvien-takaa\/#website"},"datePublished":"2014-09-22T09:38:20+00:00","dateModified":"2014-09-22T09:46:03+00:00","author":{"@id":"https:\/\/suomenkuvalehti.fi\/kuvien-takaa\/#\/schema\/person\/f3f657e4ad409e008f12af27bec60a23"},"breadcrumb":{"@id":"https:\/\/suomenkuvalehti.fi\/kuvien-takaa\/muistoja-peter-von-baghista\/#breadcrumb"},"inLanguage":"fi","potentialAction":[{"@type":"ReadAction","target":["https:\/\/suomenkuvalehti.fi\/kuvien-takaa\/muistoja-peter-von-baghista\/"]}]},{"@type":"BreadcrumbList","@id":"https:\/\/suomenkuvalehti.fi\/kuvien-takaa\/muistoja-peter-von-baghista\/#breadcrumb","itemListElement":[{"@type":"ListItem","position":1,"name":"Home","item":"https:\/\/suomenkuvalehti.fi\/kuvien-takaa\/"},{"@type":"ListItem","position":2,"name":"Muistoja Peter von Baghista"}]},{"@type":"WebSite","@id":"https:\/\/suomenkuvalehti.fi\/kuvien-takaa\/#website","url":"https:\/\/suomenkuvalehti.fi\/kuvien-takaa\/","name":"Kuvien takaa","description":"Elokuvakriitikko Kalle Kinnusen elokuvablogi.","potentialAction":[{"@type":"SearchAction","target":{"@type":"EntryPoint","urlTemplate":"https:\/\/suomenkuvalehti.fi\/haku\/?q={search_term_string}"},"query-input":{"@type":"PropertyValueSpecification","valueRequired":true,"valueName":"search_term_string"}}],"inLanguage":"fi"},{"@type":"Person","@id":"https:\/\/suomenkuvalehti.fi\/kuvien-takaa\/#\/schema\/person\/f3f657e4ad409e008f12af27bec60a23","name":"Kalle Kinnunen","image":{"@type":"ImageObject","inLanguage":"fi","@id":"https:\/\/suomenkuvalehti.fi\/kuvien-takaa\/#\/schema\/person\/image\/","url":"https:\/\/suomenkuvalehti.fi\/kuvien-takaa\/wp-content\/uploads\/sites\/11\/2022\/04\/kalle_kinnunen_blogi-1-150x150.jpg","contentUrl":"https:\/\/suomenkuvalehti.fi\/kuvien-takaa\/wp-content\/uploads\/sites\/11\/2022\/04\/kalle_kinnunen_blogi-1-150x150.jpg","caption":"Kalle Kinnunen"},"description":"Kalle Kinnunen on vapaa toimittaja ja Suomen Kuvalehden avustaja.","sameAs":["https:\/\/www.facebook.com\/pages\/Kalle-Kinnunen-Kuvien-takaa\/190326157715410?fref=ts","https:\/\/x.com\/https:\/\/twitter.com\/kallekinnunen"]}]}},"_links":{"self":[{"href":"https:\/\/suomenkuvalehti.fi\/kuvien-takaa\/wp-json\/wp\/v2\/posts\/2383","targetHints":{"allow":["GET"]}}],"collection":[{"href":"https:\/\/suomenkuvalehti.fi\/kuvien-takaa\/wp-json\/wp\/v2\/posts"}],"about":[{"href":"https:\/\/suomenkuvalehti.fi\/kuvien-takaa\/wp-json\/wp\/v2\/types\/post"}],"author":[{"embeddable":true,"href":"https:\/\/suomenkuvalehti.fi\/kuvien-takaa\/wp-json\/wp\/v2\/users\/144"}],"replies":[{"embeddable":true,"href":"https:\/\/suomenkuvalehti.fi\/kuvien-takaa\/wp-json\/wp\/v2\/comments?post=2383"}],"version-history":[{"count":6,"href":"https:\/\/suomenkuvalehti.fi\/kuvien-takaa\/wp-json\/wp\/v2\/posts\/2383\/revisions"}],"predecessor-version":[{"id":2390,"href":"https:\/\/suomenkuvalehti.fi\/kuvien-takaa\/wp-json\/wp\/v2\/posts\/2383\/revisions\/2390"}],"wp:attachment":[{"href":"https:\/\/suomenkuvalehti.fi\/kuvien-takaa\/wp-json\/wp\/v2\/media?parent=2383"}],"wp:term":[{"taxonomy":"category","embeddable":true,"href":"https:\/\/suomenkuvalehti.fi\/kuvien-takaa\/wp-json\/wp\/v2\/categories?post=2383"},{"taxonomy":"post_tag","embeddable":true,"href":"https:\/\/suomenkuvalehti.fi\/kuvien-takaa\/wp-json\/wp\/v2\/tags?post=2383"}],"curies":[{"name":"wp","href":"https:\/\/api.w.org\/{rel}","templated":true}]}}