{"id":2271,"date":"2014-08-01T13:10:18","date_gmt":"2014-08-01T10:10:18","guid":{"rendered":"https:\/\/suomenkuvalehti.fi\/kuvien-takaa\/?p=2271"},"modified":"2014-08-01T13:10:18","modified_gmt":"2014-08-01T10:10:18","slug":"ruotsalainen-hetki","status":"publish","type":"post","link":"https:\/\/suomenkuvalehti.fi\/kuvien-takaa\/ruotsalainen-hetki\/","title":{"rendered":"Ruotsalainen hetki: Haapkyl\u00e4n, Bj\u00f6rkmanin, Korpelan ja Knihtil\u00e4n oma rikoselokuva"},"content":{"rendered":"\n<p><strong>Minna Haapkyl\u00e4<\/strong>, <strong>Hannu-Pekka Bj\u00f6rkman<\/strong>, <strong>Tommi Korpela<\/strong> ja <strong>Elina Knihtil\u00e4<\/strong> tekiv\u00e4t elokuvan. Ykk\u00f6srivin n\u00e4yttelij\u00e4t my\u00f6s ohjasivat <em>Ruotsalaisen hetken<\/em> itse, yhdess\u00e4.<\/p>\n\n\n\n<p>Elokuvasta ilmestyi taannoin <a href=\"https:\/\/vimeo.com\/99029693\" target=\"_blank\">teaser-traileri<\/a>.<\/p>\n\n\n\n<p>Syksyn kotimaisista elokuvista Ruotsalainen hetki erottuu my\u00f6s teemoiltaan: se on rikoselokuva ja musta komedia. &#8221;<em>Ruotsalainen hetki<\/em> kertoo Suomen suosituimmasta iskelm\u00e4laulajasta, jonka ainoat ongelmat ovat arvaamaton vaimo ja ruumis auton takakontissa&#8221;, kuuluu <a href=\"http:\/\/elokuvauutiset.fi\/site\/uutiset2\/kotimaa2\/4895-haapkyla-bjorkman-korpela-ja-knihtila-ohjaavat-elokuvan\" target=\"_blank\">juonitiivistelm\u00e4<\/a>.<\/p>\n\n\n\n<p>Tuottaja <strong>Mark Lwoff<\/strong> kuvailee tekotapaa &#8221;ensemble-tyyliseksi&#8221;. N\u00e4yttelij\u00e4t ovat tuoneet teatterin puolella jalostetun yhteis\u00f6llisen luomisprosessin elokuvaan.<\/p>\n\n\n\n<p>Itse asiassa ainakin <a href=\"http:\/\/www.imdb.com\/title\/tt3435570\/fullcredits?ref_=tt_ov_dr#directors\" target=\"_blank\">IMDb:ss\u00e4 ohjaajiksi<\/a> on kreditoitu my\u00f6s k\u00e4sikirjoittaja-kirjailija <strong>Teemu Kaskinen<\/strong> ja Lwoff itse. Ohjaajia olisi siis per\u00e4ti kuusi.<\/p>\n\n\n\n<p>Marraskuussa ensi-iltansa saavan elokuvan budjetti on pienehk\u00f6, vain puoli miljoonaa euroa. Ainakin luvassa on teos, jota ei ole rakennettu teollisella prosessilla ja kohderyhm\u00e4ajattelulla. Ei t\u00e4llaista l\u00e4hdet\u00e4 tekem\u00e4\u00e4n muuten kuin into- ja kunnianhimosta.<\/p>\n\n\n","protected":false},"excerpt":{"rendered":"<p>Minna Haapkyl\u00e4, Hannu-Pekka Bj\u00f6rkman, Tommi Korpela ja Elina Knihtil\u00e4 tekiv\u00e4t elokuvan. Ykk\u00f6srivin n\u00e4yttelij\u00e4t my\u00f6s ohjasivat Ruotsalaisen hetken itse, yhdess\u00e4. Elokuvasta ilmestyi taannoin teaser-traileri. Syksyn kotimaisista elokuvista<br \/>\nRuotsala&hellip;<\/p>\n","protected":false},"author":144,"featured_media":0,"comment_status":"open","ping_status":"closed","sticky":false,"template":"","format":"standard","meta":{"_acf_changed":false,"asauth_required_access_level":3,"asauth_cansharepaid":"true","om_header_attributes":[],"footnotes":"","om_featured_image_focal_point":[],"om_primary_tag":0,"om_contributors":[],"om_co_authors":[],"beyondwords_generate_audio":"","beyondwords_project_id":"","beyondwords_content_id":"","beyondwords_preview_token":"","beyondwords_player_content":"","beyondwords_player_style":"","beyondwords_language_code":"","beyondwords_language_id":"","beyondwords_title_voice_id":"","beyondwords_body_voice_id":"","beyondwords_summary_voice_id":"","beyondwords_error_message":"","beyondwords_disabled":"","beyondwords_delete_content":"","beyondwords_podcast_id":"","beyondwords_hash":"","publish_post_to_speechkit":"","speechkit_hash":"","speechkit_generate_audio":"","speechkit_project_id":"","speechkit_podcast_id":"","speechkit_error_message":"","speechkit_disabled":"","speechkit_access_key":"","speechkit_error":"","speechkit_info":"","speechkit_response":"","speechkit_retries":"","speechkit_status":"","speechkit_updated_at":"","_speechkit_link":"","_speechkit_text":""},"categories":[1],"tags":[1955,1952,1956,1953,1951,10,1954],"class_list":["post-2271","post","type-post","status-publish","format-standard","hentry","category-kuvien-takaa","tag-elina-knihtila","tag-hannu-pekka-bjorkman","tag-mark-lwoff","tag-minna-haapkyla","tag-ruotsalainen-hetki","tag-suomalainen-elokuva","tag-tommi-korpela"],"om_views":null,"acf":{"tuuma_off":false,"tuuma_kysymys":"","tuuma_vastaus":""},"asauth":{"required_access_level":1,"share_token":"","is_paid":false},"yoast_head":"<!-- This site is optimized with the Yoast SEO plugin v26.4 - https:\/\/yoast.com\/wordpress\/plugins\/seo\/ -->\n<title>Ruotsalainen hetki: Haapkyl\u00e4n, Bj\u00f6rkmanin, Korpelan ja Knihtil\u00e4n oma rikoselokuva - Kuvien takaa<\/title>\n<meta name=\"description\" content=\"Ensemble-elokuva ei ole ainakaan mik\u00e4\u00e4n umpikaupallinen tuote.\" \/>\n<meta name=\"robots\" content=\"index, follow, max-snippet:-1, max-image-preview:large, max-video-preview:-1\" \/>\n<link rel=\"canonical\" href=\"https:\/\/suomenkuvalehti.fi\/kuvien-takaa\/ruotsalainen-hetki\/\" \/>\n<meta property=\"og:locale\" content=\"fi_FI\" \/>\n<meta property=\"og:type\" content=\"article\" \/>\n<meta property=\"og:title\" content=\"Ruotsalainen hetki: Haapkyl\u00e4n, Bj\u00f6rkmanin, Korpelan ja Knihtil\u00e4n oma rikoselokuva - Kuvien takaa\" \/>\n<meta property=\"og:description\" content=\"Ensemble-elokuva ei ole ainakaan mik\u00e4\u00e4n umpikaupallinen tuote.\" \/>\n<meta property=\"og:url\" content=\"https:\/\/suomenkuvalehti.fi\/kuvien-takaa\/ruotsalainen-hetki\/\" \/>\n<meta property=\"og:site_name\" content=\"Kuvien takaa\" \/>\n<meta property=\"article:author\" content=\"https:\/\/www.facebook.com\/pages\/Kalle-Kinnunen-Kuvien-takaa\/190326157715410?fref=ts\" \/>\n<meta property=\"article:published_time\" content=\"2014-08-01T10:10:18+00:00\" \/>\n<meta property=\"og:image\" content=\"https:\/\/suomenkuvalehti.fi\/kuvien-takaa\/wp-content\/uploads\/sites\/11\/2022\/04\/kalle_kinnunen_blogi-1-scaled.jpg\" \/>\n\t<meta property=\"og:image:width\" content=\"2560\" \/>\n\t<meta property=\"og:image:height\" content=\"1707\" \/>\n\t<meta property=\"og:image:type\" content=\"image\/jpeg\" \/>\n<meta name=\"author\" content=\"Kalle Kinnunen\" \/>\n<meta name=\"twitter:card\" content=\"summary_large_image\" \/>\n<meta name=\"twitter:creator\" content=\"@https:\/\/twitter.com\/kallekinnunen\" \/>\n<meta name=\"twitter:label1\" content=\"Written by\" \/>\n\t<meta name=\"twitter:data1\" content=\"Kalle Kinnunen\" \/>\n\t<meta name=\"twitter:label2\" content=\"Est. reading time\" \/>\n\t<meta name=\"twitter:data2\" content=\"1 minuutti\" \/>\n<script type=\"application\/ld+json\" class=\"yoast-schema-graph\">{\"@context\":\"https:\/\/schema.org\",\"@graph\":[{\"@type\":\"WebPage\",\"@id\":\"https:\/\/suomenkuvalehti.fi\/kuvien-takaa\/ruotsalainen-hetki\/\",\"url\":\"https:\/\/suomenkuvalehti.fi\/kuvien-takaa\/ruotsalainen-hetki\/\",\"name\":\"Ruotsalainen hetki: Haapkyl\u00e4n, Bj\u00f6rkmanin, Korpelan ja Knihtil\u00e4n oma rikoselokuva - Kuvien takaa\",\"isPartOf\":{\"@id\":\"https:\/\/suomenkuvalehti.fi\/kuvien-takaa\/#website\"},\"datePublished\":\"2014-08-01T10:10:18+00:00\",\"author\":{\"@id\":\"https:\/\/suomenkuvalehti.fi\/kuvien-takaa\/#\/schema\/person\/f3f657e4ad409e008f12af27bec60a23\"},\"description\":\"Ensemble-elokuva ei ole ainakaan mik\u00e4\u00e4n umpikaupallinen tuote.\",\"breadcrumb\":{\"@id\":\"https:\/\/suomenkuvalehti.fi\/kuvien-takaa\/ruotsalainen-hetki\/#breadcrumb\"},\"inLanguage\":\"fi\",\"potentialAction\":[{\"@type\":\"ReadAction\",\"target\":[\"https:\/\/suomenkuvalehti.fi\/kuvien-takaa\/ruotsalainen-hetki\/\"]}]},{\"@type\":\"BreadcrumbList\",\"@id\":\"https:\/\/suomenkuvalehti.fi\/kuvien-takaa\/ruotsalainen-hetki\/#breadcrumb\",\"itemListElement\":[{\"@type\":\"ListItem\",\"position\":1,\"name\":\"Home\",\"item\":\"https:\/\/suomenkuvalehti.fi\/kuvien-takaa\/\"},{\"@type\":\"ListItem\",\"position\":2,\"name\":\"Ruotsalainen hetki: Haapkyl\u00e4n, Bj\u00f6rkmanin, Korpelan ja Knihtil\u00e4n oma rikoselokuva\"}]},{\"@type\":\"WebSite\",\"@id\":\"https:\/\/suomenkuvalehti.fi\/kuvien-takaa\/#website\",\"url\":\"https:\/\/suomenkuvalehti.fi\/kuvien-takaa\/\",\"name\":\"Kuvien takaa\",\"description\":\"Elokuvakriitikko Kalle Kinnusen elokuvablogi.\",\"potentialAction\":[{\"@type\":\"SearchAction\",\"target\":{\"@type\":\"EntryPoint\",\"urlTemplate\":\"https:\/\/suomenkuvalehti.fi\/haku\/?q={search_term_string}\"},\"query-input\":{\"@type\":\"PropertyValueSpecification\",\"valueRequired\":true,\"valueName\":\"search_term_string\"}}],\"inLanguage\":\"fi\"},{\"@type\":\"Person\",\"@id\":\"https:\/\/suomenkuvalehti.fi\/kuvien-takaa\/#\/schema\/person\/f3f657e4ad409e008f12af27bec60a23\",\"name\":\"Kalle Kinnunen\",\"image\":{\"@type\":\"ImageObject\",\"inLanguage\":\"fi\",\"@id\":\"https:\/\/suomenkuvalehti.fi\/kuvien-takaa\/#\/schema\/person\/image\/\",\"url\":\"https:\/\/suomenkuvalehti.fi\/kuvien-takaa\/wp-content\/uploads\/sites\/11\/2022\/04\/kalle_kinnunen_blogi-1-150x150.jpg\",\"contentUrl\":\"https:\/\/suomenkuvalehti.fi\/kuvien-takaa\/wp-content\/uploads\/sites\/11\/2022\/04\/kalle_kinnunen_blogi-1-150x150.jpg\",\"caption\":\"Kalle Kinnunen\"},\"description\":\"Kalle Kinnunen on vapaa toimittaja ja Suomen Kuvalehden avustaja.\",\"sameAs\":[\"https:\/\/www.facebook.com\/pages\/Kalle-Kinnunen-Kuvien-takaa\/190326157715410?fref=ts\",\"https:\/\/x.com\/https:\/\/twitter.com\/kallekinnunen\"]}]}<\/script>\n<!-- \/ Yoast SEO plugin. -->","yoast_head_json":{"title":"Ruotsalainen hetki: Haapkyl\u00e4n, Bj\u00f6rkmanin, Korpelan ja Knihtil\u00e4n oma rikoselokuva - Kuvien takaa","description":"Ensemble-elokuva ei ole ainakaan mik\u00e4\u00e4n umpikaupallinen tuote.","robots":{"index":"index","follow":"follow","max-snippet":"max-snippet:-1","max-image-preview":"max-image-preview:large","max-video-preview":"max-video-preview:-1"},"canonical":"https:\/\/suomenkuvalehti.fi\/kuvien-takaa\/ruotsalainen-hetki\/","og_locale":"fi_FI","og_type":"article","og_title":"Ruotsalainen hetki: Haapkyl\u00e4n, Bj\u00f6rkmanin, Korpelan ja Knihtil\u00e4n oma rikoselokuva - Kuvien takaa","og_description":"Ensemble-elokuva ei ole ainakaan mik\u00e4\u00e4n umpikaupallinen tuote.","og_url":"https:\/\/suomenkuvalehti.fi\/kuvien-takaa\/ruotsalainen-hetki\/","og_site_name":"Kuvien takaa","article_author":"https:\/\/www.facebook.com\/pages\/Kalle-Kinnunen-Kuvien-takaa\/190326157715410?fref=ts","article_published_time":"2014-08-01T10:10:18+00:00","og_image":[{"width":2560,"height":1707,"url":"https:\/\/suomenkuvalehti.fi\/kuvien-takaa\/wp-content\/uploads\/sites\/11\/2022\/04\/kalle_kinnunen_blogi-1-scaled.jpg","type":"image\/jpeg"}],"author":"Kalle Kinnunen","twitter_card":"summary_large_image","twitter_creator":"@https:\/\/twitter.com\/kallekinnunen","twitter_misc":{"Written by":"Kalle Kinnunen","Est. reading time":"1 minuutti"},"schema":{"@context":"https:\/\/schema.org","@graph":[{"@type":"WebPage","@id":"https:\/\/suomenkuvalehti.fi\/kuvien-takaa\/ruotsalainen-hetki\/","url":"https:\/\/suomenkuvalehti.fi\/kuvien-takaa\/ruotsalainen-hetki\/","name":"Ruotsalainen hetki: Haapkyl\u00e4n, Bj\u00f6rkmanin, Korpelan ja Knihtil\u00e4n oma rikoselokuva - Kuvien takaa","isPartOf":{"@id":"https:\/\/suomenkuvalehti.fi\/kuvien-takaa\/#website"},"datePublished":"2014-08-01T10:10:18+00:00","author":{"@id":"https:\/\/suomenkuvalehti.fi\/kuvien-takaa\/#\/schema\/person\/f3f657e4ad409e008f12af27bec60a23"},"description":"Ensemble-elokuva ei ole ainakaan mik\u00e4\u00e4n umpikaupallinen tuote.","breadcrumb":{"@id":"https:\/\/suomenkuvalehti.fi\/kuvien-takaa\/ruotsalainen-hetki\/#breadcrumb"},"inLanguage":"fi","potentialAction":[{"@type":"ReadAction","target":["https:\/\/suomenkuvalehti.fi\/kuvien-takaa\/ruotsalainen-hetki\/"]}]},{"@type":"BreadcrumbList","@id":"https:\/\/suomenkuvalehti.fi\/kuvien-takaa\/ruotsalainen-hetki\/#breadcrumb","itemListElement":[{"@type":"ListItem","position":1,"name":"Home","item":"https:\/\/suomenkuvalehti.fi\/kuvien-takaa\/"},{"@type":"ListItem","position":2,"name":"Ruotsalainen hetki: Haapkyl\u00e4n, Bj\u00f6rkmanin, Korpelan ja Knihtil\u00e4n oma rikoselokuva"}]},{"@type":"WebSite","@id":"https:\/\/suomenkuvalehti.fi\/kuvien-takaa\/#website","url":"https:\/\/suomenkuvalehti.fi\/kuvien-takaa\/","name":"Kuvien takaa","description":"Elokuvakriitikko Kalle Kinnusen elokuvablogi.","potentialAction":[{"@type":"SearchAction","target":{"@type":"EntryPoint","urlTemplate":"https:\/\/suomenkuvalehti.fi\/haku\/?q={search_term_string}"},"query-input":{"@type":"PropertyValueSpecification","valueRequired":true,"valueName":"search_term_string"}}],"inLanguage":"fi"},{"@type":"Person","@id":"https:\/\/suomenkuvalehti.fi\/kuvien-takaa\/#\/schema\/person\/f3f657e4ad409e008f12af27bec60a23","name":"Kalle Kinnunen","image":{"@type":"ImageObject","inLanguage":"fi","@id":"https:\/\/suomenkuvalehti.fi\/kuvien-takaa\/#\/schema\/person\/image\/","url":"https:\/\/suomenkuvalehti.fi\/kuvien-takaa\/wp-content\/uploads\/sites\/11\/2022\/04\/kalle_kinnunen_blogi-1-150x150.jpg","contentUrl":"https:\/\/suomenkuvalehti.fi\/kuvien-takaa\/wp-content\/uploads\/sites\/11\/2022\/04\/kalle_kinnunen_blogi-1-150x150.jpg","caption":"Kalle Kinnunen"},"description":"Kalle Kinnunen on vapaa toimittaja ja Suomen Kuvalehden avustaja.","sameAs":["https:\/\/www.facebook.com\/pages\/Kalle-Kinnunen-Kuvien-takaa\/190326157715410?fref=ts","https:\/\/x.com\/https:\/\/twitter.com\/kallekinnunen"]}]}},"_links":{"self":[{"href":"https:\/\/suomenkuvalehti.fi\/kuvien-takaa\/wp-json\/wp\/v2\/posts\/2271","targetHints":{"allow":["GET"]}}],"collection":[{"href":"https:\/\/suomenkuvalehti.fi\/kuvien-takaa\/wp-json\/wp\/v2\/posts"}],"about":[{"href":"https:\/\/suomenkuvalehti.fi\/kuvien-takaa\/wp-json\/wp\/v2\/types\/post"}],"author":[{"embeddable":true,"href":"https:\/\/suomenkuvalehti.fi\/kuvien-takaa\/wp-json\/wp\/v2\/users\/144"}],"replies":[{"embeddable":true,"href":"https:\/\/suomenkuvalehti.fi\/kuvien-takaa\/wp-json\/wp\/v2\/comments?post=2271"}],"version-history":[{"count":3,"href":"https:\/\/suomenkuvalehti.fi\/kuvien-takaa\/wp-json\/wp\/v2\/posts\/2271\/revisions"}],"predecessor-version":[{"id":2274,"href":"https:\/\/suomenkuvalehti.fi\/kuvien-takaa\/wp-json\/wp\/v2\/posts\/2271\/revisions\/2274"}],"wp:attachment":[{"href":"https:\/\/suomenkuvalehti.fi\/kuvien-takaa\/wp-json\/wp\/v2\/media?parent=2271"}],"wp:term":[{"taxonomy":"category","embeddable":true,"href":"https:\/\/suomenkuvalehti.fi\/kuvien-takaa\/wp-json\/wp\/v2\/categories?post=2271"},{"taxonomy":"post_tag","embeddable":true,"href":"https:\/\/suomenkuvalehti.fi\/kuvien-takaa\/wp-json\/wp\/v2\/tags?post=2271"}],"curies":[{"name":"wp","href":"https:\/\/api.w.org\/{rel}","templated":true}]}}