{"id":2257,"date":"2014-07-25T15:14:24","date_gmt":"2014-07-25T12:14:24","guid":{"rendered":"https:\/\/suomenkuvalehti.fi\/kuvien-takaa\/?p=2257"},"modified":"2014-07-25T15:16:26","modified_gmt":"2014-07-25T12:16:26","slug":"syoko-piratismi-stallonen-leivan-expendables-3-vuodettiin-nettiin-ennen-ensi-iltaa","status":"publish","type":"post","link":"https:\/\/suomenkuvalehti.fi\/kuvien-takaa\/syoko-piratismi-stallonen-leivan-expendables-3-vuodettiin-nettiin-ennen-ensi-iltaa\/","title":{"rendered":"Sy\u00f6k\u00f6 piratismi Stallonen leiv\u00e4n? Expendables 3 vuodettiin nettiin ennen ensi-iltaa"},"content":{"rendered":"\n<p>T\u00e4m\u00e4 on todenn\u00e4k\u00f6isesti toistaiseksi pahin elokuvapiratismitapaus.<\/p>\n\n\n\n<p><em>Expendables 3<\/em>, jonka maailmanlaajuiseen levitysensi-iltaan on kolme viikkoa, ilmestyi nettiin keskiviikkona, <a href=\"http:\/\/variety.com\/2014\/digital\/news\/expendables-3-leaks-online-pirated-copy-downloaded-189000-times-in-24-hours-1201268947\/\" target=\"_blank\">kertoo Variety<\/a>.<\/p>\n\n\n\n<p>Lehden mukaan piraatti on dvd-tasoinen, eli ilmeisesti varsin laadukas. Piratismianalyytikkofirmasta kerrotaan jutussa, ett\u00e4 24 tunnin aikana latauksia oli laskettavissa noin 190 000, joista noin 80% Yhdysvaltojen ulkopuolella.<\/p>\n\n\n\n<p>Expendables-tyyppisen, ennen kaikkea nuorille miehille suunnatun kertak\u00e4ytt\u00f6rymistelyn kohdalla piratismi saattaa todella sy\u00f6d\u00e4 lipputuloja. Kun elokuva on kerran nettiin p\u00e4\u00e4tynyt, se ei sielt\u00e4 katoa (ennen kuin koko internet sammutetaan, ja siihen ei pysty edes <strong>Chuck Norris<\/strong>).<\/p>\n\n\n\n<p>Tietysti jos elokuva olisi merkitt\u00e4v\u00e4sti parempi kuin aiemmat, varsin vaisut Expendablesit (t\u00e4m\u00e4 ei olisi mahdotonta, ohjaajakin on nyt lahjakas <strong>Patrick Hughes<\/strong>), piratismi saattaa my\u00f6s levitt\u00e4\u00e4 sanaa ja jopa nostaa lipputuloja. Suurin osa piraateista kun tuskin on samoja katsojia, jotka olisivat leffateatterilipusta maksaneet.<\/p>\n\n\n\n<p>T\u00e4m\u00e4n tason tuotannon &#8211; 100 miljoonan taalan budjetti, t\u00e4htin\u00e4 <strong>Sylvester Stallone<\/strong>, <strong>Arnold Schwartzenegger<\/strong>, <strong>Mel Gibson<\/strong> ja <strong>Jason Statham<\/strong> &#8211; nettivuoto hyv\u00e4ll\u00e4 kuvanlaadulla ennen ensi-iltaa on joka tapauksessa ennenkuulumatonta. (Norris ei ole t\u00e4ll\u00e4 kertaa mukana.)<\/p>\n\n\n\n<p>N\u00f6rtit vastaan muskelit -skaban taloudellisia tuloksia voidaan ihmetell\u00e4 15.8. alkaen, kun Expendables 3 saapuu <em>my\u00f6s<\/em> valkokankaille Suomessakin.<\/p>\n\n\n\n<p>&nbsp;<\/p>\n\n\n","protected":false},"excerpt":{"rendered":"<p>T\u00e4m\u00e4 on todenn\u00e4k\u00f6isesti toistaiseksi pahin elokuvapiratismitapaus. Expendables 3, jonka maailmanlaajuiseen levitysensi-iltaan on kolme viikkoa, ilmestyi nettiin keskiviikkona, kertoo Variety. Lehden mukaan piraatti on dvd-tasoinen, eli<br \/>\nilm&hellip;<\/p>\n","protected":false},"author":144,"featured_media":0,"comment_status":"open","ping_status":"closed","sticky":false,"template":"","format":"standard","meta":{"_acf_changed":false,"asauth_required_access_level":3,"asauth_cansharepaid":"true","om_header_attributes":[],"footnotes":"","om_featured_image_focal_point":[],"om_primary_tag":0,"om_contributors":[],"om_co_authors":[],"beyondwords_generate_audio":"","beyondwords_project_id":"","beyondwords_content_id":"","beyondwords_preview_token":"","beyondwords_player_content":"","beyondwords_player_style":"","beyondwords_language_code":"","beyondwords_language_id":"","beyondwords_title_voice_id":"","beyondwords_body_voice_id":"","beyondwords_summary_voice_id":"","beyondwords_error_message":"","beyondwords_disabled":"","beyondwords_delete_content":"","beyondwords_podcast_id":"","beyondwords_hash":"","publish_post_to_speechkit":"","speechkit_hash":"","speechkit_generate_audio":"","speechkit_project_id":"","speechkit_podcast_id":"","speechkit_error_message":"","speechkit_disabled":"","speechkit_access_key":"","speechkit_error":"","speechkit_info":"","speechkit_response":"","speechkit_retries":"","speechkit_status":"","speechkit_updated_at":"","_speechkit_link":"","_speechkit_text":""},"categories":[1],"tags":[299,1948,703,1271],"class_list":["post-2257","post","type-post","status-publish","format-standard","hentry","category-kuvien-takaa","tag-arnold-schwarzenegger","tag-expendables-3","tag-sylvester-stallone","tag-the-expendables"],"om_views":null,"acf":{"tuuma_off":false,"tuuma_kysymys":"","tuuma_vastaus":""},"asauth":{"required_access_level":1,"share_token":"","is_paid":false},"yoast_head":"<!-- This site is optimized with the Yoast SEO plugin v26.4 - https:\/\/yoast.com\/wordpress\/plugins\/seo\/ -->\n<title>Sy\u00f6k\u00f6 piratismi Stallonen leiv\u00e4n? Expendables 3 vuodettiin nettiin ennen ensi-iltaa - Kuvien takaa<\/title>\n<meta name=\"description\" content=\"Uusi Expendables on netiss\u00e4 piraattiversiona per\u00e4ti kolme viikkoa ennen virallista maailmanensi-iltaa.\" \/>\n<meta name=\"robots\" content=\"index, follow, max-snippet:-1, max-image-preview:large, max-video-preview:-1\" \/>\n<link rel=\"canonical\" href=\"https:\/\/suomenkuvalehti.fi\/kuvien-takaa\/syoko-piratismi-stallonen-leivan-expendables-3-vuodettiin-nettiin-ennen-ensi-iltaa\/\" \/>\n<meta property=\"og:locale\" content=\"fi_FI\" \/>\n<meta property=\"og:type\" content=\"article\" \/>\n<meta property=\"og:title\" content=\"Sy\u00f6k\u00f6 piratismi Stallonen leiv\u00e4n? Expendables 3 vuodettiin nettiin ennen ensi-iltaa - Kuvien takaa\" \/>\n<meta property=\"og:description\" content=\"Uusi Expendables on netiss\u00e4 piraattiversiona per\u00e4ti kolme viikkoa ennen virallista maailmanensi-iltaa.\" \/>\n<meta property=\"og:url\" content=\"https:\/\/suomenkuvalehti.fi\/kuvien-takaa\/syoko-piratismi-stallonen-leivan-expendables-3-vuodettiin-nettiin-ennen-ensi-iltaa\/\" \/>\n<meta property=\"og:site_name\" content=\"Kuvien takaa\" \/>\n<meta property=\"article:author\" content=\"https:\/\/www.facebook.com\/pages\/Kalle-Kinnunen-Kuvien-takaa\/190326157715410?fref=ts\" \/>\n<meta property=\"article:published_time\" content=\"2014-07-25T12:14:24+00:00\" \/>\n<meta property=\"article:modified_time\" content=\"2014-07-25T12:16:26+00:00\" \/>\n<meta property=\"og:image\" content=\"https:\/\/suomenkuvalehti.fi\/kuvien-takaa\/wp-content\/uploads\/sites\/11\/2022\/04\/kalle_kinnunen_blogi-1-scaled.jpg\" \/>\n\t<meta property=\"og:image:width\" content=\"2560\" \/>\n\t<meta property=\"og:image:height\" content=\"1707\" \/>\n\t<meta property=\"og:image:type\" content=\"image\/jpeg\" \/>\n<meta name=\"author\" content=\"Kalle Kinnunen\" \/>\n<meta name=\"twitter:card\" content=\"summary_large_image\" \/>\n<meta name=\"twitter:creator\" content=\"@https:\/\/twitter.com\/kallekinnunen\" \/>\n<meta name=\"twitter:label1\" content=\"Written by\" \/>\n\t<meta name=\"twitter:data1\" content=\"Kalle Kinnunen\" \/>\n\t<meta name=\"twitter:label2\" content=\"Est. reading time\" \/>\n\t<meta name=\"twitter:data2\" content=\"1 minuutti\" \/>\n<script type=\"application\/ld+json\" class=\"yoast-schema-graph\">{\"@context\":\"https:\/\/schema.org\",\"@graph\":[{\"@type\":\"WebPage\",\"@id\":\"https:\/\/suomenkuvalehti.fi\/kuvien-takaa\/syoko-piratismi-stallonen-leivan-expendables-3-vuodettiin-nettiin-ennen-ensi-iltaa\/\",\"url\":\"https:\/\/suomenkuvalehti.fi\/kuvien-takaa\/syoko-piratismi-stallonen-leivan-expendables-3-vuodettiin-nettiin-ennen-ensi-iltaa\/\",\"name\":\"Sy\u00f6k\u00f6 piratismi Stallonen leiv\u00e4n? Expendables 3 vuodettiin nettiin ennen ensi-iltaa - Kuvien takaa\",\"isPartOf\":{\"@id\":\"https:\/\/suomenkuvalehti.fi\/kuvien-takaa\/#website\"},\"datePublished\":\"2014-07-25T12:14:24+00:00\",\"dateModified\":\"2014-07-25T12:16:26+00:00\",\"author\":{\"@id\":\"https:\/\/suomenkuvalehti.fi\/kuvien-takaa\/#\/schema\/person\/f3f657e4ad409e008f12af27bec60a23\"},\"description\":\"Uusi Expendables on netiss\u00e4 piraattiversiona per\u00e4ti kolme viikkoa ennen virallista maailmanensi-iltaa.\",\"breadcrumb\":{\"@id\":\"https:\/\/suomenkuvalehti.fi\/kuvien-takaa\/syoko-piratismi-stallonen-leivan-expendables-3-vuodettiin-nettiin-ennen-ensi-iltaa\/#breadcrumb\"},\"inLanguage\":\"fi\",\"potentialAction\":[{\"@type\":\"ReadAction\",\"target\":[\"https:\/\/suomenkuvalehti.fi\/kuvien-takaa\/syoko-piratismi-stallonen-leivan-expendables-3-vuodettiin-nettiin-ennen-ensi-iltaa\/\"]}]},{\"@type\":\"BreadcrumbList\",\"@id\":\"https:\/\/suomenkuvalehti.fi\/kuvien-takaa\/syoko-piratismi-stallonen-leivan-expendables-3-vuodettiin-nettiin-ennen-ensi-iltaa\/#breadcrumb\",\"itemListElement\":[{\"@type\":\"ListItem\",\"position\":1,\"name\":\"Home\",\"item\":\"https:\/\/suomenkuvalehti.fi\/kuvien-takaa\/\"},{\"@type\":\"ListItem\",\"position\":2,\"name\":\"Sy\u00f6k\u00f6 piratismi Stallonen leiv\u00e4n? Expendables 3 vuodettiin nettiin ennen ensi-iltaa\"}]},{\"@type\":\"WebSite\",\"@id\":\"https:\/\/suomenkuvalehti.fi\/kuvien-takaa\/#website\",\"url\":\"https:\/\/suomenkuvalehti.fi\/kuvien-takaa\/\",\"name\":\"Kuvien takaa\",\"description\":\"Elokuvakriitikko Kalle Kinnusen elokuvablogi.\",\"potentialAction\":[{\"@type\":\"SearchAction\",\"target\":{\"@type\":\"EntryPoint\",\"urlTemplate\":\"https:\/\/suomenkuvalehti.fi\/haku\/?q={search_term_string}\"},\"query-input\":{\"@type\":\"PropertyValueSpecification\",\"valueRequired\":true,\"valueName\":\"search_term_string\"}}],\"inLanguage\":\"fi\"},{\"@type\":\"Person\",\"@id\":\"https:\/\/suomenkuvalehti.fi\/kuvien-takaa\/#\/schema\/person\/f3f657e4ad409e008f12af27bec60a23\",\"name\":\"Kalle Kinnunen\",\"image\":{\"@type\":\"ImageObject\",\"inLanguage\":\"fi\",\"@id\":\"https:\/\/suomenkuvalehti.fi\/kuvien-takaa\/#\/schema\/person\/image\/\",\"url\":\"https:\/\/suomenkuvalehti.fi\/kuvien-takaa\/wp-content\/uploads\/sites\/11\/2022\/04\/kalle_kinnunen_blogi-1-150x150.jpg\",\"contentUrl\":\"https:\/\/suomenkuvalehti.fi\/kuvien-takaa\/wp-content\/uploads\/sites\/11\/2022\/04\/kalle_kinnunen_blogi-1-150x150.jpg\",\"caption\":\"Kalle Kinnunen\"},\"description\":\"Kalle Kinnunen on vapaa toimittaja ja Suomen Kuvalehden avustaja.\",\"sameAs\":[\"https:\/\/www.facebook.com\/pages\/Kalle-Kinnunen-Kuvien-takaa\/190326157715410?fref=ts\",\"https:\/\/x.com\/https:\/\/twitter.com\/kallekinnunen\"]}]}<\/script>\n<!-- \/ Yoast SEO plugin. -->","yoast_head_json":{"title":"Sy\u00f6k\u00f6 piratismi Stallonen leiv\u00e4n? Expendables 3 vuodettiin nettiin ennen ensi-iltaa - Kuvien takaa","description":"Uusi Expendables on netiss\u00e4 piraattiversiona per\u00e4ti kolme viikkoa ennen virallista maailmanensi-iltaa.","robots":{"index":"index","follow":"follow","max-snippet":"max-snippet:-1","max-image-preview":"max-image-preview:large","max-video-preview":"max-video-preview:-1"},"canonical":"https:\/\/suomenkuvalehti.fi\/kuvien-takaa\/syoko-piratismi-stallonen-leivan-expendables-3-vuodettiin-nettiin-ennen-ensi-iltaa\/","og_locale":"fi_FI","og_type":"article","og_title":"Sy\u00f6k\u00f6 piratismi Stallonen leiv\u00e4n? Expendables 3 vuodettiin nettiin ennen ensi-iltaa - Kuvien takaa","og_description":"Uusi Expendables on netiss\u00e4 piraattiversiona per\u00e4ti kolme viikkoa ennen virallista maailmanensi-iltaa.","og_url":"https:\/\/suomenkuvalehti.fi\/kuvien-takaa\/syoko-piratismi-stallonen-leivan-expendables-3-vuodettiin-nettiin-ennen-ensi-iltaa\/","og_site_name":"Kuvien takaa","article_author":"https:\/\/www.facebook.com\/pages\/Kalle-Kinnunen-Kuvien-takaa\/190326157715410?fref=ts","article_published_time":"2014-07-25T12:14:24+00:00","article_modified_time":"2014-07-25T12:16:26+00:00","og_image":[{"width":2560,"height":1707,"url":"https:\/\/suomenkuvalehti.fi\/kuvien-takaa\/wp-content\/uploads\/sites\/11\/2022\/04\/kalle_kinnunen_blogi-1-scaled.jpg","type":"image\/jpeg"}],"author":"Kalle Kinnunen","twitter_card":"summary_large_image","twitter_creator":"@https:\/\/twitter.com\/kallekinnunen","twitter_misc":{"Written by":"Kalle Kinnunen","Est. reading time":"1 minuutti"},"schema":{"@context":"https:\/\/schema.org","@graph":[{"@type":"WebPage","@id":"https:\/\/suomenkuvalehti.fi\/kuvien-takaa\/syoko-piratismi-stallonen-leivan-expendables-3-vuodettiin-nettiin-ennen-ensi-iltaa\/","url":"https:\/\/suomenkuvalehti.fi\/kuvien-takaa\/syoko-piratismi-stallonen-leivan-expendables-3-vuodettiin-nettiin-ennen-ensi-iltaa\/","name":"Sy\u00f6k\u00f6 piratismi Stallonen leiv\u00e4n? Expendables 3 vuodettiin nettiin ennen ensi-iltaa - Kuvien takaa","isPartOf":{"@id":"https:\/\/suomenkuvalehti.fi\/kuvien-takaa\/#website"},"datePublished":"2014-07-25T12:14:24+00:00","dateModified":"2014-07-25T12:16:26+00:00","author":{"@id":"https:\/\/suomenkuvalehti.fi\/kuvien-takaa\/#\/schema\/person\/f3f657e4ad409e008f12af27bec60a23"},"description":"Uusi Expendables on netiss\u00e4 piraattiversiona per\u00e4ti kolme viikkoa ennen virallista maailmanensi-iltaa.","breadcrumb":{"@id":"https:\/\/suomenkuvalehti.fi\/kuvien-takaa\/syoko-piratismi-stallonen-leivan-expendables-3-vuodettiin-nettiin-ennen-ensi-iltaa\/#breadcrumb"},"inLanguage":"fi","potentialAction":[{"@type":"ReadAction","target":["https:\/\/suomenkuvalehti.fi\/kuvien-takaa\/syoko-piratismi-stallonen-leivan-expendables-3-vuodettiin-nettiin-ennen-ensi-iltaa\/"]}]},{"@type":"BreadcrumbList","@id":"https:\/\/suomenkuvalehti.fi\/kuvien-takaa\/syoko-piratismi-stallonen-leivan-expendables-3-vuodettiin-nettiin-ennen-ensi-iltaa\/#breadcrumb","itemListElement":[{"@type":"ListItem","position":1,"name":"Home","item":"https:\/\/suomenkuvalehti.fi\/kuvien-takaa\/"},{"@type":"ListItem","position":2,"name":"Sy\u00f6k\u00f6 piratismi Stallonen leiv\u00e4n? Expendables 3 vuodettiin nettiin ennen ensi-iltaa"}]},{"@type":"WebSite","@id":"https:\/\/suomenkuvalehti.fi\/kuvien-takaa\/#website","url":"https:\/\/suomenkuvalehti.fi\/kuvien-takaa\/","name":"Kuvien takaa","description":"Elokuvakriitikko Kalle Kinnusen elokuvablogi.","potentialAction":[{"@type":"SearchAction","target":{"@type":"EntryPoint","urlTemplate":"https:\/\/suomenkuvalehti.fi\/haku\/?q={search_term_string}"},"query-input":{"@type":"PropertyValueSpecification","valueRequired":true,"valueName":"search_term_string"}}],"inLanguage":"fi"},{"@type":"Person","@id":"https:\/\/suomenkuvalehti.fi\/kuvien-takaa\/#\/schema\/person\/f3f657e4ad409e008f12af27bec60a23","name":"Kalle Kinnunen","image":{"@type":"ImageObject","inLanguage":"fi","@id":"https:\/\/suomenkuvalehti.fi\/kuvien-takaa\/#\/schema\/person\/image\/","url":"https:\/\/suomenkuvalehti.fi\/kuvien-takaa\/wp-content\/uploads\/sites\/11\/2022\/04\/kalle_kinnunen_blogi-1-150x150.jpg","contentUrl":"https:\/\/suomenkuvalehti.fi\/kuvien-takaa\/wp-content\/uploads\/sites\/11\/2022\/04\/kalle_kinnunen_blogi-1-150x150.jpg","caption":"Kalle Kinnunen"},"description":"Kalle Kinnunen on vapaa toimittaja ja Suomen Kuvalehden avustaja.","sameAs":["https:\/\/www.facebook.com\/pages\/Kalle-Kinnunen-Kuvien-takaa\/190326157715410?fref=ts","https:\/\/x.com\/https:\/\/twitter.com\/kallekinnunen"]}]}},"_links":{"self":[{"href":"https:\/\/suomenkuvalehti.fi\/kuvien-takaa\/wp-json\/wp\/v2\/posts\/2257","targetHints":{"allow":["GET"]}}],"collection":[{"href":"https:\/\/suomenkuvalehti.fi\/kuvien-takaa\/wp-json\/wp\/v2\/posts"}],"about":[{"href":"https:\/\/suomenkuvalehti.fi\/kuvien-takaa\/wp-json\/wp\/v2\/types\/post"}],"author":[{"embeddable":true,"href":"https:\/\/suomenkuvalehti.fi\/kuvien-takaa\/wp-json\/wp\/v2\/users\/144"}],"replies":[{"embeddable":true,"href":"https:\/\/suomenkuvalehti.fi\/kuvien-takaa\/wp-json\/wp\/v2\/comments?post=2257"}],"version-history":[{"count":2,"href":"https:\/\/suomenkuvalehti.fi\/kuvien-takaa\/wp-json\/wp\/v2\/posts\/2257\/revisions"}],"predecessor-version":[{"id":2260,"href":"https:\/\/suomenkuvalehti.fi\/kuvien-takaa\/wp-json\/wp\/v2\/posts\/2257\/revisions\/2260"}],"wp:attachment":[{"href":"https:\/\/suomenkuvalehti.fi\/kuvien-takaa\/wp-json\/wp\/v2\/media?parent=2257"}],"wp:term":[{"taxonomy":"category","embeddable":true,"href":"https:\/\/suomenkuvalehti.fi\/kuvien-takaa\/wp-json\/wp\/v2\/categories?post=2257"},{"taxonomy":"post_tag","embeddable":true,"href":"https:\/\/suomenkuvalehti.fi\/kuvien-takaa\/wp-json\/wp\/v2\/tags?post=2257"}],"curies":[{"name":"wp","href":"https:\/\/api.w.org\/{rel}","templated":true}]}}