{"id":2237,"date":"2014-07-18T09:26:42","date_gmt":"2014-07-18T06:26:42","guid":{"rendered":"https:\/\/suomenkuvalehti.fi\/kuvien-takaa\/?p=2237"},"modified":"2014-07-18T09:36:33","modified_gmt":"2014-07-18T06:36:33","slug":"laatusarjat-eivat-pysty-samaan-kuin-parhaat-elokuvat","status":"publish","type":"post","link":"https:\/\/suomenkuvalehti.fi\/kuvien-takaa\/laatusarjat-eivat-pysty-samaan-kuin-parhaat-elokuvat\/","title":{"rendered":"Laatusarjat eiv\u00e4t pysty samaan kuin parhaat elokuvat"},"content":{"rendered":"\n<p>Elokuvat vai sarjat?<\/p>\n\n\n\n<p>Polarisoitu kysymys on avattava, koska moni siit\u00e4 puhuu.<\/p>\n\n\n\n<p>Uudet kausisarjat ovat haastaneet elokuvan aseman audiovisuaalisen kerronnan kuningaslajina, kirjoitin Suomen Kuvalehden pitk\u00e4ss\u00e4 <a href=\"https:\/\/suomenkuvalehti.fi\/jutut\/kulttuuri\/game-thrones-koukuttaa-nain-tv-sarjoista-tuli-tarinankerronnan-kuningaslaji\/?shared=46077-97ef9049-999\" target=\"_blank\">sarja-artikkelissani<\/a>.<\/p>\n\n\n\n<p>Jos saan sanoa, tiukka joko-tai -jako on kuitenkin mielet\u00f6n.<\/p>\n\n\n\n<p>Katson kernaasti elokuvia. Katson mielell\u00e4ni my\u00f6s &#8221;television uuden kultakauden&#8221; hyvi\u00e4 kausisarjoja.<\/p>\n\n\n\n<p><em>Langalla<\/em>, oi kyll\u00e4, <em>True Detective<\/em>, kyll\u00e4. <em>Top of the Lake<\/em>, yes! <em>Game of Thrones<\/em>-koukkuun en j\u00e4\u00e4nyt. <em>Mad Menin<\/em> kolmannen kauden j\u00e4lkeen en en\u00e4\u00e4 tarttunut nelj\u00e4nteen.<\/p>\n\n\n\n<p><em>Breaking Bad<\/em> pit\u00e4isi katsoa loppuun. <em>True Bloodille<\/em> ei ole herunut aikaa.<\/p>\n\n\n\n<p>Sarjoja ei en\u00e4\u00e4 tarvitse &#8221;seurata&#8221;, koska ne ovat katsottavissa milloin vain. Mutta en silti ole oikein ehtinyt kaikkia ylistettyj\u00e4k\u00e4\u00e4n katsomaan. Ehtisin, jos <em>todella<\/em> haluaisin.<\/p>\n\n\n\n<p>Olen hyvin kiinni elokuva-ajattelussa, ja tied\u00e4n miksi. Pid\u00e4n.. ei, olen oppinut rakastamaan nimenomaan elokuvan estetiikkaa: sen visuaalisuutta, tiukan tunnelman hienostunutta rakentamista ja orgaanisuutta. Elokuvan leikkaaminen valmiiseen muotoonsa on kuin kuvanveistoa. Lopputulos voi yll\u00e4tt\u00e4\u00e4 tekij\u00e4tkin.<\/p>\n\n\n\n<p>Sarja on pitk\u00e4 tarina ja jo siksi sen tuotanto on teollisempi prosessi. Se on kerrontamuotona aivan eri asia kuin elokuva. Koska n\u00e4m\u00e4 uudet laatusarjat ovat dialogivetoisia, ei niit\u00e4 voi verrata kunnianhimoista valkokangaselokuvaa hallitsevaan visuaalisuuteen.<\/p>\n\n\n\n<p>Kausisarjan jatkuvuusdynamiikka tekee joistain jaksoista toisille alisteisia. Ohjaajan taiteellista vapautta rajoittaa teksti, teksti, teksti. Elokuva taas on yksi mahdollisimman hiottu kokonaisuus. Vaikka sanotaan, ett\u00e4 parin tunnin elokuva on rajoitetumpi tarinankerronnan muoto kuin 8- tai vaikka 60-tuntinen sarja, on sarjoillakin tiukkoja rajoitteita: tarina pit\u00e4\u00e4 kirjoittaa ja jatkaa tiettyihin jakso- ja kausipituuksiin. Vaikka Netflixiss\u00e4 (ja minisarjoissa HBO:lla) jakson pituus ei en\u00e4\u00e4 ole tiukasti m\u00e4\u00e4ritelty tasan 42 tai 59 minuuttia vaan noin tunti, on sekin aika tiukka muotti.<\/p>\n\n\n\n<p>Pid\u00e4n siis v\u00e4h\u00e4n h\u00f6ps\u00f6in\u00e4 heit\u00e4, jotka asettavat n\u00e4m\u00e4 tarinamuodot huolettomasti rinnakkain tai vastakkain.<\/p>\n\n\n\n<p>Toki niit\u00e4 voi vertailla, ja on fakta ett\u00e4 etenkin Yhdysvalloissa nyky\u00e4\u00e4n sarjojen tekij\u00f6ill\u00e4 on suhteessa enemm\u00e4n rahaa kuin kunnianhimoisten elokuvien tekij\u00f6ill\u00e4.<\/p>\n\n\n\n<p>Mutta vaikka <strong>David Simon<\/strong> olisi nykyajan <strong>Honore de Balzac<\/strong>, ei sarjojen <strong>Alfred Hitchcockia<\/strong>, <strong>Mario Bavaa<\/strong> tai <strong>Aki Kaurism\u00e4ke\u00e4<\/strong> ole eik\u00e4 tule.<\/p>\n\n\n\n<p><a href=\"https:\/\/suomenkuvalehti.fi\/kuvien-takaa\/maailman-parhaat-elokuvat-ja-omat-suosikkini-osa-1\/?shared=406-d37e9fb2-999\" target=\"_blank\">Parhaista elokuvista<\/a> on loputtomasti tulkintoja. Parhaista sarjoista.. no, niit\u00e4 voi analysoida, mutta tarinan psykologia on yleens\u00e4 varsin selv\u00e4. Kertoivat ne sitten suurkaupunkien ongelmista tai &#8221;vampyyrien&#8221; seksisuhteista, sarjoilta vaaditaan tarinan loogisuutta ja se on niiden ansa. Etevimm\u00e4t elokuvantekij\u00e4t taas myyv\u00e4t katsojalle jotain p\u00f6yristytt\u00e4v\u00e4n ep\u00e4totta aivan ilmiselv\u00e4n\u00e4 asiana.<\/p>\n\n\n\n<p>Sarjat eiv\u00e4t ole parempia kuin elokuvat. Elokuvat eiv\u00e4t ole parempia kuin sarjat. Ne ovat erilaisia. (Ja sitten on True Detective.)<\/p>\n\n\n","protected":false},"excerpt":{"rendered":"<p>Elokuvat vai sarjat? Polarisoitu kysymys on avattava, koska moni siit\u00e4 puhuu. Uudet kausisarjat ovat haastaneet elokuvan aseman audiovisuaalisen kerronnan kuningaslajina, kirjoitin Suomen Kuvalehden pitk\u00e4ss\u00e4 sarja-artikkelissani. Jos saan sanoa, tiukka joko-tai -jako on<br \/>\nku&hellip;<\/p>\n","protected":false},"author":144,"featured_media":0,"comment_status":"open","ping_status":"closed","sticky":false,"template":"","format":"standard","meta":{"_acf_changed":false,"asauth_required_access_level":3,"asauth_cansharepaid":"true","om_header_attributes":[],"footnotes":"","om_featured_image_focal_point":[],"om_primary_tag":0,"om_contributors":[],"om_co_authors":[],"beyondwords_generate_audio":"","beyondwords_project_id":"","beyondwords_content_id":"","beyondwords_preview_token":"","beyondwords_player_content":"","beyondwords_player_style":"","beyondwords_language_code":"","beyondwords_language_id":"","beyondwords_title_voice_id":"","beyondwords_body_voice_id":"","beyondwords_summary_voice_id":"","beyondwords_error_message":"","beyondwords_disabled":"","beyondwords_delete_content":"","beyondwords_podcast_id":"","beyondwords_hash":"","publish_post_to_speechkit":"","speechkit_hash":"","speechkit_generate_audio":"","speechkit_project_id":"","speechkit_podcast_id":"","speechkit_error_message":"","speechkit_disabled":"","speechkit_access_key":"","speechkit_error":"","speechkit_info":"","speechkit_response":"","speechkit_retries":"","speechkit_status":"","speechkit_updated_at":"","_speechkit_link":"","_speechkit_text":""},"categories":[1],"tags":[262,1943,1941,1942],"class_list":["post-2237","post","type-post","status-publish","format-standard","hentry","category-kuvien-takaa","tag-game-of-thrones","tag-hbo","tag-sarjat","tag-true-detective"],"om_views":null,"acf":{"tuuma_off":false,"tuuma_kysymys":"","tuuma_vastaus":""},"asauth":{"required_access_level":1,"share_token":"","is_paid":false},"yoast_head":"<!-- This site is optimized with the Yoast SEO plugin v26.4 - https:\/\/yoast.com\/wordpress\/plugins\/seo\/ -->\n<title>Laatusarjat eiv\u00e4t pysty samaan kuin parhaat elokuvat - Kuvien takaa<\/title>\n<meta name=\"robots\" content=\"index, follow, max-snippet:-1, max-image-preview:large, max-video-preview:-1\" \/>\n<link rel=\"canonical\" href=\"https:\/\/suomenkuvalehti.fi\/kuvien-takaa\/laatusarjat-eivat-pysty-samaan-kuin-parhaat-elokuvat\/\" \/>\n<meta property=\"og:locale\" content=\"fi_FI\" \/>\n<meta property=\"og:type\" content=\"article\" \/>\n<meta property=\"og:title\" content=\"Laatusarjat eiv\u00e4t pysty samaan kuin parhaat elokuvat - Kuvien takaa\" \/>\n<meta property=\"og:description\" content=\"Elokuvat vai sarjat? Polarisoitu kysymys on avattava, koska moni siit\u00e4 puhuu. Uudet kausisarjat ovat haastaneet elokuvan aseman audiovisuaalisen kerronnan kuningaslajina, kirjoitin Suomen Kuvalehden pitk\u00e4ss\u00e4 sarja-artikkelissani. Jos saan sanoa, tiukka joko-tai -jako on ku&hellip;\" \/>\n<meta property=\"og:url\" content=\"https:\/\/suomenkuvalehti.fi\/kuvien-takaa\/laatusarjat-eivat-pysty-samaan-kuin-parhaat-elokuvat\/\" \/>\n<meta property=\"og:site_name\" content=\"Kuvien takaa\" \/>\n<meta property=\"article:author\" content=\"https:\/\/www.facebook.com\/pages\/Kalle-Kinnunen-Kuvien-takaa\/190326157715410?fref=ts\" \/>\n<meta property=\"article:published_time\" content=\"2014-07-18T06:26:42+00:00\" \/>\n<meta property=\"article:modified_time\" content=\"2014-07-18T06:36:33+00:00\" \/>\n<meta property=\"og:image\" content=\"https:\/\/suomenkuvalehti.fi\/kuvien-takaa\/wp-content\/uploads\/sites\/11\/2022\/04\/kalle_kinnunen_blogi-1-scaled.jpg\" \/>\n\t<meta property=\"og:image:width\" content=\"2560\" \/>\n\t<meta property=\"og:image:height\" content=\"1707\" \/>\n\t<meta property=\"og:image:type\" content=\"image\/jpeg\" \/>\n<meta name=\"author\" content=\"Kalle Kinnunen\" \/>\n<meta name=\"twitter:card\" content=\"summary_large_image\" \/>\n<meta name=\"twitter:creator\" content=\"@https:\/\/twitter.com\/kallekinnunen\" \/>\n<meta name=\"twitter:label1\" content=\"Written by\" \/>\n\t<meta name=\"twitter:data1\" content=\"Kalle Kinnunen\" \/>\n\t<meta name=\"twitter:label2\" content=\"Est. reading time\" \/>\n\t<meta name=\"twitter:data2\" content=\"2 minuuttia\" \/>\n<script type=\"application\/ld+json\" class=\"yoast-schema-graph\">{\"@context\":\"https:\/\/schema.org\",\"@graph\":[{\"@type\":\"WebPage\",\"@id\":\"https:\/\/suomenkuvalehti.fi\/kuvien-takaa\/laatusarjat-eivat-pysty-samaan-kuin-parhaat-elokuvat\/\",\"url\":\"https:\/\/suomenkuvalehti.fi\/kuvien-takaa\/laatusarjat-eivat-pysty-samaan-kuin-parhaat-elokuvat\/\",\"name\":\"Laatusarjat eiv\u00e4t pysty samaan kuin parhaat elokuvat - Kuvien takaa\",\"isPartOf\":{\"@id\":\"https:\/\/suomenkuvalehti.fi\/kuvien-takaa\/#website\"},\"datePublished\":\"2014-07-18T06:26:42+00:00\",\"dateModified\":\"2014-07-18T06:36:33+00:00\",\"author\":{\"@id\":\"https:\/\/suomenkuvalehti.fi\/kuvien-takaa\/#\/schema\/person\/f3f657e4ad409e008f12af27bec60a23\"},\"breadcrumb\":{\"@id\":\"https:\/\/suomenkuvalehti.fi\/kuvien-takaa\/laatusarjat-eivat-pysty-samaan-kuin-parhaat-elokuvat\/#breadcrumb\"},\"inLanguage\":\"fi\",\"potentialAction\":[{\"@type\":\"ReadAction\",\"target\":[\"https:\/\/suomenkuvalehti.fi\/kuvien-takaa\/laatusarjat-eivat-pysty-samaan-kuin-parhaat-elokuvat\/\"]}]},{\"@type\":\"BreadcrumbList\",\"@id\":\"https:\/\/suomenkuvalehti.fi\/kuvien-takaa\/laatusarjat-eivat-pysty-samaan-kuin-parhaat-elokuvat\/#breadcrumb\",\"itemListElement\":[{\"@type\":\"ListItem\",\"position\":1,\"name\":\"Home\",\"item\":\"https:\/\/suomenkuvalehti.fi\/kuvien-takaa\/\"},{\"@type\":\"ListItem\",\"position\":2,\"name\":\"Laatusarjat eiv\u00e4t pysty samaan kuin parhaat elokuvat\"}]},{\"@type\":\"WebSite\",\"@id\":\"https:\/\/suomenkuvalehti.fi\/kuvien-takaa\/#website\",\"url\":\"https:\/\/suomenkuvalehti.fi\/kuvien-takaa\/\",\"name\":\"Kuvien takaa\",\"description\":\"Elokuvakriitikko Kalle Kinnusen elokuvablogi.\",\"potentialAction\":[{\"@type\":\"SearchAction\",\"target\":{\"@type\":\"EntryPoint\",\"urlTemplate\":\"https:\/\/suomenkuvalehti.fi\/haku\/?q={search_term_string}\"},\"query-input\":{\"@type\":\"PropertyValueSpecification\",\"valueRequired\":true,\"valueName\":\"search_term_string\"}}],\"inLanguage\":\"fi\"},{\"@type\":\"Person\",\"@id\":\"https:\/\/suomenkuvalehti.fi\/kuvien-takaa\/#\/schema\/person\/f3f657e4ad409e008f12af27bec60a23\",\"name\":\"Kalle Kinnunen\",\"image\":{\"@type\":\"ImageObject\",\"inLanguage\":\"fi\",\"@id\":\"https:\/\/suomenkuvalehti.fi\/kuvien-takaa\/#\/schema\/person\/image\/\",\"url\":\"https:\/\/suomenkuvalehti.fi\/kuvien-takaa\/wp-content\/uploads\/sites\/11\/2022\/04\/kalle_kinnunen_blogi-1-150x150.jpg\",\"contentUrl\":\"https:\/\/suomenkuvalehti.fi\/kuvien-takaa\/wp-content\/uploads\/sites\/11\/2022\/04\/kalle_kinnunen_blogi-1-150x150.jpg\",\"caption\":\"Kalle Kinnunen\"},\"description\":\"Kalle Kinnunen on vapaa toimittaja ja Suomen Kuvalehden avustaja.\",\"sameAs\":[\"https:\/\/www.facebook.com\/pages\/Kalle-Kinnunen-Kuvien-takaa\/190326157715410?fref=ts\",\"https:\/\/x.com\/https:\/\/twitter.com\/kallekinnunen\"]}]}<\/script>\n<!-- \/ Yoast SEO plugin. -->","yoast_head_json":{"title":"Laatusarjat eiv\u00e4t pysty samaan kuin parhaat elokuvat - Kuvien takaa","robots":{"index":"index","follow":"follow","max-snippet":"max-snippet:-1","max-image-preview":"max-image-preview:large","max-video-preview":"max-video-preview:-1"},"canonical":"https:\/\/suomenkuvalehti.fi\/kuvien-takaa\/laatusarjat-eivat-pysty-samaan-kuin-parhaat-elokuvat\/","og_locale":"fi_FI","og_type":"article","og_title":"Laatusarjat eiv\u00e4t pysty samaan kuin parhaat elokuvat - Kuvien takaa","og_description":"Elokuvat vai sarjat? Polarisoitu kysymys on avattava, koska moni siit\u00e4 puhuu. Uudet kausisarjat ovat haastaneet elokuvan aseman audiovisuaalisen kerronnan kuningaslajina, kirjoitin Suomen Kuvalehden pitk\u00e4ss\u00e4 sarja-artikkelissani. Jos saan sanoa, tiukka joko-tai -jako on ku&hellip;","og_url":"https:\/\/suomenkuvalehti.fi\/kuvien-takaa\/laatusarjat-eivat-pysty-samaan-kuin-parhaat-elokuvat\/","og_site_name":"Kuvien takaa","article_author":"https:\/\/www.facebook.com\/pages\/Kalle-Kinnunen-Kuvien-takaa\/190326157715410?fref=ts","article_published_time":"2014-07-18T06:26:42+00:00","article_modified_time":"2014-07-18T06:36:33+00:00","og_image":[{"width":2560,"height":1707,"url":"https:\/\/suomenkuvalehti.fi\/kuvien-takaa\/wp-content\/uploads\/sites\/11\/2022\/04\/kalle_kinnunen_blogi-1-scaled.jpg","type":"image\/jpeg"}],"author":"Kalle Kinnunen","twitter_card":"summary_large_image","twitter_creator":"@https:\/\/twitter.com\/kallekinnunen","twitter_misc":{"Written by":"Kalle Kinnunen","Est. reading time":"2 minuuttia"},"schema":{"@context":"https:\/\/schema.org","@graph":[{"@type":"WebPage","@id":"https:\/\/suomenkuvalehti.fi\/kuvien-takaa\/laatusarjat-eivat-pysty-samaan-kuin-parhaat-elokuvat\/","url":"https:\/\/suomenkuvalehti.fi\/kuvien-takaa\/laatusarjat-eivat-pysty-samaan-kuin-parhaat-elokuvat\/","name":"Laatusarjat eiv\u00e4t pysty samaan kuin parhaat elokuvat - Kuvien takaa","isPartOf":{"@id":"https:\/\/suomenkuvalehti.fi\/kuvien-takaa\/#website"},"datePublished":"2014-07-18T06:26:42+00:00","dateModified":"2014-07-18T06:36:33+00:00","author":{"@id":"https:\/\/suomenkuvalehti.fi\/kuvien-takaa\/#\/schema\/person\/f3f657e4ad409e008f12af27bec60a23"},"breadcrumb":{"@id":"https:\/\/suomenkuvalehti.fi\/kuvien-takaa\/laatusarjat-eivat-pysty-samaan-kuin-parhaat-elokuvat\/#breadcrumb"},"inLanguage":"fi","potentialAction":[{"@type":"ReadAction","target":["https:\/\/suomenkuvalehti.fi\/kuvien-takaa\/laatusarjat-eivat-pysty-samaan-kuin-parhaat-elokuvat\/"]}]},{"@type":"BreadcrumbList","@id":"https:\/\/suomenkuvalehti.fi\/kuvien-takaa\/laatusarjat-eivat-pysty-samaan-kuin-parhaat-elokuvat\/#breadcrumb","itemListElement":[{"@type":"ListItem","position":1,"name":"Home","item":"https:\/\/suomenkuvalehti.fi\/kuvien-takaa\/"},{"@type":"ListItem","position":2,"name":"Laatusarjat eiv\u00e4t pysty samaan kuin parhaat elokuvat"}]},{"@type":"WebSite","@id":"https:\/\/suomenkuvalehti.fi\/kuvien-takaa\/#website","url":"https:\/\/suomenkuvalehti.fi\/kuvien-takaa\/","name":"Kuvien takaa","description":"Elokuvakriitikko Kalle Kinnusen elokuvablogi.","potentialAction":[{"@type":"SearchAction","target":{"@type":"EntryPoint","urlTemplate":"https:\/\/suomenkuvalehti.fi\/haku\/?q={search_term_string}"},"query-input":{"@type":"PropertyValueSpecification","valueRequired":true,"valueName":"search_term_string"}}],"inLanguage":"fi"},{"@type":"Person","@id":"https:\/\/suomenkuvalehti.fi\/kuvien-takaa\/#\/schema\/person\/f3f657e4ad409e008f12af27bec60a23","name":"Kalle Kinnunen","image":{"@type":"ImageObject","inLanguage":"fi","@id":"https:\/\/suomenkuvalehti.fi\/kuvien-takaa\/#\/schema\/person\/image\/","url":"https:\/\/suomenkuvalehti.fi\/kuvien-takaa\/wp-content\/uploads\/sites\/11\/2022\/04\/kalle_kinnunen_blogi-1-150x150.jpg","contentUrl":"https:\/\/suomenkuvalehti.fi\/kuvien-takaa\/wp-content\/uploads\/sites\/11\/2022\/04\/kalle_kinnunen_blogi-1-150x150.jpg","caption":"Kalle Kinnunen"},"description":"Kalle Kinnunen on vapaa toimittaja ja Suomen Kuvalehden avustaja.","sameAs":["https:\/\/www.facebook.com\/pages\/Kalle-Kinnunen-Kuvien-takaa\/190326157715410?fref=ts","https:\/\/x.com\/https:\/\/twitter.com\/kallekinnunen"]}]}},"_links":{"self":[{"href":"https:\/\/suomenkuvalehti.fi\/kuvien-takaa\/wp-json\/wp\/v2\/posts\/2237","targetHints":{"allow":["GET"]}}],"collection":[{"href":"https:\/\/suomenkuvalehti.fi\/kuvien-takaa\/wp-json\/wp\/v2\/posts"}],"about":[{"href":"https:\/\/suomenkuvalehti.fi\/kuvien-takaa\/wp-json\/wp\/v2\/types\/post"}],"author":[{"embeddable":true,"href":"https:\/\/suomenkuvalehti.fi\/kuvien-takaa\/wp-json\/wp\/v2\/users\/144"}],"replies":[{"embeddable":true,"href":"https:\/\/suomenkuvalehti.fi\/kuvien-takaa\/wp-json\/wp\/v2\/comments?post=2237"}],"version-history":[{"count":4,"href":"https:\/\/suomenkuvalehti.fi\/kuvien-takaa\/wp-json\/wp\/v2\/posts\/2237\/revisions"}],"predecessor-version":[{"id":2242,"href":"https:\/\/suomenkuvalehti.fi\/kuvien-takaa\/wp-json\/wp\/v2\/posts\/2237\/revisions\/2242"}],"wp:attachment":[{"href":"https:\/\/suomenkuvalehti.fi\/kuvien-takaa\/wp-json\/wp\/v2\/media?parent=2237"}],"wp:term":[{"taxonomy":"category","embeddable":true,"href":"https:\/\/suomenkuvalehti.fi\/kuvien-takaa\/wp-json\/wp\/v2\/categories?post=2237"},{"taxonomy":"post_tag","embeddable":true,"href":"https:\/\/suomenkuvalehti.fi\/kuvien-takaa\/wp-json\/wp\/v2\/tags?post=2237"}],"curies":[{"name":"wp","href":"https:\/\/api.w.org\/{rel}","templated":true}]}}