{"id":2106,"date":"2014-05-17T13:00:12","date_gmt":"2014-05-17T10:00:12","guid":{"rendered":"https:\/\/suomenkuvalehti.fi\/kuvien-takaa\/?p=2106"},"modified":"2014-05-17T13:09:53","modified_gmt":"2014-05-17T10:09:53","slug":"cannes-2014-roy-anderssonia-saadaan-odottaa","status":"publish","type":"post","link":"https:\/\/suomenkuvalehti.fi\/kuvien-takaa\/cannes-2014-roy-anderssonia-saadaan-odottaa\/","title":{"rendered":"Cannes 2014: uutta Roy Anderssonia saadaan odottaa"},"content":{"rendered":"\n<p>Ruotsalaisohjaaja <strong>Roy Andersson<\/strong> on tehnyt uutta elokuvaansa jo kuuden vuoden ajan. Edellinen, <em>Sin\u00e4 el\u00e4v\u00e4<\/em>, n\u00e4htiin Cannesissa vuonna 2007.<\/p>\n\n\n\n<p>Uuden elokuvan nimeksi on kerrottu <em>A Pigeon Sat on a Branch and Reflected on Existence<\/em>. Sen uumoltiin olevan valmis t\u00e4m\u00e4n vuoden Cannesiin.<\/p>\n\n\n\n<p>Eip\u00e4 ole. Syyksi sille, ettei Anderssonin elokuvaa n\u00e4hd\u00e4 t\u00e4\u00e4ll\u00e4, sanotaan sen keskener\u00e4isyys.<\/p>\n\n\n\n<p><a href=\"https:\/\/www.youtube.com\/watch?v=oQCQCuyWhMc\">Arla-mainoksillaan<\/a> Suomessa aikoinaan tunnetuksi tullut ohjaaja on perfektionisti, jolla on varaa tehd\u00e4 mit\u00e4 tykk\u00e4\u00e4. Pitk\u00e4n <a href=\"https:\/\/www.youtube.com\/watch?v=7ofPRv29RMs\">mainosuransa<\/a> aikana h\u00e4n osti valtavat studiotilat ja kaluston firmalleen omaksi. 1990-luvulta asti Andersson on tehnyt studiollaan elokuvansa hitaasti, aina v\u00e4h\u00e4n kerrallaan kuvaten, tinkim\u00e4tt\u00f6m\u00e4sti omin ehdoin.<\/p>\n\n\n\n<p>Mutta mit\u00e4 tapahtui <em>&#8221;Pululle, joka istui oksalla ja aprikoi olemassaoloa&#8221;?<\/em> Mainitsin elokuvan tekemisest\u00e4 blogissani <a href=\"https:\/\/suomenkuvalehti.fi\/kuvien-takaa\/cannes-2010-tekeilla-olevia-elokuvia-david-cronenbergista-roy-andersoniin\/?shared=845-c810ead1-999\" target=\"_blank\">Cannesista jo 2010<\/a>. Silloin t\u00e4ht\u00e4imess\u00e4 oli ensi-ilta vuonna 2012.<\/p>\n\n\n\n<p>Ohjaajan omilla nettisivuilla viel\u00e4 huhtikuussa 2014 kerrottiin <a href=\"http:\/\/www.royandersson.com\/eng\/news\/\">ensi-illan olevan <\/a>nyt kev\u00e4\u00e4ll\u00e4.<\/p>\n\n\n\n<p>Kulissien takana on sanottu, ett\u00e4 elokuva on hyvinkin valmis, mutta Andersson ei tyytynyt Cannesin festivaalin tarjoamaan esityspaikkaan. H\u00e4n olisi halunnut elokuvansa ykk\u00f6skastiin eli kilpasarjaan.<\/p>\n\n\n\n<p>Tied\u00e4 sitten. Elokuvan kansainv\u00e4linen myyntiyhti\u00f6 kertoi, ett\u00e4 ensi-ilta on jollain t\u00e4m\u00e4n syksyn festivaalilla. Se tarkoittaa varmasti syyskuun Venetsiaa tai Torontoa.<\/p>\n\n\n\n<p>Tuskin maltan odottaa. <em>Toisen kerroksen lauluja<\/em> ja Sin\u00e4 el\u00e4v\u00e4 ovat huikeita. Harmi, ettei uusi teos ole Cannesissa. T\u00e4nne kaivataan Anderssonin kirkkaanviile\u00e4\u00e4 n\u00e4kemyst\u00e4<\/p>\n\n\n","protected":false},"excerpt":{"rendered":"<p>Ruotsalaisohjaaja Roy Andersson on tehnyt uutta elokuvaansa jo kuuden vuoden ajan. Edellinen, Sin\u00e4 el\u00e4v\u00e4, n\u00e4htiin Cannesissa vuonna 2007. Uuden elokuvan nimeksi on kerrottu A Pigeon Sat on a Branch and Reflected on Existence. Sen uumoltiin olevan valmis t\u00e4m\u00e4n vuoden<br \/>\nCanne&hellip;<\/p>\n","protected":false},"author":144,"featured_media":0,"comment_status":"open","ping_status":"closed","sticky":false,"template":"","format":"standard","meta":{"_acf_changed":false,"asauth_required_access_level":3,"asauth_cansharepaid":"true","om_header_attributes":[],"footnotes":"","om_featured_image_focal_point":[],"om_primary_tag":0,"om_contributors":[],"om_co_authors":[],"beyondwords_generate_audio":"","beyondwords_project_id":"","beyondwords_content_id":"","beyondwords_preview_token":"","beyondwords_player_content":"","beyondwords_player_style":"","beyondwords_language_code":"","beyondwords_language_id":"","beyondwords_title_voice_id":"","beyondwords_body_voice_id":"","beyondwords_summary_voice_id":"","beyondwords_error_message":"","beyondwords_disabled":"","beyondwords_delete_content":"","beyondwords_podcast_id":"","beyondwords_hash":"","publish_post_to_speechkit":"","speechkit_hash":"","speechkit_generate_audio":"","speechkit_project_id":"","speechkit_podcast_id":"","speechkit_error_message":"","speechkit_disabled":"","speechkit_access_key":"","speechkit_error":"","speechkit_info":"","speechkit_response":"","speechkit_retries":"","speechkit_status":"","speechkit_updated_at":"","_speechkit_link":"","_speechkit_text":""},"categories":[1],"tags":[1379],"class_list":["post-2106","post","type-post","status-publish","format-standard","hentry","category-kuvien-takaa","tag-roy-andersson"],"om_views":null,"acf":{"tuuma_off":false,"tuuma_kysymys":"","tuuma_vastaus":""},"asauth":{"required_access_level":1,"share_token":"","is_paid":false},"yoast_head":"<!-- This site is optimized with the Yoast SEO plugin v26.4 - https:\/\/yoast.com\/wordpress\/plugins\/seo\/ -->\n<title>Cannes 2014: uutta Roy Anderssonia saadaan odottaa - Kuvien takaa<\/title>\n<meta name=\"robots\" content=\"index, follow, max-snippet:-1, max-image-preview:large, max-video-preview:-1\" \/>\n<link rel=\"canonical\" href=\"https:\/\/suomenkuvalehti.fi\/kuvien-takaa\/cannes-2014-roy-anderssonia-saadaan-odottaa\/\" \/>\n<meta property=\"og:locale\" content=\"fi_FI\" \/>\n<meta property=\"og:type\" content=\"article\" \/>\n<meta property=\"og:title\" content=\"Cannes 2014: uutta Roy Anderssonia saadaan odottaa - Kuvien takaa\" \/>\n<meta property=\"og:description\" content=\"Ruotsalaisohjaaja Roy Andersson on tehnyt uutta elokuvaansa jo kuuden vuoden ajan. Edellinen, Sin\u00e4 el\u00e4v\u00e4, n\u00e4htiin Cannesissa vuonna 2007. Uuden elokuvan nimeksi on kerrottu A Pigeon Sat on a Branch and Reflected on Existence. Sen uumoltiin olevan valmis t\u00e4m\u00e4n vuoden Canne&hellip;\" \/>\n<meta property=\"og:url\" content=\"https:\/\/suomenkuvalehti.fi\/kuvien-takaa\/cannes-2014-roy-anderssonia-saadaan-odottaa\/\" \/>\n<meta property=\"og:site_name\" content=\"Kuvien takaa\" \/>\n<meta property=\"article:author\" content=\"https:\/\/www.facebook.com\/pages\/Kalle-Kinnunen-Kuvien-takaa\/190326157715410?fref=ts\" \/>\n<meta property=\"article:published_time\" content=\"2014-05-17T10:00:12+00:00\" \/>\n<meta property=\"article:modified_time\" content=\"2014-05-17T10:09:53+00:00\" \/>\n<meta property=\"og:image\" content=\"https:\/\/suomenkuvalehti.fi\/kuvien-takaa\/wp-content\/uploads\/sites\/11\/2022\/04\/kalle_kinnunen_blogi-1-scaled.jpg\" \/>\n\t<meta property=\"og:image:width\" content=\"2560\" \/>\n\t<meta property=\"og:image:height\" content=\"1707\" \/>\n\t<meta property=\"og:image:type\" content=\"image\/jpeg\" \/>\n<meta name=\"author\" content=\"Kalle Kinnunen\" \/>\n<meta name=\"twitter:card\" content=\"summary_large_image\" \/>\n<meta name=\"twitter:creator\" content=\"@https:\/\/twitter.com\/kallekinnunen\" \/>\n<meta name=\"twitter:label1\" content=\"Written by\" \/>\n\t<meta name=\"twitter:data1\" content=\"Kalle Kinnunen\" \/>\n\t<meta name=\"twitter:label2\" content=\"Est. reading time\" \/>\n\t<meta name=\"twitter:data2\" content=\"1 minuutti\" \/>\n<script type=\"application\/ld+json\" class=\"yoast-schema-graph\">{\"@context\":\"https:\/\/schema.org\",\"@graph\":[{\"@type\":\"WebPage\",\"@id\":\"https:\/\/suomenkuvalehti.fi\/kuvien-takaa\/cannes-2014-roy-anderssonia-saadaan-odottaa\/\",\"url\":\"https:\/\/suomenkuvalehti.fi\/kuvien-takaa\/cannes-2014-roy-anderssonia-saadaan-odottaa\/\",\"name\":\"Cannes 2014: uutta Roy Anderssonia saadaan odottaa - Kuvien takaa\",\"isPartOf\":{\"@id\":\"https:\/\/suomenkuvalehti.fi\/kuvien-takaa\/#website\"},\"datePublished\":\"2014-05-17T10:00:12+00:00\",\"dateModified\":\"2014-05-17T10:09:53+00:00\",\"author\":{\"@id\":\"https:\/\/suomenkuvalehti.fi\/kuvien-takaa\/#\/schema\/person\/f3f657e4ad409e008f12af27bec60a23\"},\"breadcrumb\":{\"@id\":\"https:\/\/suomenkuvalehti.fi\/kuvien-takaa\/cannes-2014-roy-anderssonia-saadaan-odottaa\/#breadcrumb\"},\"inLanguage\":\"fi\",\"potentialAction\":[{\"@type\":\"ReadAction\",\"target\":[\"https:\/\/suomenkuvalehti.fi\/kuvien-takaa\/cannes-2014-roy-anderssonia-saadaan-odottaa\/\"]}]},{\"@type\":\"BreadcrumbList\",\"@id\":\"https:\/\/suomenkuvalehti.fi\/kuvien-takaa\/cannes-2014-roy-anderssonia-saadaan-odottaa\/#breadcrumb\",\"itemListElement\":[{\"@type\":\"ListItem\",\"position\":1,\"name\":\"Home\",\"item\":\"https:\/\/suomenkuvalehti.fi\/kuvien-takaa\/\"},{\"@type\":\"ListItem\",\"position\":2,\"name\":\"Cannes 2014: uutta Roy Anderssonia saadaan odottaa\"}]},{\"@type\":\"WebSite\",\"@id\":\"https:\/\/suomenkuvalehti.fi\/kuvien-takaa\/#website\",\"url\":\"https:\/\/suomenkuvalehti.fi\/kuvien-takaa\/\",\"name\":\"Kuvien takaa\",\"description\":\"Elokuvakriitikko Kalle Kinnusen elokuvablogi.\",\"potentialAction\":[{\"@type\":\"SearchAction\",\"target\":{\"@type\":\"EntryPoint\",\"urlTemplate\":\"https:\/\/suomenkuvalehti.fi\/haku\/?q={search_term_string}\"},\"query-input\":{\"@type\":\"PropertyValueSpecification\",\"valueRequired\":true,\"valueName\":\"search_term_string\"}}],\"inLanguage\":\"fi\"},{\"@type\":\"Person\",\"@id\":\"https:\/\/suomenkuvalehti.fi\/kuvien-takaa\/#\/schema\/person\/f3f657e4ad409e008f12af27bec60a23\",\"name\":\"Kalle Kinnunen\",\"image\":{\"@type\":\"ImageObject\",\"inLanguage\":\"fi\",\"@id\":\"https:\/\/suomenkuvalehti.fi\/kuvien-takaa\/#\/schema\/person\/image\/\",\"url\":\"https:\/\/suomenkuvalehti.fi\/kuvien-takaa\/wp-content\/uploads\/sites\/11\/2022\/04\/kalle_kinnunen_blogi-1-150x150.jpg\",\"contentUrl\":\"https:\/\/suomenkuvalehti.fi\/kuvien-takaa\/wp-content\/uploads\/sites\/11\/2022\/04\/kalle_kinnunen_blogi-1-150x150.jpg\",\"caption\":\"Kalle Kinnunen\"},\"description\":\"Kalle Kinnunen on vapaa toimittaja ja Suomen Kuvalehden avustaja.\",\"sameAs\":[\"https:\/\/www.facebook.com\/pages\/Kalle-Kinnunen-Kuvien-takaa\/190326157715410?fref=ts\",\"https:\/\/x.com\/https:\/\/twitter.com\/kallekinnunen\"]}]}<\/script>\n<!-- \/ Yoast SEO plugin. -->","yoast_head_json":{"title":"Cannes 2014: uutta Roy Anderssonia saadaan odottaa - Kuvien takaa","robots":{"index":"index","follow":"follow","max-snippet":"max-snippet:-1","max-image-preview":"max-image-preview:large","max-video-preview":"max-video-preview:-1"},"canonical":"https:\/\/suomenkuvalehti.fi\/kuvien-takaa\/cannes-2014-roy-anderssonia-saadaan-odottaa\/","og_locale":"fi_FI","og_type":"article","og_title":"Cannes 2014: uutta Roy Anderssonia saadaan odottaa - Kuvien takaa","og_description":"Ruotsalaisohjaaja Roy Andersson on tehnyt uutta elokuvaansa jo kuuden vuoden ajan. Edellinen, Sin\u00e4 el\u00e4v\u00e4, n\u00e4htiin Cannesissa vuonna 2007. Uuden elokuvan nimeksi on kerrottu A Pigeon Sat on a Branch and Reflected on Existence. Sen uumoltiin olevan valmis t\u00e4m\u00e4n vuoden Canne&hellip;","og_url":"https:\/\/suomenkuvalehti.fi\/kuvien-takaa\/cannes-2014-roy-anderssonia-saadaan-odottaa\/","og_site_name":"Kuvien takaa","article_author":"https:\/\/www.facebook.com\/pages\/Kalle-Kinnunen-Kuvien-takaa\/190326157715410?fref=ts","article_published_time":"2014-05-17T10:00:12+00:00","article_modified_time":"2014-05-17T10:09:53+00:00","og_image":[{"width":2560,"height":1707,"url":"https:\/\/suomenkuvalehti.fi\/kuvien-takaa\/wp-content\/uploads\/sites\/11\/2022\/04\/kalle_kinnunen_blogi-1-scaled.jpg","type":"image\/jpeg"}],"author":"Kalle Kinnunen","twitter_card":"summary_large_image","twitter_creator":"@https:\/\/twitter.com\/kallekinnunen","twitter_misc":{"Written by":"Kalle Kinnunen","Est. reading time":"1 minuutti"},"schema":{"@context":"https:\/\/schema.org","@graph":[{"@type":"WebPage","@id":"https:\/\/suomenkuvalehti.fi\/kuvien-takaa\/cannes-2014-roy-anderssonia-saadaan-odottaa\/","url":"https:\/\/suomenkuvalehti.fi\/kuvien-takaa\/cannes-2014-roy-anderssonia-saadaan-odottaa\/","name":"Cannes 2014: uutta Roy Anderssonia saadaan odottaa - Kuvien takaa","isPartOf":{"@id":"https:\/\/suomenkuvalehti.fi\/kuvien-takaa\/#website"},"datePublished":"2014-05-17T10:00:12+00:00","dateModified":"2014-05-17T10:09:53+00:00","author":{"@id":"https:\/\/suomenkuvalehti.fi\/kuvien-takaa\/#\/schema\/person\/f3f657e4ad409e008f12af27bec60a23"},"breadcrumb":{"@id":"https:\/\/suomenkuvalehti.fi\/kuvien-takaa\/cannes-2014-roy-anderssonia-saadaan-odottaa\/#breadcrumb"},"inLanguage":"fi","potentialAction":[{"@type":"ReadAction","target":["https:\/\/suomenkuvalehti.fi\/kuvien-takaa\/cannes-2014-roy-anderssonia-saadaan-odottaa\/"]}]},{"@type":"BreadcrumbList","@id":"https:\/\/suomenkuvalehti.fi\/kuvien-takaa\/cannes-2014-roy-anderssonia-saadaan-odottaa\/#breadcrumb","itemListElement":[{"@type":"ListItem","position":1,"name":"Home","item":"https:\/\/suomenkuvalehti.fi\/kuvien-takaa\/"},{"@type":"ListItem","position":2,"name":"Cannes 2014: uutta Roy Anderssonia saadaan odottaa"}]},{"@type":"WebSite","@id":"https:\/\/suomenkuvalehti.fi\/kuvien-takaa\/#website","url":"https:\/\/suomenkuvalehti.fi\/kuvien-takaa\/","name":"Kuvien takaa","description":"Elokuvakriitikko Kalle Kinnusen elokuvablogi.","potentialAction":[{"@type":"SearchAction","target":{"@type":"EntryPoint","urlTemplate":"https:\/\/suomenkuvalehti.fi\/haku\/?q={search_term_string}"},"query-input":{"@type":"PropertyValueSpecification","valueRequired":true,"valueName":"search_term_string"}}],"inLanguage":"fi"},{"@type":"Person","@id":"https:\/\/suomenkuvalehti.fi\/kuvien-takaa\/#\/schema\/person\/f3f657e4ad409e008f12af27bec60a23","name":"Kalle Kinnunen","image":{"@type":"ImageObject","inLanguage":"fi","@id":"https:\/\/suomenkuvalehti.fi\/kuvien-takaa\/#\/schema\/person\/image\/","url":"https:\/\/suomenkuvalehti.fi\/kuvien-takaa\/wp-content\/uploads\/sites\/11\/2022\/04\/kalle_kinnunen_blogi-1-150x150.jpg","contentUrl":"https:\/\/suomenkuvalehti.fi\/kuvien-takaa\/wp-content\/uploads\/sites\/11\/2022\/04\/kalle_kinnunen_blogi-1-150x150.jpg","caption":"Kalle Kinnunen"},"description":"Kalle Kinnunen on vapaa toimittaja ja Suomen Kuvalehden avustaja.","sameAs":["https:\/\/www.facebook.com\/pages\/Kalle-Kinnunen-Kuvien-takaa\/190326157715410?fref=ts","https:\/\/x.com\/https:\/\/twitter.com\/kallekinnunen"]}]}},"_links":{"self":[{"href":"https:\/\/suomenkuvalehti.fi\/kuvien-takaa\/wp-json\/wp\/v2\/posts\/2106","targetHints":{"allow":["GET"]}}],"collection":[{"href":"https:\/\/suomenkuvalehti.fi\/kuvien-takaa\/wp-json\/wp\/v2\/posts"}],"about":[{"href":"https:\/\/suomenkuvalehti.fi\/kuvien-takaa\/wp-json\/wp\/v2\/types\/post"}],"author":[{"embeddable":true,"href":"https:\/\/suomenkuvalehti.fi\/kuvien-takaa\/wp-json\/wp\/v2\/users\/144"}],"replies":[{"embeddable":true,"href":"https:\/\/suomenkuvalehti.fi\/kuvien-takaa\/wp-json\/wp\/v2\/comments?post=2106"}],"version-history":[{"count":6,"href":"https:\/\/suomenkuvalehti.fi\/kuvien-takaa\/wp-json\/wp\/v2\/posts\/2106\/revisions"}],"predecessor-version":[{"id":2113,"href":"https:\/\/suomenkuvalehti.fi\/kuvien-takaa\/wp-json\/wp\/v2\/posts\/2106\/revisions\/2113"}],"wp:attachment":[{"href":"https:\/\/suomenkuvalehti.fi\/kuvien-takaa\/wp-json\/wp\/v2\/media?parent=2106"}],"wp:term":[{"taxonomy":"category","embeddable":true,"href":"https:\/\/suomenkuvalehti.fi\/kuvien-takaa\/wp-json\/wp\/v2\/categories?post=2106"},{"taxonomy":"post_tag","embeddable":true,"href":"https:\/\/suomenkuvalehti.fi\/kuvien-takaa\/wp-json\/wp\/v2\/tags?post=2106"}],"curies":[{"name":"wp","href":"https:\/\/api.w.org\/{rel}","templated":true}]}}