{"id":2101,"date":"2014-05-16T23:49:24","date_gmt":"2014-05-16T20:49:24","guid":{"rendered":"https:\/\/suomenkuvalehti.fi\/kuvien-takaa\/?p=2101"},"modified":"2014-05-17T14:54:29","modified_gmt":"2014-05-17T11:54:29","slug":"cannes-2014-salvation-eli-mads-mikkelsen-tanskalaisena-revolverisankarina","status":"publish","type":"post","link":"https:\/\/suomenkuvalehti.fi\/kuvien-takaa\/cannes-2014-salvation-eli-mads-mikkelsen-tanskalaisena-revolverisankarina\/","title":{"rendered":"Cannes 2014: The Salvation eli Mads Mikkelsen tanskalaisena l\u00e4nnensankarina"},"content":{"rendered":"\n<p>Tanskalaisen elokuvateollisuuden valtti on asenne. Tehd\u00e4\u00e4nk\u00f6 vakava spagettiwesternpastissi, jossa <strong>Mads Mikkelsen<\/strong> ja <strong>Mikael Persbrandt<\/strong> esitt\u00e4v\u00e4t tanskalaisia veljeksi\u00e4 vuoden 1867 Villiss\u00e4 l\u00e4nness\u00e4?<\/p>\n\n\n\n<p>Tehd\u00e4\u00e4nk\u00f6 se kansainv\u00e4lisille markkinoille?<\/p>\n\n\n\n<p>No tehd\u00e4\u00e4n.<\/p>\n\n\n\n<p>Elokuvassa on my\u00f6s Suomen paras sijoitus t\u00e4m\u00e4n vuoden Cannesin ohjelmistossa.<\/p>\n\n\n\n<p>T\u00e4m\u00e4 on <em>The Salvation<\/em>, joka esitetet\u00e4\u00e4n lauantaina Cannesin virallisen ohjelmiston keskiy\u00f6n\u00e4yt\u00f6ksen\u00e4. Keskiy\u00f6sarjaan sijoitetaan l\u00e4hinn\u00e4 genre-elokuvia. The Salvation on tosiaan aivan puhdasverinen, hyvin v\u00e4kivaltainen ja suoraviivainen kostowestern.<\/p>\n\n\n\n<p>Veljekset joutuvat vastakkain rajaseutukaupunkia terrorisoivan everstin (<strong>Jeffrey Dean Morgan<\/strong>) kanssa. Ranskalainen <strong>Eva Green<\/strong> n\u00e4yttelee kohtalokasta naista. N\u00e4yttelij\u00e4nurallaan aika hyvin p\u00e4rj\u00e4\u00e4v\u00e4 <strong>Eric Cantona<\/strong> yrmyilee everstin kakkosmiehen\u00e4.<\/p>\n\n\n\n<p>Harva tiet\u00e4\u00e4, mutta toinen elokuvan p\u00e4\u00e4n\u00e4yttelij\u00f6ist\u00e4 on itse asiassa suomalainen. Mikael Persbrandtilla on Suomen passi. H\u00e4n on syntynyt Ahvenanmaalla.<\/p>\n\n\n\n<p>Etel\u00e4-Afrikassa kuvatun The Salvationin kieli on englanti, mutta siin\u00e4 kuullaan hetkitt\u00e4in my\u00f6s ainakin tanskaa, ranskaa ja italiaa. (Valitettavasti ei suomea.)<\/p>\n\n\n\n<p><strong>Kristian Levringin<\/strong> ohjaama elokuva liikkuu kohtuullisen tyylikk\u00e4\u00e4sti jossain autenttisuuden tavoittelun ja genreperinnetietoisuuden v\u00e4lill\u00e4. <strong>Sergio Leonen<\/strong> ratkaisuja ei matkita suoraan, mutta velka etenkin <em>Huuliharppukostajan<\/em> suuntaan on ilmeinen. <em>Vain muutaman dollarin t\u00e4hden<\/em> tulee mieleen pitk\u00e4ss\u00e4 lopputaistelussa.<\/p>\n\n\n\n<p>Mit\u00e4\u00e4n n\u00e4kyv\u00e4\u00e4 postmodernia kikkailua ei napakasti 90-minuuttisessa elokuvassa ole. T\u00e4m\u00e4 on <em>kostol<\/em><em>\u00e4nkk\u00e4ri<\/em>, piste.<\/p>\n\n\n\n<p>Eik\u00e4 The Salvation ole ollenkaan huono. Levringin ohjauksessa ei ehk\u00e4 ole ihan ykk\u00f6sluokan svengi\u00e4, mutta Mikkelsen (joka n\u00e4htiin er\u00e4\u00e4nlaisessa keskiaikawesterniss\u00e4 <em>Michael Koolhaas<\/em> Cannesissa viime vuonna) on vaikuttava ja cowboy-Persbrandtin <em>swaggerista<\/em> ei varmaankaan n\u00e4ill\u00e4 festareilla panna paremmaksi. Hyv\u00e4 Suomi.<\/p>\n\n\n\n<p>Levityshaasteena meill\u00e4 Suomessa on korkeintaan elokuvan v\u00e4kivaltaisuus. Mit\u00e4\u00e4n ylet\u00f6nt\u00e4 ei tapahdu, mutta tarina alkaa Mikkelsenin roolihahmon vaimon raiskauksella ja lopputaisteluun menness\u00e4 jo yli tusinalla miehell\u00e4 on iso reik\u00e4 p\u00e4\u00e4ss\u00e4\u00e4n. L\u00e4nnenelokuvien peruskamaa toki, mutta uskoakseni ainakin Persbrandtin suomalaisfanit kallistunevat enemm\u00e4n hillittyjen televisiodekkarien kuin verisempien western-tunnelmien puoleen.<\/p>\n\n\n\n<p><em>Korjaus 17.5. klo 14.53: Mikael Persbrandt on syntynyt Suomen kansalaisena Ruotsissa, ja on kansalaisuudeltaan edelleen suomalainen. H\u00e4nen \u00e4itins\u00e4 on Ahvenanmaalta.<\/em><\/p>\n\n\n","protected":false},"excerpt":{"rendered":"<p>Tanskalaisen elokuvateollisuuden valtti on asenne. Tehd\u00e4\u00e4nk\u00f6 vakava spagettiwesternpastissi, jossa Mads Mikkelsen ja Mikael Persbrandt esitt\u00e4v\u00e4t tanskalaisia veljeksi\u00e4 vuoden 1867 Villiss\u00e4 l\u00e4nness\u00e4? Tehd\u00e4\u00e4nk\u00f6 se kansainv\u00e4lisille markkinoille?<br \/>\nNo tehd\u00e4\u00e4n. &hellip;<\/p>\n","protected":false},"author":144,"featured_media":0,"comment_status":"open","ping_status":"closed","sticky":false,"template":"","format":"standard","meta":{"_acf_changed":false,"asauth_required_access_level":3,"asauth_cansharepaid":"true","om_header_attributes":[],"footnotes":"","om_featured_image_focal_point":[],"om_primary_tag":0,"om_contributors":[],"om_co_authors":[],"beyondwords_generate_audio":"","beyondwords_project_id":"","beyondwords_content_id":"","beyondwords_preview_token":"","beyondwords_player_content":"","beyondwords_player_style":"","beyondwords_language_code":"","beyondwords_language_id":"","beyondwords_title_voice_id":"","beyondwords_body_voice_id":"","beyondwords_summary_voice_id":"","beyondwords_error_message":"","beyondwords_disabled":"","beyondwords_delete_content":"","beyondwords_podcast_id":"","beyondwords_hash":"","publish_post_to_speechkit":"","speechkit_hash":"","speechkit_generate_audio":"","speechkit_project_id":"","speechkit_podcast_id":"","speechkit_error_message":"","speechkit_disabled":"","speechkit_access_key":"","speechkit_error":"","speechkit_info":"","speechkit_response":"","speechkit_retries":"","speechkit_status":"","speechkit_updated_at":"","_speechkit_link":"","_speechkit_text":""},"categories":[1],"tags":[1915,540,780,1914],"class_list":["post-2101","post","type-post","status-publish","format-standard","hentry","category-kuvien-takaa","tag-eric-cantona","tag-mads-mikkelsen","tag-mikael-persbrandt","tag-the-salvation"],"om_views":null,"acf":{"tuuma_off":false,"tuuma_kysymys":"","tuuma_vastaus":""},"asauth":{"required_access_level":1,"share_token":"","is_paid":false},"yoast_head":"<!-- This site is optimized with the Yoast SEO plugin v26.4 - https:\/\/yoast.com\/wordpress\/plugins\/seo\/ -->\n<title>Cannes 2014: The Salvation eli Mads Mikkelsen tanskalaisena l\u00e4nnensankarina - Kuvien takaa<\/title>\n<meta name=\"robots\" content=\"index, follow, max-snippet:-1, max-image-preview:large, max-video-preview:-1\" \/>\n<link rel=\"canonical\" href=\"https:\/\/suomenkuvalehti.fi\/kuvien-takaa\/cannes-2014-salvation-eli-mads-mikkelsen-tanskalaisena-revolverisankarina\/\" \/>\n<meta property=\"og:locale\" content=\"fi_FI\" \/>\n<meta property=\"og:type\" content=\"article\" \/>\n<meta property=\"og:title\" content=\"Cannes 2014: The Salvation eli Mads Mikkelsen tanskalaisena l\u00e4nnensankarina - Kuvien takaa\" \/>\n<meta property=\"og:description\" content=\"Tanskalaisen elokuvateollisuuden valtti on asenne. Tehd\u00e4\u00e4nk\u00f6 vakava spagettiwesternpastissi, jossa Mads Mikkelsen ja Mikael Persbrandt esitt\u00e4v\u00e4t tanskalaisia veljeksi\u00e4 vuoden 1867 Villiss\u00e4 l\u00e4nness\u00e4? Tehd\u00e4\u00e4nk\u00f6 se kansainv\u00e4lisille markkinoille? No tehd\u00e4\u00e4n. &hellip;\" \/>\n<meta property=\"og:url\" content=\"https:\/\/suomenkuvalehti.fi\/kuvien-takaa\/cannes-2014-salvation-eli-mads-mikkelsen-tanskalaisena-revolverisankarina\/\" \/>\n<meta property=\"og:site_name\" content=\"Kuvien takaa\" \/>\n<meta property=\"article:author\" content=\"https:\/\/www.facebook.com\/pages\/Kalle-Kinnunen-Kuvien-takaa\/190326157715410?fref=ts\" \/>\n<meta property=\"article:published_time\" content=\"2014-05-16T20:49:24+00:00\" \/>\n<meta property=\"article:modified_time\" content=\"2014-05-17T11:54:29+00:00\" \/>\n<meta property=\"og:image\" content=\"https:\/\/suomenkuvalehti.fi\/kuvien-takaa\/wp-content\/uploads\/sites\/11\/2022\/04\/kalle_kinnunen_blogi-1-scaled.jpg\" \/>\n\t<meta property=\"og:image:width\" content=\"2560\" \/>\n\t<meta property=\"og:image:height\" content=\"1707\" \/>\n\t<meta property=\"og:image:type\" content=\"image\/jpeg\" \/>\n<meta name=\"author\" content=\"Kalle Kinnunen\" \/>\n<meta name=\"twitter:card\" content=\"summary_large_image\" \/>\n<meta name=\"twitter:creator\" content=\"@https:\/\/twitter.com\/kallekinnunen\" \/>\n<meta name=\"twitter:label1\" content=\"Written by\" \/>\n\t<meta name=\"twitter:data1\" content=\"Kalle Kinnunen\" \/>\n\t<meta name=\"twitter:label2\" content=\"Est. reading time\" \/>\n\t<meta name=\"twitter:data2\" content=\"2 minuuttia\" \/>\n<script type=\"application\/ld+json\" class=\"yoast-schema-graph\">{\"@context\":\"https:\/\/schema.org\",\"@graph\":[{\"@type\":\"WebPage\",\"@id\":\"https:\/\/suomenkuvalehti.fi\/kuvien-takaa\/cannes-2014-salvation-eli-mads-mikkelsen-tanskalaisena-revolverisankarina\/\",\"url\":\"https:\/\/suomenkuvalehti.fi\/kuvien-takaa\/cannes-2014-salvation-eli-mads-mikkelsen-tanskalaisena-revolverisankarina\/\",\"name\":\"Cannes 2014: The Salvation eli Mads Mikkelsen tanskalaisena l\u00e4nnensankarina - Kuvien takaa\",\"isPartOf\":{\"@id\":\"https:\/\/suomenkuvalehti.fi\/kuvien-takaa\/#website\"},\"datePublished\":\"2014-05-16T20:49:24+00:00\",\"dateModified\":\"2014-05-17T11:54:29+00:00\",\"author\":{\"@id\":\"https:\/\/suomenkuvalehti.fi\/kuvien-takaa\/#\/schema\/person\/f3f657e4ad409e008f12af27bec60a23\"},\"breadcrumb\":{\"@id\":\"https:\/\/suomenkuvalehti.fi\/kuvien-takaa\/cannes-2014-salvation-eli-mads-mikkelsen-tanskalaisena-revolverisankarina\/#breadcrumb\"},\"inLanguage\":\"fi\",\"potentialAction\":[{\"@type\":\"ReadAction\",\"target\":[\"https:\/\/suomenkuvalehti.fi\/kuvien-takaa\/cannes-2014-salvation-eli-mads-mikkelsen-tanskalaisena-revolverisankarina\/\"]}]},{\"@type\":\"BreadcrumbList\",\"@id\":\"https:\/\/suomenkuvalehti.fi\/kuvien-takaa\/cannes-2014-salvation-eli-mads-mikkelsen-tanskalaisena-revolverisankarina\/#breadcrumb\",\"itemListElement\":[{\"@type\":\"ListItem\",\"position\":1,\"name\":\"Home\",\"item\":\"https:\/\/suomenkuvalehti.fi\/kuvien-takaa\/\"},{\"@type\":\"ListItem\",\"position\":2,\"name\":\"Cannes 2014: The Salvation eli Mads Mikkelsen tanskalaisena l\u00e4nnensankarina\"}]},{\"@type\":\"WebSite\",\"@id\":\"https:\/\/suomenkuvalehti.fi\/kuvien-takaa\/#website\",\"url\":\"https:\/\/suomenkuvalehti.fi\/kuvien-takaa\/\",\"name\":\"Kuvien takaa\",\"description\":\"Elokuvakriitikko Kalle Kinnusen elokuvablogi.\",\"potentialAction\":[{\"@type\":\"SearchAction\",\"target\":{\"@type\":\"EntryPoint\",\"urlTemplate\":\"https:\/\/suomenkuvalehti.fi\/haku\/?q={search_term_string}\"},\"query-input\":{\"@type\":\"PropertyValueSpecification\",\"valueRequired\":true,\"valueName\":\"search_term_string\"}}],\"inLanguage\":\"fi\"},{\"@type\":\"Person\",\"@id\":\"https:\/\/suomenkuvalehti.fi\/kuvien-takaa\/#\/schema\/person\/f3f657e4ad409e008f12af27bec60a23\",\"name\":\"Kalle Kinnunen\",\"image\":{\"@type\":\"ImageObject\",\"inLanguage\":\"fi\",\"@id\":\"https:\/\/suomenkuvalehti.fi\/kuvien-takaa\/#\/schema\/person\/image\/\",\"url\":\"https:\/\/suomenkuvalehti.fi\/kuvien-takaa\/wp-content\/uploads\/sites\/11\/2022\/04\/kalle_kinnunen_blogi-1-150x150.jpg\",\"contentUrl\":\"https:\/\/suomenkuvalehti.fi\/kuvien-takaa\/wp-content\/uploads\/sites\/11\/2022\/04\/kalle_kinnunen_blogi-1-150x150.jpg\",\"caption\":\"Kalle Kinnunen\"},\"description\":\"Kalle Kinnunen on vapaa toimittaja ja Suomen Kuvalehden avustaja.\",\"sameAs\":[\"https:\/\/www.facebook.com\/pages\/Kalle-Kinnunen-Kuvien-takaa\/190326157715410?fref=ts\",\"https:\/\/x.com\/https:\/\/twitter.com\/kallekinnunen\"]}]}<\/script>\n<!-- \/ Yoast SEO plugin. -->","yoast_head_json":{"title":"Cannes 2014: The Salvation eli Mads Mikkelsen tanskalaisena l\u00e4nnensankarina - Kuvien takaa","robots":{"index":"index","follow":"follow","max-snippet":"max-snippet:-1","max-image-preview":"max-image-preview:large","max-video-preview":"max-video-preview:-1"},"canonical":"https:\/\/suomenkuvalehti.fi\/kuvien-takaa\/cannes-2014-salvation-eli-mads-mikkelsen-tanskalaisena-revolverisankarina\/","og_locale":"fi_FI","og_type":"article","og_title":"Cannes 2014: The Salvation eli Mads Mikkelsen tanskalaisena l\u00e4nnensankarina - Kuvien takaa","og_description":"Tanskalaisen elokuvateollisuuden valtti on asenne. Tehd\u00e4\u00e4nk\u00f6 vakava spagettiwesternpastissi, jossa Mads Mikkelsen ja Mikael Persbrandt esitt\u00e4v\u00e4t tanskalaisia veljeksi\u00e4 vuoden 1867 Villiss\u00e4 l\u00e4nness\u00e4? Tehd\u00e4\u00e4nk\u00f6 se kansainv\u00e4lisille markkinoille? No tehd\u00e4\u00e4n. &hellip;","og_url":"https:\/\/suomenkuvalehti.fi\/kuvien-takaa\/cannes-2014-salvation-eli-mads-mikkelsen-tanskalaisena-revolverisankarina\/","og_site_name":"Kuvien takaa","article_author":"https:\/\/www.facebook.com\/pages\/Kalle-Kinnunen-Kuvien-takaa\/190326157715410?fref=ts","article_published_time":"2014-05-16T20:49:24+00:00","article_modified_time":"2014-05-17T11:54:29+00:00","og_image":[{"width":2560,"height":1707,"url":"https:\/\/suomenkuvalehti.fi\/kuvien-takaa\/wp-content\/uploads\/sites\/11\/2022\/04\/kalle_kinnunen_blogi-1-scaled.jpg","type":"image\/jpeg"}],"author":"Kalle Kinnunen","twitter_card":"summary_large_image","twitter_creator":"@https:\/\/twitter.com\/kallekinnunen","twitter_misc":{"Written by":"Kalle Kinnunen","Est. reading time":"2 minuuttia"},"schema":{"@context":"https:\/\/schema.org","@graph":[{"@type":"WebPage","@id":"https:\/\/suomenkuvalehti.fi\/kuvien-takaa\/cannes-2014-salvation-eli-mads-mikkelsen-tanskalaisena-revolverisankarina\/","url":"https:\/\/suomenkuvalehti.fi\/kuvien-takaa\/cannes-2014-salvation-eli-mads-mikkelsen-tanskalaisena-revolverisankarina\/","name":"Cannes 2014: The Salvation eli Mads Mikkelsen tanskalaisena l\u00e4nnensankarina - Kuvien takaa","isPartOf":{"@id":"https:\/\/suomenkuvalehti.fi\/kuvien-takaa\/#website"},"datePublished":"2014-05-16T20:49:24+00:00","dateModified":"2014-05-17T11:54:29+00:00","author":{"@id":"https:\/\/suomenkuvalehti.fi\/kuvien-takaa\/#\/schema\/person\/f3f657e4ad409e008f12af27bec60a23"},"breadcrumb":{"@id":"https:\/\/suomenkuvalehti.fi\/kuvien-takaa\/cannes-2014-salvation-eli-mads-mikkelsen-tanskalaisena-revolverisankarina\/#breadcrumb"},"inLanguage":"fi","potentialAction":[{"@type":"ReadAction","target":["https:\/\/suomenkuvalehti.fi\/kuvien-takaa\/cannes-2014-salvation-eli-mads-mikkelsen-tanskalaisena-revolverisankarina\/"]}]},{"@type":"BreadcrumbList","@id":"https:\/\/suomenkuvalehti.fi\/kuvien-takaa\/cannes-2014-salvation-eli-mads-mikkelsen-tanskalaisena-revolverisankarina\/#breadcrumb","itemListElement":[{"@type":"ListItem","position":1,"name":"Home","item":"https:\/\/suomenkuvalehti.fi\/kuvien-takaa\/"},{"@type":"ListItem","position":2,"name":"Cannes 2014: The Salvation eli Mads Mikkelsen tanskalaisena l\u00e4nnensankarina"}]},{"@type":"WebSite","@id":"https:\/\/suomenkuvalehti.fi\/kuvien-takaa\/#website","url":"https:\/\/suomenkuvalehti.fi\/kuvien-takaa\/","name":"Kuvien takaa","description":"Elokuvakriitikko Kalle Kinnusen elokuvablogi.","potentialAction":[{"@type":"SearchAction","target":{"@type":"EntryPoint","urlTemplate":"https:\/\/suomenkuvalehti.fi\/haku\/?q={search_term_string}"},"query-input":{"@type":"PropertyValueSpecification","valueRequired":true,"valueName":"search_term_string"}}],"inLanguage":"fi"},{"@type":"Person","@id":"https:\/\/suomenkuvalehti.fi\/kuvien-takaa\/#\/schema\/person\/f3f657e4ad409e008f12af27bec60a23","name":"Kalle Kinnunen","image":{"@type":"ImageObject","inLanguage":"fi","@id":"https:\/\/suomenkuvalehti.fi\/kuvien-takaa\/#\/schema\/person\/image\/","url":"https:\/\/suomenkuvalehti.fi\/kuvien-takaa\/wp-content\/uploads\/sites\/11\/2022\/04\/kalle_kinnunen_blogi-1-150x150.jpg","contentUrl":"https:\/\/suomenkuvalehti.fi\/kuvien-takaa\/wp-content\/uploads\/sites\/11\/2022\/04\/kalle_kinnunen_blogi-1-150x150.jpg","caption":"Kalle Kinnunen"},"description":"Kalle Kinnunen on vapaa toimittaja ja Suomen Kuvalehden avustaja.","sameAs":["https:\/\/www.facebook.com\/pages\/Kalle-Kinnunen-Kuvien-takaa\/190326157715410?fref=ts","https:\/\/x.com\/https:\/\/twitter.com\/kallekinnunen"]}]}},"_links":{"self":[{"href":"https:\/\/suomenkuvalehti.fi\/kuvien-takaa\/wp-json\/wp\/v2\/posts\/2101","targetHints":{"allow":["GET"]}}],"collection":[{"href":"https:\/\/suomenkuvalehti.fi\/kuvien-takaa\/wp-json\/wp\/v2\/posts"}],"about":[{"href":"https:\/\/suomenkuvalehti.fi\/kuvien-takaa\/wp-json\/wp\/v2\/types\/post"}],"author":[{"embeddable":true,"href":"https:\/\/suomenkuvalehti.fi\/kuvien-takaa\/wp-json\/wp\/v2\/users\/144"}],"replies":[{"embeddable":true,"href":"https:\/\/suomenkuvalehti.fi\/kuvien-takaa\/wp-json\/wp\/v2\/comments?post=2101"}],"version-history":[{"count":6,"href":"https:\/\/suomenkuvalehti.fi\/kuvien-takaa\/wp-json\/wp\/v2\/posts\/2101\/revisions"}],"predecessor-version":[{"id":2115,"href":"https:\/\/suomenkuvalehti.fi\/kuvien-takaa\/wp-json\/wp\/v2\/posts\/2101\/revisions\/2115"}],"wp:attachment":[{"href":"https:\/\/suomenkuvalehti.fi\/kuvien-takaa\/wp-json\/wp\/v2\/media?parent=2101"}],"wp:term":[{"taxonomy":"category","embeddable":true,"href":"https:\/\/suomenkuvalehti.fi\/kuvien-takaa\/wp-json\/wp\/v2\/categories?post=2101"},{"taxonomy":"post_tag","embeddable":true,"href":"https:\/\/suomenkuvalehti.fi\/kuvien-takaa\/wp-json\/wp\/v2\/tags?post=2101"}],"curies":[{"name":"wp","href":"https:\/\/api.w.org\/{rel}","templated":true}]}}