{"id":1977,"date":"2014-02-13T18:10:01","date_gmt":"2014-02-13T16:10:01","guid":{"rendered":"https:\/\/suomenkuvalehti.fi\/kuvien-takaa\/?p=1977"},"modified":"2014-02-13T18:10:35","modified_gmt":"2014-02-13T16:10:35","slug":"berliinin-elokuvajuhlat-2014-kirjailijan-karikatyyrin-kidnappaus-eli-michel-houellebecqin-viimeisin-temppu","status":"publish","type":"post","link":"https:\/\/suomenkuvalehti.fi\/kuvien-takaa\/berliinin-elokuvajuhlat-2014-kirjailijan-karikatyyrin-kidnappaus-eli-michel-houellebecqin-viimeisin-temppu\/","title":{"rendered":"Berliinin elokuvajuhlat 2014: kirjailijan karikatyyrin kidnappaus, eli Michel Houellebecqin viimeisin temppu"},"content":{"rendered":"\n<p>Kirjailija <strong>Michel Houellebecq<\/strong> esitt\u00e4\u00e4 elokuvassa itse\u00e4\u00e4n: mumisevaa intellektuellia, joka haluaisi vain juoda yksin (laadukasta) punaviini\u00e4 ja narisee, jos joutuu ihmisten seuraan.<\/p>\n\n\n\n<p>Tarina sai inspiraation Houellebecqin katoamisesta kesken kirjakiertueen. Tosiel\u00e4m\u00e4ss\u00e4 h\u00e4n oli vain l\u00e4htenyt litomaan. <strong>Guillaume Niclouxin<\/strong> kirjoittamassa ja ohjaamassa elokuvassa kirjailija kidnapataan lunnaiden toivossa.<\/p>\n\n\n\n<p>Dokumentin n\u00e4k\u00f6inen elokuva on hyvin hauska, mik\u00e4li Houellebecqin kirjat ja persoona ovat edes auttavasti tuttuja. Jos pit\u00e4\u00e4 Houellebecqia alkaneen vuosisadan t\u00e4rkeimp\u00e4n\u00e4 kirjailijana, kuten allekirjoittanut, ilkikurinen elokuva saattaa jopa palauttaa maan pinnalle. Huumorin ote &#8211; se miten h\u00e4n ja Nicloux ivaavat ranskalaista intelligentsiaa johon kiistatta itse kuuluvat &#8211; on usein kovin rahvaanomainen.<\/p>\n\n\n\n<p>&#8221;Ei valoa, en pid\u00e4 siit\u00e4, se on liian skandinaavista&#8221;, Houellebecq narisee sisustussuunnittelijalle aivan elokuvan alussa, ennen kuin h\u00e4net siepataan ja vied\u00e4\u00e4n maalle puolanromanien luo.<\/p>\n\n\n\n<p>Alussa siis kerrotaan, ett\u00e4 p\u00e4\u00e4henkil\u00f6 haluaa kotiinsa <em>pime\u00e4n keitti\u00f6n<\/em>.<\/p>\n\n\n\n<p>Elokuvassa riitt\u00e4\u00e4 ei-mihink\u00e4\u00e4n liittyvi\u00e4 tilanteita. Houellebecq esimerkiksi k\u00e4velee pihalla, n\u00e4kee kaupungin yli lent\u00e4v\u00e4n helikopterin, sanoo &#8221;helikopteri&#8221; ja jatkaa matkaansa.<\/p>\n\n\n\n<p>Kaappaus suoritetaan isolla laatikolla, jossa on ilmareiki\u00e4. Laatikko on kuin joku Karhukoplan kapistus Aku Ankasta. Kaapparit ovat juntteja &#8221;tavallisia&#8221; ihmisi\u00e4. Kelmikolmikko yst\u00e4vystyy kirjailijan kanssa. He yritt\u00e4v\u00e4t opettaa h\u00e4nelle esimerkiksi krav magaa.<\/p>\n\n\n\n<p>Houellebecq polttaa, juo ja koettaa v\u00e4ltell\u00e4 keskusteluja p\u00f6lv\u00e4stien kanssa. H\u00e4n ohjeistaa kaappaajilleen tarkkaan, mit\u00e4 espanjalaisviini\u00e4 haluaa kaupasta. Kun h\u00e4n k\u00e4ytt\u00e4ytyy hyvin, &#8221;is\u00e4nt\u00e4perheen&#8221; vanhukset j\u00e4rjest\u00e4v\u00e4t h\u00e4nelle seuraksi prostituoidun.<\/p>\n\n\n\n<p>Ketjupolttamistaan h\u00e4n perustelee sill\u00e4, ett\u00e4 n\u00e4ytteli kerran elokuvassa ja joutui rooliaan varten tupakoimaan: siksi siit\u00e4 tuli tapa. &#8221;Ent\u00e4s juominen&#8221;, kysyy kaappari. &#8221;Voitin kerran er\u00e4\u00e4n kirjallisuuspalkinnon, ja sen yhteydess\u00e4 tarjottiin lasillinen&#8221;, Houellebecq sanoo.<\/p>\n\n\n\n<p>Kerran kolmikko vet\u00e4ytyy pihalle pohtimaan, onko Houellebecq \u00e4lykk\u00e4\u00e4mpi kuin he kolme yhteens\u00e4.<\/p>\n\n\n\n<p>Toimeliaat kidnappaajat ovat oikeastaan &#8221;parempia&#8221; ihmisi\u00e4 kuin elokuvan Houellebecq, joka ei tuota mit\u00e4\u00e4n hyv\u00e4\u00e4.<\/p>\n\n\n\n<p>Niclouxin elokuva on kuvausteknisesti juuri ja juuri valkokankaan v\u00e4himm\u00e4isvaatimukset t\u00e4ytt\u00e4v\u00e4 ryk\u00e4isy, joka tyylilt\u00e4\u00e4n muistuttaa aika paljon <em>Seinfeldin<\/em> luojan <strong>Larry Davidin<\/strong> komediasarjaa <em>Curb Your Enthusiasm<\/em> eli <em>J\u00e4it\u00e4 hattuun<\/em>. T\u00e4ss\u00e4kin n\u00e4ytell\u00e4\u00e4n omilla nimill\u00e4 ja huumori rakennetaan p\u00e4\u00e4henkil\u00f6n nihke\u00e4st\u00e4 k\u00e4yt\u00f6ksest\u00e4, arkisen kiusallisista tilanteista ja ihmisten v\u00e4lisist\u00e4 luonne-eroista. Plagioinnista ei ole kyse, t\u00e4llaista j\u00e4lki vain on, kun tehd\u00e4\u00e4n mukadokkaria n\u00e4ill\u00e4 reunaehdoilla.<\/p>\n\n\n\n<p>Kaikilla on aina naama peruslukemilla.<\/p>\n\n\n\n<p>Houellebecq tekee elokuvasta omann\u00e4k\u00f6isens\u00e4. H\u00e4n ei osaa &#8221;n\u00e4ytell\u00e4&#8221;, vaan vain on. Monet kohtaukset on ilmiselv\u00e4sti improvisoitu. Joissain Houellebecq on silminn\u00e4hden alkoholin vaikutuksen alainen, tarkoitan k\u00e4nniss\u00e4.<\/p>\n\n\n\n<p>Hetkitt\u00e4in kirjailija puhuu kirjoistaan tutulla s\u00e4vyll\u00e4 haukkuessaan eurooppalaisen nykydemokratian ja kuvaillessaan junteille, kuinka kirjailijapiireiss\u00e4 elet\u00e4\u00e4n.<\/p>\n\n\n\n<p><em>The Kidnapping of Michel Houellebecq<\/em> ei ole enemp\u00e4\u00e4 kuin iso vitsi, ja tekij\u00e4t tiet\u00e4v\u00e4t sen. Juuri siksi se on erinomainen, ellei suorastaan ylivoimainen teos <em>ranskalaiset misantrooppikirjailijat n\u00e4yttelev\u00e4t ironisesti itse\u00e4\u00e4n<\/em> -komediagenress\u00e4. Uusi genre on oitis nyt suosikkejani, ja toivon siihen lis\u00e4\u00e4 elokuvia.<\/p>\n\n\n","protected":false},"excerpt":{"rendered":"<p>Kirjailija Michel Houellebecq esitt\u00e4\u00e4 elokuvassa itse\u00e4\u00e4n: mumisevaa intellektuellia, joka haluaisi vain juoda yksin (laadukasta) punaviini\u00e4 ja narisee, jos joutuu ihmisten seuraan. Tarina sai inspiraation<br \/>\nHoue&hellip;<\/p>\n","protected":false},"author":144,"featured_media":0,"comment_status":"open","ping_status":"open","sticky":false,"template":"","format":"standard","meta":{"_acf_changed":false,"asauth_required_access_level":3,"asauth_cansharepaid":"true","om_header_attributes":[],"footnotes":"","om_featured_image_focal_point":[],"om_primary_tag":0,"om_contributors":[],"om_co_authors":[],"beyondwords_generate_audio":"","beyondwords_project_id":"","beyondwords_content_id":"","beyondwords_preview_token":"","beyondwords_player_content":"","beyondwords_player_style":"","beyondwords_language_code":"","beyondwords_language_id":"","beyondwords_title_voice_id":"","beyondwords_body_voice_id":"","beyondwords_summary_voice_id":"","beyondwords_error_message":"","beyondwords_disabled":"","beyondwords_delete_content":"","beyondwords_podcast_id":"","beyondwords_hash":"","publish_post_to_speechkit":"","speechkit_hash":"","speechkit_generate_audio":"","speechkit_project_id":"","speechkit_podcast_id":"","speechkit_error_message":"","speechkit_disabled":"","speechkit_access_key":"","speechkit_error":"","speechkit_info":"","speechkit_response":"","speechkit_retries":"","speechkit_status":"","speechkit_updated_at":"","_speechkit_link":"","_speechkit_text":""},"categories":[1],"tags":[1891,1890],"class_list":["post-1977","post","type-post","status-publish","format-standard","hentry","category-kuvien-takaa","tag-curb-your-enthusiasm","tag-michel-houellebecq"],"om_views":null,"acf":{"tuuma_off":false,"tuuma_kysymys":"","tuuma_vastaus":""},"asauth":{"required_access_level":1,"share_token":"","is_paid":false},"yoast_head":"<!-- This site is optimized with the Yoast SEO plugin v26.4 - https:\/\/yoast.com\/wordpress\/plugins\/seo\/ -->\n<title>Berliinin elokuvajuhlat 2014: kirjailijan karikatyyrin kidnappaus, eli Michel Houellebecqin viimeisin temppu - Kuvien takaa<\/title>\n<meta name=\"robots\" content=\"index, follow, max-snippet:-1, max-image-preview:large, max-video-preview:-1\" \/>\n<link rel=\"canonical\" href=\"https:\/\/suomenkuvalehti.fi\/kuvien-takaa\/berliinin-elokuvajuhlat-2014-kirjailijan-karikatyyrin-kidnappaus-eli-michel-houellebecqin-viimeisin-temppu\/\" \/>\n<meta property=\"og:locale\" content=\"fi_FI\" \/>\n<meta property=\"og:type\" content=\"article\" \/>\n<meta property=\"og:title\" content=\"Berliinin elokuvajuhlat 2014: kirjailijan karikatyyrin kidnappaus, eli Michel Houellebecqin viimeisin temppu - Kuvien takaa\" \/>\n<meta property=\"og:description\" content=\"Kirjailija Michel Houellebecq esitt\u00e4\u00e4 elokuvassa itse\u00e4\u00e4n: mumisevaa intellektuellia, joka haluaisi vain juoda yksin (laadukasta) punaviini\u00e4 ja narisee, jos joutuu ihmisten seuraan. Tarina sai inspiraation Houe&hellip;\" \/>\n<meta property=\"og:url\" content=\"https:\/\/suomenkuvalehti.fi\/kuvien-takaa\/berliinin-elokuvajuhlat-2014-kirjailijan-karikatyyrin-kidnappaus-eli-michel-houellebecqin-viimeisin-temppu\/\" \/>\n<meta property=\"og:site_name\" content=\"Kuvien takaa\" \/>\n<meta property=\"article:author\" content=\"https:\/\/www.facebook.com\/pages\/Kalle-Kinnunen-Kuvien-takaa\/190326157715410?fref=ts\" \/>\n<meta property=\"article:published_time\" content=\"2014-02-13T16:10:01+00:00\" \/>\n<meta property=\"article:modified_time\" content=\"2014-02-13T16:10:35+00:00\" \/>\n<meta property=\"og:image\" content=\"https:\/\/suomenkuvalehti.fi\/kuvien-takaa\/wp-content\/uploads\/sites\/11\/2022\/04\/kalle_kinnunen_blogi-1-scaled.jpg\" \/>\n\t<meta property=\"og:image:width\" content=\"2560\" \/>\n\t<meta property=\"og:image:height\" content=\"1707\" \/>\n\t<meta property=\"og:image:type\" content=\"image\/jpeg\" \/>\n<meta name=\"author\" content=\"Kalle Kinnunen\" \/>\n<meta name=\"twitter:card\" content=\"summary_large_image\" \/>\n<meta name=\"twitter:creator\" content=\"@https:\/\/twitter.com\/kallekinnunen\" \/>\n<meta name=\"twitter:label1\" content=\"Written by\" \/>\n\t<meta name=\"twitter:data1\" content=\"Kalle Kinnunen\" \/>\n\t<meta name=\"twitter:label2\" content=\"Est. reading time\" \/>\n\t<meta name=\"twitter:data2\" content=\"2 minuuttia\" \/>\n<script type=\"application\/ld+json\" class=\"yoast-schema-graph\">{\"@context\":\"https:\/\/schema.org\",\"@graph\":[{\"@type\":\"WebPage\",\"@id\":\"https:\/\/suomenkuvalehti.fi\/kuvien-takaa\/berliinin-elokuvajuhlat-2014-kirjailijan-karikatyyrin-kidnappaus-eli-michel-houellebecqin-viimeisin-temppu\/\",\"url\":\"https:\/\/suomenkuvalehti.fi\/kuvien-takaa\/berliinin-elokuvajuhlat-2014-kirjailijan-karikatyyrin-kidnappaus-eli-michel-houellebecqin-viimeisin-temppu\/\",\"name\":\"Berliinin elokuvajuhlat 2014: kirjailijan karikatyyrin kidnappaus, eli Michel Houellebecqin viimeisin temppu - Kuvien takaa\",\"isPartOf\":{\"@id\":\"https:\/\/suomenkuvalehti.fi\/kuvien-takaa\/#website\"},\"datePublished\":\"2014-02-13T16:10:01+00:00\",\"dateModified\":\"2014-02-13T16:10:35+00:00\",\"author\":{\"@id\":\"https:\/\/suomenkuvalehti.fi\/kuvien-takaa\/#\/schema\/person\/f3f657e4ad409e008f12af27bec60a23\"},\"breadcrumb\":{\"@id\":\"https:\/\/suomenkuvalehti.fi\/kuvien-takaa\/berliinin-elokuvajuhlat-2014-kirjailijan-karikatyyrin-kidnappaus-eli-michel-houellebecqin-viimeisin-temppu\/#breadcrumb\"},\"inLanguage\":\"fi\",\"potentialAction\":[{\"@type\":\"ReadAction\",\"target\":[\"https:\/\/suomenkuvalehti.fi\/kuvien-takaa\/berliinin-elokuvajuhlat-2014-kirjailijan-karikatyyrin-kidnappaus-eli-michel-houellebecqin-viimeisin-temppu\/\"]}]},{\"@type\":\"BreadcrumbList\",\"@id\":\"https:\/\/suomenkuvalehti.fi\/kuvien-takaa\/berliinin-elokuvajuhlat-2014-kirjailijan-karikatyyrin-kidnappaus-eli-michel-houellebecqin-viimeisin-temppu\/#breadcrumb\",\"itemListElement\":[{\"@type\":\"ListItem\",\"position\":1,\"name\":\"Home\",\"item\":\"https:\/\/suomenkuvalehti.fi\/kuvien-takaa\/\"},{\"@type\":\"ListItem\",\"position\":2,\"name\":\"Berliinin elokuvajuhlat 2014: kirjailijan karikatyyrin kidnappaus, eli Michel Houellebecqin viimeisin temppu\"}]},{\"@type\":\"WebSite\",\"@id\":\"https:\/\/suomenkuvalehti.fi\/kuvien-takaa\/#website\",\"url\":\"https:\/\/suomenkuvalehti.fi\/kuvien-takaa\/\",\"name\":\"Kuvien takaa\",\"description\":\"Elokuvakriitikko Kalle Kinnusen elokuvablogi.\",\"potentialAction\":[{\"@type\":\"SearchAction\",\"target\":{\"@type\":\"EntryPoint\",\"urlTemplate\":\"https:\/\/suomenkuvalehti.fi\/haku\/?q={search_term_string}\"},\"query-input\":{\"@type\":\"PropertyValueSpecification\",\"valueRequired\":true,\"valueName\":\"search_term_string\"}}],\"inLanguage\":\"fi\"},{\"@type\":\"Person\",\"@id\":\"https:\/\/suomenkuvalehti.fi\/kuvien-takaa\/#\/schema\/person\/f3f657e4ad409e008f12af27bec60a23\",\"name\":\"Kalle Kinnunen\",\"image\":{\"@type\":\"ImageObject\",\"inLanguage\":\"fi\",\"@id\":\"https:\/\/suomenkuvalehti.fi\/kuvien-takaa\/#\/schema\/person\/image\/\",\"url\":\"https:\/\/suomenkuvalehti.fi\/kuvien-takaa\/wp-content\/uploads\/sites\/11\/2022\/04\/kalle_kinnunen_blogi-1-150x150.jpg\",\"contentUrl\":\"https:\/\/suomenkuvalehti.fi\/kuvien-takaa\/wp-content\/uploads\/sites\/11\/2022\/04\/kalle_kinnunen_blogi-1-150x150.jpg\",\"caption\":\"Kalle Kinnunen\"},\"description\":\"Kalle Kinnunen on vapaa toimittaja ja Suomen Kuvalehden avustaja.\",\"sameAs\":[\"https:\/\/www.facebook.com\/pages\/Kalle-Kinnunen-Kuvien-takaa\/190326157715410?fref=ts\",\"https:\/\/x.com\/https:\/\/twitter.com\/kallekinnunen\"]}]}<\/script>\n<!-- \/ Yoast SEO plugin. -->","yoast_head_json":{"title":"Berliinin elokuvajuhlat 2014: kirjailijan karikatyyrin kidnappaus, eli Michel Houellebecqin viimeisin temppu - Kuvien takaa","robots":{"index":"index","follow":"follow","max-snippet":"max-snippet:-1","max-image-preview":"max-image-preview:large","max-video-preview":"max-video-preview:-1"},"canonical":"https:\/\/suomenkuvalehti.fi\/kuvien-takaa\/berliinin-elokuvajuhlat-2014-kirjailijan-karikatyyrin-kidnappaus-eli-michel-houellebecqin-viimeisin-temppu\/","og_locale":"fi_FI","og_type":"article","og_title":"Berliinin elokuvajuhlat 2014: kirjailijan karikatyyrin kidnappaus, eli Michel Houellebecqin viimeisin temppu - Kuvien takaa","og_description":"Kirjailija Michel Houellebecq esitt\u00e4\u00e4 elokuvassa itse\u00e4\u00e4n: mumisevaa intellektuellia, joka haluaisi vain juoda yksin (laadukasta) punaviini\u00e4 ja narisee, jos joutuu ihmisten seuraan. Tarina sai inspiraation Houe&hellip;","og_url":"https:\/\/suomenkuvalehti.fi\/kuvien-takaa\/berliinin-elokuvajuhlat-2014-kirjailijan-karikatyyrin-kidnappaus-eli-michel-houellebecqin-viimeisin-temppu\/","og_site_name":"Kuvien takaa","article_author":"https:\/\/www.facebook.com\/pages\/Kalle-Kinnunen-Kuvien-takaa\/190326157715410?fref=ts","article_published_time":"2014-02-13T16:10:01+00:00","article_modified_time":"2014-02-13T16:10:35+00:00","og_image":[{"width":2560,"height":1707,"url":"https:\/\/suomenkuvalehti.fi\/kuvien-takaa\/wp-content\/uploads\/sites\/11\/2022\/04\/kalle_kinnunen_blogi-1-scaled.jpg","type":"image\/jpeg"}],"author":"Kalle Kinnunen","twitter_card":"summary_large_image","twitter_creator":"@https:\/\/twitter.com\/kallekinnunen","twitter_misc":{"Written by":"Kalle Kinnunen","Est. reading time":"2 minuuttia"},"schema":{"@context":"https:\/\/schema.org","@graph":[{"@type":"WebPage","@id":"https:\/\/suomenkuvalehti.fi\/kuvien-takaa\/berliinin-elokuvajuhlat-2014-kirjailijan-karikatyyrin-kidnappaus-eli-michel-houellebecqin-viimeisin-temppu\/","url":"https:\/\/suomenkuvalehti.fi\/kuvien-takaa\/berliinin-elokuvajuhlat-2014-kirjailijan-karikatyyrin-kidnappaus-eli-michel-houellebecqin-viimeisin-temppu\/","name":"Berliinin elokuvajuhlat 2014: kirjailijan karikatyyrin kidnappaus, eli Michel Houellebecqin viimeisin temppu - Kuvien takaa","isPartOf":{"@id":"https:\/\/suomenkuvalehti.fi\/kuvien-takaa\/#website"},"datePublished":"2014-02-13T16:10:01+00:00","dateModified":"2014-02-13T16:10:35+00:00","author":{"@id":"https:\/\/suomenkuvalehti.fi\/kuvien-takaa\/#\/schema\/person\/f3f657e4ad409e008f12af27bec60a23"},"breadcrumb":{"@id":"https:\/\/suomenkuvalehti.fi\/kuvien-takaa\/berliinin-elokuvajuhlat-2014-kirjailijan-karikatyyrin-kidnappaus-eli-michel-houellebecqin-viimeisin-temppu\/#breadcrumb"},"inLanguage":"fi","potentialAction":[{"@type":"ReadAction","target":["https:\/\/suomenkuvalehti.fi\/kuvien-takaa\/berliinin-elokuvajuhlat-2014-kirjailijan-karikatyyrin-kidnappaus-eli-michel-houellebecqin-viimeisin-temppu\/"]}]},{"@type":"BreadcrumbList","@id":"https:\/\/suomenkuvalehti.fi\/kuvien-takaa\/berliinin-elokuvajuhlat-2014-kirjailijan-karikatyyrin-kidnappaus-eli-michel-houellebecqin-viimeisin-temppu\/#breadcrumb","itemListElement":[{"@type":"ListItem","position":1,"name":"Home","item":"https:\/\/suomenkuvalehti.fi\/kuvien-takaa\/"},{"@type":"ListItem","position":2,"name":"Berliinin elokuvajuhlat 2014: kirjailijan karikatyyrin kidnappaus, eli Michel Houellebecqin viimeisin temppu"}]},{"@type":"WebSite","@id":"https:\/\/suomenkuvalehti.fi\/kuvien-takaa\/#website","url":"https:\/\/suomenkuvalehti.fi\/kuvien-takaa\/","name":"Kuvien takaa","description":"Elokuvakriitikko Kalle Kinnusen elokuvablogi.","potentialAction":[{"@type":"SearchAction","target":{"@type":"EntryPoint","urlTemplate":"https:\/\/suomenkuvalehti.fi\/haku\/?q={search_term_string}"},"query-input":{"@type":"PropertyValueSpecification","valueRequired":true,"valueName":"search_term_string"}}],"inLanguage":"fi"},{"@type":"Person","@id":"https:\/\/suomenkuvalehti.fi\/kuvien-takaa\/#\/schema\/person\/f3f657e4ad409e008f12af27bec60a23","name":"Kalle Kinnunen","image":{"@type":"ImageObject","inLanguage":"fi","@id":"https:\/\/suomenkuvalehti.fi\/kuvien-takaa\/#\/schema\/person\/image\/","url":"https:\/\/suomenkuvalehti.fi\/kuvien-takaa\/wp-content\/uploads\/sites\/11\/2022\/04\/kalle_kinnunen_blogi-1-150x150.jpg","contentUrl":"https:\/\/suomenkuvalehti.fi\/kuvien-takaa\/wp-content\/uploads\/sites\/11\/2022\/04\/kalle_kinnunen_blogi-1-150x150.jpg","caption":"Kalle Kinnunen"},"description":"Kalle Kinnunen on vapaa toimittaja ja Suomen Kuvalehden avustaja.","sameAs":["https:\/\/www.facebook.com\/pages\/Kalle-Kinnunen-Kuvien-takaa\/190326157715410?fref=ts","https:\/\/x.com\/https:\/\/twitter.com\/kallekinnunen"]}]}},"_links":{"self":[{"href":"https:\/\/suomenkuvalehti.fi\/kuvien-takaa\/wp-json\/wp\/v2\/posts\/1977","targetHints":{"allow":["GET"]}}],"collection":[{"href":"https:\/\/suomenkuvalehti.fi\/kuvien-takaa\/wp-json\/wp\/v2\/posts"}],"about":[{"href":"https:\/\/suomenkuvalehti.fi\/kuvien-takaa\/wp-json\/wp\/v2\/types\/post"}],"author":[{"embeddable":true,"href":"https:\/\/suomenkuvalehti.fi\/kuvien-takaa\/wp-json\/wp\/v2\/users\/144"}],"replies":[{"embeddable":true,"href":"https:\/\/suomenkuvalehti.fi\/kuvien-takaa\/wp-json\/wp\/v2\/comments?post=1977"}],"version-history":[{"count":1,"href":"https:\/\/suomenkuvalehti.fi\/kuvien-takaa\/wp-json\/wp\/v2\/posts\/1977\/revisions"}],"predecessor-version":[{"id":1978,"href":"https:\/\/suomenkuvalehti.fi\/kuvien-takaa\/wp-json\/wp\/v2\/posts\/1977\/revisions\/1978"}],"wp:attachment":[{"href":"https:\/\/suomenkuvalehti.fi\/kuvien-takaa\/wp-json\/wp\/v2\/media?parent=1977"}],"wp:term":[{"taxonomy":"category","embeddable":true,"href":"https:\/\/suomenkuvalehti.fi\/kuvien-takaa\/wp-json\/wp\/v2\/categories?post=1977"},{"taxonomy":"post_tag","embeddable":true,"href":"https:\/\/suomenkuvalehti.fi\/kuvien-takaa\/wp-json\/wp\/v2\/tags?post=1977"}],"curies":[{"name":"wp","href":"https:\/\/api.w.org\/{rel}","templated":true}]}}