{"id":1928,"date":"2014-01-30T11:56:57","date_gmt":"2014-01-30T09:56:57","guid":{"rendered":"https:\/\/suomenkuvalehti.fi\/kuvien-takaa\/?p=1928"},"modified":"2014-01-30T12:03:32","modified_gmt":"2014-01-30T10:03:32","slug":"trierin-upea-nymphomaniac-tulee-ensi-iltaan-vain-helsingissa","status":"publish","type":"post","link":"https:\/\/suomenkuvalehti.fi\/kuvien-takaa\/trierin-upea-nymphomaniac-tulee-ensi-iltaan-vain-helsingissa\/","title":{"rendered":"Trierin upea Nymphomaniac tulee ensi-iltaan vain Helsingiss\u00e4"},"content":{"rendered":"\n<p><strong>Lars von Trierin<\/strong> nelituntinen <em>Nymphomaniac<\/em>, jonka ennustan j\u00e4\u00e4v\u00e4n alkaneen vuoden parhaiden elokuvien joukkoon, tulee ensi-iltaan 7. helmikuuta.<\/p>\n\n\n\n<p>Vain Helsingiss\u00e4.<\/p>\n\n\n\n<p>Muu Suomi saa odottaa filosofiaa ja biologiaa k\u00e4sittelev\u00e4\u00e4 huippuelokuvaa nelj\u00e4 viikkoa.<\/p>\n\n\n\n<p><a href=\"https:\/\/suomenkuvalehti.fi\/kuvien-takaa\/lars-von-trier-ja-rujo-filosofia-nymphomaniac-pohtii-nelja-tuntia-ihmisen-osaa-ja-osia\/?shared=1786-02ea443d-999\">Nymphomaniac on haasteellinen<\/a> &#8211; my\u00f6s muodoltaan. Se koostuu kahdesta kaksituntisesta elokuvasta, joiden katsominen yhten\u00e4 kokonaisuutena on ehdottomasti parempi ratkaisu. Vain Pohjoismaissa elokuvat my\u00f6s tuodaan samana p\u00e4iv\u00e4n\u00e4 levitykseen. Muualla ne saavat kaksi erillist\u00e4 ensi-iltaa v\u00e4lin\u00e4\u00e4n useita viikkoja.<\/p>\n\n\n\n<p>Helsingiss\u00e4 Nymphomaniac avaa Finnkinolla niin, ett\u00e4 16 eurolla saa tuplalipun, jolla p\u00e4\u00e4see katsomaan molemmat elokuvat samana p\u00e4iv\u00e4n\u00e4 tai halutessaan kakkososan my\u00f6hemmin. T\u00e4m\u00e4 ratkaisu kuulostaa erinomaiselta.<\/p>\n\n\n\n<p>Mutta p\u00e4\u00e4kaupungin ulkopuolella Nymphomaniacia ei n\u00e4hd\u00e4 ennen kuin 7.3.<\/p>\n\n\n\n<p>Levitysyhti\u00f6 Nordiskin elokuvalevityksen johtaja <strong>Katarina Nyman<\/strong> kertoo, ett\u00e4 ratkaisuun p\u00e4\u00e4dyttiin, koska elokuvan on syyt\u00e4 &#8221;l\u00e4mmet\u00e4&#8221; ja ker\u00e4t\u00e4 mainetta ennen kuin se p\u00e4\u00e4tyy pienille paikkakunnille.<\/p>\n\n\n\n<p>&#8221;Pienemmill\u00e4 yksisali-paikkakunnilla etupainotteinen l\u00e4ht\u00f6 saattaa joskus saada aikaiseksi vain hyvin h\u00e4t\u00e4isen piipahduksen, jos yleis\u00f6 ei ole elokuvaan ja sen kiinnostavuuteen oikein ehtinyt her\u00e4t\u00e4.&#8221;<\/p>\n\n\n\n<p>Kaikki julkisuus keskittyy tietenkin ensi-iltaan. Niinp\u00e4 suurempi syy on k\u00e4yt\u00e4nn\u00f6llisempi.<\/p>\n\n\n\n<p>&#8221;Juuri nyt helmikuun alussa ruuhka on hurja, eik\u00e4 nelituntisen setin sovittaminen ole myynnillemme mik\u00e4\u00e4n yksinkertainen teht\u00e4v\u00e4. Koska Helsingiss\u00e4 se onnistui, haluttiin elokuva tuoda kankaille mahdollisimman tuoreeltaan. Muiden paikkakuntien tuntuma&nbsp; oli, ett\u00e4 maaliskuun alussa saattaisi olla ensimm\u00e4inen v\u00e4li, jossa Trierin hieno mammutti saisi s\u00e4\u00e4dyllisen ajon.&#8221;<\/p>\n\n\n\n<p>Elokuvaa ei nyt saa Helsingin ulkopuolella ohjelmistoonsa yksik\u00e4\u00e4n teatteri ennen maaliskuuta.<\/p>\n\n\n\n<p>Vastaavaa platform-levitysmallia k\u00e4ytet\u00e4\u00e4n usein Yhdysvalloissa niin, ett\u00e4 elokuva saa suurkaupungeissa ensi-iltansa Oscar-kelpoisuuden takaamiseksi joulukuussa ja muualla maassa seuraavina viikkoina.<\/p>\n\n\n\n<p>Suomessa sit\u00e4 on kokeiltu viime vuosina vain <em>Havukka-ahon ajattelijaan<\/em>. Se sai ensi-iltansa muutamilla pikkupaikkakunnilla nelj\u00e4 viikkoa ennen valtakunnallista ensi-iltaa.<\/p>\n\n\n\n<p>Raju Nymphomaniac on aivan toisenlainen elokuva, jonka yleis\u00f6 on todenn\u00e4k\u00f6isesti pitk\u00e4lti p\u00e4\u00e4kaupunkiseudulla. Trierin provokaatioiden yst\u00e4ville se on kotipaikkakunnasta riippumatta must-see, jota odotetaan. Mutta ent\u00e4 ne ehk\u00e4 kiinnostuneet, varovaisen uteliaat katsojat?<\/p>\n\n\n\n<p>On mielenkiintoista n\u00e4hd\u00e4, miten k\u00e4y.<\/p>\n\n\n","protected":false},"excerpt":{"rendered":"<p>Lars von Trierin nelituntinen Nymphomaniac, jonka ennustan j\u00e4\u00e4v\u00e4n alkaneen vuoden parhaiden elokuvien joukkoon, tulee ensi-iltaan 7. helmikuuta. Vain Helsingiss\u00e4. Muu Suomi saa odottaa filosofiaa ja biologiaa k\u00e4sittelev\u00e4\u00e4 huippuelokuvaa nelj\u00e4 viikkoa.<br \/>\nNymphom&hellip;<\/p>\n","protected":false},"author":144,"featured_media":0,"comment_status":"open","ping_status":"open","sticky":false,"template":"","format":"standard","meta":{"_acf_changed":false,"asauth_required_access_level":3,"asauth_cansharepaid":"true","om_header_attributes":[],"footnotes":"","om_featured_image_focal_point":[],"om_primary_tag":0,"om_contributors":[],"om_co_authors":[],"beyondwords_generate_audio":"","beyondwords_project_id":"","beyondwords_content_id":"","beyondwords_preview_token":"","beyondwords_player_content":"","beyondwords_player_style":"","beyondwords_language_code":"","beyondwords_language_id":"","beyondwords_title_voice_id":"","beyondwords_body_voice_id":"","beyondwords_summary_voice_id":"","beyondwords_error_message":"","beyondwords_disabled":"","beyondwords_delete_content":"","beyondwords_podcast_id":"","beyondwords_hash":"","publish_post_to_speechkit":"","speechkit_hash":"","speechkit_generate_audio":"","speechkit_project_id":"","speechkit_podcast_id":"","speechkit_error_message":"","speechkit_disabled":"","speechkit_access_key":"","speechkit_error":"","speechkit_info":"","speechkit_response":"","speechkit_retries":"","speechkit_status":"","speechkit_updated_at":"","_speechkit_link":"","_speechkit_text":""},"categories":[1],"tags":[99,205,206],"class_list":["post-1928","post","type-post","status-publish","format-standard","hentry","category-kuvien-takaa","tag-elokuvateatterit","tag-lars-von-trier","tag-nymphomaniac"],"om_views":null,"acf":{"tuuma_off":false,"tuuma_kysymys":"","tuuma_vastaus":""},"asauth":{"required_access_level":1,"share_token":"","is_paid":false},"yoast_head":"<!-- This site is optimized with the Yoast SEO plugin v26.4 - https:\/\/yoast.com\/wordpress\/plugins\/seo\/ -->\n<title>Trierin upea Nymphomaniac tulee ensi-iltaan vain Helsingiss\u00e4 - Kuvien takaa<\/title>\n<meta name=\"description\" content=\"Lars von Trierin uutuutta saadaan odotella Helsingin ulkopuolelle viikkokausia.\" \/>\n<meta name=\"robots\" content=\"index, follow, max-snippet:-1, max-image-preview:large, max-video-preview:-1\" \/>\n<link rel=\"canonical\" href=\"https:\/\/suomenkuvalehti.fi\/kuvien-takaa\/trierin-upea-nymphomaniac-tulee-ensi-iltaan-vain-helsingissa\/\" \/>\n<meta property=\"og:locale\" content=\"fi_FI\" \/>\n<meta property=\"og:type\" content=\"article\" \/>\n<meta property=\"og:title\" content=\"Trierin upea Nymphomaniac tulee ensi-iltaan vain Helsingiss\u00e4 - Kuvien takaa\" \/>\n<meta property=\"og:description\" content=\"Lars von Trierin uutuutta saadaan odotella Helsingin ulkopuolelle viikkokausia.\" \/>\n<meta property=\"og:url\" content=\"https:\/\/suomenkuvalehti.fi\/kuvien-takaa\/trierin-upea-nymphomaniac-tulee-ensi-iltaan-vain-helsingissa\/\" \/>\n<meta property=\"og:site_name\" content=\"Kuvien takaa\" \/>\n<meta property=\"article:author\" content=\"https:\/\/www.facebook.com\/pages\/Kalle-Kinnunen-Kuvien-takaa\/190326157715410?fref=ts\" \/>\n<meta property=\"article:published_time\" content=\"2014-01-30T09:56:57+00:00\" \/>\n<meta property=\"article:modified_time\" content=\"2014-01-30T10:03:32+00:00\" \/>\n<meta property=\"og:image\" content=\"https:\/\/suomenkuvalehti.fi\/kuvien-takaa\/wp-content\/uploads\/sites\/11\/2022\/04\/kalle_kinnunen_blogi-1-scaled.jpg\" \/>\n\t<meta property=\"og:image:width\" content=\"2560\" \/>\n\t<meta property=\"og:image:height\" content=\"1707\" \/>\n\t<meta property=\"og:image:type\" content=\"image\/jpeg\" \/>\n<meta name=\"author\" content=\"Kalle Kinnunen\" \/>\n<meta name=\"twitter:card\" content=\"summary_large_image\" \/>\n<meta name=\"twitter:creator\" content=\"@https:\/\/twitter.com\/kallekinnunen\" \/>\n<meta name=\"twitter:label1\" content=\"Written by\" \/>\n\t<meta name=\"twitter:data1\" content=\"Kalle Kinnunen\" \/>\n\t<meta name=\"twitter:label2\" content=\"Est. reading time\" \/>\n\t<meta name=\"twitter:data2\" content=\"2 minuuttia\" \/>\n<script type=\"application\/ld+json\" class=\"yoast-schema-graph\">{\"@context\":\"https:\/\/schema.org\",\"@graph\":[{\"@type\":\"WebPage\",\"@id\":\"https:\/\/suomenkuvalehti.fi\/kuvien-takaa\/trierin-upea-nymphomaniac-tulee-ensi-iltaan-vain-helsingissa\/\",\"url\":\"https:\/\/suomenkuvalehti.fi\/kuvien-takaa\/trierin-upea-nymphomaniac-tulee-ensi-iltaan-vain-helsingissa\/\",\"name\":\"Trierin upea Nymphomaniac tulee ensi-iltaan vain Helsingiss\u00e4 - Kuvien takaa\",\"isPartOf\":{\"@id\":\"https:\/\/suomenkuvalehti.fi\/kuvien-takaa\/#website\"},\"datePublished\":\"2014-01-30T09:56:57+00:00\",\"dateModified\":\"2014-01-30T10:03:32+00:00\",\"author\":{\"@id\":\"https:\/\/suomenkuvalehti.fi\/kuvien-takaa\/#\/schema\/person\/f3f657e4ad409e008f12af27bec60a23\"},\"description\":\"Lars von Trierin uutuutta saadaan odotella Helsingin ulkopuolelle viikkokausia.\",\"breadcrumb\":{\"@id\":\"https:\/\/suomenkuvalehti.fi\/kuvien-takaa\/trierin-upea-nymphomaniac-tulee-ensi-iltaan-vain-helsingissa\/#breadcrumb\"},\"inLanguage\":\"fi\",\"potentialAction\":[{\"@type\":\"ReadAction\",\"target\":[\"https:\/\/suomenkuvalehti.fi\/kuvien-takaa\/trierin-upea-nymphomaniac-tulee-ensi-iltaan-vain-helsingissa\/\"]}]},{\"@type\":\"BreadcrumbList\",\"@id\":\"https:\/\/suomenkuvalehti.fi\/kuvien-takaa\/trierin-upea-nymphomaniac-tulee-ensi-iltaan-vain-helsingissa\/#breadcrumb\",\"itemListElement\":[{\"@type\":\"ListItem\",\"position\":1,\"name\":\"Home\",\"item\":\"https:\/\/suomenkuvalehti.fi\/kuvien-takaa\/\"},{\"@type\":\"ListItem\",\"position\":2,\"name\":\"Trierin upea Nymphomaniac tulee ensi-iltaan vain Helsingiss\u00e4\"}]},{\"@type\":\"WebSite\",\"@id\":\"https:\/\/suomenkuvalehti.fi\/kuvien-takaa\/#website\",\"url\":\"https:\/\/suomenkuvalehti.fi\/kuvien-takaa\/\",\"name\":\"Kuvien takaa\",\"description\":\"Elokuvakriitikko Kalle Kinnusen elokuvablogi.\",\"potentialAction\":[{\"@type\":\"SearchAction\",\"target\":{\"@type\":\"EntryPoint\",\"urlTemplate\":\"https:\/\/suomenkuvalehti.fi\/haku\/?q={search_term_string}\"},\"query-input\":{\"@type\":\"PropertyValueSpecification\",\"valueRequired\":true,\"valueName\":\"search_term_string\"}}],\"inLanguage\":\"fi\"},{\"@type\":\"Person\",\"@id\":\"https:\/\/suomenkuvalehti.fi\/kuvien-takaa\/#\/schema\/person\/f3f657e4ad409e008f12af27bec60a23\",\"name\":\"Kalle Kinnunen\",\"image\":{\"@type\":\"ImageObject\",\"inLanguage\":\"fi\",\"@id\":\"https:\/\/suomenkuvalehti.fi\/kuvien-takaa\/#\/schema\/person\/image\/\",\"url\":\"https:\/\/suomenkuvalehti.fi\/kuvien-takaa\/wp-content\/uploads\/sites\/11\/2022\/04\/kalle_kinnunen_blogi-1-150x150.jpg\",\"contentUrl\":\"https:\/\/suomenkuvalehti.fi\/kuvien-takaa\/wp-content\/uploads\/sites\/11\/2022\/04\/kalle_kinnunen_blogi-1-150x150.jpg\",\"caption\":\"Kalle Kinnunen\"},\"description\":\"Kalle Kinnunen on vapaa toimittaja ja Suomen Kuvalehden avustaja.\",\"sameAs\":[\"https:\/\/www.facebook.com\/pages\/Kalle-Kinnunen-Kuvien-takaa\/190326157715410?fref=ts\",\"https:\/\/x.com\/https:\/\/twitter.com\/kallekinnunen\"]}]}<\/script>\n<!-- \/ Yoast SEO plugin. -->","yoast_head_json":{"title":"Trierin upea Nymphomaniac tulee ensi-iltaan vain Helsingiss\u00e4 - Kuvien takaa","description":"Lars von Trierin uutuutta saadaan odotella Helsingin ulkopuolelle viikkokausia.","robots":{"index":"index","follow":"follow","max-snippet":"max-snippet:-1","max-image-preview":"max-image-preview:large","max-video-preview":"max-video-preview:-1"},"canonical":"https:\/\/suomenkuvalehti.fi\/kuvien-takaa\/trierin-upea-nymphomaniac-tulee-ensi-iltaan-vain-helsingissa\/","og_locale":"fi_FI","og_type":"article","og_title":"Trierin upea Nymphomaniac tulee ensi-iltaan vain Helsingiss\u00e4 - Kuvien takaa","og_description":"Lars von Trierin uutuutta saadaan odotella Helsingin ulkopuolelle viikkokausia.","og_url":"https:\/\/suomenkuvalehti.fi\/kuvien-takaa\/trierin-upea-nymphomaniac-tulee-ensi-iltaan-vain-helsingissa\/","og_site_name":"Kuvien takaa","article_author":"https:\/\/www.facebook.com\/pages\/Kalle-Kinnunen-Kuvien-takaa\/190326157715410?fref=ts","article_published_time":"2014-01-30T09:56:57+00:00","article_modified_time":"2014-01-30T10:03:32+00:00","og_image":[{"width":2560,"height":1707,"url":"https:\/\/suomenkuvalehti.fi\/kuvien-takaa\/wp-content\/uploads\/sites\/11\/2022\/04\/kalle_kinnunen_blogi-1-scaled.jpg","type":"image\/jpeg"}],"author":"Kalle Kinnunen","twitter_card":"summary_large_image","twitter_creator":"@https:\/\/twitter.com\/kallekinnunen","twitter_misc":{"Written by":"Kalle Kinnunen","Est. reading time":"2 minuuttia"},"schema":{"@context":"https:\/\/schema.org","@graph":[{"@type":"WebPage","@id":"https:\/\/suomenkuvalehti.fi\/kuvien-takaa\/trierin-upea-nymphomaniac-tulee-ensi-iltaan-vain-helsingissa\/","url":"https:\/\/suomenkuvalehti.fi\/kuvien-takaa\/trierin-upea-nymphomaniac-tulee-ensi-iltaan-vain-helsingissa\/","name":"Trierin upea Nymphomaniac tulee ensi-iltaan vain Helsingiss\u00e4 - Kuvien takaa","isPartOf":{"@id":"https:\/\/suomenkuvalehti.fi\/kuvien-takaa\/#website"},"datePublished":"2014-01-30T09:56:57+00:00","dateModified":"2014-01-30T10:03:32+00:00","author":{"@id":"https:\/\/suomenkuvalehti.fi\/kuvien-takaa\/#\/schema\/person\/f3f657e4ad409e008f12af27bec60a23"},"description":"Lars von Trierin uutuutta saadaan odotella Helsingin ulkopuolelle viikkokausia.","breadcrumb":{"@id":"https:\/\/suomenkuvalehti.fi\/kuvien-takaa\/trierin-upea-nymphomaniac-tulee-ensi-iltaan-vain-helsingissa\/#breadcrumb"},"inLanguage":"fi","potentialAction":[{"@type":"ReadAction","target":["https:\/\/suomenkuvalehti.fi\/kuvien-takaa\/trierin-upea-nymphomaniac-tulee-ensi-iltaan-vain-helsingissa\/"]}]},{"@type":"BreadcrumbList","@id":"https:\/\/suomenkuvalehti.fi\/kuvien-takaa\/trierin-upea-nymphomaniac-tulee-ensi-iltaan-vain-helsingissa\/#breadcrumb","itemListElement":[{"@type":"ListItem","position":1,"name":"Home","item":"https:\/\/suomenkuvalehti.fi\/kuvien-takaa\/"},{"@type":"ListItem","position":2,"name":"Trierin upea Nymphomaniac tulee ensi-iltaan vain Helsingiss\u00e4"}]},{"@type":"WebSite","@id":"https:\/\/suomenkuvalehti.fi\/kuvien-takaa\/#website","url":"https:\/\/suomenkuvalehti.fi\/kuvien-takaa\/","name":"Kuvien takaa","description":"Elokuvakriitikko Kalle Kinnusen elokuvablogi.","potentialAction":[{"@type":"SearchAction","target":{"@type":"EntryPoint","urlTemplate":"https:\/\/suomenkuvalehti.fi\/haku\/?q={search_term_string}"},"query-input":{"@type":"PropertyValueSpecification","valueRequired":true,"valueName":"search_term_string"}}],"inLanguage":"fi"},{"@type":"Person","@id":"https:\/\/suomenkuvalehti.fi\/kuvien-takaa\/#\/schema\/person\/f3f657e4ad409e008f12af27bec60a23","name":"Kalle Kinnunen","image":{"@type":"ImageObject","inLanguage":"fi","@id":"https:\/\/suomenkuvalehti.fi\/kuvien-takaa\/#\/schema\/person\/image\/","url":"https:\/\/suomenkuvalehti.fi\/kuvien-takaa\/wp-content\/uploads\/sites\/11\/2022\/04\/kalle_kinnunen_blogi-1-150x150.jpg","contentUrl":"https:\/\/suomenkuvalehti.fi\/kuvien-takaa\/wp-content\/uploads\/sites\/11\/2022\/04\/kalle_kinnunen_blogi-1-150x150.jpg","caption":"Kalle Kinnunen"},"description":"Kalle Kinnunen on vapaa toimittaja ja Suomen Kuvalehden avustaja.","sameAs":["https:\/\/www.facebook.com\/pages\/Kalle-Kinnunen-Kuvien-takaa\/190326157715410?fref=ts","https:\/\/x.com\/https:\/\/twitter.com\/kallekinnunen"]}]}},"_links":{"self":[{"href":"https:\/\/suomenkuvalehti.fi\/kuvien-takaa\/wp-json\/wp\/v2\/posts\/1928","targetHints":{"allow":["GET"]}}],"collection":[{"href":"https:\/\/suomenkuvalehti.fi\/kuvien-takaa\/wp-json\/wp\/v2\/posts"}],"about":[{"href":"https:\/\/suomenkuvalehti.fi\/kuvien-takaa\/wp-json\/wp\/v2\/types\/post"}],"author":[{"embeddable":true,"href":"https:\/\/suomenkuvalehti.fi\/kuvien-takaa\/wp-json\/wp\/v2\/users\/144"}],"replies":[{"embeddable":true,"href":"https:\/\/suomenkuvalehti.fi\/kuvien-takaa\/wp-json\/wp\/v2\/comments?post=1928"}],"version-history":[{"count":4,"href":"https:\/\/suomenkuvalehti.fi\/kuvien-takaa\/wp-json\/wp\/v2\/posts\/1928\/revisions"}],"predecessor-version":[{"id":1932,"href":"https:\/\/suomenkuvalehti.fi\/kuvien-takaa\/wp-json\/wp\/v2\/posts\/1928\/revisions\/1932"}],"wp:attachment":[{"href":"https:\/\/suomenkuvalehti.fi\/kuvien-takaa\/wp-json\/wp\/v2\/media?parent=1928"}],"wp:term":[{"taxonomy":"category","embeddable":true,"href":"https:\/\/suomenkuvalehti.fi\/kuvien-takaa\/wp-json\/wp\/v2\/categories?post=1928"},{"taxonomy":"post_tag","embeddable":true,"href":"https:\/\/suomenkuvalehti.fi\/kuvien-takaa\/wp-json\/wp\/v2\/tags?post=1928"}],"curies":[{"name":"wp","href":"https:\/\/api.w.org\/{rel}","templated":true}]}}