{"id":1821,"date":"2014-01-03T16:02:30","date_gmt":"2014-01-03T14:02:30","guid":{"rendered":"https:\/\/suomenkuvalehti.fi\/kuvien-takaa\/?p=1821"},"modified":"2014-01-03T16:02:30","modified_gmt":"2014-01-03T14:02:30","slug":"ruotsalaiselokuva-reunion-aikuinen-analyysi-koulukiusaajista-ja-kiusatusta","status":"publish","type":"post","link":"https:\/\/suomenkuvalehti.fi\/kuvien-takaa\/ruotsalaiselokuva-reunion-aikuinen-analyysi-koulukiusaajista-ja-kiusatusta\/","title":{"rendered":"Ruotsalaiselokuva The Reunion on aikuinen analyysi koulukiusaajista ja kiusatusta"},"content":{"rendered":"\n<p>Ruotsin Jussien eli Guldbagge-palkintojen ehdokkuudet jaettiin.<\/p>\n\n\n\n<p><strong>Lukas Moodyssonin<\/strong> <em>Me ollaan parhaita!<\/em> ei saanut t\u00e4rkeimpien kategorioiden ehdokkuuksia. Niit\u00e4 ottivat etenkin suosittu <strong>Monica Zetterlundin<\/strong> el\u00e4m\u00e4kertaelokuva, ristiriitaisen kriitikkovastaanoton saanut <em>Shed No Tears<\/em> ja <strong>Anna Odellin<\/strong> ohjaama <em>The Reunion<\/em>.<\/p>\n\n\n\n<p><strong>P\u00e4r Flyn<\/strong> ohjaamaa <em>Monica Z:aa<\/em> on esitetty Helsingiss\u00e4 tekstitt\u00e4m\u00e4tt\u00f6m\u00e4\u00e4. The Reunionia ei ole Suomessa viel\u00e4 n\u00e4hty.<\/p>\n\n\n\n<p>Odellin jo Venetsian festivaaleilla palkittu elokuva ammentaa h\u00e4nen omasta el\u00e4m\u00e4st\u00e4\u00e4n, ja sen konsepti on ensimm\u00e4inen laatuaan.<\/p>\n\n\n\n<p>Taustalla ovat tapahtumat peruskoulussa parikymment\u00e4 vuotta sitten sek\u00e4 Odellin saama tieto luokkakokouksesta, jonne h\u00e4nt\u00e4 ei kutsuttu. Aiemminkin <a href=\"https:\/\/suomenkuvalehti.fi\/jutut\/ulkomaat\/joutui-oikeuteen-taideopiskelija-naytteli-mielisairasta-oppilastyon-takia\/\">kohua her\u00e4tt\u00e4nyt<\/a> taiteilija rakensi n\u00e4ist\u00e4 kipeist\u00e4 ihmissuhteista metaelokuvan, jonka ensimm\u00e4ist\u00e4 osaa varten h\u00e4n lavasti tuon luokkakokouksen.<\/p>\n\n\n\n<p>T\u00e4ss\u00e4 jaksossa Odell esitt\u00e4\u00e4 itse\u00e4\u00e4n ja n\u00e4yttelij\u00e4t h\u00e4nen luokkatovereitaan. Hahmot ja k\u00e4sikirjoitus on luotu Odellin mielikuvien ja -kuvituksen mukaan. On vaikea sanoa, kuinka karikatyyrisi\u00e4 luokkatoverit ovat, mutta Odell ainakin vet\u00e4\u00e4 rooliaan yli. H\u00e4n ottaa kohtelunsa puheeksi ja menett\u00e4\u00e4 malttiaan. Jos Anna on Odell, h\u00e4n ei anna itsest\u00e4\u00e4n loisteliasta kuvaa.<\/p>\n\n\n\n<p>Puoliv\u00e4liss\u00e4 selvi\u00e4\u00e4, ett\u00e4 t\u00e4h\u00e4n menness\u00e4 n\u00e4hty on elokuvaa elokuvassa.<\/p>\n\n\n\n<p>Toisella puoliskolla Odell etsii luokkatovereitaan ja yritt\u00e4\u00e4 n\u00e4ytt\u00e4\u00e4 heille ensimm\u00e4ist\u00e4 puoliskoa. N\u00e4m\u00e4 dokumentinoloiset kohtaukset ovat lavastuksia todellisista tilanteista, l\u00e4hinn\u00e4 Odellin yhteydenottoyrityksist\u00e4. H\u00e4net n\u00e4hd\u00e4\u00e4n Annana ja luokkatoverien roolit on annettu uusille n\u00e4yttelij\u00f6ille. (Hahmot esimerkiksi kysyv\u00e4t, miksi tuon n\u00e4k\u00f6inen n\u00e4yttelij\u00e4 esitt\u00e4\u00e4 minua luokkakokousjaksossa.)<\/p>\n\n\n\n<p>Olisiko elokuva parempi, jos toisella puoliskolla n\u00e4ht\u00e4isiin Odellin ja vanhojen koulukaverien oikeita kohtaamisia, eik\u00e4 &#8221;Annaa&#8221; ja n\u00e4yttelij\u00f6it\u00e4? Mahdoton sanoa. Olennaista on, ett\u00e4 The Reunion ei ole miss\u00e4\u00e4n tapauksessa dokumentti, eik\u00e4 v\u00e4it\u00e4 olevansa. Odell muuten sai my\u00f6s parhaan naisp\u00e4\u00e4osan Guldbagge-ehdokkuuden.<\/p>\n\n\n\n<p>Onko kyseess\u00e4 er\u00e4\u00e4nlainen kosto? Tuskin, vaikka silt\u00e4 voi kuulostaa. Rakennelma on enemm\u00e4n \u00e4lyllinen kuin tunteellinen. Elokuva on sepite. Muoto sanelee sen.<\/p>\n\n\n\n<p>Onko elokuva merkityksellinen? Varmasti. Kaiken keskell\u00e4 on nokkimisj\u00e4rjestys luokassa parikymment\u00e4 vuotta sitten, ja sen kaiut koko loppuel\u00e4m\u00e4n ajan. Odellin ei tarvitse \u00e4\u00e4neen sanoa, kuinka paljon kiusaaminen ja ulkopuolelle j\u00e4tt\u00e4minen h\u00e4neen sattui. Elokuvan olemassaolo kyll\u00e4 kertoo sen. Eik\u00e4 Odell ole ainoa koulukiusattu.<\/p>\n\n\n\n<p>N\u00e4in The Reunionin Venetsian elokuvajuhlilla. Elokuva on tiivis ja tavallaan jopa hauska, mutta raskasta katsottavaa. Odotan, ett\u00e4 p\u00e4\u00e4sen katsomaan sen uudelleen.<\/p>\n\n\n","protected":false},"excerpt":{"rendered":"<p>Ruotsin Jussien eli Guldbagge-palkintojen ehdokkuudet jaettiin. Lukas Moodyssonin Me ollaan parhaita! ei saanut t\u00e4rkeimpien kategorioiden ehdokkuuksia. Niit\u00e4 ottivat etenkin suosittu Monica Zetterlundin el\u00e4m\u00e4kertaelokuva, ristiriitaisen<br \/>\nkri&hellip;<\/p>\n","protected":false},"author":144,"featured_media":0,"comment_status":"open","ping_status":"open","sticky":false,"template":"","format":"standard","meta":{"_acf_changed":false,"asauth_required_access_level":3,"asauth_cansharepaid":"true","om_header_attributes":[],"footnotes":"","om_featured_image_focal_point":[],"om_primary_tag":0,"om_contributors":[],"om_co_authors":[],"beyondwords_generate_audio":"","beyondwords_project_id":"","beyondwords_content_id":"","beyondwords_preview_token":"","beyondwords_player_content":"","beyondwords_player_style":"","beyondwords_language_code":"","beyondwords_language_id":"","beyondwords_title_voice_id":"","beyondwords_body_voice_id":"","beyondwords_summary_voice_id":"","beyondwords_error_message":"","beyondwords_disabled":"","beyondwords_delete_content":"","beyondwords_podcast_id":"","beyondwords_hash":"","publish_post_to_speechkit":"","speechkit_hash":"","speechkit_generate_audio":"","speechkit_project_id":"","speechkit_podcast_id":"","speechkit_error_message":"","speechkit_disabled":"","speechkit_access_key":"","speechkit_error":"","speechkit_info":"","speechkit_response":"","speechkit_retries":"","speechkit_status":"","speechkit_updated_at":"","_speechkit_link":"","_speechkit_text":""},"categories":[1],"tags":[1872,71,1873],"class_list":["post-1821","post","type-post","status-publish","format-standard","hentry","category-kuvien-takaa","tag-anna-odell","tag-ruotsalainen-elokuva","tag-the-reunion"],"om_views":null,"acf":{"tuuma_off":false,"tuuma_kysymys":"","tuuma_vastaus":""},"asauth":{"required_access_level":1,"share_token":"","is_paid":false},"yoast_head":"<!-- This site is optimized with the Yoast SEO plugin v26.4 - https:\/\/yoast.com\/wordpress\/plugins\/seo\/ -->\n<title>Ruotsalaiselokuva The Reunion on aikuinen analyysi koulukiusaajista ja kiusatusta - Kuvien takaa<\/title>\n<meta name=\"description\" content=\"Anna Odellin palkittu The Reunion on metafiktio, jossa dokumentaarisuus on lumetta. Tai sitten ei.\" \/>\n<meta name=\"robots\" content=\"index, follow, max-snippet:-1, max-image-preview:large, max-video-preview:-1\" \/>\n<link rel=\"canonical\" href=\"https:\/\/suomenkuvalehti.fi\/kuvien-takaa\/ruotsalaiselokuva-reunion-aikuinen-analyysi-koulukiusaajista-ja-kiusatusta\/\" \/>\n<meta property=\"og:locale\" content=\"fi_FI\" \/>\n<meta property=\"og:type\" content=\"article\" \/>\n<meta property=\"og:title\" content=\"Ruotsalaiselokuva The Reunion on aikuinen analyysi koulukiusaajista ja kiusatusta - Kuvien takaa\" \/>\n<meta property=\"og:description\" content=\"Anna Odellin palkittu The Reunion on metafiktio, jossa dokumentaarisuus on lumetta. Tai sitten ei.\" \/>\n<meta property=\"og:url\" content=\"https:\/\/suomenkuvalehti.fi\/kuvien-takaa\/ruotsalaiselokuva-reunion-aikuinen-analyysi-koulukiusaajista-ja-kiusatusta\/\" \/>\n<meta property=\"og:site_name\" content=\"Kuvien takaa\" \/>\n<meta property=\"article:author\" content=\"https:\/\/www.facebook.com\/pages\/Kalle-Kinnunen-Kuvien-takaa\/190326157715410?fref=ts\" \/>\n<meta property=\"article:published_time\" content=\"2014-01-03T14:02:30+00:00\" \/>\n<meta property=\"og:image\" content=\"https:\/\/suomenkuvalehti.fi\/kuvien-takaa\/wp-content\/uploads\/sites\/11\/2022\/04\/kalle_kinnunen_blogi-1-scaled.jpg\" \/>\n\t<meta property=\"og:image:width\" content=\"2560\" \/>\n\t<meta property=\"og:image:height\" content=\"1707\" \/>\n\t<meta property=\"og:image:type\" content=\"image\/jpeg\" \/>\n<meta name=\"author\" content=\"Kalle Kinnunen\" \/>\n<meta name=\"twitter:card\" content=\"summary_large_image\" \/>\n<meta name=\"twitter:creator\" content=\"@https:\/\/twitter.com\/kallekinnunen\" \/>\n<meta name=\"twitter:label1\" content=\"Written by\" \/>\n\t<meta name=\"twitter:data1\" content=\"Kalle Kinnunen\" \/>\n\t<meta name=\"twitter:label2\" content=\"Est. reading time\" \/>\n\t<meta name=\"twitter:data2\" content=\"2 minuuttia\" \/>\n<script type=\"application\/ld+json\" class=\"yoast-schema-graph\">{\"@context\":\"https:\/\/schema.org\",\"@graph\":[{\"@type\":\"WebPage\",\"@id\":\"https:\/\/suomenkuvalehti.fi\/kuvien-takaa\/ruotsalaiselokuva-reunion-aikuinen-analyysi-koulukiusaajista-ja-kiusatusta\/\",\"url\":\"https:\/\/suomenkuvalehti.fi\/kuvien-takaa\/ruotsalaiselokuva-reunion-aikuinen-analyysi-koulukiusaajista-ja-kiusatusta\/\",\"name\":\"Ruotsalaiselokuva The Reunion on aikuinen analyysi koulukiusaajista ja kiusatusta - Kuvien takaa\",\"isPartOf\":{\"@id\":\"https:\/\/suomenkuvalehti.fi\/kuvien-takaa\/#website\"},\"datePublished\":\"2014-01-03T14:02:30+00:00\",\"author\":{\"@id\":\"https:\/\/suomenkuvalehti.fi\/kuvien-takaa\/#\/schema\/person\/f3f657e4ad409e008f12af27bec60a23\"},\"description\":\"Anna Odellin palkittu The Reunion on metafiktio, jossa dokumentaarisuus on lumetta. Tai sitten ei.\",\"breadcrumb\":{\"@id\":\"https:\/\/suomenkuvalehti.fi\/kuvien-takaa\/ruotsalaiselokuva-reunion-aikuinen-analyysi-koulukiusaajista-ja-kiusatusta\/#breadcrumb\"},\"inLanguage\":\"fi\",\"potentialAction\":[{\"@type\":\"ReadAction\",\"target\":[\"https:\/\/suomenkuvalehti.fi\/kuvien-takaa\/ruotsalaiselokuva-reunion-aikuinen-analyysi-koulukiusaajista-ja-kiusatusta\/\"]}]},{\"@type\":\"BreadcrumbList\",\"@id\":\"https:\/\/suomenkuvalehti.fi\/kuvien-takaa\/ruotsalaiselokuva-reunion-aikuinen-analyysi-koulukiusaajista-ja-kiusatusta\/#breadcrumb\",\"itemListElement\":[{\"@type\":\"ListItem\",\"position\":1,\"name\":\"Home\",\"item\":\"https:\/\/suomenkuvalehti.fi\/kuvien-takaa\/\"},{\"@type\":\"ListItem\",\"position\":2,\"name\":\"Ruotsalaiselokuva The Reunion on aikuinen analyysi koulukiusaajista ja kiusatusta\"}]},{\"@type\":\"WebSite\",\"@id\":\"https:\/\/suomenkuvalehti.fi\/kuvien-takaa\/#website\",\"url\":\"https:\/\/suomenkuvalehti.fi\/kuvien-takaa\/\",\"name\":\"Kuvien takaa\",\"description\":\"Elokuvakriitikko Kalle Kinnusen elokuvablogi.\",\"potentialAction\":[{\"@type\":\"SearchAction\",\"target\":{\"@type\":\"EntryPoint\",\"urlTemplate\":\"https:\/\/suomenkuvalehti.fi\/haku\/?q={search_term_string}\"},\"query-input\":{\"@type\":\"PropertyValueSpecification\",\"valueRequired\":true,\"valueName\":\"search_term_string\"}}],\"inLanguage\":\"fi\"},{\"@type\":\"Person\",\"@id\":\"https:\/\/suomenkuvalehti.fi\/kuvien-takaa\/#\/schema\/person\/f3f657e4ad409e008f12af27bec60a23\",\"name\":\"Kalle Kinnunen\",\"image\":{\"@type\":\"ImageObject\",\"inLanguage\":\"fi\",\"@id\":\"https:\/\/suomenkuvalehti.fi\/kuvien-takaa\/#\/schema\/person\/image\/\",\"url\":\"https:\/\/suomenkuvalehti.fi\/kuvien-takaa\/wp-content\/uploads\/sites\/11\/2022\/04\/kalle_kinnunen_blogi-1-150x150.jpg\",\"contentUrl\":\"https:\/\/suomenkuvalehti.fi\/kuvien-takaa\/wp-content\/uploads\/sites\/11\/2022\/04\/kalle_kinnunen_blogi-1-150x150.jpg\",\"caption\":\"Kalle Kinnunen\"},\"description\":\"Kalle Kinnunen on vapaa toimittaja ja Suomen Kuvalehden avustaja.\",\"sameAs\":[\"https:\/\/www.facebook.com\/pages\/Kalle-Kinnunen-Kuvien-takaa\/190326157715410?fref=ts\",\"https:\/\/x.com\/https:\/\/twitter.com\/kallekinnunen\"]}]}<\/script>\n<!-- \/ Yoast SEO plugin. -->","yoast_head_json":{"title":"Ruotsalaiselokuva The Reunion on aikuinen analyysi koulukiusaajista ja kiusatusta - Kuvien takaa","description":"Anna Odellin palkittu The Reunion on metafiktio, jossa dokumentaarisuus on lumetta. Tai sitten ei.","robots":{"index":"index","follow":"follow","max-snippet":"max-snippet:-1","max-image-preview":"max-image-preview:large","max-video-preview":"max-video-preview:-1"},"canonical":"https:\/\/suomenkuvalehti.fi\/kuvien-takaa\/ruotsalaiselokuva-reunion-aikuinen-analyysi-koulukiusaajista-ja-kiusatusta\/","og_locale":"fi_FI","og_type":"article","og_title":"Ruotsalaiselokuva The Reunion on aikuinen analyysi koulukiusaajista ja kiusatusta - Kuvien takaa","og_description":"Anna Odellin palkittu The Reunion on metafiktio, jossa dokumentaarisuus on lumetta. Tai sitten ei.","og_url":"https:\/\/suomenkuvalehti.fi\/kuvien-takaa\/ruotsalaiselokuva-reunion-aikuinen-analyysi-koulukiusaajista-ja-kiusatusta\/","og_site_name":"Kuvien takaa","article_author":"https:\/\/www.facebook.com\/pages\/Kalle-Kinnunen-Kuvien-takaa\/190326157715410?fref=ts","article_published_time":"2014-01-03T14:02:30+00:00","og_image":[{"width":2560,"height":1707,"url":"https:\/\/suomenkuvalehti.fi\/kuvien-takaa\/wp-content\/uploads\/sites\/11\/2022\/04\/kalle_kinnunen_blogi-1-scaled.jpg","type":"image\/jpeg"}],"author":"Kalle Kinnunen","twitter_card":"summary_large_image","twitter_creator":"@https:\/\/twitter.com\/kallekinnunen","twitter_misc":{"Written by":"Kalle Kinnunen","Est. reading time":"2 minuuttia"},"schema":{"@context":"https:\/\/schema.org","@graph":[{"@type":"WebPage","@id":"https:\/\/suomenkuvalehti.fi\/kuvien-takaa\/ruotsalaiselokuva-reunion-aikuinen-analyysi-koulukiusaajista-ja-kiusatusta\/","url":"https:\/\/suomenkuvalehti.fi\/kuvien-takaa\/ruotsalaiselokuva-reunion-aikuinen-analyysi-koulukiusaajista-ja-kiusatusta\/","name":"Ruotsalaiselokuva The Reunion on aikuinen analyysi koulukiusaajista ja kiusatusta - Kuvien takaa","isPartOf":{"@id":"https:\/\/suomenkuvalehti.fi\/kuvien-takaa\/#website"},"datePublished":"2014-01-03T14:02:30+00:00","author":{"@id":"https:\/\/suomenkuvalehti.fi\/kuvien-takaa\/#\/schema\/person\/f3f657e4ad409e008f12af27bec60a23"},"description":"Anna Odellin palkittu The Reunion on metafiktio, jossa dokumentaarisuus on lumetta. Tai sitten ei.","breadcrumb":{"@id":"https:\/\/suomenkuvalehti.fi\/kuvien-takaa\/ruotsalaiselokuva-reunion-aikuinen-analyysi-koulukiusaajista-ja-kiusatusta\/#breadcrumb"},"inLanguage":"fi","potentialAction":[{"@type":"ReadAction","target":["https:\/\/suomenkuvalehti.fi\/kuvien-takaa\/ruotsalaiselokuva-reunion-aikuinen-analyysi-koulukiusaajista-ja-kiusatusta\/"]}]},{"@type":"BreadcrumbList","@id":"https:\/\/suomenkuvalehti.fi\/kuvien-takaa\/ruotsalaiselokuva-reunion-aikuinen-analyysi-koulukiusaajista-ja-kiusatusta\/#breadcrumb","itemListElement":[{"@type":"ListItem","position":1,"name":"Home","item":"https:\/\/suomenkuvalehti.fi\/kuvien-takaa\/"},{"@type":"ListItem","position":2,"name":"Ruotsalaiselokuva The Reunion on aikuinen analyysi koulukiusaajista ja kiusatusta"}]},{"@type":"WebSite","@id":"https:\/\/suomenkuvalehti.fi\/kuvien-takaa\/#website","url":"https:\/\/suomenkuvalehti.fi\/kuvien-takaa\/","name":"Kuvien takaa","description":"Elokuvakriitikko Kalle Kinnusen elokuvablogi.","potentialAction":[{"@type":"SearchAction","target":{"@type":"EntryPoint","urlTemplate":"https:\/\/suomenkuvalehti.fi\/haku\/?q={search_term_string}"},"query-input":{"@type":"PropertyValueSpecification","valueRequired":true,"valueName":"search_term_string"}}],"inLanguage":"fi"},{"@type":"Person","@id":"https:\/\/suomenkuvalehti.fi\/kuvien-takaa\/#\/schema\/person\/f3f657e4ad409e008f12af27bec60a23","name":"Kalle Kinnunen","image":{"@type":"ImageObject","inLanguage":"fi","@id":"https:\/\/suomenkuvalehti.fi\/kuvien-takaa\/#\/schema\/person\/image\/","url":"https:\/\/suomenkuvalehti.fi\/kuvien-takaa\/wp-content\/uploads\/sites\/11\/2022\/04\/kalle_kinnunen_blogi-1-150x150.jpg","contentUrl":"https:\/\/suomenkuvalehti.fi\/kuvien-takaa\/wp-content\/uploads\/sites\/11\/2022\/04\/kalle_kinnunen_blogi-1-150x150.jpg","caption":"Kalle Kinnunen"},"description":"Kalle Kinnunen on vapaa toimittaja ja Suomen Kuvalehden avustaja.","sameAs":["https:\/\/www.facebook.com\/pages\/Kalle-Kinnunen-Kuvien-takaa\/190326157715410?fref=ts","https:\/\/x.com\/https:\/\/twitter.com\/kallekinnunen"]}]}},"_links":{"self":[{"href":"https:\/\/suomenkuvalehti.fi\/kuvien-takaa\/wp-json\/wp\/v2\/posts\/1821","targetHints":{"allow":["GET"]}}],"collection":[{"href":"https:\/\/suomenkuvalehti.fi\/kuvien-takaa\/wp-json\/wp\/v2\/posts"}],"about":[{"href":"https:\/\/suomenkuvalehti.fi\/kuvien-takaa\/wp-json\/wp\/v2\/types\/post"}],"author":[{"embeddable":true,"href":"https:\/\/suomenkuvalehti.fi\/kuvien-takaa\/wp-json\/wp\/v2\/users\/144"}],"replies":[{"embeddable":true,"href":"https:\/\/suomenkuvalehti.fi\/kuvien-takaa\/wp-json\/wp\/v2\/comments?post=1821"}],"version-history":[{"count":1,"href":"https:\/\/suomenkuvalehti.fi\/kuvien-takaa\/wp-json\/wp\/v2\/posts\/1821\/revisions"}],"predecessor-version":[{"id":1822,"href":"https:\/\/suomenkuvalehti.fi\/kuvien-takaa\/wp-json\/wp\/v2\/posts\/1821\/revisions\/1822"}],"wp:attachment":[{"href":"https:\/\/suomenkuvalehti.fi\/kuvien-takaa\/wp-json\/wp\/v2\/media?parent=1821"}],"wp:term":[{"taxonomy":"category","embeddable":true,"href":"https:\/\/suomenkuvalehti.fi\/kuvien-takaa\/wp-json\/wp\/v2\/categories?post=1821"},{"taxonomy":"post_tag","embeddable":true,"href":"https:\/\/suomenkuvalehti.fi\/kuvien-takaa\/wp-json\/wp\/v2\/tags?post=1821"}],"curies":[{"name":"wp","href":"https:\/\/api.w.org\/{rel}","templated":true}]}}