{"id":1203,"date":"2008-02-09T05:18:27","date_gmt":"2008-02-09T03:18:27","guid":{"rendered":"https:\/\/suomenkuvalehti.fi\/kuvientakaa\/2008\/02\/09\/ristiriitainen-vastaanotto\/"},"modified":"2008-02-09T05:18:27","modified_gmt":"2008-02-09T03:18:27","slug":"ristiriitainen-vastaanotto","status":"publish","type":"post","link":"https:\/\/suomenkuvalehti.fi\/kuvien-takaa\/ristiriitainen-vastaanotto\/","title":{"rendered":"Ristiriitainen vastaanotto"},"content":{"rendered":"\n<p><!-- Generated by XStandard version 2.0.0.0 on 2008-02-09T07:25:52 --><\/p>\n\n\n\n<p>Musta j\u00e4\u00e4 n\u00e4ytettiin lehdist\u00f6lle perjantaina iltap\u00e4iv\u00e4ll\u00e4. Kuten ep\u00e4ilin, loppupuolen portaikkokohtaus ei mennyt t\u00e4ydest\u00e4. Kyse ei ollut yksitt\u00e4isist\u00e4, vaan kymmenist\u00e4 katsojista, joilla keitti yli. Salin t\u00e4ytti hetkeksi vuolas nauru. Ymm\u00e4rt\u00e4\u00e4kseni kohtausta ei ole tarkoitettu mitenk\u00e4\u00e4n hauskaksi. T\u00e4ss\u00e4 taitaa olla pieni ongelma.<\/p>\n\n\n\n<p>N\u00e4yt\u00f6ksen j\u00e4lkeen huomasin aulassa Geoff Andrew&#8217;n. Brittiveteraani on Lontoon Time Outin p\u00e4\u00e4elokuvakirjoittaja ja National Film Theatren (vastaa meid\u00e4n Elokuva-arkistoamme) entinen ohjelmap\u00e4\u00e4llikk\u00f6. Andrew on my\u00f6s kova Kaurism\u00e4ki-diggari. Kysyin Andrew&#8217;lta, mit\u00e4 h\u00e4n piti Mustasta j\u00e4\u00e4st\u00e4.<\/p>\n\n\n\n<p>&#8221;Ep\u00e4uskottava. Tekem\u00e4ll\u00e4 tehty. Huono&#8221;, Andrew latasi.<\/p>\n\n\n\n<p>Paljastin olevani Suomesta, ja ett\u00e4 kyseess\u00e4 on ensimm\u00e4inen suomalaiselokuva Berlinalen kilpailussa 18 vuoteen.<\/p>\n\n\n\n<p>&#8221;Olen pahoillani&#8221;, Andrew totesi kylm\u00e4sti. H\u00e4nen juttukaverinsa olivat elokuvasta samaa mielt\u00e4: tahattoman koominen.<\/p>\n\n\n\n<p>Aulassa n\u00e4kem\u00e4\u00e4ns\u00e4 sulatteli my\u00f6s nuori saksalaiskaksikko Nadine ja Andr\u00e9. He sent\u00e4\u00e4n olivat kohteliaampia. Nadine: &#8221;Elokuvan alku oli hyv\u00e4, mutta lopussa j\u00e4nnitteet hajosivat. Oli se ihan ok.&#8221; Andr\u00e9: &#8221;Musta j\u00e4\u00e4 oli eritt\u00e4in k\u00e4sikirjoituskeskeinen, k\u00e4sikirjoituksen k\u00e4\u00e4nteiss\u00e4 mentiin \u00e4\u00e4rimm\u00e4isyyksiin, ja min\u00e4 pid\u00e4n enemm\u00e4n ilmaisun estetiikkaan keskittyvist\u00e4 elokuvista. T\u00e4m\u00e4 ei ollut elokuva minun makuuni.&#8221;<\/p>\n\n\n\n<p>Olisin kysellyt lis\u00e4\u00e4 mielipiteit\u00e4 n\u00e4yt\u00f6st\u00e4 seuranneessa lehdist\u00f6tilaisuudessa, mutta se ei ollut menestys. Jos valokuvaajia ei lasketa, monisatapaikkaisessa salissa paikalla oli alle 50 henke\u00e4. Heist\u00e4 tusina oli suomalaisia. Harvalukuisella yleis\u00f6ll\u00e4 oli lopulta kaksi kysymyst\u00e4 Petri Kotwicalle, Outi M\u00e4enp\u00e4\u00e4lle ja tuottajille. Toinen koski sit\u00e4, oliko Kotwica tahallaan kirjoittanut naisten roolit n\u00e4in vahvoiksi ja miehet heikoiksi. Kotwica naureskeli ja sanoi kyll\u00e4. Ja toinen kysymys liittyi elokuvan musiikkiin. Kotwica kertoi Apocalyptican Eicca Toppisesta, joka s\u00e4velsi ansiokkaan musiikin.<\/p>\n\n\n\n<p>Illalla Musta j\u00e4\u00e4 sai virallisen gaalaesityksens\u00e4. Paikalla ei ollut yht\u00e4 pahoja kyynikoita kuin aiemmassa n\u00e4yt\u00f6ksess\u00e4 &#8211; katsojat pitiv\u00e4t turpansa kiinni my\u00f6s porraskohtauksessa.<br>Puoleny\u00f6n j\u00e4lkeen vuorossa oli elokuvan juhlatilaisuus Suomen ja koko Pohjoismaiden suurl\u00e4hetyst\u00f6tiloissa parin kilometrin p\u00e4\u00e4ss\u00e4 festivaalin p\u00e4\u00e4kallopaikoilta. Ne olivatkin onnistuneimmat kemut, mit\u00e4 suomalaiselokuvan tiimoilta on kuunaan kansainv\u00e4lisill\u00e4 festivaaleilla pidetty. Yht\u00e4\u00e4n sora\u00e4\u00e4nt\u00e4 ei kuulunut &#8211; monisatap\u00e4isell\u00e4 ja aidosti kansainv\u00e4lisell\u00e4 juhlav\u00e4ell\u00e4 oli k\u00e4yt\u00f6ss\u00e4\u00e4n upeat tilat ja viinaa riitti aamuun asti.<\/p>\n\n\n\n<p>Olutta oli maistelemassa my\u00f6s Svenska Dagbladetin kriitikko, kirjailija ja elokuvatutkija Jan Lumholdt. H\u00e4n oli pit\u00e4nyt iltap\u00e4iv\u00e4ll\u00e4 n\u00e4kem\u00e4st\u00e4\u00e4n elokuvasta.<\/p>\n\n\n\n<p>&#8221;Ihan mahdollista, ett\u00e4 amerikkalaiset tekisiv\u00e4t t\u00e4st\u00e4 oman versionsa. Sigourney Weaver vanhemman naisen rooliin, Jennifer Lopez nuoremmaksi ja joku Dennis Quaidin tyyppinen pett\u00e4v\u00e4ksi mieheksi&#8221;, Lumholdt visioi.<\/p>\n\n\n\n<p>&#8221;Nautin elokuvasta, vaikka jotkut k\u00e4sikirjoituksen ratkaisut olisivat kyll\u00e4 voineet olla onnistuneempia&#8221;, Lumholdt muotoili.<\/p>\n\n\n\n<p>Sunnuntaina valikoidut kriitikot pisteytt\u00e4v\u00e4t Mustan j\u00e4\u00e4n alan ammattilehtien kriitikkotaulukoissa. Keskim\u00e4\u00e4r\u00e4iset pistetulokset ovat elokuvan kansainv\u00e4lisen myynnin kannalta \u00e4\u00e4rimm\u00e4isen t\u00e4rke\u00e4 asia. Tuottajat ja myyntiagentit el\u00e4v\u00e4t nyt kovassa j\u00e4nnityksess\u00e4.<\/p>\n\n\n","protected":false},"excerpt":{"rendered":"<p>Musta j\u00e4\u00e4 n\u00e4ytettiin lehdist\u00f6lle perjantaina iltap\u00e4iv\u00e4ll\u00e4. Kuten ep\u00e4ilin, loppupuolen portaikkokohtaus ei mennyt t\u00e4ydest\u00e4. Kyse ei ollut yksitt\u00e4isist\u00e4, vaan kymmenist\u00e4 katsojista, joilla keitti yli. Salin t\u00e4ytti hetkeksi vuolas nauru. Ymm\u00e4rt\u00e4\u00e4kseni kohtausta ei ole tarkoitettu<br \/>\nmitenk\u00e4\u00e4n hauska&hellip;<\/p>\n","protected":false},"author":144,"featured_media":0,"comment_status":"open","ping_status":"open","sticky":false,"template":"","format":"standard","meta":{"_acf_changed":false,"asauth_required_access_level":0,"asauth_cansharepaid":"","om_header_attributes":[],"footnotes":"","om_featured_image_focal_point":[],"om_primary_tag":0,"om_contributors":[],"om_co_authors":[],"beyondwords_generate_audio":"","beyondwords_project_id":"","beyondwords_content_id":"","beyondwords_preview_token":"","beyondwords_player_content":"","beyondwords_player_style":"","beyondwords_language_code":"","beyondwords_language_id":"","beyondwords_title_voice_id":"","beyondwords_body_voice_id":"","beyondwords_summary_voice_id":"","beyondwords_error_message":"","beyondwords_disabled":"","beyondwords_delete_content":"","beyondwords_podcast_id":"","beyondwords_hash":"","publish_post_to_speechkit":"","speechkit_hash":"","speechkit_generate_audio":"","speechkit_project_id":"","speechkit_podcast_id":"","speechkit_error_message":"","speechkit_disabled":"","speechkit_access_key":"","speechkit_error":"","speechkit_info":"","speechkit_response":"","speechkit_retries":"","speechkit_status":"","speechkit_updated_at":"","_speechkit_link":"","_speechkit_text":""},"categories":[1],"tags":[1848,1615,1529],"class_list":["post-1203","post","type-post","status-publish","format-standard","hentry","category-kuvien-takaa","tag-berlinale","tag-kritiikki","tag-musta-jaa"],"om_views":null,"acf":{"tuuma_off":false,"tuuma_kysymys":"","tuuma_vastaus":""},"asauth":{"required_access_level":1,"share_token":"","is_paid":false},"yoast_head":"<!-- This site is optimized with the Yoast SEO plugin v26.4 - https:\/\/yoast.com\/wordpress\/plugins\/seo\/ -->\n<title>Ristiriitainen vastaanotto - Kuvien takaa<\/title>\n<meta name=\"robots\" content=\"index, follow, max-snippet:-1, max-image-preview:large, max-video-preview:-1\" \/>\n<link rel=\"canonical\" href=\"https:\/\/suomenkuvalehti.fi\/kuvien-takaa\/ristiriitainen-vastaanotto\/\" \/>\n<meta property=\"og:locale\" content=\"fi_FI\" \/>\n<meta property=\"og:type\" content=\"article\" \/>\n<meta property=\"og:title\" content=\"Ristiriitainen vastaanotto - Kuvien takaa\" \/>\n<meta property=\"og:description\" content=\"Musta j\u00e4\u00e4 n\u00e4ytettiin lehdist\u00f6lle perjantaina iltap\u00e4iv\u00e4ll\u00e4. Kuten ep\u00e4ilin, loppupuolen portaikkokohtaus ei mennyt t\u00e4ydest\u00e4. Kyse ei ollut yksitt\u00e4isist\u00e4, vaan kymmenist\u00e4 katsojista, joilla keitti yli. Salin t\u00e4ytti hetkeksi vuolas nauru. Ymm\u00e4rt\u00e4\u00e4kseni kohtausta ei ole tarkoitettu mitenk\u00e4\u00e4n hauska&hellip;\" \/>\n<meta property=\"og:url\" content=\"https:\/\/suomenkuvalehti.fi\/kuvien-takaa\/ristiriitainen-vastaanotto\/\" \/>\n<meta property=\"og:site_name\" content=\"Kuvien takaa\" \/>\n<meta property=\"article:author\" content=\"https:\/\/www.facebook.com\/pages\/Kalle-Kinnunen-Kuvien-takaa\/190326157715410?fref=ts\" \/>\n<meta property=\"article:published_time\" content=\"2008-02-09T03:18:27+00:00\" \/>\n<meta property=\"og:image\" content=\"https:\/\/suomenkuvalehti.fi\/kuvien-takaa\/wp-content\/uploads\/sites\/11\/2022\/04\/kalle_kinnunen_blogi-1-scaled.jpg\" \/>\n\t<meta property=\"og:image:width\" content=\"2560\" \/>\n\t<meta property=\"og:image:height\" content=\"1707\" \/>\n\t<meta property=\"og:image:type\" content=\"image\/jpeg\" \/>\n<meta name=\"author\" content=\"Kalle Kinnunen\" \/>\n<meta name=\"twitter:card\" content=\"summary_large_image\" \/>\n<meta name=\"twitter:creator\" content=\"@https:\/\/twitter.com\/kallekinnunen\" \/>\n<meta name=\"twitter:label1\" content=\"Written by\" \/>\n\t<meta name=\"twitter:data1\" content=\"Kalle Kinnunen\" \/>\n\t<meta name=\"twitter:label2\" content=\"Est. reading time\" \/>\n\t<meta name=\"twitter:data2\" content=\"2 minuuttia\" \/>\n<script type=\"application\/ld+json\" class=\"yoast-schema-graph\">{\"@context\":\"https:\/\/schema.org\",\"@graph\":[{\"@type\":\"WebPage\",\"@id\":\"https:\/\/suomenkuvalehti.fi\/kuvien-takaa\/ristiriitainen-vastaanotto\/\",\"url\":\"https:\/\/suomenkuvalehti.fi\/kuvien-takaa\/ristiriitainen-vastaanotto\/\",\"name\":\"Ristiriitainen vastaanotto - Kuvien takaa\",\"isPartOf\":{\"@id\":\"https:\/\/suomenkuvalehti.fi\/kuvien-takaa\/#website\"},\"datePublished\":\"2008-02-09T03:18:27+00:00\",\"author\":{\"@id\":\"https:\/\/suomenkuvalehti.fi\/kuvien-takaa\/#\/schema\/person\/f3f657e4ad409e008f12af27bec60a23\"},\"breadcrumb\":{\"@id\":\"https:\/\/suomenkuvalehti.fi\/kuvien-takaa\/ristiriitainen-vastaanotto\/#breadcrumb\"},\"inLanguage\":\"fi\",\"potentialAction\":[{\"@type\":\"ReadAction\",\"target\":[\"https:\/\/suomenkuvalehti.fi\/kuvien-takaa\/ristiriitainen-vastaanotto\/\"]}]},{\"@type\":\"BreadcrumbList\",\"@id\":\"https:\/\/suomenkuvalehti.fi\/kuvien-takaa\/ristiriitainen-vastaanotto\/#breadcrumb\",\"itemListElement\":[{\"@type\":\"ListItem\",\"position\":1,\"name\":\"Home\",\"item\":\"https:\/\/suomenkuvalehti.fi\/kuvien-takaa\/\"},{\"@type\":\"ListItem\",\"position\":2,\"name\":\"Ristiriitainen vastaanotto\"}]},{\"@type\":\"WebSite\",\"@id\":\"https:\/\/suomenkuvalehti.fi\/kuvien-takaa\/#website\",\"url\":\"https:\/\/suomenkuvalehti.fi\/kuvien-takaa\/\",\"name\":\"Kuvien takaa\",\"description\":\"Elokuvakriitikko Kalle Kinnusen elokuvablogi.\",\"potentialAction\":[{\"@type\":\"SearchAction\",\"target\":{\"@type\":\"EntryPoint\",\"urlTemplate\":\"https:\/\/suomenkuvalehti.fi\/haku\/?q={search_term_string}\"},\"query-input\":{\"@type\":\"PropertyValueSpecification\",\"valueRequired\":true,\"valueName\":\"search_term_string\"}}],\"inLanguage\":\"fi\"},{\"@type\":\"Person\",\"@id\":\"https:\/\/suomenkuvalehti.fi\/kuvien-takaa\/#\/schema\/person\/f3f657e4ad409e008f12af27bec60a23\",\"name\":\"Kalle Kinnunen\",\"image\":{\"@type\":\"ImageObject\",\"inLanguage\":\"fi\",\"@id\":\"https:\/\/suomenkuvalehti.fi\/kuvien-takaa\/#\/schema\/person\/image\/\",\"url\":\"https:\/\/suomenkuvalehti.fi\/kuvien-takaa\/wp-content\/uploads\/sites\/11\/2022\/04\/kalle_kinnunen_blogi-1-150x150.jpg\",\"contentUrl\":\"https:\/\/suomenkuvalehti.fi\/kuvien-takaa\/wp-content\/uploads\/sites\/11\/2022\/04\/kalle_kinnunen_blogi-1-150x150.jpg\",\"caption\":\"Kalle Kinnunen\"},\"description\":\"Kalle Kinnunen on vapaa toimittaja ja Suomen Kuvalehden avustaja.\",\"sameAs\":[\"https:\/\/www.facebook.com\/pages\/Kalle-Kinnunen-Kuvien-takaa\/190326157715410?fref=ts\",\"https:\/\/x.com\/https:\/\/twitter.com\/kallekinnunen\"]}]}<\/script>\n<!-- \/ Yoast SEO plugin. -->","yoast_head_json":{"title":"Ristiriitainen vastaanotto - Kuvien takaa","robots":{"index":"index","follow":"follow","max-snippet":"max-snippet:-1","max-image-preview":"max-image-preview:large","max-video-preview":"max-video-preview:-1"},"canonical":"https:\/\/suomenkuvalehti.fi\/kuvien-takaa\/ristiriitainen-vastaanotto\/","og_locale":"fi_FI","og_type":"article","og_title":"Ristiriitainen vastaanotto - Kuvien takaa","og_description":"Musta j\u00e4\u00e4 n\u00e4ytettiin lehdist\u00f6lle perjantaina iltap\u00e4iv\u00e4ll\u00e4. Kuten ep\u00e4ilin, loppupuolen portaikkokohtaus ei mennyt t\u00e4ydest\u00e4. Kyse ei ollut yksitt\u00e4isist\u00e4, vaan kymmenist\u00e4 katsojista, joilla keitti yli. Salin t\u00e4ytti hetkeksi vuolas nauru. Ymm\u00e4rt\u00e4\u00e4kseni kohtausta ei ole tarkoitettu mitenk\u00e4\u00e4n hauska&hellip;","og_url":"https:\/\/suomenkuvalehti.fi\/kuvien-takaa\/ristiriitainen-vastaanotto\/","og_site_name":"Kuvien takaa","article_author":"https:\/\/www.facebook.com\/pages\/Kalle-Kinnunen-Kuvien-takaa\/190326157715410?fref=ts","article_published_time":"2008-02-09T03:18:27+00:00","og_image":[{"width":2560,"height":1707,"url":"https:\/\/suomenkuvalehti.fi\/kuvien-takaa\/wp-content\/uploads\/sites\/11\/2022\/04\/kalle_kinnunen_blogi-1-scaled.jpg","type":"image\/jpeg"}],"author":"Kalle Kinnunen","twitter_card":"summary_large_image","twitter_creator":"@https:\/\/twitter.com\/kallekinnunen","twitter_misc":{"Written by":"Kalle Kinnunen","Est. reading time":"2 minuuttia"},"schema":{"@context":"https:\/\/schema.org","@graph":[{"@type":"WebPage","@id":"https:\/\/suomenkuvalehti.fi\/kuvien-takaa\/ristiriitainen-vastaanotto\/","url":"https:\/\/suomenkuvalehti.fi\/kuvien-takaa\/ristiriitainen-vastaanotto\/","name":"Ristiriitainen vastaanotto - Kuvien takaa","isPartOf":{"@id":"https:\/\/suomenkuvalehti.fi\/kuvien-takaa\/#website"},"datePublished":"2008-02-09T03:18:27+00:00","author":{"@id":"https:\/\/suomenkuvalehti.fi\/kuvien-takaa\/#\/schema\/person\/f3f657e4ad409e008f12af27bec60a23"},"breadcrumb":{"@id":"https:\/\/suomenkuvalehti.fi\/kuvien-takaa\/ristiriitainen-vastaanotto\/#breadcrumb"},"inLanguage":"fi","potentialAction":[{"@type":"ReadAction","target":["https:\/\/suomenkuvalehti.fi\/kuvien-takaa\/ristiriitainen-vastaanotto\/"]}]},{"@type":"BreadcrumbList","@id":"https:\/\/suomenkuvalehti.fi\/kuvien-takaa\/ristiriitainen-vastaanotto\/#breadcrumb","itemListElement":[{"@type":"ListItem","position":1,"name":"Home","item":"https:\/\/suomenkuvalehti.fi\/kuvien-takaa\/"},{"@type":"ListItem","position":2,"name":"Ristiriitainen vastaanotto"}]},{"@type":"WebSite","@id":"https:\/\/suomenkuvalehti.fi\/kuvien-takaa\/#website","url":"https:\/\/suomenkuvalehti.fi\/kuvien-takaa\/","name":"Kuvien takaa","description":"Elokuvakriitikko Kalle Kinnusen elokuvablogi.","potentialAction":[{"@type":"SearchAction","target":{"@type":"EntryPoint","urlTemplate":"https:\/\/suomenkuvalehti.fi\/haku\/?q={search_term_string}"},"query-input":{"@type":"PropertyValueSpecification","valueRequired":true,"valueName":"search_term_string"}}],"inLanguage":"fi"},{"@type":"Person","@id":"https:\/\/suomenkuvalehti.fi\/kuvien-takaa\/#\/schema\/person\/f3f657e4ad409e008f12af27bec60a23","name":"Kalle Kinnunen","image":{"@type":"ImageObject","inLanguage":"fi","@id":"https:\/\/suomenkuvalehti.fi\/kuvien-takaa\/#\/schema\/person\/image\/","url":"https:\/\/suomenkuvalehti.fi\/kuvien-takaa\/wp-content\/uploads\/sites\/11\/2022\/04\/kalle_kinnunen_blogi-1-150x150.jpg","contentUrl":"https:\/\/suomenkuvalehti.fi\/kuvien-takaa\/wp-content\/uploads\/sites\/11\/2022\/04\/kalle_kinnunen_blogi-1-150x150.jpg","caption":"Kalle Kinnunen"},"description":"Kalle Kinnunen on vapaa toimittaja ja Suomen Kuvalehden avustaja.","sameAs":["https:\/\/www.facebook.com\/pages\/Kalle-Kinnunen-Kuvien-takaa\/190326157715410?fref=ts","https:\/\/x.com\/https:\/\/twitter.com\/kallekinnunen"]}]}},"_links":{"self":[{"href":"https:\/\/suomenkuvalehti.fi\/kuvien-takaa\/wp-json\/wp\/v2\/posts\/1203","targetHints":{"allow":["GET"]}}],"collection":[{"href":"https:\/\/suomenkuvalehti.fi\/kuvien-takaa\/wp-json\/wp\/v2\/posts"}],"about":[{"href":"https:\/\/suomenkuvalehti.fi\/kuvien-takaa\/wp-json\/wp\/v2\/types\/post"}],"author":[{"embeddable":true,"href":"https:\/\/suomenkuvalehti.fi\/kuvien-takaa\/wp-json\/wp\/v2\/users\/144"}],"replies":[{"embeddable":true,"href":"https:\/\/suomenkuvalehti.fi\/kuvien-takaa\/wp-json\/wp\/v2\/comments?post=1203"}],"version-history":[{"count":0,"href":"https:\/\/suomenkuvalehti.fi\/kuvien-takaa\/wp-json\/wp\/v2\/posts\/1203\/revisions"}],"wp:attachment":[{"href":"https:\/\/suomenkuvalehti.fi\/kuvien-takaa\/wp-json\/wp\/v2\/media?parent=1203"}],"wp:term":[{"taxonomy":"category","embeddable":true,"href":"https:\/\/suomenkuvalehti.fi\/kuvien-takaa\/wp-json\/wp\/v2\/categories?post=1203"},{"taxonomy":"post_tag","embeddable":true,"href":"https:\/\/suomenkuvalehti.fi\/kuvien-takaa\/wp-json\/wp\/v2\/tags?post=1203"}],"curies":[{"name":"wp","href":"https:\/\/api.w.org\/{rel}","templated":true}]}}