{"id":1202,"date":"2008-02-09T19:57:31","date_gmt":"2008-02-09T17:57:31","guid":{"rendered":"https:\/\/suomenkuvalehti.fi\/kuvientakaa\/2008\/02\/09\/musta-jaa-ei-innostanut-alan-ammattilehtia\/"},"modified":"2008-02-09T19:57:31","modified_gmt":"2008-02-09T17:57:31","slug":"musta-jaa-ei-innostanut-alan-ammattilehtia","status":"publish","type":"post","link":"https:\/\/suomenkuvalehti.fi\/kuvien-takaa\/musta-jaa-ei-innostanut-alan-ammattilehtia\/","title":{"rendered":"Musta j\u00e4\u00e4 ei innostanut alan ammattilehti\u00e4"},"content":{"rendered":"\n<p><!-- Generated by XStandard version 2.0.0.0 on 2008-02-09T22:01:54 --><\/p>\n\n\n\n<p>Mustan j\u00e4\u00e4n kansainv\u00e4liset kritiikit julkaistiin t\u00e4n\u00e4\u00e4n. Ammattilehdiss\u00e4 arvioidaan elokuvan lis\u00e4ksi sen kansainv\u00e4liset levitysmahdollisuudet.<\/p>\n\n\n\n<p>Koreita ilmaisuja ja kaikenmaailman sanaleikkej\u00e4 suosivan Varietyn mukaan elokuva k\u00e4\u00e4rii melkein hupsun tarinan tasokkaaseen kuoreen ja t\u00e4ydent\u00e4\u00e4 sit\u00e4 hyvill\u00e4 n\u00e4yttelij\u00e4t\u00f6ill\u00e4 niin, ett\u00e4 kokonaisuus muistuttaa Ingmar Bergmanin palvojien tekem\u00e4\u00e4n saippuaoopperaa. Arvostelija Leslie Felperin toteaa, ett\u00e4 kotikentt\u00e4voitoista huolimatta &#8221;J\u00e4\u00e4n t\u00e4ytyy luistella vierailla vesill\u00e4 varovasti&#8221;.<\/p>\n\n\n\n<p>Screen Daily antaa elokuvalle kaksi t\u00e4hte\u00e4. T\u00e4hditys on nollasta nelj\u00e4\u00e4n. Kriitikko Lee Marshall toteaa elokuvan yritt\u00e4v\u00e4n olla samaan aikaan Hitchcock-tyylinen trilleri, Feydeaun farssin kauhuversio sek\u00e4 kiihke\u00e4 rakkaus-, mustasukkaisuus- ja avioliittodraama Bergmanin tapaan. Kotwica melkein onnistuu huikean kunnianhimoisissa suunnitelmissaan, Marshall sanoo. Outi M\u00e4enp\u00e4\u00e4n roolity\u00f6n kriitikko mainitsee potentiaaliseksi Berlinalen parhaan naisp\u00e4\u00e4osan palkinnon saajaksi. Marshallin mukaan t\u00e4llainen tiukka melodraama voisi menesty\u00e4 kansainv\u00e4lisesti etenkin Euroopassa samaan tapaan kuin monet pienet tanskalaiset draamat.<\/p>\n\n\n\n<p>Sitten huonot uutiset: Screen Dailyn kriitikkotaulukossa Mustan j\u00e4\u00e4n keskiarvo on vain 1,6. Yhdeks\u00e4st\u00e4 t\u00e4hti\u00e4 jakavasta kriitikosta sen on n\u00e4hnyt toistaiseksi seitsem\u00e4n. Kaikki antavat yht\u00e4 tai kahta t\u00e4hte\u00e4.<\/p>\n\n\n\n<p>Kovin ik\u00e4v\u00e4lt\u00e4h\u00e4n tuo taulukko n\u00e4ytt\u00e4\u00e4.<\/p>\n\n\n","protected":false},"excerpt":{"rendered":"<p>Mustan j\u00e4\u00e4n kansainv\u00e4liset kritiikit julkaistiin t\u00e4n\u00e4\u00e4n. Ammattilehdiss\u00e4 arvioidaan elokuvan lis\u00e4ksi sen kansainv\u00e4liset levitysmahdollisuudet. Koreita ilmaisuja ja kaikenmaailman sanaleikkej\u00e4 suosivan Varietyn mukaan elokuva k\u00e4\u00e4rii melkein hupsun tarinan tasokkaaseen kuoreen<br \/>\nja t\u00e4ydent\u00e4&hellip;<\/p>\n","protected":false},"author":144,"featured_media":0,"comment_status":"open","ping_status":"open","sticky":false,"template":"","format":"standard","meta":{"_acf_changed":false,"asauth_required_access_level":0,"asauth_cansharepaid":"","om_header_attributes":[],"footnotes":"","om_featured_image_focal_point":[],"om_primary_tag":0,"om_contributors":[],"om_co_authors":[],"beyondwords_generate_audio":"","beyondwords_project_id":"","beyondwords_content_id":"","beyondwords_preview_token":"","beyondwords_player_content":"","beyondwords_player_style":"","beyondwords_language_code":"","beyondwords_language_id":"","beyondwords_title_voice_id":"","beyondwords_body_voice_id":"","beyondwords_summary_voice_id":"","beyondwords_error_message":"","beyondwords_disabled":"","beyondwords_delete_content":"","beyondwords_podcast_id":"","beyondwords_hash":"","publish_post_to_speechkit":"","speechkit_hash":"","speechkit_generate_audio":"","speechkit_project_id":"","speechkit_podcast_id":"","speechkit_error_message":"","speechkit_disabled":"","speechkit_access_key":"","speechkit_error":"","speechkit_info":"","speechkit_response":"","speechkit_retries":"","speechkit_status":"","speechkit_updated_at":"","_speechkit_link":"","_speechkit_text":""},"categories":[1],"tags":[1615,1529,1530],"class_list":["post-1202","post","type-post","status-publish","format-standard","hentry","category-kuvien-takaa","tag-kritiikki","tag-musta-jaa","tag-petri-kotwica"],"om_views":null,"acf":{"tuuma_off":false,"tuuma_kysymys":"","tuuma_vastaus":""},"asauth":{"required_access_level":1,"share_token":"","is_paid":false},"yoast_head":"<!-- This site is optimized with the Yoast SEO plugin v26.4 - https:\/\/yoast.com\/wordpress\/plugins\/seo\/ -->\n<title>Musta j\u00e4\u00e4 ei innostanut alan ammattilehti\u00e4 - Kuvien takaa<\/title>\n<meta name=\"robots\" content=\"index, follow, max-snippet:-1, max-image-preview:large, max-video-preview:-1\" \/>\n<link rel=\"canonical\" href=\"https:\/\/suomenkuvalehti.fi\/kuvien-takaa\/musta-jaa-ei-innostanut-alan-ammattilehtia\/\" \/>\n<meta property=\"og:locale\" content=\"fi_FI\" \/>\n<meta property=\"og:type\" content=\"article\" \/>\n<meta property=\"og:title\" content=\"Musta j\u00e4\u00e4 ei innostanut alan ammattilehti\u00e4 - Kuvien takaa\" \/>\n<meta property=\"og:description\" content=\"Mustan j\u00e4\u00e4n kansainv\u00e4liset kritiikit julkaistiin t\u00e4n\u00e4\u00e4n. Ammattilehdiss\u00e4 arvioidaan elokuvan lis\u00e4ksi sen kansainv\u00e4liset levitysmahdollisuudet. Koreita ilmaisuja ja kaikenmaailman sanaleikkej\u00e4 suosivan Varietyn mukaan elokuva k\u00e4\u00e4rii melkein hupsun tarinan tasokkaaseen kuoreen ja t\u00e4ydent\u00e4&hellip;\" \/>\n<meta property=\"og:url\" content=\"https:\/\/suomenkuvalehti.fi\/kuvien-takaa\/musta-jaa-ei-innostanut-alan-ammattilehtia\/\" \/>\n<meta property=\"og:site_name\" content=\"Kuvien takaa\" \/>\n<meta property=\"article:author\" content=\"https:\/\/www.facebook.com\/pages\/Kalle-Kinnunen-Kuvien-takaa\/190326157715410?fref=ts\" \/>\n<meta property=\"article:published_time\" content=\"2008-02-09T17:57:31+00:00\" \/>\n<meta property=\"og:image\" content=\"https:\/\/suomenkuvalehti.fi\/kuvien-takaa\/wp-content\/uploads\/sites\/11\/2022\/04\/kalle_kinnunen_blogi-1-scaled.jpg\" \/>\n\t<meta property=\"og:image:width\" content=\"2560\" \/>\n\t<meta property=\"og:image:height\" content=\"1707\" \/>\n\t<meta property=\"og:image:type\" content=\"image\/jpeg\" \/>\n<meta name=\"author\" content=\"Kalle Kinnunen\" \/>\n<meta name=\"twitter:card\" content=\"summary_large_image\" \/>\n<meta name=\"twitter:creator\" content=\"@https:\/\/twitter.com\/kallekinnunen\" \/>\n<meta name=\"twitter:label1\" content=\"Written by\" \/>\n\t<meta name=\"twitter:data1\" content=\"Kalle Kinnunen\" \/>\n\t<meta name=\"twitter:label2\" content=\"Est. reading time\" \/>\n\t<meta name=\"twitter:data2\" content=\"1 minuutti\" \/>\n<script type=\"application\/ld+json\" class=\"yoast-schema-graph\">{\"@context\":\"https:\/\/schema.org\",\"@graph\":[{\"@type\":\"WebPage\",\"@id\":\"https:\/\/suomenkuvalehti.fi\/kuvien-takaa\/musta-jaa-ei-innostanut-alan-ammattilehtia\/\",\"url\":\"https:\/\/suomenkuvalehti.fi\/kuvien-takaa\/musta-jaa-ei-innostanut-alan-ammattilehtia\/\",\"name\":\"Musta j\u00e4\u00e4 ei innostanut alan ammattilehti\u00e4 - Kuvien takaa\",\"isPartOf\":{\"@id\":\"https:\/\/suomenkuvalehti.fi\/kuvien-takaa\/#website\"},\"datePublished\":\"2008-02-09T17:57:31+00:00\",\"author\":{\"@id\":\"https:\/\/suomenkuvalehti.fi\/kuvien-takaa\/#\/schema\/person\/f3f657e4ad409e008f12af27bec60a23\"},\"breadcrumb\":{\"@id\":\"https:\/\/suomenkuvalehti.fi\/kuvien-takaa\/musta-jaa-ei-innostanut-alan-ammattilehtia\/#breadcrumb\"},\"inLanguage\":\"fi\",\"potentialAction\":[{\"@type\":\"ReadAction\",\"target\":[\"https:\/\/suomenkuvalehti.fi\/kuvien-takaa\/musta-jaa-ei-innostanut-alan-ammattilehtia\/\"]}]},{\"@type\":\"BreadcrumbList\",\"@id\":\"https:\/\/suomenkuvalehti.fi\/kuvien-takaa\/musta-jaa-ei-innostanut-alan-ammattilehtia\/#breadcrumb\",\"itemListElement\":[{\"@type\":\"ListItem\",\"position\":1,\"name\":\"Home\",\"item\":\"https:\/\/suomenkuvalehti.fi\/kuvien-takaa\/\"},{\"@type\":\"ListItem\",\"position\":2,\"name\":\"Musta j\u00e4\u00e4 ei innostanut alan ammattilehti\u00e4\"}]},{\"@type\":\"WebSite\",\"@id\":\"https:\/\/suomenkuvalehti.fi\/kuvien-takaa\/#website\",\"url\":\"https:\/\/suomenkuvalehti.fi\/kuvien-takaa\/\",\"name\":\"Kuvien takaa\",\"description\":\"Elokuvakriitikko Kalle Kinnusen elokuvablogi.\",\"potentialAction\":[{\"@type\":\"SearchAction\",\"target\":{\"@type\":\"EntryPoint\",\"urlTemplate\":\"https:\/\/suomenkuvalehti.fi\/haku\/?q={search_term_string}\"},\"query-input\":{\"@type\":\"PropertyValueSpecification\",\"valueRequired\":true,\"valueName\":\"search_term_string\"}}],\"inLanguage\":\"fi\"},{\"@type\":\"Person\",\"@id\":\"https:\/\/suomenkuvalehti.fi\/kuvien-takaa\/#\/schema\/person\/f3f657e4ad409e008f12af27bec60a23\",\"name\":\"Kalle Kinnunen\",\"image\":{\"@type\":\"ImageObject\",\"inLanguage\":\"fi\",\"@id\":\"https:\/\/suomenkuvalehti.fi\/kuvien-takaa\/#\/schema\/person\/image\/\",\"url\":\"https:\/\/suomenkuvalehti.fi\/kuvien-takaa\/wp-content\/uploads\/sites\/11\/2022\/04\/kalle_kinnunen_blogi-1-150x150.jpg\",\"contentUrl\":\"https:\/\/suomenkuvalehti.fi\/kuvien-takaa\/wp-content\/uploads\/sites\/11\/2022\/04\/kalle_kinnunen_blogi-1-150x150.jpg\",\"caption\":\"Kalle Kinnunen\"},\"description\":\"Kalle Kinnunen on vapaa toimittaja ja Suomen Kuvalehden avustaja.\",\"sameAs\":[\"https:\/\/www.facebook.com\/pages\/Kalle-Kinnunen-Kuvien-takaa\/190326157715410?fref=ts\",\"https:\/\/x.com\/https:\/\/twitter.com\/kallekinnunen\"]}]}<\/script>\n<!-- \/ Yoast SEO plugin. -->","yoast_head_json":{"title":"Musta j\u00e4\u00e4 ei innostanut alan ammattilehti\u00e4 - Kuvien takaa","robots":{"index":"index","follow":"follow","max-snippet":"max-snippet:-1","max-image-preview":"max-image-preview:large","max-video-preview":"max-video-preview:-1"},"canonical":"https:\/\/suomenkuvalehti.fi\/kuvien-takaa\/musta-jaa-ei-innostanut-alan-ammattilehtia\/","og_locale":"fi_FI","og_type":"article","og_title":"Musta j\u00e4\u00e4 ei innostanut alan ammattilehti\u00e4 - Kuvien takaa","og_description":"Mustan j\u00e4\u00e4n kansainv\u00e4liset kritiikit julkaistiin t\u00e4n\u00e4\u00e4n. Ammattilehdiss\u00e4 arvioidaan elokuvan lis\u00e4ksi sen kansainv\u00e4liset levitysmahdollisuudet. Koreita ilmaisuja ja kaikenmaailman sanaleikkej\u00e4 suosivan Varietyn mukaan elokuva k\u00e4\u00e4rii melkein hupsun tarinan tasokkaaseen kuoreen ja t\u00e4ydent\u00e4&hellip;","og_url":"https:\/\/suomenkuvalehti.fi\/kuvien-takaa\/musta-jaa-ei-innostanut-alan-ammattilehtia\/","og_site_name":"Kuvien takaa","article_author":"https:\/\/www.facebook.com\/pages\/Kalle-Kinnunen-Kuvien-takaa\/190326157715410?fref=ts","article_published_time":"2008-02-09T17:57:31+00:00","og_image":[{"width":2560,"height":1707,"url":"https:\/\/suomenkuvalehti.fi\/kuvien-takaa\/wp-content\/uploads\/sites\/11\/2022\/04\/kalle_kinnunen_blogi-1-scaled.jpg","type":"image\/jpeg"}],"author":"Kalle Kinnunen","twitter_card":"summary_large_image","twitter_creator":"@https:\/\/twitter.com\/kallekinnunen","twitter_misc":{"Written by":"Kalle Kinnunen","Est. reading time":"1 minuutti"},"schema":{"@context":"https:\/\/schema.org","@graph":[{"@type":"WebPage","@id":"https:\/\/suomenkuvalehti.fi\/kuvien-takaa\/musta-jaa-ei-innostanut-alan-ammattilehtia\/","url":"https:\/\/suomenkuvalehti.fi\/kuvien-takaa\/musta-jaa-ei-innostanut-alan-ammattilehtia\/","name":"Musta j\u00e4\u00e4 ei innostanut alan ammattilehti\u00e4 - Kuvien takaa","isPartOf":{"@id":"https:\/\/suomenkuvalehti.fi\/kuvien-takaa\/#website"},"datePublished":"2008-02-09T17:57:31+00:00","author":{"@id":"https:\/\/suomenkuvalehti.fi\/kuvien-takaa\/#\/schema\/person\/f3f657e4ad409e008f12af27bec60a23"},"breadcrumb":{"@id":"https:\/\/suomenkuvalehti.fi\/kuvien-takaa\/musta-jaa-ei-innostanut-alan-ammattilehtia\/#breadcrumb"},"inLanguage":"fi","potentialAction":[{"@type":"ReadAction","target":["https:\/\/suomenkuvalehti.fi\/kuvien-takaa\/musta-jaa-ei-innostanut-alan-ammattilehtia\/"]}]},{"@type":"BreadcrumbList","@id":"https:\/\/suomenkuvalehti.fi\/kuvien-takaa\/musta-jaa-ei-innostanut-alan-ammattilehtia\/#breadcrumb","itemListElement":[{"@type":"ListItem","position":1,"name":"Home","item":"https:\/\/suomenkuvalehti.fi\/kuvien-takaa\/"},{"@type":"ListItem","position":2,"name":"Musta j\u00e4\u00e4 ei innostanut alan ammattilehti\u00e4"}]},{"@type":"WebSite","@id":"https:\/\/suomenkuvalehti.fi\/kuvien-takaa\/#website","url":"https:\/\/suomenkuvalehti.fi\/kuvien-takaa\/","name":"Kuvien takaa","description":"Elokuvakriitikko Kalle Kinnusen elokuvablogi.","potentialAction":[{"@type":"SearchAction","target":{"@type":"EntryPoint","urlTemplate":"https:\/\/suomenkuvalehti.fi\/haku\/?q={search_term_string}"},"query-input":{"@type":"PropertyValueSpecification","valueRequired":true,"valueName":"search_term_string"}}],"inLanguage":"fi"},{"@type":"Person","@id":"https:\/\/suomenkuvalehti.fi\/kuvien-takaa\/#\/schema\/person\/f3f657e4ad409e008f12af27bec60a23","name":"Kalle Kinnunen","image":{"@type":"ImageObject","inLanguage":"fi","@id":"https:\/\/suomenkuvalehti.fi\/kuvien-takaa\/#\/schema\/person\/image\/","url":"https:\/\/suomenkuvalehti.fi\/kuvien-takaa\/wp-content\/uploads\/sites\/11\/2022\/04\/kalle_kinnunen_blogi-1-150x150.jpg","contentUrl":"https:\/\/suomenkuvalehti.fi\/kuvien-takaa\/wp-content\/uploads\/sites\/11\/2022\/04\/kalle_kinnunen_blogi-1-150x150.jpg","caption":"Kalle Kinnunen"},"description":"Kalle Kinnunen on vapaa toimittaja ja Suomen Kuvalehden avustaja.","sameAs":["https:\/\/www.facebook.com\/pages\/Kalle-Kinnunen-Kuvien-takaa\/190326157715410?fref=ts","https:\/\/x.com\/https:\/\/twitter.com\/kallekinnunen"]}]}},"_links":{"self":[{"href":"https:\/\/suomenkuvalehti.fi\/kuvien-takaa\/wp-json\/wp\/v2\/posts\/1202","targetHints":{"allow":["GET"]}}],"collection":[{"href":"https:\/\/suomenkuvalehti.fi\/kuvien-takaa\/wp-json\/wp\/v2\/posts"}],"about":[{"href":"https:\/\/suomenkuvalehti.fi\/kuvien-takaa\/wp-json\/wp\/v2\/types\/post"}],"author":[{"embeddable":true,"href":"https:\/\/suomenkuvalehti.fi\/kuvien-takaa\/wp-json\/wp\/v2\/users\/144"}],"replies":[{"embeddable":true,"href":"https:\/\/suomenkuvalehti.fi\/kuvien-takaa\/wp-json\/wp\/v2\/comments?post=1202"}],"version-history":[{"count":0,"href":"https:\/\/suomenkuvalehti.fi\/kuvien-takaa\/wp-json\/wp\/v2\/posts\/1202\/revisions"}],"wp:attachment":[{"href":"https:\/\/suomenkuvalehti.fi\/kuvien-takaa\/wp-json\/wp\/v2\/media?parent=1202"}],"wp:term":[{"taxonomy":"category","embeddable":true,"href":"https:\/\/suomenkuvalehti.fi\/kuvien-takaa\/wp-json\/wp\/v2\/categories?post=1202"},{"taxonomy":"post_tag","embeddable":true,"href":"https:\/\/suomenkuvalehti.fi\/kuvien-takaa\/wp-json\/wp\/v2\/tags?post=1202"}],"curies":[{"name":"wp","href":"https:\/\/api.w.org\/{rel}","templated":true}]}}