{"id":1172,"date":"2008-05-22T15:28:14","date_gmt":"2008-05-22T12:28:14","guid":{"rendered":"https:\/\/suomenkuvalehti.fi\/kuvientakaa\/2008\/05\/22\/mike-tyson-puhuu-mike-tysonista\/"},"modified":"2008-05-22T15:28:14","modified_gmt":"2008-05-22T12:28:14","slug":"mike-tyson-puhuu-mike-tysonista","status":"publish","type":"post","link":"https:\/\/suomenkuvalehti.fi\/kuvien-takaa\/mike-tyson-puhuu-mike-tysonista\/","title":{"rendered":"Mike Tyson puhuu Mike Tysonista"},"content":{"rendered":"\n<p>En tiennyt <strong>Mike Tysonista<\/strong> paljoakaan, enk\u00e4 oikein v\u00e4lit\u00e4 nyrkkeilyst\u00e4 (vaikka se onkin ainoita urheilulajeja, joista on tehty todella hyvi\u00e4 elokuvia). Mutta <strong>James Tobackin<\/strong> dokumentti yst\u00e4v\u00e4st\u00e4\u00e4n Tysonista on erinomainen.<\/p>\n\n\n\n\n<p>Tyson puhuu suoraan kameralle puolitoista tuntia. Ket\u00e4\u00e4n muuta ei ole haastateltu. V\u00e4liin on leikattu arkistop\u00e4tki\u00e4 uralta ja uutisista, joihin mestari joutui usein ik\u00e4vist\u00e4 syist\u00e4.<\/p>\n\n\n\n<p>Tyls\u00e4\u00e4? Ei, vaan \u00e4\u00e4rimm\u00e4isen vet\u00e4v\u00e4\u00e4.<\/p>\n\n\n\n<p>Tyson ei pid\u00e4ttele vaan puhuu suoraan my\u00f6s hyvin henkil\u00f6kohtaisista asioista. Muistoista kasvaa tavallaan koskettavakin henkil\u00f6kuva miehest\u00e4, joka saavutti kaiken ja antoi sen sitten menn\u00e4.<\/p>\n\n\n\n<p>Tyson ei v\u00e4ltt\u00e4m\u00e4tt\u00e4 kadu, muttei ole ylpe\u00e4k\u00e4\u00e4n. Eik\u00e4 h\u00e4n pid\u00e4 itse\u00e4\u00e4n nyrkkeilij\u00e4n\u00e4 &#8211; h\u00e4n on kerran ollut sellainen, ja mestari, mutta se vain tapahtui. Kehuskelu ei kuulu h\u00e4nen tyyliins\u00e4.<\/p>\n\n\n\n<p>Tietysti h\u00e4n v\u00e4h\u00e4ttelee rumimpia sattumuksia ja v\u00e4kivallanpurkauksiaan, mutta se on osa monitasoista kuvaa. Katsoja saa itse p\u00e4\u00e4tt\u00e4\u00e4, mit\u00e4 ajattelee Tysonin v\u00e4h\u00e4n s\u00e4\u00e4litt\u00e4vist\u00e4kin kiukkuiluista esimerkiksi <strong>Don Kingi\u00e4<\/strong> ja h\u00e4nt\u00e4 raiskauksesta syytt\u00e4nytt\u00e4 naista kohtaan.<\/p>\n\n\n\n<p>Pitk\u00e4n linjan omap\u00e4isen\u00e4 independent-ohjaajana tunnettu ja Hollywoodissa v\u00e4lill\u00e4 k\u00e4sikirjoittajana (mm. <em>Bugsy<\/em>) ty\u00f6skennellyt Toback itki noustessaan lavalle elokuvan j\u00e4lkeen. Tyson ei itkenyt. H\u00e4n ei my\u00f6sk\u00e4\u00e4n kest\u00e4nyt katsoa elokuvaa kokonaan yleis\u00f6n kanssa vaan poistui ydinseurueensa kanssa jo parinkymmenen minuutin j\u00e4lkeen aulaan odottelemaan.<\/p>\n\n\n\n<p>Elokuvassa n\u00e4kee, ettei Tysonin silmist\u00e4 edes tule kyyneleit\u00e4. Silloinkin kun h\u00e4n nyyhkytt\u00e4\u00e4, vajoaa tunteisiin ja mutristaa tatuoidun naamaansa, ei kyyneli\u00e4 vain tule. N\u00e4ky on s\u00e4v\u00e4ytt\u00e4v\u00e4, l\u00e4hikuvassa ja isolla kankaalla. On vaikea keksi\u00e4 traagisempaa \u00e4\u00e4rimm\u00e4isen maskuliinisuuden ilmentym\u00e4\u00e4.<\/p>\n\n\n\n<p>&#8221;<strong>Muhammad Alin<\/strong> ja Miken ero on siin\u00e4, ett\u00e4 Ali n\u00e4ytteli puhuessaan hurjia, mutta Mike ei koskaan n\u00e4ytellyt. H\u00e4n oli aina oma itsens\u00e4&#8221;, Toback kertoi kun haasttelin h\u00e4nt\u00e4 ja Tysonia lauantaina.<\/p>\n\n\n\n<p>&#8221;Kun katsoimme elokuvan yhdess\u00e4 ja Mike n\u00e4ki sen ensi kertaa, sen p\u00e4\u00e4tytty\u00e4 h\u00e4n sanoi, ett\u00e4 t\u00e4m\u00e4 on aivan kuin kreikkalainen tragedia, ongelma on vain siin\u00e4, ett\u00e4 olen itse p\u00e4\u00e4henkil\u00f6&#8221;, Toback paljasti.<\/p>\n\n\n\n<p>V\u00e4h\u00e4puheisesta ja ujosta Tysonista sai irti vain yksitt\u00e4isi\u00e4 lauseita. H\u00e4n ei pid\u00e4 julkisuudesta, mutta Cannesiin p\u00e4\u00e4sy oli selv\u00e4sti miellytt\u00e4v\u00e4 ja kiinnostava kokemus.<\/p>\n\n\n\n<p>Ohjelmistossa on my\u00f6s toinen dokumentti moniongelmaisesta urheilijasta, <strong>Emir Kusturican<\/strong> ohjaama <strong>Maradona<\/strong>. N\u00e4it\u00e4 kahta lajiensa huippua yhdist\u00e4\u00e4 sattumalta erikoinen poliittis-esteettinen seikka. Tysonilla on <strong>Che<\/strong>&#8211; ja <strong>Mao<\/strong>-tatuoinnit. Maradonalla taas on <strong>Fidel<\/strong><strong>Castro<\/strong> -tatuointi.<\/p>\n\n\n","protected":false},"excerpt":{"rendered":"<p>En tiennyt Mike Tysonista paljoakaan, enk\u00e4 oikein v\u00e4lit\u00e4 nyrkkeilyst\u00e4 (vaikka se onkin ainoita urheilulajeja, joista on tehty todella hyvi\u00e4 elokuvia). Mutta James Tobackin dokumentti yst\u00e4v\u00e4st\u00e4\u00e4n Tysonista on erinomainen. Tyson puhuu suoraan kameralle puolitoista tuntia. Ket\u00e4\u00e4n muuta ei<br \/>\nole haasta&hellip;<\/p>\n","protected":false},"author":144,"featured_media":0,"comment_status":"open","ping_status":"open","sticky":false,"template":"","format":"standard","meta":{"_acf_changed":false,"asauth_required_access_level":0,"asauth_cansharepaid":"","om_header_attributes":[],"footnotes":"","om_featured_image_focal_point":[],"om_primary_tag":0,"om_contributors":[],"om_co_authors":[],"beyondwords_generate_audio":"","beyondwords_project_id":"","beyondwords_content_id":"","beyondwords_preview_token":"","beyondwords_player_content":"","beyondwords_player_style":"","beyondwords_language_code":"","beyondwords_language_id":"","beyondwords_title_voice_id":"","beyondwords_body_voice_id":"","beyondwords_summary_voice_id":"","beyondwords_error_message":"","beyondwords_disabled":"","beyondwords_delete_content":"","beyondwords_podcast_id":"","beyondwords_hash":"","publish_post_to_speechkit":"","speechkit_hash":"","speechkit_generate_audio":"","speechkit_project_id":"","speechkit_podcast_id":"","speechkit_error_message":"","speechkit_disabled":"","speechkit_access_key":"","speechkit_error":"","speechkit_info":"","speechkit_response":"","speechkit_retries":"","speechkit_status":"","speechkit_updated_at":"","_speechkit_link":"","_speechkit_text":""},"categories":[1],"tags":[41,1648,1833,1834],"class_list":["post-1172","post","type-post","status-publish","format-standard","hentry","category-kuvien-takaa","tag-dokumenttielokuvat","tag-james-toback","tag-mike-tyson","tag-urheilijat"],"om_views":null,"acf":{"tuuma_off":false,"tuuma_kysymys":"","tuuma_vastaus":""},"asauth":{"required_access_level":1,"share_token":"","is_paid":false},"yoast_head":"<!-- This site is optimized with the Yoast SEO plugin v26.4 - https:\/\/yoast.com\/wordpress\/plugins\/seo\/ -->\n<title>Mike Tyson puhuu Mike Tysonista - Kuvien takaa<\/title>\n<meta name=\"robots\" content=\"index, follow, max-snippet:-1, max-image-preview:large, max-video-preview:-1\" \/>\n<link rel=\"canonical\" href=\"https:\/\/suomenkuvalehti.fi\/kuvien-takaa\/mike-tyson-puhuu-mike-tysonista\/\" \/>\n<meta property=\"og:locale\" content=\"fi_FI\" \/>\n<meta property=\"og:type\" content=\"article\" \/>\n<meta property=\"og:title\" content=\"Mike Tyson puhuu Mike Tysonista - Kuvien takaa\" \/>\n<meta property=\"og:description\" content=\"En tiennyt Mike Tysonista paljoakaan, enk\u00e4 oikein v\u00e4lit\u00e4 nyrkkeilyst\u00e4 (vaikka se onkin ainoita urheilulajeja, joista on tehty todella hyvi\u00e4 elokuvia). Mutta James Tobackin dokumentti yst\u00e4v\u00e4st\u00e4\u00e4n Tysonista on erinomainen. Tyson puhuu suoraan kameralle puolitoista tuntia. Ket\u00e4\u00e4n muuta ei ole haasta&hellip;\" \/>\n<meta property=\"og:url\" content=\"https:\/\/suomenkuvalehti.fi\/kuvien-takaa\/mike-tyson-puhuu-mike-tysonista\/\" \/>\n<meta property=\"og:site_name\" content=\"Kuvien takaa\" \/>\n<meta property=\"article:author\" content=\"https:\/\/www.facebook.com\/pages\/Kalle-Kinnunen-Kuvien-takaa\/190326157715410?fref=ts\" \/>\n<meta property=\"article:published_time\" content=\"2008-05-22T12:28:14+00:00\" \/>\n<meta property=\"og:image\" content=\"https:\/\/suomenkuvalehti.fi\/kuvien-takaa\/wp-content\/uploads\/sites\/11\/2022\/04\/kalle_kinnunen_blogi-1-scaled.jpg\" \/>\n\t<meta property=\"og:image:width\" content=\"2560\" \/>\n\t<meta property=\"og:image:height\" content=\"1707\" \/>\n\t<meta property=\"og:image:type\" content=\"image\/jpeg\" \/>\n<meta name=\"author\" content=\"Kalle Kinnunen\" \/>\n<meta name=\"twitter:card\" content=\"summary_large_image\" \/>\n<meta name=\"twitter:creator\" content=\"@https:\/\/twitter.com\/kallekinnunen\" \/>\n<meta name=\"twitter:label1\" content=\"Written by\" \/>\n\t<meta name=\"twitter:data1\" content=\"Kalle Kinnunen\" \/>\n\t<meta name=\"twitter:label2\" content=\"Est. reading time\" \/>\n\t<meta name=\"twitter:data2\" content=\"2 minuuttia\" \/>\n<script type=\"application\/ld+json\" class=\"yoast-schema-graph\">{\"@context\":\"https:\/\/schema.org\",\"@graph\":[{\"@type\":\"WebPage\",\"@id\":\"https:\/\/suomenkuvalehti.fi\/kuvien-takaa\/mike-tyson-puhuu-mike-tysonista\/\",\"url\":\"https:\/\/suomenkuvalehti.fi\/kuvien-takaa\/mike-tyson-puhuu-mike-tysonista\/\",\"name\":\"Mike Tyson puhuu Mike Tysonista - Kuvien takaa\",\"isPartOf\":{\"@id\":\"https:\/\/suomenkuvalehti.fi\/kuvien-takaa\/#website\"},\"datePublished\":\"2008-05-22T12:28:14+00:00\",\"author\":{\"@id\":\"https:\/\/suomenkuvalehti.fi\/kuvien-takaa\/#\/schema\/person\/f3f657e4ad409e008f12af27bec60a23\"},\"breadcrumb\":{\"@id\":\"https:\/\/suomenkuvalehti.fi\/kuvien-takaa\/mike-tyson-puhuu-mike-tysonista\/#breadcrumb\"},\"inLanguage\":\"fi\",\"potentialAction\":[{\"@type\":\"ReadAction\",\"target\":[\"https:\/\/suomenkuvalehti.fi\/kuvien-takaa\/mike-tyson-puhuu-mike-tysonista\/\"]}]},{\"@type\":\"BreadcrumbList\",\"@id\":\"https:\/\/suomenkuvalehti.fi\/kuvien-takaa\/mike-tyson-puhuu-mike-tysonista\/#breadcrumb\",\"itemListElement\":[{\"@type\":\"ListItem\",\"position\":1,\"name\":\"Home\",\"item\":\"https:\/\/suomenkuvalehti.fi\/kuvien-takaa\/\"},{\"@type\":\"ListItem\",\"position\":2,\"name\":\"Mike Tyson puhuu Mike Tysonista\"}]},{\"@type\":\"WebSite\",\"@id\":\"https:\/\/suomenkuvalehti.fi\/kuvien-takaa\/#website\",\"url\":\"https:\/\/suomenkuvalehti.fi\/kuvien-takaa\/\",\"name\":\"Kuvien takaa\",\"description\":\"Elokuvakriitikko Kalle Kinnusen elokuvablogi.\",\"potentialAction\":[{\"@type\":\"SearchAction\",\"target\":{\"@type\":\"EntryPoint\",\"urlTemplate\":\"https:\/\/suomenkuvalehti.fi\/haku\/?q={search_term_string}\"},\"query-input\":{\"@type\":\"PropertyValueSpecification\",\"valueRequired\":true,\"valueName\":\"search_term_string\"}}],\"inLanguage\":\"fi\"},{\"@type\":\"Person\",\"@id\":\"https:\/\/suomenkuvalehti.fi\/kuvien-takaa\/#\/schema\/person\/f3f657e4ad409e008f12af27bec60a23\",\"name\":\"Kalle Kinnunen\",\"image\":{\"@type\":\"ImageObject\",\"inLanguage\":\"fi\",\"@id\":\"https:\/\/suomenkuvalehti.fi\/kuvien-takaa\/#\/schema\/person\/image\/\",\"url\":\"https:\/\/suomenkuvalehti.fi\/kuvien-takaa\/wp-content\/uploads\/sites\/11\/2022\/04\/kalle_kinnunen_blogi-1-150x150.jpg\",\"contentUrl\":\"https:\/\/suomenkuvalehti.fi\/kuvien-takaa\/wp-content\/uploads\/sites\/11\/2022\/04\/kalle_kinnunen_blogi-1-150x150.jpg\",\"caption\":\"Kalle Kinnunen\"},\"description\":\"Kalle Kinnunen on vapaa toimittaja ja Suomen Kuvalehden avustaja.\",\"sameAs\":[\"https:\/\/www.facebook.com\/pages\/Kalle-Kinnunen-Kuvien-takaa\/190326157715410?fref=ts\",\"https:\/\/x.com\/https:\/\/twitter.com\/kallekinnunen\"]}]}<\/script>\n<!-- \/ Yoast SEO plugin. -->","yoast_head_json":{"title":"Mike Tyson puhuu Mike Tysonista - Kuvien takaa","robots":{"index":"index","follow":"follow","max-snippet":"max-snippet:-1","max-image-preview":"max-image-preview:large","max-video-preview":"max-video-preview:-1"},"canonical":"https:\/\/suomenkuvalehti.fi\/kuvien-takaa\/mike-tyson-puhuu-mike-tysonista\/","og_locale":"fi_FI","og_type":"article","og_title":"Mike Tyson puhuu Mike Tysonista - Kuvien takaa","og_description":"En tiennyt Mike Tysonista paljoakaan, enk\u00e4 oikein v\u00e4lit\u00e4 nyrkkeilyst\u00e4 (vaikka se onkin ainoita urheilulajeja, joista on tehty todella hyvi\u00e4 elokuvia). Mutta James Tobackin dokumentti yst\u00e4v\u00e4st\u00e4\u00e4n Tysonista on erinomainen. Tyson puhuu suoraan kameralle puolitoista tuntia. Ket\u00e4\u00e4n muuta ei ole haasta&hellip;","og_url":"https:\/\/suomenkuvalehti.fi\/kuvien-takaa\/mike-tyson-puhuu-mike-tysonista\/","og_site_name":"Kuvien takaa","article_author":"https:\/\/www.facebook.com\/pages\/Kalle-Kinnunen-Kuvien-takaa\/190326157715410?fref=ts","article_published_time":"2008-05-22T12:28:14+00:00","og_image":[{"width":2560,"height":1707,"url":"https:\/\/suomenkuvalehti.fi\/kuvien-takaa\/wp-content\/uploads\/sites\/11\/2022\/04\/kalle_kinnunen_blogi-1-scaled.jpg","type":"image\/jpeg"}],"author":"Kalle Kinnunen","twitter_card":"summary_large_image","twitter_creator":"@https:\/\/twitter.com\/kallekinnunen","twitter_misc":{"Written by":"Kalle Kinnunen","Est. reading time":"2 minuuttia"},"schema":{"@context":"https:\/\/schema.org","@graph":[{"@type":"WebPage","@id":"https:\/\/suomenkuvalehti.fi\/kuvien-takaa\/mike-tyson-puhuu-mike-tysonista\/","url":"https:\/\/suomenkuvalehti.fi\/kuvien-takaa\/mike-tyson-puhuu-mike-tysonista\/","name":"Mike Tyson puhuu Mike Tysonista - Kuvien takaa","isPartOf":{"@id":"https:\/\/suomenkuvalehti.fi\/kuvien-takaa\/#website"},"datePublished":"2008-05-22T12:28:14+00:00","author":{"@id":"https:\/\/suomenkuvalehti.fi\/kuvien-takaa\/#\/schema\/person\/f3f657e4ad409e008f12af27bec60a23"},"breadcrumb":{"@id":"https:\/\/suomenkuvalehti.fi\/kuvien-takaa\/mike-tyson-puhuu-mike-tysonista\/#breadcrumb"},"inLanguage":"fi","potentialAction":[{"@type":"ReadAction","target":["https:\/\/suomenkuvalehti.fi\/kuvien-takaa\/mike-tyson-puhuu-mike-tysonista\/"]}]},{"@type":"BreadcrumbList","@id":"https:\/\/suomenkuvalehti.fi\/kuvien-takaa\/mike-tyson-puhuu-mike-tysonista\/#breadcrumb","itemListElement":[{"@type":"ListItem","position":1,"name":"Home","item":"https:\/\/suomenkuvalehti.fi\/kuvien-takaa\/"},{"@type":"ListItem","position":2,"name":"Mike Tyson puhuu Mike Tysonista"}]},{"@type":"WebSite","@id":"https:\/\/suomenkuvalehti.fi\/kuvien-takaa\/#website","url":"https:\/\/suomenkuvalehti.fi\/kuvien-takaa\/","name":"Kuvien takaa","description":"Elokuvakriitikko Kalle Kinnusen elokuvablogi.","potentialAction":[{"@type":"SearchAction","target":{"@type":"EntryPoint","urlTemplate":"https:\/\/suomenkuvalehti.fi\/haku\/?q={search_term_string}"},"query-input":{"@type":"PropertyValueSpecification","valueRequired":true,"valueName":"search_term_string"}}],"inLanguage":"fi"},{"@type":"Person","@id":"https:\/\/suomenkuvalehti.fi\/kuvien-takaa\/#\/schema\/person\/f3f657e4ad409e008f12af27bec60a23","name":"Kalle Kinnunen","image":{"@type":"ImageObject","inLanguage":"fi","@id":"https:\/\/suomenkuvalehti.fi\/kuvien-takaa\/#\/schema\/person\/image\/","url":"https:\/\/suomenkuvalehti.fi\/kuvien-takaa\/wp-content\/uploads\/sites\/11\/2022\/04\/kalle_kinnunen_blogi-1-150x150.jpg","contentUrl":"https:\/\/suomenkuvalehti.fi\/kuvien-takaa\/wp-content\/uploads\/sites\/11\/2022\/04\/kalle_kinnunen_blogi-1-150x150.jpg","caption":"Kalle Kinnunen"},"description":"Kalle Kinnunen on vapaa toimittaja ja Suomen Kuvalehden avustaja.","sameAs":["https:\/\/www.facebook.com\/pages\/Kalle-Kinnunen-Kuvien-takaa\/190326157715410?fref=ts","https:\/\/x.com\/https:\/\/twitter.com\/kallekinnunen"]}]}},"_links":{"self":[{"href":"https:\/\/suomenkuvalehti.fi\/kuvien-takaa\/wp-json\/wp\/v2\/posts\/1172","targetHints":{"allow":["GET"]}}],"collection":[{"href":"https:\/\/suomenkuvalehti.fi\/kuvien-takaa\/wp-json\/wp\/v2\/posts"}],"about":[{"href":"https:\/\/suomenkuvalehti.fi\/kuvien-takaa\/wp-json\/wp\/v2\/types\/post"}],"author":[{"embeddable":true,"href":"https:\/\/suomenkuvalehti.fi\/kuvien-takaa\/wp-json\/wp\/v2\/users\/144"}],"replies":[{"embeddable":true,"href":"https:\/\/suomenkuvalehti.fi\/kuvien-takaa\/wp-json\/wp\/v2\/comments?post=1172"}],"version-history":[{"count":0,"href":"https:\/\/suomenkuvalehti.fi\/kuvien-takaa\/wp-json\/wp\/v2\/posts\/1172\/revisions"}],"wp:attachment":[{"href":"https:\/\/suomenkuvalehti.fi\/kuvien-takaa\/wp-json\/wp\/v2\/media?parent=1172"}],"wp:term":[{"taxonomy":"category","embeddable":true,"href":"https:\/\/suomenkuvalehti.fi\/kuvien-takaa\/wp-json\/wp\/v2\/categories?post=1172"},{"taxonomy":"post_tag","embeddable":true,"href":"https:\/\/suomenkuvalehti.fi\/kuvien-takaa\/wp-json\/wp\/v2\/tags?post=1172"}],"curies":[{"name":"wp","href":"https:\/\/api.w.org\/{rel}","templated":true}]}}