{"id":1171,"date":"2008-05-22T20:32:46","date_gmt":"2008-05-22T17:32:46","guid":{"rendered":"https:\/\/suomenkuvalehti.fi\/kuvientakaa\/2008\/05\/22\/juhlahumua-ja-mojitoja\/"},"modified":"2008-05-22T20:32:46","modified_gmt":"2008-05-22T17:32:46","slug":"juhlahumua-ja-mojitoja","status":"publish","type":"post","link":"https:\/\/suomenkuvalehti.fi\/kuvien-takaa\/juhlahumua-ja-mojitoja\/","title":{"rendered":"Juhlahumua ja mojitoja"},"content":{"rendered":"\n<p>Kun Cannesissa on isot bileet, t\u00e4ytyy sanat &#8221;iso&#8221; ja &#8221;bileet&#8221; m\u00e4\u00e4ritell\u00e4 uudelleen.<\/p>\n\n\n\n\n<p>Bileet tarkoittavat, ett\u00e4 kaikki tarjoilu on ilmaista, ja sit\u00e4 riitt\u00e4\u00e4 loppuun asti. Hyviss\u00e4 bileiss\u00e4 loppu koittaa vasta todella my\u00f6h\u00e4\u00e4n. Sis\u00e4\u00e4n p\u00e4\u00e4see vain kutsulla &#8211; mutta asu on vapaa. Tarkoitus ei ole hienostella, vaan juhlia.<\/p>\n\n\n\n<p>Toisin sanoen luoda mahdollisimman hyv\u00e4\u00e4 fiilist\u00e4 elokuvasta, jonka kunniaksi tapahtuma on j\u00e4rjestetty.<\/p>\n\n\n\n<p>Rahaa ei pihtailla. Ensimm\u00e4isen <em>Taru Sormusten herrasta<\/em> -elokuvan Cannes-ennakkobileet (toukokuussa 2001, kun ensi-ilta oli vasta joulukuussa) maksoivat tiett\u00e4v\u00e4sti miljoona dollaria.<\/p>\n\n\n\n<p>Bileit\u00e4 on joka ilta &#8211; ja kuinka monet!<\/p>\n\n\n\n<p>P\u00e4\u00e4bulevardi La Croisetten hiekkarantapuoli on t\u00e4ynn\u00e4 hienostohotellien paviljonkeja, joista jokaisessa, siis yli kymmeness\u00e4, on joka ilta iso tapahtuma. Sen lis\u00e4ksi v\u00e4h\u00e4n kauempana, viiden tai viidentoista minuutin matkan p\u00e4\u00e4ss\u00e4 on monenlaisia juhlatiloja, joihin kutsuvieraat p\u00e4\u00e4sev\u00e4t sovitusta paikasta minibusseilla tai limusiineilla.<\/p>\n\n\n\n<p>N\u00e4m\u00e4kin paikat ovat sellaisia, ettei Suomessa oikein ole vastaavaa. Ei sellaisille ole tarvetta.<\/p>\n\n\n\n<p>Cannesin y\u00f6kerhot ovat luku sin\u00e4ns\u00e4. Ne ovat tylsi\u00e4 paikkoja niille, joilla on enemm\u00e4n rahaa kuin mainetta tai makua &#8211; paitsi festivaalipalatsin yhteydess\u00e4 sijaitsevan kasinon Jimmy&#8217;z, jossa pidet\u00e4\u00e4n p\u00e4\u00e4osa kilpasarjan ja muiden t\u00e4rkeimpien elokuvien kemuista.<\/p>\n\n\n\n<p>Niihin ei tietenk\u00e4\u00e4n p\u00e4\u00e4se muuten kuin kalliissa puvussa ja muutenkin rahalta haisten. Tai jos on ulkon\u00e4\u00f6lt\u00e4\u00e4n mallien luokkaa.<\/p>\n\n\n\n<p>Mutta ne bileet. Suomalaistoimittajaa ei luonnollisesti kutsuta juuri mihink\u00e4\u00e4n. Viiden miljoonan asukkaan maa &#8211; pyh!<\/p>\n\n\n\n<p>Silti huomasin keskiviikon puolella, yhden aikoihin y\u00f6ll\u00e4, olevani minibussissa matkalla kohti vartin ajomatkan p\u00e4\u00e4ss\u00e4 kukkuloilla sijaitsevaa Villa Babylonia, jossa myyntiagentuuriyhti\u00f6 Wild Bunch juhlisti <strong>Emir Kusturican <\/strong><em>Maradona<\/em>-dokumenttia.<\/p>\n\n\n\n<p>Kuljetus juhliin keskustasta alkoi tosiaan vasta yhdelt\u00e4. Juhlat jatkuivat ilmeisesti aamuun asti. Puutarha-alueelle mahtui ainakin tuhat kutsuvierasta.<\/p>\n\n\n\n<p>Kusturican oma r\u00e4min\u00e4b\u00e4ndi <em>No Smoking Orchestra<\/em> esiintyi, ja Maradonakin nousi hetkeksi lavalle laulamaan.<\/p>\n\n\n\n<p>Villa Babylon on miellytt\u00e4v\u00e4n avara ja tunnelmallinen paikka. Jos musa ei miellytt\u00e4nyt, hiljaisempaa juttelutilaa oli riitt\u00e4miin ja viihdykkeen\u00e4 oli my\u00f6s pelikonsoleja, joilla saattoi testata virtuaalijalkapallotaitojaan kunnon valkokankaalla. Joku ui alasti uima-altaassa.<\/p>\n\n\n\n<p>Henkil\u00f6kunta on yst\u00e4v\u00e4llist\u00e4 ja palvelualtista &#8211; vaikka ollaan Ranskassa! Kokonaisuus oli hyv\u00e4 yhdistelm\u00e4 glamouria, rentoa tunnelmaa ja taiteellista hulluutta.<\/p>\n\n\n\n<p>Samaa ei voi sanoa Murano-juhlatilasta, jossa pidettiin seuraavana iltana <em>Che<\/em>-elokuvan kemut.<\/p>\n\n\n\n<p>Yhdelt\u00e4toista alkaneissa juhlissa oli kahdeltatoista niin t\u00e4ytt\u00e4, ettei juhlav\u00e4ki mahtunut edes liikkumaan. Osasyyn\u00e4 oli se, ett\u00e4 per\u00e4ti puolet tilasta oli varattu VIP-v\u00e4elle.<\/p>\n\n\n\n<p>Harmi, sill\u00e4 hieman aiemmin ensiesityksens\u00e4 saaneen elokuvan tekij\u00e4t eiv\u00e4t vaivautuneet paikalle. Ainoa kansainv\u00e4linen t\u00e4hti oli <strong>Tim Robbins<\/strong> &#8211; eik\u00e4 h\u00e4nk\u00e4\u00e4n viihtynyt VIP-puolella vaan maisteli drinkki\u00e4\u00e4n ihan tavallisten vieraiden parissa.<\/p>\n\n\n\n<p>Ranskalaisia t\u00e4ht\u00f6si\u00e4 ja julkkiksia oli paikalla ja VIP-tanssilattialla sit\u00e4kin enemm\u00e4n. Muranon DJ soitti melkoisen tyls\u00e4\u00e4 80-luvun hittikavalkadia ja muutamia ilmeisimpi\u00e4 ranskalaisia tanssihittej\u00e4, kuten <em>Justicea<\/em>. \u00c4\u00e4nentoisto oli huono. 300-400 hengen bileiss\u00e4 oli my\u00f6s vain yksi miesten- ja yksi naistenvessa. Aika tyls\u00e4\u00e4 &#8211; l\u00e4hdin kahden mojiton j\u00e4lkeen nukkumaan.<\/p>\n\n\n\n<p>Bileet, jotka olisivat Suomen oloissa h\u00e4mm\u00e4stytt\u00e4vi\u00e4, ovat t\u00e4\u00e4ll\u00e4 arkisia ja mit\u00e4\u00e4nsanomattomia. Tai sitten Cannes-kokemus tekee kyyniseksi.<\/p>\n\n\n\n<p>Viime vuonna <strong>Abel Ferraran<\/strong> sangen omituista, melkein levityskelvotonta <em>Go Go Tales<\/em> -elokuvaa kunnioitettiin Villa Babylonissa j\u00e4ttibakkanaaleilla, joiden j\u00e4lkeen on vaikea \u00e4llisty\u00e4 mist\u00e4\u00e4n. Siell\u00e4 heilui muodokkaita sylitanssijoita ja tiskijukkana toilaili <strong>Asia Argento<\/strong>, joka ei malttanut olla vilauttamatta rintojaan tanssilattialle yh\u00e4 uudestaan ja uudestaan.<\/p>\n\n\n\n<p>&#8221;Ruotsissa t\u00e4llaisten kemujen j\u00e4rjest\u00e4misest\u00e4 joutuisi todenn\u00e4k\u00f6isesti vankilaan&#8221;, totesi strippareita kuin hypnotisoituna tuijottanut tukholmalaiskollegani.<\/p>\n\n\n","protected":false},"excerpt":{"rendered":"<p>Kun Cannesissa on isot bileet, t\u00e4ytyy sanat &#8221;iso&#8221; ja &#8221;bileet&#8221; m\u00e4\u00e4ritell\u00e4 uudelleen. Bileet tarkoittavat, ett\u00e4 kaikki tarjoilu on ilmaista, ja sit\u00e4 riitt\u00e4\u00e4 loppuun asti. Hyviss\u00e4 bileiss\u00e4 loppu koittaa vasta todella my\u00f6h\u00e4\u00e4n. Sis\u00e4\u00e4n p\u00e4\u00e4see vain kutsulla &#8211; mutta<br \/>\nasu on vapaa. Ta&hellip;<\/p>\n","protected":false},"author":144,"featured_media":0,"comment_status":"open","ping_status":"open","sticky":false,"template":"","format":"standard","meta":{"_acf_changed":false,"asauth_required_access_level":0,"asauth_cansharepaid":"","om_header_attributes":[],"footnotes":"","om_featured_image_focal_point":[],"om_primary_tag":0,"om_contributors":[],"om_co_authors":[],"beyondwords_generate_audio":"","beyondwords_project_id":"","beyondwords_content_id":"","beyondwords_preview_token":"","beyondwords_player_content":"","beyondwords_player_style":"","beyondwords_language_code":"","beyondwords_language_id":"","beyondwords_title_voice_id":"","beyondwords_body_voice_id":"","beyondwords_summary_voice_id":"","beyondwords_error_message":"","beyondwords_disabled":"","beyondwords_delete_content":"","beyondwords_podcast_id":"","beyondwords_hash":"","publish_post_to_speechkit":"","speechkit_hash":"","speechkit_generate_audio":"","speechkit_project_id":"","speechkit_podcast_id":"","speechkit_error_message":"","speechkit_disabled":"","speechkit_access_key":"","speechkit_error":"","speechkit_info":"","speechkit_response":"","speechkit_retries":"","speechkit_status":"","speechkit_updated_at":"","_speechkit_link":"","_speechkit_text":""},"categories":[1],"tags":[1647,1831,548,1832],"class_list":["post-1171","post","type-post","status-publish","format-standard","hentry","category-kuvien-takaa","tag-cannes","tag-juhlat","tag-julkkikset","tag-yoelama"],"om_views":null,"acf":{"tuuma_off":false,"tuuma_kysymys":"","tuuma_vastaus":""},"asauth":{"required_access_level":1,"share_token":"","is_paid":false},"yoast_head":"<!-- This site is optimized with the Yoast SEO plugin v26.4 - https:\/\/yoast.com\/wordpress\/plugins\/seo\/ -->\n<title>Juhlahumua ja mojitoja - Kuvien takaa<\/title>\n<meta name=\"robots\" content=\"index, follow, max-snippet:-1, max-image-preview:large, max-video-preview:-1\" \/>\n<link rel=\"canonical\" href=\"https:\/\/suomenkuvalehti.fi\/kuvien-takaa\/juhlahumua-ja-mojitoja\/\" \/>\n<meta property=\"og:locale\" content=\"fi_FI\" \/>\n<meta property=\"og:type\" content=\"article\" \/>\n<meta property=\"og:title\" content=\"Juhlahumua ja mojitoja - Kuvien takaa\" \/>\n<meta property=\"og:description\" content=\"Kun Cannesissa on isot bileet, t\u00e4ytyy sanat &#8221;iso&#8221; ja &#8221;bileet&#8221; m\u00e4\u00e4ritell\u00e4 uudelleen. Bileet tarkoittavat, ett\u00e4 kaikki tarjoilu on ilmaista, ja sit\u00e4 riitt\u00e4\u00e4 loppuun asti. Hyviss\u00e4 bileiss\u00e4 loppu koittaa vasta todella my\u00f6h\u00e4\u00e4n. Sis\u00e4\u00e4n p\u00e4\u00e4see vain kutsulla &#8211; mutta asu on vapaa. Ta&hellip;\" \/>\n<meta property=\"og:url\" content=\"https:\/\/suomenkuvalehti.fi\/kuvien-takaa\/juhlahumua-ja-mojitoja\/\" \/>\n<meta property=\"og:site_name\" content=\"Kuvien takaa\" \/>\n<meta property=\"article:author\" content=\"https:\/\/www.facebook.com\/pages\/Kalle-Kinnunen-Kuvien-takaa\/190326157715410?fref=ts\" \/>\n<meta property=\"article:published_time\" content=\"2008-05-22T17:32:46+00:00\" \/>\n<meta property=\"og:image\" content=\"https:\/\/suomenkuvalehti.fi\/kuvien-takaa\/wp-content\/uploads\/sites\/11\/2022\/04\/kalle_kinnunen_blogi-1-scaled.jpg\" \/>\n\t<meta property=\"og:image:width\" content=\"2560\" \/>\n\t<meta property=\"og:image:height\" content=\"1707\" \/>\n\t<meta property=\"og:image:type\" content=\"image\/jpeg\" \/>\n<meta name=\"author\" content=\"Kalle Kinnunen\" \/>\n<meta name=\"twitter:card\" content=\"summary_large_image\" \/>\n<meta name=\"twitter:creator\" content=\"@https:\/\/twitter.com\/kallekinnunen\" \/>\n<meta name=\"twitter:label1\" content=\"Written by\" \/>\n\t<meta name=\"twitter:data1\" content=\"Kalle Kinnunen\" \/>\n\t<meta name=\"twitter:label2\" content=\"Est. reading time\" \/>\n\t<meta name=\"twitter:data2\" content=\"3 minuuttia\" \/>\n<script type=\"application\/ld+json\" class=\"yoast-schema-graph\">{\"@context\":\"https:\/\/schema.org\",\"@graph\":[{\"@type\":\"WebPage\",\"@id\":\"https:\/\/suomenkuvalehti.fi\/kuvien-takaa\/juhlahumua-ja-mojitoja\/\",\"url\":\"https:\/\/suomenkuvalehti.fi\/kuvien-takaa\/juhlahumua-ja-mojitoja\/\",\"name\":\"Juhlahumua ja mojitoja - Kuvien takaa\",\"isPartOf\":{\"@id\":\"https:\/\/suomenkuvalehti.fi\/kuvien-takaa\/#website\"},\"datePublished\":\"2008-05-22T17:32:46+00:00\",\"author\":{\"@id\":\"https:\/\/suomenkuvalehti.fi\/kuvien-takaa\/#\/schema\/person\/f3f657e4ad409e008f12af27bec60a23\"},\"breadcrumb\":{\"@id\":\"https:\/\/suomenkuvalehti.fi\/kuvien-takaa\/juhlahumua-ja-mojitoja\/#breadcrumb\"},\"inLanguage\":\"fi\",\"potentialAction\":[{\"@type\":\"ReadAction\",\"target\":[\"https:\/\/suomenkuvalehti.fi\/kuvien-takaa\/juhlahumua-ja-mojitoja\/\"]}]},{\"@type\":\"BreadcrumbList\",\"@id\":\"https:\/\/suomenkuvalehti.fi\/kuvien-takaa\/juhlahumua-ja-mojitoja\/#breadcrumb\",\"itemListElement\":[{\"@type\":\"ListItem\",\"position\":1,\"name\":\"Home\",\"item\":\"https:\/\/suomenkuvalehti.fi\/kuvien-takaa\/\"},{\"@type\":\"ListItem\",\"position\":2,\"name\":\"Juhlahumua ja mojitoja\"}]},{\"@type\":\"WebSite\",\"@id\":\"https:\/\/suomenkuvalehti.fi\/kuvien-takaa\/#website\",\"url\":\"https:\/\/suomenkuvalehti.fi\/kuvien-takaa\/\",\"name\":\"Kuvien takaa\",\"description\":\"Elokuvakriitikko Kalle Kinnusen elokuvablogi.\",\"potentialAction\":[{\"@type\":\"SearchAction\",\"target\":{\"@type\":\"EntryPoint\",\"urlTemplate\":\"https:\/\/suomenkuvalehti.fi\/haku\/?q={search_term_string}\"},\"query-input\":{\"@type\":\"PropertyValueSpecification\",\"valueRequired\":true,\"valueName\":\"search_term_string\"}}],\"inLanguage\":\"fi\"},{\"@type\":\"Person\",\"@id\":\"https:\/\/suomenkuvalehti.fi\/kuvien-takaa\/#\/schema\/person\/f3f657e4ad409e008f12af27bec60a23\",\"name\":\"Kalle Kinnunen\",\"image\":{\"@type\":\"ImageObject\",\"inLanguage\":\"fi\",\"@id\":\"https:\/\/suomenkuvalehti.fi\/kuvien-takaa\/#\/schema\/person\/image\/\",\"url\":\"https:\/\/suomenkuvalehti.fi\/kuvien-takaa\/wp-content\/uploads\/sites\/11\/2022\/04\/kalle_kinnunen_blogi-1-150x150.jpg\",\"contentUrl\":\"https:\/\/suomenkuvalehti.fi\/kuvien-takaa\/wp-content\/uploads\/sites\/11\/2022\/04\/kalle_kinnunen_blogi-1-150x150.jpg\",\"caption\":\"Kalle Kinnunen\"},\"description\":\"Kalle Kinnunen on vapaa toimittaja ja Suomen Kuvalehden avustaja.\",\"sameAs\":[\"https:\/\/www.facebook.com\/pages\/Kalle-Kinnunen-Kuvien-takaa\/190326157715410?fref=ts\",\"https:\/\/x.com\/https:\/\/twitter.com\/kallekinnunen\"]}]}<\/script>\n<!-- \/ Yoast SEO plugin. -->","yoast_head_json":{"title":"Juhlahumua ja mojitoja - Kuvien takaa","robots":{"index":"index","follow":"follow","max-snippet":"max-snippet:-1","max-image-preview":"max-image-preview:large","max-video-preview":"max-video-preview:-1"},"canonical":"https:\/\/suomenkuvalehti.fi\/kuvien-takaa\/juhlahumua-ja-mojitoja\/","og_locale":"fi_FI","og_type":"article","og_title":"Juhlahumua ja mojitoja - Kuvien takaa","og_description":"Kun Cannesissa on isot bileet, t\u00e4ytyy sanat &#8221;iso&#8221; ja &#8221;bileet&#8221; m\u00e4\u00e4ritell\u00e4 uudelleen. Bileet tarkoittavat, ett\u00e4 kaikki tarjoilu on ilmaista, ja sit\u00e4 riitt\u00e4\u00e4 loppuun asti. Hyviss\u00e4 bileiss\u00e4 loppu koittaa vasta todella my\u00f6h\u00e4\u00e4n. Sis\u00e4\u00e4n p\u00e4\u00e4see vain kutsulla &#8211; mutta asu on vapaa. Ta&hellip;","og_url":"https:\/\/suomenkuvalehti.fi\/kuvien-takaa\/juhlahumua-ja-mojitoja\/","og_site_name":"Kuvien takaa","article_author":"https:\/\/www.facebook.com\/pages\/Kalle-Kinnunen-Kuvien-takaa\/190326157715410?fref=ts","article_published_time":"2008-05-22T17:32:46+00:00","og_image":[{"width":2560,"height":1707,"url":"https:\/\/suomenkuvalehti.fi\/kuvien-takaa\/wp-content\/uploads\/sites\/11\/2022\/04\/kalle_kinnunen_blogi-1-scaled.jpg","type":"image\/jpeg"}],"author":"Kalle Kinnunen","twitter_card":"summary_large_image","twitter_creator":"@https:\/\/twitter.com\/kallekinnunen","twitter_misc":{"Written by":"Kalle Kinnunen","Est. reading time":"3 minuuttia"},"schema":{"@context":"https:\/\/schema.org","@graph":[{"@type":"WebPage","@id":"https:\/\/suomenkuvalehti.fi\/kuvien-takaa\/juhlahumua-ja-mojitoja\/","url":"https:\/\/suomenkuvalehti.fi\/kuvien-takaa\/juhlahumua-ja-mojitoja\/","name":"Juhlahumua ja mojitoja - Kuvien takaa","isPartOf":{"@id":"https:\/\/suomenkuvalehti.fi\/kuvien-takaa\/#website"},"datePublished":"2008-05-22T17:32:46+00:00","author":{"@id":"https:\/\/suomenkuvalehti.fi\/kuvien-takaa\/#\/schema\/person\/f3f657e4ad409e008f12af27bec60a23"},"breadcrumb":{"@id":"https:\/\/suomenkuvalehti.fi\/kuvien-takaa\/juhlahumua-ja-mojitoja\/#breadcrumb"},"inLanguage":"fi","potentialAction":[{"@type":"ReadAction","target":["https:\/\/suomenkuvalehti.fi\/kuvien-takaa\/juhlahumua-ja-mojitoja\/"]}]},{"@type":"BreadcrumbList","@id":"https:\/\/suomenkuvalehti.fi\/kuvien-takaa\/juhlahumua-ja-mojitoja\/#breadcrumb","itemListElement":[{"@type":"ListItem","position":1,"name":"Home","item":"https:\/\/suomenkuvalehti.fi\/kuvien-takaa\/"},{"@type":"ListItem","position":2,"name":"Juhlahumua ja mojitoja"}]},{"@type":"WebSite","@id":"https:\/\/suomenkuvalehti.fi\/kuvien-takaa\/#website","url":"https:\/\/suomenkuvalehti.fi\/kuvien-takaa\/","name":"Kuvien takaa","description":"Elokuvakriitikko Kalle Kinnusen elokuvablogi.","potentialAction":[{"@type":"SearchAction","target":{"@type":"EntryPoint","urlTemplate":"https:\/\/suomenkuvalehti.fi\/haku\/?q={search_term_string}"},"query-input":{"@type":"PropertyValueSpecification","valueRequired":true,"valueName":"search_term_string"}}],"inLanguage":"fi"},{"@type":"Person","@id":"https:\/\/suomenkuvalehti.fi\/kuvien-takaa\/#\/schema\/person\/f3f657e4ad409e008f12af27bec60a23","name":"Kalle Kinnunen","image":{"@type":"ImageObject","inLanguage":"fi","@id":"https:\/\/suomenkuvalehti.fi\/kuvien-takaa\/#\/schema\/person\/image\/","url":"https:\/\/suomenkuvalehti.fi\/kuvien-takaa\/wp-content\/uploads\/sites\/11\/2022\/04\/kalle_kinnunen_blogi-1-150x150.jpg","contentUrl":"https:\/\/suomenkuvalehti.fi\/kuvien-takaa\/wp-content\/uploads\/sites\/11\/2022\/04\/kalle_kinnunen_blogi-1-150x150.jpg","caption":"Kalle Kinnunen"},"description":"Kalle Kinnunen on vapaa toimittaja ja Suomen Kuvalehden avustaja.","sameAs":["https:\/\/www.facebook.com\/pages\/Kalle-Kinnunen-Kuvien-takaa\/190326157715410?fref=ts","https:\/\/x.com\/https:\/\/twitter.com\/kallekinnunen"]}]}},"_links":{"self":[{"href":"https:\/\/suomenkuvalehti.fi\/kuvien-takaa\/wp-json\/wp\/v2\/posts\/1171","targetHints":{"allow":["GET"]}}],"collection":[{"href":"https:\/\/suomenkuvalehti.fi\/kuvien-takaa\/wp-json\/wp\/v2\/posts"}],"about":[{"href":"https:\/\/suomenkuvalehti.fi\/kuvien-takaa\/wp-json\/wp\/v2\/types\/post"}],"author":[{"embeddable":true,"href":"https:\/\/suomenkuvalehti.fi\/kuvien-takaa\/wp-json\/wp\/v2\/users\/144"}],"replies":[{"embeddable":true,"href":"https:\/\/suomenkuvalehti.fi\/kuvien-takaa\/wp-json\/wp\/v2\/comments?post=1171"}],"version-history":[{"count":0,"href":"https:\/\/suomenkuvalehti.fi\/kuvien-takaa\/wp-json\/wp\/v2\/posts\/1171\/revisions"}],"wp:attachment":[{"href":"https:\/\/suomenkuvalehti.fi\/kuvien-takaa\/wp-json\/wp\/v2\/media?parent=1171"}],"wp:term":[{"taxonomy":"category","embeddable":true,"href":"https:\/\/suomenkuvalehti.fi\/kuvien-takaa\/wp-json\/wp\/v2\/categories?post=1171"},{"taxonomy":"post_tag","embeddable":true,"href":"https:\/\/suomenkuvalehti.fi\/kuvien-takaa\/wp-json\/wp\/v2\/tags?post=1171"}],"curies":[{"name":"wp","href":"https:\/\/api.w.org\/{rel}","templated":true}]}}