{"id":1167,"date":"2008-05-25T14:05:06","date_gmt":"2008-05-25T11:05:06","guid":{"rendered":"https:\/\/suomenkuvalehti.fi\/kuvientakaa\/2008\/05\/25\/mitapa-liero-luonteelleen-voi\/"},"modified":"2008-05-25T14:05:06","modified_gmt":"2008-05-25T11:05:06","slug":"mitapa-liero-luonteelleen-voi","status":"publish","type":"post","link":"https:\/\/suomenkuvalehti.fi\/kuvien-takaa\/mitapa-liero-luonteelleen-voi\/","title":{"rendered":"Mit\u00e4p\u00e4 liero luonteelleen voi"},"content":{"rendered":"\n<p>Italian p\u00e4\u00e4ministerin\u00e4 seitsem\u00e4n vuotta toiminut <strong>Giulio Andreotti<\/strong> ei pit\u00e4nyt siit\u00e4, ett\u00e4 <strong>Paolo Sorrentino <\/strong>p\u00e4\u00e4tti tehd\u00e4 h\u00e4nest\u00e4 elokuvan. 89-vuotias Andreotti on sanonut, ett\u00e4 olisipa Sorrentino edes odottanut h\u00e4nen kuolevan ensin.<\/p>\n\n\n\n\n<p>Sorrentinon kirjoittama ja ohjaama <em>Il Divo<\/em> lunasti suuret lupaukset &#8211; ja sitten taas ei.<\/p>\n\n\n\n<p>Upean muuntautumiskykyinen, t\u00e4llaisissa lierorooleissakin karismaattinen <strong>Toni Servillo<\/strong> on h\u00e4kellytt\u00e4v\u00e4 Andreottina, jonka p\u00e4\u00e4ministeriuran viimeisi\u00e4 vaiheita 1990-luvun alussa elokuva dramatisoi.<\/p>\n\n\n\n<p>Ja ennen kaikkea satirisoi.<\/p>\n\n\n\n<p>Mafiaa vastaan taistelleen syytt\u00e4j\u00e4 <strong>Giovanni Falconen<\/strong> salamurhan j\u00e4lkeen poliitikot nousevat tositoimiin j\u00e4rjest\u00e4ytynytt\u00e4 rikollisuutta vastaan, ja lahjusskandaalin paisuessa Andreottikin joutuu pulaan. Oliko h\u00e4nell\u00e4 yhteyksi\u00e4 mafiaan ja toimittaja <strong>Mino Pecorellin<\/strong> tappajiin?<\/p>\n\n\n\n<p>Andreotti pit\u00e4\u00e4 kylm\u00e4n pintansa. H\u00e4n ja l\u00e4hipiiri ovat kuin keisareita maassaan &#8211; hyv\u00e4veli-kerho uskoo voivansa p\u00e4\u00e4tt\u00e4\u00e4 maan seuraavasta presidentist\u00e4kin. Uskonto on heille ty\u00f6kalu, ase ja salaa my\u00f6s naurun aihe. Mutta hiljalleen imperiumi rapistuu. Paljastukset ovat liian armottomia. Eik\u00e4 kidnapatun ja surmatun <strong>Aldo Moron<\/strong> aave j\u00e4t\u00e4 Andreottia rauhaan, vaan ilmestyy h\u00e4nelle yh\u00e4 uudelleen.<\/p>\n\n\n\n<p>Sorrentino antaa elokuvan Andreotin olla hyvin inhimillinen, v\u00e4h\u00e4n sympaattinenkin, mutta piruilua t\u00e4m\u00e4 ennen kaikkea on. Ja loistavaa sellaista.<\/p>\n\n\n\n<p>Ter\u00e4v\u00e4n sarkastinen Il Divo on t\u00e4m\u00e4n ajan parasta poliittista ja politiikkaa k\u00e4sittelev\u00e4\u00e4 elokuvaa. Ongelmana on, ett\u00e4 jos Italian sis\u00e4politiikka ja sen parinkymmenen vuoden takaiset keskushahmot eiv\u00e4t ole tuttuja, j\u00e4\u00e4 runsaasti nyansseja ymm\u00e4rt\u00e4m\u00e4tt\u00e4.<\/p>\n\n\n\n<p>Ei ihan riit\u00e4, ett\u00e4 elokuvan alussa Sorrentino selitt\u00e4\u00e4 valaisevin tekstiplanssein Italian sodanj\u00e4lkeisen sis\u00e4politiikan olennaisimmat suunnat ja taustavoimat.<\/p>\n\n\n\n<p>Ensimm\u00e4isen puolen tunnin ajan tuntui silt\u00e4, ett\u00e4 Cannesin voittajaelokuva on nyt t\u00e4ss\u00e4. Kokonaisuus on kuitenkin ehk\u00e4 hitusen liian sis\u00e4\u00e4np\u00e4ink\u00e4\u00e4ntyv\u00e4.<\/p>\n\n\n\n<p>Silti Il Divo sai yhdet reippaimmista aplodeista, mit\u00e4 Cannesin pressin\u00e4yt\u00f6ksiss\u00e4 on t\u00e4n\u00e4 vuonna kuultu. Italiassa elokuvasta tulee aivan varmasti valtavan suosittu, mutta tuskin Il Divo Suomen valkokankaille p\u00e4\u00e4tyy, korkeintaan festivaaliesityksiin.<\/p>\n\n\n","protected":false},"excerpt":{"rendered":"<p>Italian p\u00e4\u00e4ministerin\u00e4 seitsem\u00e4n vuotta toiminut Giulio Andreotti ei pit\u00e4nyt siit\u00e4, ett\u00e4 Paolo Sorrentino p\u00e4\u00e4tti tehd\u00e4 h\u00e4nest\u00e4 elokuvan. 89-vuotias Andreotti on sanonut, ett\u00e4 olisipa Sorrentino edes odottanut h\u00e4nen kuolevan ensin. Sorrentinon kirjoittama ja ohjaama Il Divo lunasti<br \/>\nsuuret lupauk&hellip;<\/p>\n","protected":false},"author":144,"featured_media":0,"comment_status":"open","ping_status":"open","sticky":false,"template":"","format":"standard","meta":{"_acf_changed":false,"asauth_required_access_level":0,"asauth_cansharepaid":"","om_header_attributes":[],"footnotes":"","om_featured_image_focal_point":[],"om_primary_tag":0,"om_contributors":[],"om_co_authors":[],"beyondwords_generate_audio":"","beyondwords_project_id":"","beyondwords_content_id":"","beyondwords_preview_token":"","beyondwords_player_content":"","beyondwords_player_style":"","beyondwords_language_code":"","beyondwords_language_id":"","beyondwords_title_voice_id":"","beyondwords_body_voice_id":"","beyondwords_summary_voice_id":"","beyondwords_error_message":"","beyondwords_disabled":"","beyondwords_delete_content":"","beyondwords_podcast_id":"","beyondwords_hash":"","publish_post_to_speechkit":"","speechkit_hash":"","speechkit_generate_audio":"","speechkit_project_id":"","speechkit_podcast_id":"","speechkit_error_message":"","speechkit_disabled":"","speechkit_access_key":"","speechkit_error":"","speechkit_info":"","speechkit_response":"","speechkit_retries":"","speechkit_status":"","speechkit_updated_at":"","_speechkit_link":"","_speechkit_text":""},"categories":[1],"tags":[1411,1410,1826,1799,197],"class_list":["post-1167","post","type-post","status-publish","format-standard","hentry","category-kuvien-takaa","tag-giulio-andreotti","tag-il-divo","tag-italia","tag-mafia","tag-paolo-sorrentino"],"om_views":null,"acf":{"tuuma_off":false,"tuuma_kysymys":"","tuuma_vastaus":""},"asauth":{"required_access_level":1,"share_token":"","is_paid":false},"yoast_head":"<!-- This site is optimized with the Yoast SEO plugin v26.4 - https:\/\/yoast.com\/wordpress\/plugins\/seo\/ -->\n<title>Mit\u00e4p\u00e4 liero luonteelleen voi - Kuvien takaa<\/title>\n<meta name=\"robots\" content=\"index, follow, max-snippet:-1, max-image-preview:large, max-video-preview:-1\" \/>\n<link rel=\"canonical\" href=\"https:\/\/suomenkuvalehti.fi\/kuvien-takaa\/mitapa-liero-luonteelleen-voi\/\" \/>\n<meta property=\"og:locale\" content=\"fi_FI\" \/>\n<meta property=\"og:type\" content=\"article\" \/>\n<meta property=\"og:title\" content=\"Mit\u00e4p\u00e4 liero luonteelleen voi - Kuvien takaa\" \/>\n<meta property=\"og:description\" content=\"Italian p\u00e4\u00e4ministerin\u00e4 seitsem\u00e4n vuotta toiminut Giulio Andreotti ei pit\u00e4nyt siit\u00e4, ett\u00e4 Paolo Sorrentino p\u00e4\u00e4tti tehd\u00e4 h\u00e4nest\u00e4 elokuvan. 89-vuotias Andreotti on sanonut, ett\u00e4 olisipa Sorrentino edes odottanut h\u00e4nen kuolevan ensin. Sorrentinon kirjoittama ja ohjaama Il Divo lunasti suuret lupauk&hellip;\" \/>\n<meta property=\"og:url\" content=\"https:\/\/suomenkuvalehti.fi\/kuvien-takaa\/mitapa-liero-luonteelleen-voi\/\" \/>\n<meta property=\"og:site_name\" content=\"Kuvien takaa\" \/>\n<meta property=\"article:author\" content=\"https:\/\/www.facebook.com\/pages\/Kalle-Kinnunen-Kuvien-takaa\/190326157715410?fref=ts\" \/>\n<meta property=\"article:published_time\" content=\"2008-05-25T11:05:06+00:00\" \/>\n<meta property=\"og:image\" content=\"https:\/\/suomenkuvalehti.fi\/kuvien-takaa\/wp-content\/uploads\/sites\/11\/2022\/04\/kalle_kinnunen_blogi-1-scaled.jpg\" \/>\n\t<meta property=\"og:image:width\" content=\"2560\" \/>\n\t<meta property=\"og:image:height\" content=\"1707\" \/>\n\t<meta property=\"og:image:type\" content=\"image\/jpeg\" \/>\n<meta name=\"author\" content=\"Kalle Kinnunen\" \/>\n<meta name=\"twitter:card\" content=\"summary_large_image\" \/>\n<meta name=\"twitter:creator\" content=\"@https:\/\/twitter.com\/kallekinnunen\" \/>\n<meta name=\"twitter:label1\" content=\"Written by\" \/>\n\t<meta name=\"twitter:data1\" content=\"Kalle Kinnunen\" \/>\n\t<meta name=\"twitter:label2\" content=\"Est. reading time\" \/>\n\t<meta name=\"twitter:data2\" content=\"2 minuuttia\" \/>\n<script type=\"application\/ld+json\" class=\"yoast-schema-graph\">{\"@context\":\"https:\/\/schema.org\",\"@graph\":[{\"@type\":\"WebPage\",\"@id\":\"https:\/\/suomenkuvalehti.fi\/kuvien-takaa\/mitapa-liero-luonteelleen-voi\/\",\"url\":\"https:\/\/suomenkuvalehti.fi\/kuvien-takaa\/mitapa-liero-luonteelleen-voi\/\",\"name\":\"Mit\u00e4p\u00e4 liero luonteelleen voi - Kuvien takaa\",\"isPartOf\":{\"@id\":\"https:\/\/suomenkuvalehti.fi\/kuvien-takaa\/#website\"},\"datePublished\":\"2008-05-25T11:05:06+00:00\",\"author\":{\"@id\":\"https:\/\/suomenkuvalehti.fi\/kuvien-takaa\/#\/schema\/person\/f3f657e4ad409e008f12af27bec60a23\"},\"breadcrumb\":{\"@id\":\"https:\/\/suomenkuvalehti.fi\/kuvien-takaa\/mitapa-liero-luonteelleen-voi\/#breadcrumb\"},\"inLanguage\":\"fi\",\"potentialAction\":[{\"@type\":\"ReadAction\",\"target\":[\"https:\/\/suomenkuvalehti.fi\/kuvien-takaa\/mitapa-liero-luonteelleen-voi\/\"]}]},{\"@type\":\"BreadcrumbList\",\"@id\":\"https:\/\/suomenkuvalehti.fi\/kuvien-takaa\/mitapa-liero-luonteelleen-voi\/#breadcrumb\",\"itemListElement\":[{\"@type\":\"ListItem\",\"position\":1,\"name\":\"Home\",\"item\":\"https:\/\/suomenkuvalehti.fi\/kuvien-takaa\/\"},{\"@type\":\"ListItem\",\"position\":2,\"name\":\"Mit\u00e4p\u00e4 liero luonteelleen voi\"}]},{\"@type\":\"WebSite\",\"@id\":\"https:\/\/suomenkuvalehti.fi\/kuvien-takaa\/#website\",\"url\":\"https:\/\/suomenkuvalehti.fi\/kuvien-takaa\/\",\"name\":\"Kuvien takaa\",\"description\":\"Elokuvakriitikko Kalle Kinnusen elokuvablogi.\",\"potentialAction\":[{\"@type\":\"SearchAction\",\"target\":{\"@type\":\"EntryPoint\",\"urlTemplate\":\"https:\/\/suomenkuvalehti.fi\/haku\/?q={search_term_string}\"},\"query-input\":{\"@type\":\"PropertyValueSpecification\",\"valueRequired\":true,\"valueName\":\"search_term_string\"}}],\"inLanguage\":\"fi\"},{\"@type\":\"Person\",\"@id\":\"https:\/\/suomenkuvalehti.fi\/kuvien-takaa\/#\/schema\/person\/f3f657e4ad409e008f12af27bec60a23\",\"name\":\"Kalle Kinnunen\",\"image\":{\"@type\":\"ImageObject\",\"inLanguage\":\"fi\",\"@id\":\"https:\/\/suomenkuvalehti.fi\/kuvien-takaa\/#\/schema\/person\/image\/\",\"url\":\"https:\/\/suomenkuvalehti.fi\/kuvien-takaa\/wp-content\/uploads\/sites\/11\/2022\/04\/kalle_kinnunen_blogi-1-150x150.jpg\",\"contentUrl\":\"https:\/\/suomenkuvalehti.fi\/kuvien-takaa\/wp-content\/uploads\/sites\/11\/2022\/04\/kalle_kinnunen_blogi-1-150x150.jpg\",\"caption\":\"Kalle Kinnunen\"},\"description\":\"Kalle Kinnunen on vapaa toimittaja ja Suomen Kuvalehden avustaja.\",\"sameAs\":[\"https:\/\/www.facebook.com\/pages\/Kalle-Kinnunen-Kuvien-takaa\/190326157715410?fref=ts\",\"https:\/\/x.com\/https:\/\/twitter.com\/kallekinnunen\"]}]}<\/script>\n<!-- \/ Yoast SEO plugin. -->","yoast_head_json":{"title":"Mit\u00e4p\u00e4 liero luonteelleen voi - Kuvien takaa","robots":{"index":"index","follow":"follow","max-snippet":"max-snippet:-1","max-image-preview":"max-image-preview:large","max-video-preview":"max-video-preview:-1"},"canonical":"https:\/\/suomenkuvalehti.fi\/kuvien-takaa\/mitapa-liero-luonteelleen-voi\/","og_locale":"fi_FI","og_type":"article","og_title":"Mit\u00e4p\u00e4 liero luonteelleen voi - Kuvien takaa","og_description":"Italian p\u00e4\u00e4ministerin\u00e4 seitsem\u00e4n vuotta toiminut Giulio Andreotti ei pit\u00e4nyt siit\u00e4, ett\u00e4 Paolo Sorrentino p\u00e4\u00e4tti tehd\u00e4 h\u00e4nest\u00e4 elokuvan. 89-vuotias Andreotti on sanonut, ett\u00e4 olisipa Sorrentino edes odottanut h\u00e4nen kuolevan ensin. Sorrentinon kirjoittama ja ohjaama Il Divo lunasti suuret lupauk&hellip;","og_url":"https:\/\/suomenkuvalehti.fi\/kuvien-takaa\/mitapa-liero-luonteelleen-voi\/","og_site_name":"Kuvien takaa","article_author":"https:\/\/www.facebook.com\/pages\/Kalle-Kinnunen-Kuvien-takaa\/190326157715410?fref=ts","article_published_time":"2008-05-25T11:05:06+00:00","og_image":[{"width":2560,"height":1707,"url":"https:\/\/suomenkuvalehti.fi\/kuvien-takaa\/wp-content\/uploads\/sites\/11\/2022\/04\/kalle_kinnunen_blogi-1-scaled.jpg","type":"image\/jpeg"}],"author":"Kalle Kinnunen","twitter_card":"summary_large_image","twitter_creator":"@https:\/\/twitter.com\/kallekinnunen","twitter_misc":{"Written by":"Kalle Kinnunen","Est. reading time":"2 minuuttia"},"schema":{"@context":"https:\/\/schema.org","@graph":[{"@type":"WebPage","@id":"https:\/\/suomenkuvalehti.fi\/kuvien-takaa\/mitapa-liero-luonteelleen-voi\/","url":"https:\/\/suomenkuvalehti.fi\/kuvien-takaa\/mitapa-liero-luonteelleen-voi\/","name":"Mit\u00e4p\u00e4 liero luonteelleen voi - Kuvien takaa","isPartOf":{"@id":"https:\/\/suomenkuvalehti.fi\/kuvien-takaa\/#website"},"datePublished":"2008-05-25T11:05:06+00:00","author":{"@id":"https:\/\/suomenkuvalehti.fi\/kuvien-takaa\/#\/schema\/person\/f3f657e4ad409e008f12af27bec60a23"},"breadcrumb":{"@id":"https:\/\/suomenkuvalehti.fi\/kuvien-takaa\/mitapa-liero-luonteelleen-voi\/#breadcrumb"},"inLanguage":"fi","potentialAction":[{"@type":"ReadAction","target":["https:\/\/suomenkuvalehti.fi\/kuvien-takaa\/mitapa-liero-luonteelleen-voi\/"]}]},{"@type":"BreadcrumbList","@id":"https:\/\/suomenkuvalehti.fi\/kuvien-takaa\/mitapa-liero-luonteelleen-voi\/#breadcrumb","itemListElement":[{"@type":"ListItem","position":1,"name":"Home","item":"https:\/\/suomenkuvalehti.fi\/kuvien-takaa\/"},{"@type":"ListItem","position":2,"name":"Mit\u00e4p\u00e4 liero luonteelleen voi"}]},{"@type":"WebSite","@id":"https:\/\/suomenkuvalehti.fi\/kuvien-takaa\/#website","url":"https:\/\/suomenkuvalehti.fi\/kuvien-takaa\/","name":"Kuvien takaa","description":"Elokuvakriitikko Kalle Kinnusen elokuvablogi.","potentialAction":[{"@type":"SearchAction","target":{"@type":"EntryPoint","urlTemplate":"https:\/\/suomenkuvalehti.fi\/haku\/?q={search_term_string}"},"query-input":{"@type":"PropertyValueSpecification","valueRequired":true,"valueName":"search_term_string"}}],"inLanguage":"fi"},{"@type":"Person","@id":"https:\/\/suomenkuvalehti.fi\/kuvien-takaa\/#\/schema\/person\/f3f657e4ad409e008f12af27bec60a23","name":"Kalle Kinnunen","image":{"@type":"ImageObject","inLanguage":"fi","@id":"https:\/\/suomenkuvalehti.fi\/kuvien-takaa\/#\/schema\/person\/image\/","url":"https:\/\/suomenkuvalehti.fi\/kuvien-takaa\/wp-content\/uploads\/sites\/11\/2022\/04\/kalle_kinnunen_blogi-1-150x150.jpg","contentUrl":"https:\/\/suomenkuvalehti.fi\/kuvien-takaa\/wp-content\/uploads\/sites\/11\/2022\/04\/kalle_kinnunen_blogi-1-150x150.jpg","caption":"Kalle Kinnunen"},"description":"Kalle Kinnunen on vapaa toimittaja ja Suomen Kuvalehden avustaja.","sameAs":["https:\/\/www.facebook.com\/pages\/Kalle-Kinnunen-Kuvien-takaa\/190326157715410?fref=ts","https:\/\/x.com\/https:\/\/twitter.com\/kallekinnunen"]}]}},"_links":{"self":[{"href":"https:\/\/suomenkuvalehti.fi\/kuvien-takaa\/wp-json\/wp\/v2\/posts\/1167","targetHints":{"allow":["GET"]}}],"collection":[{"href":"https:\/\/suomenkuvalehti.fi\/kuvien-takaa\/wp-json\/wp\/v2\/posts"}],"about":[{"href":"https:\/\/suomenkuvalehti.fi\/kuvien-takaa\/wp-json\/wp\/v2\/types\/post"}],"author":[{"embeddable":true,"href":"https:\/\/suomenkuvalehti.fi\/kuvien-takaa\/wp-json\/wp\/v2\/users\/144"}],"replies":[{"embeddable":true,"href":"https:\/\/suomenkuvalehti.fi\/kuvien-takaa\/wp-json\/wp\/v2\/comments?post=1167"}],"version-history":[{"count":0,"href":"https:\/\/suomenkuvalehti.fi\/kuvien-takaa\/wp-json\/wp\/v2\/posts\/1167\/revisions"}],"wp:attachment":[{"href":"https:\/\/suomenkuvalehti.fi\/kuvien-takaa\/wp-json\/wp\/v2\/media?parent=1167"}],"wp:term":[{"taxonomy":"category","embeddable":true,"href":"https:\/\/suomenkuvalehti.fi\/kuvien-takaa\/wp-json\/wp\/v2\/categories?post=1167"},{"taxonomy":"post_tag","embeddable":true,"href":"https:\/\/suomenkuvalehti.fi\/kuvien-takaa\/wp-json\/wp\/v2\/tags?post=1167"}],"curies":[{"name":"wp","href":"https:\/\/api.w.org\/{rel}","templated":true}]}}