{"id":1162,"date":"2008-08-08T07:40:00","date_gmt":"2008-08-08T04:40:00","guid":{"rendered":"https:\/\/suomenkuvalehti.fi\/kuvientakaa\/2008\/08\/08\/oliver-stone-panee-bushia-halvalla\/"},"modified":"2008-08-08T07:40:00","modified_gmt":"2008-08-08T04:40:00","slug":"oliver-stone-panee-bushia-halvalla","status":"publish","type":"post","link":"https:\/\/suomenkuvalehti.fi\/kuvien-takaa\/oliver-stone-panee-bushia-halvalla\/","title":{"rendered":"Oliver Stone panee Bushia halvalla"},"content":{"rendered":"\n<p><strong>Oliver Stonen<\/strong> ohjaama <strong>George W. Bushin<\/strong> muotokuva, nimelt\u00e4\u00e4n ytimekk\u00e4\u00e4sti <em>W.<\/em> taitaa olla loppuvuoden mielenkiintoisin elokuva.<\/p>\n\n\n\n\n<p>Se on kiinnostava, vaikka se tulee Bushin presidentinuran kannalta kovin my\u00f6h\u00e4ss\u00e4, eik\u00e4 se voi olla tyls\u00e4, vaikka se ei olisi erityisen hyv\u00e4.<\/p>\n\n\n\n<p>N\u00e4in suoraa ja ajankohtaista poliittista fiktioelokuvaa ei Yhdysvalloissa ole tehty miesmuistiin.<\/p>\n\n\n\n<p>Viimeisin Valkoisen talon sotkuihin kantaaottanut satiiri taisi olla <em>Wag the Dog &#8211; h\u00e4nt\u00e4 heiluttaa koiraa<\/em>, mutta ei siin\u00e4k\u00e4\u00e4n puhuttu asioista niiden oikeilla nimill\u00e4.<\/p>\n\n\n\n<p>W.:st\u00e4 on taannoin julkaistu <a href=\"https:\/\/www.youtube.com\/watch?v=sg7vwicPx98&amp;feature=related\">traileri<\/a>. Se antaa osviittaa siit\u00e4, miten Stone Bushin kuvaa: rattijuoppona, uhkapelaajana, perheen mustana lampaana, tunarina.<\/p>\n\n\n\n<p>Ja kyll\u00e4h\u00e4n Stone on Bushia jo pitk\u00e4\u00e4n halveksinut. Muutama vuosi sitten h\u00e4n totesi haastattelussa, ett\u00e4 mik\u00e4\u00e4n ei ole niin pelottavaa kuin uudelleen juomaan ratkeamista pelk\u00e4\u00e4v\u00e4 ex-alkoholisti Yhdysvaltojen presidenttin\u00e4.<\/p>\n\n\n\n<p>Toivottavasti Stone onnistuu elokuvassaan, vaikka se on tehty todella nopeasti &#8211; kuvaukset alkoivat toukokuun puoliv\u00e4liss\u00e4 ja ensi-ilta on jo 17.10. Stone on kuitenkin Amerikan t\u00e4rkeimpi\u00e4 ja nerokkaimpia elokuvantekij\u00f6it\u00e4, ja edellisest\u00e4 t\u00e4ysosumasta on jo aikaa.<\/p>\n\n\n\n<p>Ainakin W. varmasti osoittaa v\u00e4\u00e4riksi ne Stonen edellisen elokuvan <em>World Trade Centerin <\/em>joissain katsojissa her\u00e4tt\u00e4m\u00e4t luulot, ett\u00e4 vastarannankiisken\u00e4 ja provokaattorina tunnettu ohjaaja olisi l\u00e4htenyt Yhdysvaltojen nykyhallinnon keikkaan.<\/p>\n\n\n\n<p>Eih\u00e4n World Trade Center ottanut kantaa muuhun kuin pelastusty\u00f6ntekij\u00f6iden sankaruuteen &#8211; sotamielialaa lyhyesti lietsonut tyyppikin oli t\u00e4ysi psykopaatti.<\/p>\n\n\n\n<p>W.:n Suomen ensi-illasta ei ole viel\u00e4 tietoa.<\/p>\n\n\n\n<p><a href=\"http:\/\/www.suomenkuvalehti.fi\/blogit\/kuvien-takaa\/default.aspx\">Kaikki Kuvien takaa -blogit l\u00f6yd\u00e4t t\u00e4\u00e4lt\u00e4<\/a><\/p>\n\n\n","protected":false},"excerpt":{"rendered":"<p>Oliver Stonen ohjaama George W. Bushin muotokuva, nimelt\u00e4\u00e4n ytimekk\u00e4\u00e4sti W. taitaa olla loppuvuoden mielenkiintoisin elokuva. Se on kiinnostava, vaikka se tulee Bushin presidentinuran kannalta kovin my\u00f6h\u00e4ss\u00e4, eik\u00e4 se voi olla tyls\u00e4, vaikka se ei olisi erityisen hyv\u00e4. N\u00e4in suoraa ja<br \/>\najankohtai&hellip;<\/p>\n","protected":false},"author":144,"featured_media":0,"comment_status":"open","ping_status":"open","sticky":false,"template":"","format":"standard","meta":{"_acf_changed":false,"asauth_required_access_level":0,"asauth_cansharepaid":"","om_header_attributes":[],"footnotes":"","om_featured_image_focal_point":[],"om_primary_tag":0,"om_contributors":[],"om_co_authors":[],"beyondwords_generate_audio":"","beyondwords_project_id":"","beyondwords_content_id":"","beyondwords_preview_token":"","beyondwords_player_content":"","beyondwords_player_style":"","beyondwords_language_code":"","beyondwords_language_id":"","beyondwords_title_voice_id":"","beyondwords_body_voice_id":"","beyondwords_summary_voice_id":"","beyondwords_error_message":"","beyondwords_disabled":"","beyondwords_delete_content":"","beyondwords_podcast_id":"","beyondwords_hash":"","publish_post_to_speechkit":"","speechkit_hash":"","speechkit_generate_audio":"","speechkit_project_id":"","speechkit_podcast_id":"","speechkit_error_message":"","speechkit_disabled":"","speechkit_access_key":"","speechkit_error":"","speechkit_info":"","speechkit_response":"","speechkit_retries":"","speechkit_status":"","speechkit_updated_at":"","_speechkit_link":"","_speechkit_text":""},"categories":[1],"tags":[1773,164,1508],"class_list":["post-1162","post","type-post","status-publish","format-standard","hentry","category-kuvien-takaa","tag-george-w-bush","tag-oliver-stone","tag-poliittinen-elokuva"],"om_views":null,"acf":{"tuuma_off":false,"tuuma_kysymys":"","tuuma_vastaus":""},"asauth":{"required_access_level":1,"share_token":"","is_paid":false},"yoast_head":"<!-- This site is optimized with the Yoast SEO plugin v26.4 - https:\/\/yoast.com\/wordpress\/plugins\/seo\/ -->\n<title>Oliver Stone panee Bushia halvalla - Kuvien takaa<\/title>\n<meta name=\"robots\" content=\"index, follow, max-snippet:-1, max-image-preview:large, max-video-preview:-1\" \/>\n<link rel=\"canonical\" href=\"https:\/\/suomenkuvalehti.fi\/kuvien-takaa\/oliver-stone-panee-bushia-halvalla\/\" \/>\n<meta property=\"og:locale\" content=\"fi_FI\" \/>\n<meta property=\"og:type\" content=\"article\" \/>\n<meta property=\"og:title\" content=\"Oliver Stone panee Bushia halvalla - Kuvien takaa\" \/>\n<meta property=\"og:description\" content=\"Oliver Stonen ohjaama George W. Bushin muotokuva, nimelt\u00e4\u00e4n ytimekk\u00e4\u00e4sti W. taitaa olla loppuvuoden mielenkiintoisin elokuva. Se on kiinnostava, vaikka se tulee Bushin presidentinuran kannalta kovin my\u00f6h\u00e4ss\u00e4, eik\u00e4 se voi olla tyls\u00e4, vaikka se ei olisi erityisen hyv\u00e4. N\u00e4in suoraa ja ajankohtai&hellip;\" \/>\n<meta property=\"og:url\" content=\"https:\/\/suomenkuvalehti.fi\/kuvien-takaa\/oliver-stone-panee-bushia-halvalla\/\" \/>\n<meta property=\"og:site_name\" content=\"Kuvien takaa\" \/>\n<meta property=\"article:author\" content=\"https:\/\/www.facebook.com\/pages\/Kalle-Kinnunen-Kuvien-takaa\/190326157715410?fref=ts\" \/>\n<meta property=\"article:published_time\" content=\"2008-08-08T04:40:00+00:00\" \/>\n<meta property=\"og:image\" content=\"https:\/\/suomenkuvalehti.fi\/kuvien-takaa\/wp-content\/uploads\/sites\/11\/2022\/04\/kalle_kinnunen_blogi-1-scaled.jpg\" \/>\n\t<meta property=\"og:image:width\" content=\"2560\" \/>\n\t<meta property=\"og:image:height\" content=\"1707\" \/>\n\t<meta property=\"og:image:type\" content=\"image\/jpeg\" \/>\n<meta name=\"author\" content=\"Kalle Kinnunen\" \/>\n<meta name=\"twitter:card\" content=\"summary_large_image\" \/>\n<meta name=\"twitter:creator\" content=\"@https:\/\/twitter.com\/kallekinnunen\" \/>\n<meta name=\"twitter:label1\" content=\"Written by\" \/>\n\t<meta name=\"twitter:data1\" content=\"Kalle Kinnunen\" \/>\n\t<meta name=\"twitter:label2\" content=\"Est. reading time\" \/>\n\t<meta name=\"twitter:data2\" content=\"1 minuutti\" \/>\n<script type=\"application\/ld+json\" class=\"yoast-schema-graph\">{\"@context\":\"https:\/\/schema.org\",\"@graph\":[{\"@type\":\"WebPage\",\"@id\":\"https:\/\/suomenkuvalehti.fi\/kuvien-takaa\/oliver-stone-panee-bushia-halvalla\/\",\"url\":\"https:\/\/suomenkuvalehti.fi\/kuvien-takaa\/oliver-stone-panee-bushia-halvalla\/\",\"name\":\"Oliver Stone panee Bushia halvalla - Kuvien takaa\",\"isPartOf\":{\"@id\":\"https:\/\/suomenkuvalehti.fi\/kuvien-takaa\/#website\"},\"datePublished\":\"2008-08-08T04:40:00+00:00\",\"author\":{\"@id\":\"https:\/\/suomenkuvalehti.fi\/kuvien-takaa\/#\/schema\/person\/f3f657e4ad409e008f12af27bec60a23\"},\"breadcrumb\":{\"@id\":\"https:\/\/suomenkuvalehti.fi\/kuvien-takaa\/oliver-stone-panee-bushia-halvalla\/#breadcrumb\"},\"inLanguage\":\"fi\",\"potentialAction\":[{\"@type\":\"ReadAction\",\"target\":[\"https:\/\/suomenkuvalehti.fi\/kuvien-takaa\/oliver-stone-panee-bushia-halvalla\/\"]}]},{\"@type\":\"BreadcrumbList\",\"@id\":\"https:\/\/suomenkuvalehti.fi\/kuvien-takaa\/oliver-stone-panee-bushia-halvalla\/#breadcrumb\",\"itemListElement\":[{\"@type\":\"ListItem\",\"position\":1,\"name\":\"Home\",\"item\":\"https:\/\/suomenkuvalehti.fi\/kuvien-takaa\/\"},{\"@type\":\"ListItem\",\"position\":2,\"name\":\"Oliver Stone panee Bushia halvalla\"}]},{\"@type\":\"WebSite\",\"@id\":\"https:\/\/suomenkuvalehti.fi\/kuvien-takaa\/#website\",\"url\":\"https:\/\/suomenkuvalehti.fi\/kuvien-takaa\/\",\"name\":\"Kuvien takaa\",\"description\":\"Elokuvakriitikko Kalle Kinnusen elokuvablogi.\",\"potentialAction\":[{\"@type\":\"SearchAction\",\"target\":{\"@type\":\"EntryPoint\",\"urlTemplate\":\"https:\/\/suomenkuvalehti.fi\/haku\/?q={search_term_string}\"},\"query-input\":{\"@type\":\"PropertyValueSpecification\",\"valueRequired\":true,\"valueName\":\"search_term_string\"}}],\"inLanguage\":\"fi\"},{\"@type\":\"Person\",\"@id\":\"https:\/\/suomenkuvalehti.fi\/kuvien-takaa\/#\/schema\/person\/f3f657e4ad409e008f12af27bec60a23\",\"name\":\"Kalle Kinnunen\",\"image\":{\"@type\":\"ImageObject\",\"inLanguage\":\"fi\",\"@id\":\"https:\/\/suomenkuvalehti.fi\/kuvien-takaa\/#\/schema\/person\/image\/\",\"url\":\"https:\/\/suomenkuvalehti.fi\/kuvien-takaa\/wp-content\/uploads\/sites\/11\/2022\/04\/kalle_kinnunen_blogi-1-150x150.jpg\",\"contentUrl\":\"https:\/\/suomenkuvalehti.fi\/kuvien-takaa\/wp-content\/uploads\/sites\/11\/2022\/04\/kalle_kinnunen_blogi-1-150x150.jpg\",\"caption\":\"Kalle Kinnunen\"},\"description\":\"Kalle Kinnunen on vapaa toimittaja ja Suomen Kuvalehden avustaja.\",\"sameAs\":[\"https:\/\/www.facebook.com\/pages\/Kalle-Kinnunen-Kuvien-takaa\/190326157715410?fref=ts\",\"https:\/\/x.com\/https:\/\/twitter.com\/kallekinnunen\"]}]}<\/script>\n<!-- \/ Yoast SEO plugin. -->","yoast_head_json":{"title":"Oliver Stone panee Bushia halvalla - Kuvien takaa","robots":{"index":"index","follow":"follow","max-snippet":"max-snippet:-1","max-image-preview":"max-image-preview:large","max-video-preview":"max-video-preview:-1"},"canonical":"https:\/\/suomenkuvalehti.fi\/kuvien-takaa\/oliver-stone-panee-bushia-halvalla\/","og_locale":"fi_FI","og_type":"article","og_title":"Oliver Stone panee Bushia halvalla - Kuvien takaa","og_description":"Oliver Stonen ohjaama George W. Bushin muotokuva, nimelt\u00e4\u00e4n ytimekk\u00e4\u00e4sti W. taitaa olla loppuvuoden mielenkiintoisin elokuva. Se on kiinnostava, vaikka se tulee Bushin presidentinuran kannalta kovin my\u00f6h\u00e4ss\u00e4, eik\u00e4 se voi olla tyls\u00e4, vaikka se ei olisi erityisen hyv\u00e4. N\u00e4in suoraa ja ajankohtai&hellip;","og_url":"https:\/\/suomenkuvalehti.fi\/kuvien-takaa\/oliver-stone-panee-bushia-halvalla\/","og_site_name":"Kuvien takaa","article_author":"https:\/\/www.facebook.com\/pages\/Kalle-Kinnunen-Kuvien-takaa\/190326157715410?fref=ts","article_published_time":"2008-08-08T04:40:00+00:00","og_image":[{"width":2560,"height":1707,"url":"https:\/\/suomenkuvalehti.fi\/kuvien-takaa\/wp-content\/uploads\/sites\/11\/2022\/04\/kalle_kinnunen_blogi-1-scaled.jpg","type":"image\/jpeg"}],"author":"Kalle Kinnunen","twitter_card":"summary_large_image","twitter_creator":"@https:\/\/twitter.com\/kallekinnunen","twitter_misc":{"Written by":"Kalle Kinnunen","Est. reading time":"1 minuutti"},"schema":{"@context":"https:\/\/schema.org","@graph":[{"@type":"WebPage","@id":"https:\/\/suomenkuvalehti.fi\/kuvien-takaa\/oliver-stone-panee-bushia-halvalla\/","url":"https:\/\/suomenkuvalehti.fi\/kuvien-takaa\/oliver-stone-panee-bushia-halvalla\/","name":"Oliver Stone panee Bushia halvalla - Kuvien takaa","isPartOf":{"@id":"https:\/\/suomenkuvalehti.fi\/kuvien-takaa\/#website"},"datePublished":"2008-08-08T04:40:00+00:00","author":{"@id":"https:\/\/suomenkuvalehti.fi\/kuvien-takaa\/#\/schema\/person\/f3f657e4ad409e008f12af27bec60a23"},"breadcrumb":{"@id":"https:\/\/suomenkuvalehti.fi\/kuvien-takaa\/oliver-stone-panee-bushia-halvalla\/#breadcrumb"},"inLanguage":"fi","potentialAction":[{"@type":"ReadAction","target":["https:\/\/suomenkuvalehti.fi\/kuvien-takaa\/oliver-stone-panee-bushia-halvalla\/"]}]},{"@type":"BreadcrumbList","@id":"https:\/\/suomenkuvalehti.fi\/kuvien-takaa\/oliver-stone-panee-bushia-halvalla\/#breadcrumb","itemListElement":[{"@type":"ListItem","position":1,"name":"Home","item":"https:\/\/suomenkuvalehti.fi\/kuvien-takaa\/"},{"@type":"ListItem","position":2,"name":"Oliver Stone panee Bushia halvalla"}]},{"@type":"WebSite","@id":"https:\/\/suomenkuvalehti.fi\/kuvien-takaa\/#website","url":"https:\/\/suomenkuvalehti.fi\/kuvien-takaa\/","name":"Kuvien takaa","description":"Elokuvakriitikko Kalle Kinnusen elokuvablogi.","potentialAction":[{"@type":"SearchAction","target":{"@type":"EntryPoint","urlTemplate":"https:\/\/suomenkuvalehti.fi\/haku\/?q={search_term_string}"},"query-input":{"@type":"PropertyValueSpecification","valueRequired":true,"valueName":"search_term_string"}}],"inLanguage":"fi"},{"@type":"Person","@id":"https:\/\/suomenkuvalehti.fi\/kuvien-takaa\/#\/schema\/person\/f3f657e4ad409e008f12af27bec60a23","name":"Kalle Kinnunen","image":{"@type":"ImageObject","inLanguage":"fi","@id":"https:\/\/suomenkuvalehti.fi\/kuvien-takaa\/#\/schema\/person\/image\/","url":"https:\/\/suomenkuvalehti.fi\/kuvien-takaa\/wp-content\/uploads\/sites\/11\/2022\/04\/kalle_kinnunen_blogi-1-150x150.jpg","contentUrl":"https:\/\/suomenkuvalehti.fi\/kuvien-takaa\/wp-content\/uploads\/sites\/11\/2022\/04\/kalle_kinnunen_blogi-1-150x150.jpg","caption":"Kalle Kinnunen"},"description":"Kalle Kinnunen on vapaa toimittaja ja Suomen Kuvalehden avustaja.","sameAs":["https:\/\/www.facebook.com\/pages\/Kalle-Kinnunen-Kuvien-takaa\/190326157715410?fref=ts","https:\/\/x.com\/https:\/\/twitter.com\/kallekinnunen"]}]}},"_links":{"self":[{"href":"https:\/\/suomenkuvalehti.fi\/kuvien-takaa\/wp-json\/wp\/v2\/posts\/1162","targetHints":{"allow":["GET"]}}],"collection":[{"href":"https:\/\/suomenkuvalehti.fi\/kuvien-takaa\/wp-json\/wp\/v2\/posts"}],"about":[{"href":"https:\/\/suomenkuvalehti.fi\/kuvien-takaa\/wp-json\/wp\/v2\/types\/post"}],"author":[{"embeddable":true,"href":"https:\/\/suomenkuvalehti.fi\/kuvien-takaa\/wp-json\/wp\/v2\/users\/144"}],"replies":[{"embeddable":true,"href":"https:\/\/suomenkuvalehti.fi\/kuvien-takaa\/wp-json\/wp\/v2\/comments?post=1162"}],"version-history":[{"count":0,"href":"https:\/\/suomenkuvalehti.fi\/kuvien-takaa\/wp-json\/wp\/v2\/posts\/1162\/revisions"}],"wp:attachment":[{"href":"https:\/\/suomenkuvalehti.fi\/kuvien-takaa\/wp-json\/wp\/v2\/media?parent=1162"}],"wp:term":[{"taxonomy":"category","embeddable":true,"href":"https:\/\/suomenkuvalehti.fi\/kuvien-takaa\/wp-json\/wp\/v2\/categories?post=1162"},{"taxonomy":"post_tag","embeddable":true,"href":"https:\/\/suomenkuvalehti.fi\/kuvien-takaa\/wp-json\/wp\/v2\/tags?post=1162"}],"curies":[{"name":"wp","href":"https:\/\/api.w.org\/{rel}","templated":true}]}}