{"id":1156,"date":"2008-08-27T07:30:31","date_gmt":"2008-08-27T04:30:31","guid":{"rendered":"https:\/\/suomenkuvalehti.fi\/kuvientakaa\/2008\/08\/27\/elokuvan-katketty-kieli-yle-teemalla\/"},"modified":"2008-08-27T07:30:31","modified_gmt":"2008-08-27T04:30:31","slug":"elokuvan-katketty-kieli-yle-teemalla","status":"publish","type":"post","link":"https:\/\/suomenkuvalehti.fi\/kuvien-takaa\/elokuvan-katketty-kieli-yle-teemalla\/","title":{"rendered":"Elokuvan k\u00e4tketty kieli Yle Teemalla"},"content":{"rendered":"\n<p>T\u00e4n\u00e4\u00e4n alkaa Yle Teemalla <strong>Slavoj \u017di\u017eekin<\/strong> is\u00e4nn\u00f6im\u00e4 kolmiosainen sarja <em>Elokuvan k\u00e4tketty kieli<\/em>. \u017di\u017eek on slovenialainen, kotimaassaan julkkikseksi noussut ja alallaan maailmankuulu sosiologi, jota kiinnostaa erityisesti populaarikulttuuri.<\/p>\n\n\n\n\n<p><a href=\"http:\/\/www.thepervertsguide.com\/\">T\u00e4ss\u00e4 sarjassa<\/a> h\u00e4n tutkii &#8211; kuten nimi paljastaa &#8211; elokuvia. Ja etenkin psykoanalyysin n\u00e4k\u00f6kulmasta.<\/p>\n\n\n\n<p>Sarjan alkuper\u00e4inen nimi <em>The Pervert&#8217;s Guide to Cinema <\/em>ei ole vain vitsi. Psykoanalyysissa perversio tarkoittaa v\u00e4h\u00e4n muuta kuin arkikieless\u00e4.<\/p>\n\n\n\n<p>K\u00e4sittelyyn ja ankaraan ravisteluun joutuvat kymmenet tutut teokset Marx-veljesten klassikoista <em>Matrixiin <\/em>ja <em>Fight Clubiin<\/em>, mutta erityisen kiinnostavina \u017di\u017eekille n\u00e4ytt\u00e4ytyv\u00e4t <strong>Alfred Hitchcockin<\/strong> ja <strong>David Lynchin<\/strong> elokuvat. Ja niiss\u00e4h\u00e4n analysoitavaa riitt\u00e4\u00e4, esimerkiksi Lynchin tavassa asettaa todellisuus ja kuvitelmat yll\u00e4tt\u00e4en rinnakkain.<\/p>\n\n\n\n<p>Ohjaajakaksikkoa yhdist\u00e4\u00e4 my\u00f6s taipumus heitt\u00e4\u00e4 keskiluokkaiset p\u00e4\u00e4henkil\u00f6t syv\u00e4lle viettien virtaan. Seksuaalisuus on psykoanalyytikolle se kaikista t\u00e4rkein voima, totta kai.<\/p>\n\n\n\n<p>Oli katsoja mit\u00e4 tahansa mielt\u00e4 psykoanalyysista, \u017di\u017eekin tulkinnat ovat herkullisia ja usein hauskasti esitettyj\u00e4. Ja aika harvoin niit\u00e4 voi tuosta vain torjua. Elokuvan k\u00e4tketty kieli onkin tavallaan my\u00f6s mainio johdatus psykoanalyysiin.<\/p>\n\n\n\n<p>Ja englantia paksulla aksentilla solkkaavan, yll\u00e4tt\u00e4vist\u00e4 mielipiteist\u00e4\u00e4n tunnetun <a href=\"http:\/\/www.guardian.co.uk\/lifeandstyle\/2008\/aug\/09\/slavoj.zizek\">\u017di\u017eekin<\/a> esiintyminenkin on valloittavan persoonallista.<\/p>\n\n\n\n<p>Suosittelen, kaikille. T\u00e4m\u00e4 <a href=\"http:\/\/www.yle.fi\/teema\/dokumentit\/kulttuuri-_ja_elokuvadokumentti\/id16693.html\">Yle Teeman<\/a> sarja on viime aikojen parhaita elokuva-aiheisia dokumentteja.<\/p>\n\n\n\n<p>Internetist\u00e4 l\u00f6ytyi <a href=\"http:\/\/subject-barred.blogspot.com\/2006\/06\/that-we-are-basically-watc_115068769922865662.html\">ensimm\u00e4isen osan litterointi<\/a>, jossa on mukana selvent\u00e4vi\u00e4 sivuhuomautuksia.<\/p>\n\n\n\n<p><a href=\"http:\/\/www.suomenkuvalehti.fi\/blogit\/kuvien-takaa\/default.aspx\">Kaikki Kuvien takaa -blogit l\u00f6yd\u00e4t t\u00e4\u00e4lt\u00e4<\/a><\/p>\n\n\n","protected":false},"excerpt":{"rendered":"<p>T\u00e4n\u00e4\u00e4n alkaa Yle Teemalla Slavoj \u017di\u017eekin is\u00e4nn\u00f6im\u00e4 kolmiosainen sarja Elokuvan k\u00e4tketty kieli. \u017di\u017eek on slovenialainen, kotimaassaan julkkikseksi noussut ja alallaan maailmankuulu sosiologi, jota kiinnostaa erityisesti populaarikulttuuri. T\u00e4ss\u00e4 sarjassa h\u00e4n tutkii &#8211; kuten<br \/>\nnimi paljasta&hellip;<\/p>\n","protected":false},"author":144,"featured_media":0,"comment_status":"open","ping_status":"open","sticky":false,"template":"","format":"standard","meta":{"_acf_changed":false,"asauth_required_access_level":0,"asauth_cansharepaid":"","om_header_attributes":[],"footnotes":"","om_featured_image_focal_point":[],"om_primary_tag":0,"om_contributors":[],"om_co_authors":[],"beyondwords_generate_audio":"","beyondwords_project_id":"","beyondwords_content_id":"","beyondwords_preview_token":"","beyondwords_player_content":"","beyondwords_player_style":"","beyondwords_language_code":"","beyondwords_language_id":"","beyondwords_title_voice_id":"","beyondwords_body_voice_id":"","beyondwords_summary_voice_id":"","beyondwords_error_message":"","beyondwords_disabled":"","beyondwords_delete_content":"","beyondwords_podcast_id":"","beyondwords_hash":"","publish_post_to_speechkit":"","speechkit_hash":"","speechkit_generate_audio":"","speechkit_project_id":"","speechkit_podcast_id":"","speechkit_error_message":"","speechkit_disabled":"","speechkit_access_key":"","speechkit_error":"","speechkit_info":"","speechkit_response":"","speechkit_retries":"","speechkit_status":"","speechkit_updated_at":"","_speechkit_link":"","_speechkit_text":""},"categories":[1],"tags":[363,1817,361,1200],"class_list":["post-1156","post","type-post","status-publish","format-standard","hentry","category-kuvien-takaa","tag-elokuvan-katketty-kieli","tag-psykoanalyysi","tag-slavoj-zizek","tag-yle-teema"],"om_views":null,"acf":{"tuuma_off":false,"tuuma_kysymys":"","tuuma_vastaus":""},"asauth":{"required_access_level":1,"share_token":"","is_paid":false},"yoast_head":"<!-- This site is optimized with the Yoast SEO plugin v26.4 - https:\/\/yoast.com\/wordpress\/plugins\/seo\/ -->\n<title>Elokuvan k\u00e4tketty kieli Yle Teemalla - Kuvien takaa<\/title>\n<meta name=\"robots\" content=\"index, follow, max-snippet:-1, max-image-preview:large, max-video-preview:-1\" \/>\n<link rel=\"canonical\" href=\"https:\/\/suomenkuvalehti.fi\/kuvien-takaa\/elokuvan-katketty-kieli-yle-teemalla\/\" \/>\n<meta property=\"og:locale\" content=\"fi_FI\" \/>\n<meta property=\"og:type\" content=\"article\" \/>\n<meta property=\"og:title\" content=\"Elokuvan k\u00e4tketty kieli Yle Teemalla - Kuvien takaa\" \/>\n<meta property=\"og:description\" content=\"T\u00e4n\u00e4\u00e4n alkaa Yle Teemalla Slavoj \u017di\u017eekin is\u00e4nn\u00f6im\u00e4 kolmiosainen sarja Elokuvan k\u00e4tketty kieli. \u017di\u017eek on slovenialainen, kotimaassaan julkkikseksi noussut ja alallaan maailmankuulu sosiologi, jota kiinnostaa erityisesti populaarikulttuuri. T\u00e4ss\u00e4 sarjassa h\u00e4n tutkii &#8211; kuten nimi paljasta&hellip;\" \/>\n<meta property=\"og:url\" content=\"https:\/\/suomenkuvalehti.fi\/kuvien-takaa\/elokuvan-katketty-kieli-yle-teemalla\/\" \/>\n<meta property=\"og:site_name\" content=\"Kuvien takaa\" \/>\n<meta property=\"article:author\" content=\"https:\/\/www.facebook.com\/pages\/Kalle-Kinnunen-Kuvien-takaa\/190326157715410?fref=ts\" \/>\n<meta property=\"article:published_time\" content=\"2008-08-27T04:30:31+00:00\" \/>\n<meta property=\"og:image\" content=\"https:\/\/suomenkuvalehti.fi\/kuvien-takaa\/wp-content\/uploads\/sites\/11\/2022\/04\/kalle_kinnunen_blogi-1-scaled.jpg\" \/>\n\t<meta property=\"og:image:width\" content=\"2560\" \/>\n\t<meta property=\"og:image:height\" content=\"1707\" \/>\n\t<meta property=\"og:image:type\" content=\"image\/jpeg\" \/>\n<meta name=\"author\" content=\"Kalle Kinnunen\" \/>\n<meta name=\"twitter:card\" content=\"summary_large_image\" \/>\n<meta name=\"twitter:creator\" content=\"@https:\/\/twitter.com\/kallekinnunen\" \/>\n<meta name=\"twitter:label1\" content=\"Written by\" \/>\n\t<meta name=\"twitter:data1\" content=\"Kalle Kinnunen\" \/>\n\t<meta name=\"twitter:label2\" content=\"Est. reading time\" \/>\n\t<meta name=\"twitter:data2\" content=\"1 minuutti\" \/>\n<script type=\"application\/ld+json\" class=\"yoast-schema-graph\">{\"@context\":\"https:\/\/schema.org\",\"@graph\":[{\"@type\":\"WebPage\",\"@id\":\"https:\/\/suomenkuvalehti.fi\/kuvien-takaa\/elokuvan-katketty-kieli-yle-teemalla\/\",\"url\":\"https:\/\/suomenkuvalehti.fi\/kuvien-takaa\/elokuvan-katketty-kieli-yle-teemalla\/\",\"name\":\"Elokuvan k\u00e4tketty kieli Yle Teemalla - Kuvien takaa\",\"isPartOf\":{\"@id\":\"https:\/\/suomenkuvalehti.fi\/kuvien-takaa\/#website\"},\"datePublished\":\"2008-08-27T04:30:31+00:00\",\"author\":{\"@id\":\"https:\/\/suomenkuvalehti.fi\/kuvien-takaa\/#\/schema\/person\/f3f657e4ad409e008f12af27bec60a23\"},\"breadcrumb\":{\"@id\":\"https:\/\/suomenkuvalehti.fi\/kuvien-takaa\/elokuvan-katketty-kieli-yle-teemalla\/#breadcrumb\"},\"inLanguage\":\"fi\",\"potentialAction\":[{\"@type\":\"ReadAction\",\"target\":[\"https:\/\/suomenkuvalehti.fi\/kuvien-takaa\/elokuvan-katketty-kieli-yle-teemalla\/\"]}]},{\"@type\":\"BreadcrumbList\",\"@id\":\"https:\/\/suomenkuvalehti.fi\/kuvien-takaa\/elokuvan-katketty-kieli-yle-teemalla\/#breadcrumb\",\"itemListElement\":[{\"@type\":\"ListItem\",\"position\":1,\"name\":\"Home\",\"item\":\"https:\/\/suomenkuvalehti.fi\/kuvien-takaa\/\"},{\"@type\":\"ListItem\",\"position\":2,\"name\":\"Elokuvan k\u00e4tketty kieli Yle Teemalla\"}]},{\"@type\":\"WebSite\",\"@id\":\"https:\/\/suomenkuvalehti.fi\/kuvien-takaa\/#website\",\"url\":\"https:\/\/suomenkuvalehti.fi\/kuvien-takaa\/\",\"name\":\"Kuvien takaa\",\"description\":\"Elokuvakriitikko Kalle Kinnusen elokuvablogi.\",\"potentialAction\":[{\"@type\":\"SearchAction\",\"target\":{\"@type\":\"EntryPoint\",\"urlTemplate\":\"https:\/\/suomenkuvalehti.fi\/haku\/?q={search_term_string}\"},\"query-input\":{\"@type\":\"PropertyValueSpecification\",\"valueRequired\":true,\"valueName\":\"search_term_string\"}}],\"inLanguage\":\"fi\"},{\"@type\":\"Person\",\"@id\":\"https:\/\/suomenkuvalehti.fi\/kuvien-takaa\/#\/schema\/person\/f3f657e4ad409e008f12af27bec60a23\",\"name\":\"Kalle Kinnunen\",\"image\":{\"@type\":\"ImageObject\",\"inLanguage\":\"fi\",\"@id\":\"https:\/\/suomenkuvalehti.fi\/kuvien-takaa\/#\/schema\/person\/image\/\",\"url\":\"https:\/\/suomenkuvalehti.fi\/kuvien-takaa\/wp-content\/uploads\/sites\/11\/2022\/04\/kalle_kinnunen_blogi-1-150x150.jpg\",\"contentUrl\":\"https:\/\/suomenkuvalehti.fi\/kuvien-takaa\/wp-content\/uploads\/sites\/11\/2022\/04\/kalle_kinnunen_blogi-1-150x150.jpg\",\"caption\":\"Kalle Kinnunen\"},\"description\":\"Kalle Kinnunen on vapaa toimittaja ja Suomen Kuvalehden avustaja.\",\"sameAs\":[\"https:\/\/www.facebook.com\/pages\/Kalle-Kinnunen-Kuvien-takaa\/190326157715410?fref=ts\",\"https:\/\/x.com\/https:\/\/twitter.com\/kallekinnunen\"]}]}<\/script>\n<!-- \/ Yoast SEO plugin. -->","yoast_head_json":{"title":"Elokuvan k\u00e4tketty kieli Yle Teemalla - Kuvien takaa","robots":{"index":"index","follow":"follow","max-snippet":"max-snippet:-1","max-image-preview":"max-image-preview:large","max-video-preview":"max-video-preview:-1"},"canonical":"https:\/\/suomenkuvalehti.fi\/kuvien-takaa\/elokuvan-katketty-kieli-yle-teemalla\/","og_locale":"fi_FI","og_type":"article","og_title":"Elokuvan k\u00e4tketty kieli Yle Teemalla - Kuvien takaa","og_description":"T\u00e4n\u00e4\u00e4n alkaa Yle Teemalla Slavoj \u017di\u017eekin is\u00e4nn\u00f6im\u00e4 kolmiosainen sarja Elokuvan k\u00e4tketty kieli. \u017di\u017eek on slovenialainen, kotimaassaan julkkikseksi noussut ja alallaan maailmankuulu sosiologi, jota kiinnostaa erityisesti populaarikulttuuri. T\u00e4ss\u00e4 sarjassa h\u00e4n tutkii &#8211; kuten nimi paljasta&hellip;","og_url":"https:\/\/suomenkuvalehti.fi\/kuvien-takaa\/elokuvan-katketty-kieli-yle-teemalla\/","og_site_name":"Kuvien takaa","article_author":"https:\/\/www.facebook.com\/pages\/Kalle-Kinnunen-Kuvien-takaa\/190326157715410?fref=ts","article_published_time":"2008-08-27T04:30:31+00:00","og_image":[{"width":2560,"height":1707,"url":"https:\/\/suomenkuvalehti.fi\/kuvien-takaa\/wp-content\/uploads\/sites\/11\/2022\/04\/kalle_kinnunen_blogi-1-scaled.jpg","type":"image\/jpeg"}],"author":"Kalle Kinnunen","twitter_card":"summary_large_image","twitter_creator":"@https:\/\/twitter.com\/kallekinnunen","twitter_misc":{"Written by":"Kalle Kinnunen","Est. reading time":"1 minuutti"},"schema":{"@context":"https:\/\/schema.org","@graph":[{"@type":"WebPage","@id":"https:\/\/suomenkuvalehti.fi\/kuvien-takaa\/elokuvan-katketty-kieli-yle-teemalla\/","url":"https:\/\/suomenkuvalehti.fi\/kuvien-takaa\/elokuvan-katketty-kieli-yle-teemalla\/","name":"Elokuvan k\u00e4tketty kieli Yle Teemalla - Kuvien takaa","isPartOf":{"@id":"https:\/\/suomenkuvalehti.fi\/kuvien-takaa\/#website"},"datePublished":"2008-08-27T04:30:31+00:00","author":{"@id":"https:\/\/suomenkuvalehti.fi\/kuvien-takaa\/#\/schema\/person\/f3f657e4ad409e008f12af27bec60a23"},"breadcrumb":{"@id":"https:\/\/suomenkuvalehti.fi\/kuvien-takaa\/elokuvan-katketty-kieli-yle-teemalla\/#breadcrumb"},"inLanguage":"fi","potentialAction":[{"@type":"ReadAction","target":["https:\/\/suomenkuvalehti.fi\/kuvien-takaa\/elokuvan-katketty-kieli-yle-teemalla\/"]}]},{"@type":"BreadcrumbList","@id":"https:\/\/suomenkuvalehti.fi\/kuvien-takaa\/elokuvan-katketty-kieli-yle-teemalla\/#breadcrumb","itemListElement":[{"@type":"ListItem","position":1,"name":"Home","item":"https:\/\/suomenkuvalehti.fi\/kuvien-takaa\/"},{"@type":"ListItem","position":2,"name":"Elokuvan k\u00e4tketty kieli Yle Teemalla"}]},{"@type":"WebSite","@id":"https:\/\/suomenkuvalehti.fi\/kuvien-takaa\/#website","url":"https:\/\/suomenkuvalehti.fi\/kuvien-takaa\/","name":"Kuvien takaa","description":"Elokuvakriitikko Kalle Kinnusen elokuvablogi.","potentialAction":[{"@type":"SearchAction","target":{"@type":"EntryPoint","urlTemplate":"https:\/\/suomenkuvalehti.fi\/haku\/?q={search_term_string}"},"query-input":{"@type":"PropertyValueSpecification","valueRequired":true,"valueName":"search_term_string"}}],"inLanguage":"fi"},{"@type":"Person","@id":"https:\/\/suomenkuvalehti.fi\/kuvien-takaa\/#\/schema\/person\/f3f657e4ad409e008f12af27bec60a23","name":"Kalle Kinnunen","image":{"@type":"ImageObject","inLanguage":"fi","@id":"https:\/\/suomenkuvalehti.fi\/kuvien-takaa\/#\/schema\/person\/image\/","url":"https:\/\/suomenkuvalehti.fi\/kuvien-takaa\/wp-content\/uploads\/sites\/11\/2022\/04\/kalle_kinnunen_blogi-1-150x150.jpg","contentUrl":"https:\/\/suomenkuvalehti.fi\/kuvien-takaa\/wp-content\/uploads\/sites\/11\/2022\/04\/kalle_kinnunen_blogi-1-150x150.jpg","caption":"Kalle Kinnunen"},"description":"Kalle Kinnunen on vapaa toimittaja ja Suomen Kuvalehden avustaja.","sameAs":["https:\/\/www.facebook.com\/pages\/Kalle-Kinnunen-Kuvien-takaa\/190326157715410?fref=ts","https:\/\/x.com\/https:\/\/twitter.com\/kallekinnunen"]}]}},"_links":{"self":[{"href":"https:\/\/suomenkuvalehti.fi\/kuvien-takaa\/wp-json\/wp\/v2\/posts\/1156","targetHints":{"allow":["GET"]}}],"collection":[{"href":"https:\/\/suomenkuvalehti.fi\/kuvien-takaa\/wp-json\/wp\/v2\/posts"}],"about":[{"href":"https:\/\/suomenkuvalehti.fi\/kuvien-takaa\/wp-json\/wp\/v2\/types\/post"}],"author":[{"embeddable":true,"href":"https:\/\/suomenkuvalehti.fi\/kuvien-takaa\/wp-json\/wp\/v2\/users\/144"}],"replies":[{"embeddable":true,"href":"https:\/\/suomenkuvalehti.fi\/kuvien-takaa\/wp-json\/wp\/v2\/comments?post=1156"}],"version-history":[{"count":0,"href":"https:\/\/suomenkuvalehti.fi\/kuvien-takaa\/wp-json\/wp\/v2\/posts\/1156\/revisions"}],"wp:attachment":[{"href":"https:\/\/suomenkuvalehti.fi\/kuvien-takaa\/wp-json\/wp\/v2\/media?parent=1156"}],"wp:term":[{"taxonomy":"category","embeddable":true,"href":"https:\/\/suomenkuvalehti.fi\/kuvien-takaa\/wp-json\/wp\/v2\/categories?post=1156"},{"taxonomy":"post_tag","embeddable":true,"href":"https:\/\/suomenkuvalehti.fi\/kuvien-takaa\/wp-json\/wp\/v2\/tags?post=1156"}],"curies":[{"name":"wp","href":"https:\/\/api.w.org\/{rel}","templated":true}]}}