{"id":1125,"date":"2008-11-04T07:01:02","date_gmt":"2008-11-04T05:01:02","guid":{"rendered":"https:\/\/suomenkuvalehti.fi\/kuvientakaa\/2008\/11\/04\/george-w-bush-muotokuvassa\/"},"modified":"2008-11-04T07:01:02","modified_gmt":"2008-11-04T05:01:02","slug":"george-w-bush-muotokuvassa","status":"publish","type":"post","link":"https:\/\/suomenkuvalehti.fi\/kuvien-takaa\/george-w-bush-muotokuvassa\/","title":{"rendered":"George W. Bush muotokuvassa"},"content":{"rendered":"\n<p><strong>Oliver Stonen<\/strong> uusi elokuva <em>W. <\/em>on kertomus el\u00e4m\u00e4ss\u00e4\u00e4n vailla suuntaa harhailleesta alkoholistista, joka v\u00e4h\u00e4n skarppasi &#8211; tuli ehk\u00e4 uskoon &#8211; ja vastoin odotuksia nousi Yhdysvaltojen presidentiksi.<\/p>\n\n\n\n\n<p>Merkillisint\u00e4 on, ett\u00e4 vaikka Stone ei selv\u00e4stik\u00e4\u00e4n pid\u00e4 <strong>George W. Bushista<\/strong>, s\u00e4ilyy elokuva loppuun asti siistin\u00e4 ja melkein kunnioittavana. Siin\u00e4 ei m\u00e4ss\u00e4ill\u00e4 &#8221;bushismeilla&#8221; eli presidentin verbaalisilla k\u00f6mm\u00e4hdyksill\u00e4, ja nuoruuden sekoilutkin ohitetaan melko lyhyesti (vaikka <a href=\"http:\/\/www.apple.com\/trailers\/lions_gate\/w\/\">ensimm\u00e4isess\u00e4 trailerissa<\/a> [1b] niit\u00e4 esitell\u00e4\u00e4nkin reippaasti). Varsinaisina roistoina esitet\u00e4\u00e4n Bushin l\u00e4hipiiri, etenkin <strong>Dick Cheney<\/strong> ja <strong>Paul Wolfowitz<\/strong>.<\/p>\n\n\n\n<p>W. on siis enemm\u00e4n draama kuin komedia. Hauska se on silti. Talking Heads -popklassikon <em>(..and you may ask yourself &#8211; how did I get here?) <\/em>tahtiin leikattu <a href=\"http:\/\/www.apple.com\/trailers\/lions_gate\/w\/\">uudempi traileri<\/a> paljastaa, millaisissa tunnelmissa menn\u00e4\u00e4n &#8211; vaikka elokuva on huomattavasti rauhallisempi.<\/p>\n\n\n\n<p>Olipa seuraaja kumpi tahansa, v\u00e4istyv\u00e4 presidentti j\u00e4tt\u00e4\u00e4 tavattoman ep\u00e4kiitollisen perinn\u00f6n. Stonen elokuvan olemassaolo puhuu karua kielt\u00e4: ei <strong>Nixonkaan<\/strong> ollut aikoinaan niin ep\u00e4suosittu, ett\u00e4 h\u00e4nest\u00e4 olisi kehdattu tehd\u00e4 viel\u00e4 virassaoloaikana tai pian sen j\u00e4lkeen kriittinen elokuva, johon arvostetut n\u00e4yttelij\u00e4t kilpaa rynt\u00e4\u00e4v\u00e4t.<\/p>\n\n\n\n<p>Pidin elokuvasta paljon &#8211; ja ihan sen \u00e4lykkyyden ja viihdytt\u00e4vyyden vuoksi, vaikka siit\u00e4 voi toki sytty\u00e4 puhtaasti poliittisena kannanottonakin. Stone on suosikkiohjaajiani, ja W. on paluu ruotuun s\u00e4rm\u00e4tt\u00f6m\u00e4n <em>World Trade Centerin<\/em> ja haahuilevan <em>Alexanderin<\/em> j\u00e4lkeen.<\/p>\n\n\n\n<p>K\u00e4vin Lontoon elokuvafestivaaleilla haastattelemassa Stonea, p\u00e4\u00e4roolin mainiosti n\u00e4yttelev\u00e4\u00e4<strong>Josh Brolinia<\/strong> ja <strong>Laura Bushin<\/strong> roolissa n\u00e4ht\u00e4v\u00e4\u00e4 <strong>Elizabeth Banksia<\/strong>. Stone-juttu ilmestyy <em>Suomen Kuvalehdess\u00e4<\/em> l\u00e4hemp\u00e4n\u00e4 Suomen ensi-iltaa, joka on valitettavasti vasta 2.1.2009.<\/p>\n\n\n\n<p>W.-elokuvan ohella juttelimme muustakin, esimerkiksi <em>Pinkvillest\u00e4<\/em>, jonka piti olla Stonen seuraava elokuva World Trade Centerin j\u00e4lkeen. P\u00e4\u00e4osaan oli saatu <strong>Bruce Willis<\/strong>. Rahoitus kuitenkin kaatui viime vuoden lopulla, juuri ennen kuvausten alkua. K\u00e4sikirjoittajien lakollakin oli osuutta asiaan.<\/p>\n\n\n\n<p>My Lain veril\u00f6yly\u00e4 k\u00e4sittelev\u00e4n Pinkvillen k\u00e4sikirjoituksen teki Los Angelesissa asuva suomalainen <strong>Mikko Alanne<\/strong>.<\/p>\n\n\n\n<p>&#8221;K\u00e4sikirjoitus oli suurenmoinen. Se oli kuin yhdistelm\u00e4 <em>Platoonia<\/em> ja<em> JFK:ta<\/em>, enemm\u00e4n kertomus My Lain tutkinnasta kuin itse veril\u00f6ylyst\u00e4. Olin todella innoissani. Nyt n\u00e4ytt\u00e4\u00e4 silt\u00e4, ettei elokuvaa tulla tekem\u00e4\u00e4n&#8221;, Stone pahoitteli.<\/p>\n\n\n\n<p>Pinkville olisi ollut Stonen nelj\u00e4s Vietnamia suoraan k\u00e4sittelev\u00e4 elokuva. No, sen sijaan saimme Stonen kolmannen elokuvan, joka kertoo USA:n presidentist\u00e4 ja on nimettykin p\u00e4\u00e4henkil\u00f6ns\u00e4 mukaan.<\/p>\n\n\n\n<p><a href=\"http:\/\/www.suomenkuvalehti.fi\/blogit\/kuvien-takaa\/default.aspx\">Kaikki Kuvien takaa -blogin merkinn\u00e4t l\u00f6yd\u00e4t t\u00e4\u00e4lt\u00e4<\/a><\/p>\n\n\n","protected":false},"excerpt":{"rendered":"<p>Oliver Stonen uusi elokuva W. on kertomus el\u00e4m\u00e4ss\u00e4\u00e4n vailla suuntaa harhailleesta alkoholistista, joka v\u00e4h\u00e4n skarppasi &#8211; tuli ehk\u00e4 uskoon &#8211; ja vastoin odotuksia nousi Yhdysvaltojen presidentiksi. Merkillisint\u00e4 on, ett\u00e4 vaikka Stone ei selv\u00e4stik\u00e4\u00e4n pid\u00e4 George W. Bushista,<br \/>\ns\u00e4ilyy eloku&hellip;<\/p>\n","protected":false},"author":144,"featured_media":0,"comment_status":"open","ping_status":"open","sticky":false,"template":"","format":"standard","meta":{"_acf_changed":false,"asauth_required_access_level":0,"asauth_cansharepaid":"","om_header_attributes":[],"footnotes":"","om_featured_image_focal_point":[],"om_primary_tag":0,"om_contributors":[],"om_co_authors":[],"beyondwords_generate_audio":"","beyondwords_project_id":"","beyondwords_content_id":"","beyondwords_preview_token":"","beyondwords_player_content":"","beyondwords_player_style":"","beyondwords_language_code":"","beyondwords_language_id":"","beyondwords_title_voice_id":"","beyondwords_body_voice_id":"","beyondwords_summary_voice_id":"","beyondwords_error_message":"","beyondwords_disabled":"","beyondwords_delete_content":"","beyondwords_podcast_id":"","beyondwords_hash":"","publish_post_to_speechkit":"","speechkit_hash":"","speechkit_generate_audio":"","speechkit_project_id":"","speechkit_podcast_id":"","speechkit_error_message":"","speechkit_disabled":"","speechkit_access_key":"","speechkit_error":"","speechkit_info":"","speechkit_response":"","speechkit_retries":"","speechkit_status":"","speechkit_updated_at":"","_speechkit_link":"","_speechkit_text":""},"categories":[1],"tags":[1620,1773,164,1772],"class_list":["post-1125","post","type-post","status-publish","format-standard","hentry","category-kuvien-takaa","tag-elokuva","tag-george-w-bush","tag-oliver-stone","tag-w"],"om_views":null,"acf":{"tuuma_off":false,"tuuma_kysymys":"","tuuma_vastaus":""},"asauth":{"required_access_level":1,"share_token":"","is_paid":false},"yoast_head":"<!-- This site is optimized with the Yoast SEO plugin v26.4 - https:\/\/yoast.com\/wordpress\/plugins\/seo\/ -->\n<title>George W. Bush muotokuvassa - Kuvien takaa<\/title>\n<meta name=\"robots\" content=\"index, follow, max-snippet:-1, max-image-preview:large, max-video-preview:-1\" \/>\n<link rel=\"canonical\" href=\"https:\/\/suomenkuvalehti.fi\/kuvien-takaa\/george-w-bush-muotokuvassa\/\" \/>\n<meta property=\"og:locale\" content=\"fi_FI\" \/>\n<meta property=\"og:type\" content=\"article\" \/>\n<meta property=\"og:title\" content=\"George W. Bush muotokuvassa - Kuvien takaa\" \/>\n<meta property=\"og:description\" content=\"Oliver Stonen uusi elokuva W. on kertomus el\u00e4m\u00e4ss\u00e4\u00e4n vailla suuntaa harhailleesta alkoholistista, joka v\u00e4h\u00e4n skarppasi &#8211; tuli ehk\u00e4 uskoon &#8211; ja vastoin odotuksia nousi Yhdysvaltojen presidentiksi. Merkillisint\u00e4 on, ett\u00e4 vaikka Stone ei selv\u00e4stik\u00e4\u00e4n pid\u00e4 George W. Bushista, s\u00e4ilyy eloku&hellip;\" \/>\n<meta property=\"og:url\" content=\"https:\/\/suomenkuvalehti.fi\/kuvien-takaa\/george-w-bush-muotokuvassa\/\" \/>\n<meta property=\"og:site_name\" content=\"Kuvien takaa\" \/>\n<meta property=\"article:author\" content=\"https:\/\/www.facebook.com\/pages\/Kalle-Kinnunen-Kuvien-takaa\/190326157715410?fref=ts\" \/>\n<meta property=\"article:published_time\" content=\"2008-11-04T05:01:02+00:00\" \/>\n<meta property=\"og:image\" content=\"https:\/\/suomenkuvalehti.fi\/kuvien-takaa\/wp-content\/uploads\/sites\/11\/2022\/04\/kalle_kinnunen_blogi-1-scaled.jpg\" \/>\n\t<meta property=\"og:image:width\" content=\"2560\" \/>\n\t<meta property=\"og:image:height\" content=\"1707\" \/>\n\t<meta property=\"og:image:type\" content=\"image\/jpeg\" \/>\n<meta name=\"author\" content=\"Kalle Kinnunen\" \/>\n<meta name=\"twitter:card\" content=\"summary_large_image\" \/>\n<meta name=\"twitter:creator\" content=\"@https:\/\/twitter.com\/kallekinnunen\" \/>\n<meta name=\"twitter:label1\" content=\"Written by\" \/>\n\t<meta name=\"twitter:data1\" content=\"Kalle Kinnunen\" \/>\n\t<meta name=\"twitter:label2\" content=\"Est. reading time\" \/>\n\t<meta name=\"twitter:data2\" content=\"2 minuuttia\" \/>\n<script type=\"application\/ld+json\" class=\"yoast-schema-graph\">{\"@context\":\"https:\/\/schema.org\",\"@graph\":[{\"@type\":\"WebPage\",\"@id\":\"https:\/\/suomenkuvalehti.fi\/kuvien-takaa\/george-w-bush-muotokuvassa\/\",\"url\":\"https:\/\/suomenkuvalehti.fi\/kuvien-takaa\/george-w-bush-muotokuvassa\/\",\"name\":\"George W. Bush muotokuvassa - Kuvien takaa\",\"isPartOf\":{\"@id\":\"https:\/\/suomenkuvalehti.fi\/kuvien-takaa\/#website\"},\"datePublished\":\"2008-11-04T05:01:02+00:00\",\"author\":{\"@id\":\"https:\/\/suomenkuvalehti.fi\/kuvien-takaa\/#\/schema\/person\/f3f657e4ad409e008f12af27bec60a23\"},\"breadcrumb\":{\"@id\":\"https:\/\/suomenkuvalehti.fi\/kuvien-takaa\/george-w-bush-muotokuvassa\/#breadcrumb\"},\"inLanguage\":\"fi\",\"potentialAction\":[{\"@type\":\"ReadAction\",\"target\":[\"https:\/\/suomenkuvalehti.fi\/kuvien-takaa\/george-w-bush-muotokuvassa\/\"]}]},{\"@type\":\"BreadcrumbList\",\"@id\":\"https:\/\/suomenkuvalehti.fi\/kuvien-takaa\/george-w-bush-muotokuvassa\/#breadcrumb\",\"itemListElement\":[{\"@type\":\"ListItem\",\"position\":1,\"name\":\"Home\",\"item\":\"https:\/\/suomenkuvalehti.fi\/kuvien-takaa\/\"},{\"@type\":\"ListItem\",\"position\":2,\"name\":\"George W. Bush muotokuvassa\"}]},{\"@type\":\"WebSite\",\"@id\":\"https:\/\/suomenkuvalehti.fi\/kuvien-takaa\/#website\",\"url\":\"https:\/\/suomenkuvalehti.fi\/kuvien-takaa\/\",\"name\":\"Kuvien takaa\",\"description\":\"Elokuvakriitikko Kalle Kinnusen elokuvablogi.\",\"potentialAction\":[{\"@type\":\"SearchAction\",\"target\":{\"@type\":\"EntryPoint\",\"urlTemplate\":\"https:\/\/suomenkuvalehti.fi\/haku\/?q={search_term_string}\"},\"query-input\":{\"@type\":\"PropertyValueSpecification\",\"valueRequired\":true,\"valueName\":\"search_term_string\"}}],\"inLanguage\":\"fi\"},{\"@type\":\"Person\",\"@id\":\"https:\/\/suomenkuvalehti.fi\/kuvien-takaa\/#\/schema\/person\/f3f657e4ad409e008f12af27bec60a23\",\"name\":\"Kalle Kinnunen\",\"image\":{\"@type\":\"ImageObject\",\"inLanguage\":\"fi\",\"@id\":\"https:\/\/suomenkuvalehti.fi\/kuvien-takaa\/#\/schema\/person\/image\/\",\"url\":\"https:\/\/suomenkuvalehti.fi\/kuvien-takaa\/wp-content\/uploads\/sites\/11\/2022\/04\/kalle_kinnunen_blogi-1-150x150.jpg\",\"contentUrl\":\"https:\/\/suomenkuvalehti.fi\/kuvien-takaa\/wp-content\/uploads\/sites\/11\/2022\/04\/kalle_kinnunen_blogi-1-150x150.jpg\",\"caption\":\"Kalle Kinnunen\"},\"description\":\"Kalle Kinnunen on vapaa toimittaja ja Suomen Kuvalehden avustaja.\",\"sameAs\":[\"https:\/\/www.facebook.com\/pages\/Kalle-Kinnunen-Kuvien-takaa\/190326157715410?fref=ts\",\"https:\/\/x.com\/https:\/\/twitter.com\/kallekinnunen\"]}]}<\/script>\n<!-- \/ Yoast SEO plugin. -->","yoast_head_json":{"title":"George W. Bush muotokuvassa - Kuvien takaa","robots":{"index":"index","follow":"follow","max-snippet":"max-snippet:-1","max-image-preview":"max-image-preview:large","max-video-preview":"max-video-preview:-1"},"canonical":"https:\/\/suomenkuvalehti.fi\/kuvien-takaa\/george-w-bush-muotokuvassa\/","og_locale":"fi_FI","og_type":"article","og_title":"George W. Bush muotokuvassa - Kuvien takaa","og_description":"Oliver Stonen uusi elokuva W. on kertomus el\u00e4m\u00e4ss\u00e4\u00e4n vailla suuntaa harhailleesta alkoholistista, joka v\u00e4h\u00e4n skarppasi &#8211; tuli ehk\u00e4 uskoon &#8211; ja vastoin odotuksia nousi Yhdysvaltojen presidentiksi. Merkillisint\u00e4 on, ett\u00e4 vaikka Stone ei selv\u00e4stik\u00e4\u00e4n pid\u00e4 George W. Bushista, s\u00e4ilyy eloku&hellip;","og_url":"https:\/\/suomenkuvalehti.fi\/kuvien-takaa\/george-w-bush-muotokuvassa\/","og_site_name":"Kuvien takaa","article_author":"https:\/\/www.facebook.com\/pages\/Kalle-Kinnunen-Kuvien-takaa\/190326157715410?fref=ts","article_published_time":"2008-11-04T05:01:02+00:00","og_image":[{"width":2560,"height":1707,"url":"https:\/\/suomenkuvalehti.fi\/kuvien-takaa\/wp-content\/uploads\/sites\/11\/2022\/04\/kalle_kinnunen_blogi-1-scaled.jpg","type":"image\/jpeg"}],"author":"Kalle Kinnunen","twitter_card":"summary_large_image","twitter_creator":"@https:\/\/twitter.com\/kallekinnunen","twitter_misc":{"Written by":"Kalle Kinnunen","Est. reading time":"2 minuuttia"},"schema":{"@context":"https:\/\/schema.org","@graph":[{"@type":"WebPage","@id":"https:\/\/suomenkuvalehti.fi\/kuvien-takaa\/george-w-bush-muotokuvassa\/","url":"https:\/\/suomenkuvalehti.fi\/kuvien-takaa\/george-w-bush-muotokuvassa\/","name":"George W. Bush muotokuvassa - Kuvien takaa","isPartOf":{"@id":"https:\/\/suomenkuvalehti.fi\/kuvien-takaa\/#website"},"datePublished":"2008-11-04T05:01:02+00:00","author":{"@id":"https:\/\/suomenkuvalehti.fi\/kuvien-takaa\/#\/schema\/person\/f3f657e4ad409e008f12af27bec60a23"},"breadcrumb":{"@id":"https:\/\/suomenkuvalehti.fi\/kuvien-takaa\/george-w-bush-muotokuvassa\/#breadcrumb"},"inLanguage":"fi","potentialAction":[{"@type":"ReadAction","target":["https:\/\/suomenkuvalehti.fi\/kuvien-takaa\/george-w-bush-muotokuvassa\/"]}]},{"@type":"BreadcrumbList","@id":"https:\/\/suomenkuvalehti.fi\/kuvien-takaa\/george-w-bush-muotokuvassa\/#breadcrumb","itemListElement":[{"@type":"ListItem","position":1,"name":"Home","item":"https:\/\/suomenkuvalehti.fi\/kuvien-takaa\/"},{"@type":"ListItem","position":2,"name":"George W. Bush muotokuvassa"}]},{"@type":"WebSite","@id":"https:\/\/suomenkuvalehti.fi\/kuvien-takaa\/#website","url":"https:\/\/suomenkuvalehti.fi\/kuvien-takaa\/","name":"Kuvien takaa","description":"Elokuvakriitikko Kalle Kinnusen elokuvablogi.","potentialAction":[{"@type":"SearchAction","target":{"@type":"EntryPoint","urlTemplate":"https:\/\/suomenkuvalehti.fi\/haku\/?q={search_term_string}"},"query-input":{"@type":"PropertyValueSpecification","valueRequired":true,"valueName":"search_term_string"}}],"inLanguage":"fi"},{"@type":"Person","@id":"https:\/\/suomenkuvalehti.fi\/kuvien-takaa\/#\/schema\/person\/f3f657e4ad409e008f12af27bec60a23","name":"Kalle Kinnunen","image":{"@type":"ImageObject","inLanguage":"fi","@id":"https:\/\/suomenkuvalehti.fi\/kuvien-takaa\/#\/schema\/person\/image\/","url":"https:\/\/suomenkuvalehti.fi\/kuvien-takaa\/wp-content\/uploads\/sites\/11\/2022\/04\/kalle_kinnunen_blogi-1-150x150.jpg","contentUrl":"https:\/\/suomenkuvalehti.fi\/kuvien-takaa\/wp-content\/uploads\/sites\/11\/2022\/04\/kalle_kinnunen_blogi-1-150x150.jpg","caption":"Kalle Kinnunen"},"description":"Kalle Kinnunen on vapaa toimittaja ja Suomen Kuvalehden avustaja.","sameAs":["https:\/\/www.facebook.com\/pages\/Kalle-Kinnunen-Kuvien-takaa\/190326157715410?fref=ts","https:\/\/x.com\/https:\/\/twitter.com\/kallekinnunen"]}]}},"_links":{"self":[{"href":"https:\/\/suomenkuvalehti.fi\/kuvien-takaa\/wp-json\/wp\/v2\/posts\/1125","targetHints":{"allow":["GET"]}}],"collection":[{"href":"https:\/\/suomenkuvalehti.fi\/kuvien-takaa\/wp-json\/wp\/v2\/posts"}],"about":[{"href":"https:\/\/suomenkuvalehti.fi\/kuvien-takaa\/wp-json\/wp\/v2\/types\/post"}],"author":[{"embeddable":true,"href":"https:\/\/suomenkuvalehti.fi\/kuvien-takaa\/wp-json\/wp\/v2\/users\/144"}],"replies":[{"embeddable":true,"href":"https:\/\/suomenkuvalehti.fi\/kuvien-takaa\/wp-json\/wp\/v2\/comments?post=1125"}],"version-history":[{"count":0,"href":"https:\/\/suomenkuvalehti.fi\/kuvien-takaa\/wp-json\/wp\/v2\/posts\/1125\/revisions"}],"wp:attachment":[{"href":"https:\/\/suomenkuvalehti.fi\/kuvien-takaa\/wp-json\/wp\/v2\/media?parent=1125"}],"wp:term":[{"taxonomy":"category","embeddable":true,"href":"https:\/\/suomenkuvalehti.fi\/kuvien-takaa\/wp-json\/wp\/v2\/categories?post=1125"},{"taxonomy":"post_tag","embeddable":true,"href":"https:\/\/suomenkuvalehti.fi\/kuvien-takaa\/wp-json\/wp\/v2\/tags?post=1125"}],"curies":[{"name":"wp","href":"https:\/\/api.w.org\/{rel}","templated":true}]}}