{"id":1124,"date":"2008-11-07T17:15:16","date_gmt":"2008-11-07T15:15:16","guid":{"rendered":"https:\/\/suomenkuvalehti.fi\/kuvientakaa\/2008\/11\/07\/miksi-pieni-talo-preerialla-on-k-18\/"},"modified":"2013-11-29T16:48:06","modified_gmt":"2013-11-29T14:48:06","slug":"miksi-pieni-talo-preerialla-on-k-18","status":"publish","type":"post","link":"https:\/\/suomenkuvalehti.fi\/kuvien-takaa\/miksi-pieni-talo-preerialla-on-k-18\/","title":{"rendered":"Miksi Pieni talo preerialla on K-18?"},"content":{"rendered":"\n<p>Reuters kertoi koko maailmalle, ett\u00e4 <em>Pieni talo preerialla<\/em> -sarja on Suomessa kielletty alle 18-vuotiailta.<\/p>\n\n\n\n\n<p>Kerrottiin <a href=\"http:\/\/www.reuters.com\/article\/entertainmentNews\/idUSTRE4A48HE20081105?feedType=RSS&amp;feedName=entertainmentNews\">uutisessa<\/a> syykin: jos Suomessa halutaan julkaista jokin kuvaohjelma &#8211; yleens\u00e4 siis valkokankaalla tai dvd:n\u00e4 &#8211; voidaan se joko kiikuttaa Valtion elokuvatarkastamoon, joka antaa maksua vastaan sille ik\u00e4rajan, tai se voidaan julkaista sellaisenaan, jolloin ik\u00e4raja on automaattisesti K-18.<\/p>\n\n\n<figure class=\"wp-block-image size-full alignnone\">\n  <div class=\"wp-block-image__inner-container\">\n    <a href='https:\/\/suomenkuvalehti.fi\/wp-content\/uploads\/sk\/files\/vanhat\/library\/images\/Pieni%20talo%20preerialla%20071108.jpg'><img decoding=\"async\" src=\"https:\/\/suomenkuvalehti.fi\/wp-content\/uploads\/sk\/files\/vanhat\/library\/images\/Pieni%20talo%20preerialla%20071108.jpg\" alt=\"Pieni talo preerialla dvd\"\/><\/a>  <\/div>\n<\/figure>\n\n\n<p>Tarkastusmaksu perit\u00e4\u00e4n keston perusteella, joten pitk\u00e4n televisiosarjan tarkastuttaminen ei ole v\u00e4ltt\u00e4m\u00e4tt\u00e4 kannattavaa.<\/p>\n\n\n\n<p>Maksu on opetusministeri\u00f6n asettama, ja Valtion <a href=\"http:\/\/www.vet.fi\/yleista_maksut.php#elokuvat\">elokuvatarkastamon nettisivuilla<\/a> maksusta kerrotaan n\u00e4in: &#8221;Kuvaohjelman tarkastamisesta peritt\u00e4v\u00e4 maksu on 2 \u20ac jokaista alkavaa ohjelmaminuuttia kohti nelj\u00e4n ensimm\u00e4isen tunnin ajalta ja sen ylitt\u00e4v\u00e4lt\u00e4 ajalta 1,5 euroa kutakin ohjelman alkavaa minuuttia kohden. Maksu on kuitenkin v\u00e4hint\u00e4\u00e4n 36 \u20ac.&#8221;<\/p>\n\n\n\n<p>Pieni talo preerialla ei ole mik\u00e4\u00e4n erityistapaus. Mink\u00e4 tahansa dvd-myyntipisteen hyllyist\u00e4 l\u00f6ytynee runsaasti alle 18-vuotiailta kielletyiksi merkittyj\u00e4 elokuvia ja sarjoja, jotka ovat saaneet tuon ik\u00e4rajan vain koska niit\u00e4 ei ole tarkastutettu.<\/p>\n\n\n\n<p>My\u00f6s elokuvateattereihin tuodaan elokuvia tarkastamatta. Silloin ratkaisu perustuu elokuvan v\u00e4kivaltaisuuteen. Kun maahantuoja on ollut varma, ett\u00e4 K-18 rapsahtaisi, miksi tarkastuttaa elokuvaa ensink\u00e4\u00e4n? N\u00e4in s\u00e4\u00e4styy pari satalappusta, rahaa sekin. Esimerkiksi <em>Saw<\/em>-kauhuelokuvan jatko-osat on tuotu valkokankaalle tarkastuttamatta.<\/p>\n\n\n\n<p>Pelk\u00e4st\u00e4\u00e4n lokakuussa elokuvatarkastamoon on ilmoitettu noin 70 elokuvaa tai sarjaa, jotka tuodaan videomarkkinoille itseannetulla K-18-ik\u00e4rajalla. Joukossa on esimerkiksi <em>Mad Men<\/em> -televisiosarja, er\u00e4\u00e4n kirjakaupan maahantuomia ven\u00e4l\u00e4isi\u00e4 klassikkoelokuvia sek\u00e4 23 <strong>Alfred Hitchcock <\/strong>-klassikkoelokuvan dvd-boksi.<\/p>\n\n\n\n<p>Itseannetun K-18-ik\u00e4rajan eli tarkastamattomuuden erottaa siit\u00e4, ett\u00e4 K-18 lukee takakannessa neli\u00f6nmuotoisissa raameissa. Valtion elokuvatarkastamon antamat ik\u00e4rajat ovat ympyr\u00e4n sis\u00e4ll\u00e4.<\/p>\n\n\n\n<p><strong>Pelleily sy\u00f6<br>uskottavuutta<\/strong><\/p>\n\n\n\n<p>Silloin kahdeksan vuotta sitten, kun nykyinen laki on s\u00e4\u00e4detty, ei lain kirjoittajien mieless\u00e4 varmaankaan ole k\u00e4ynyt, ett\u00e4 kohta kokonaisia sarjoja myyd\u00e4\u00e4n dvd:n\u00e4 yksitt\u00e4isin\u00e4 tuotteina. Eih\u00e4n tuollainen 150-250 euron tarkastusmaksu ole esimerkiksi jonkin elokuvan maahantuonnissa iso kustannus. Mutta 20-osaisen sarjan tarkastamisesta pit\u00e4isikin pulittaa jo pari tonnia.<\/p>\n\n\n\n<p>Nyt her\u00e4\u00e4 kysymys: onko k\u00e4yt\u00e4nt\u00f6 en\u00e4\u00e4 oikeasti toimiva? Eik\u00f6 t\u00e4llainen pelleily sy\u00f6 K-18-ik\u00e4rajan uskottavuutta? Jos <em>Melrose Place<\/em> ja vuoden 1960 <em>Lahjomattomat<\/em>-televisiosarja ovat supermarketin hyllyss\u00e4 K-18, ottaako kukaan ik\u00e4rajaa tosissaan? Saati jos maailman lempein ja vaarattomin ja tylsin sarja Pieni talo preerialla on merkitty vain t\u00e4ysi-ik\u00e4isille soveltuvaksi.<\/p>\n\n\n\n<p>Vaihtoehtoja on jo esitetty. Jos kaikki maahantuonnit pit\u00e4isi tarkastuttaa, kuten ennen vanhaan, tuotevalikoima kapenisi heti. Vain suosituimmat televisiosarjat voitaisiin julkaista dvd:n\u00e4, jos kokonaisen kauden tarkastuttaminen maksaisi pari tuhatta euroa. Ensimm\u00e4isin\u00e4 k\u00e4rsisiv\u00e4t pienen yleis\u00f6n myyntituotteet, toisin sanoen esimerkiksi klassikkoelokuvat ja vanhat sarjat.<\/p>\n\n\n\n<p>Toinen vaihtoehto on se, ett\u00e4 maahantuoja itse asettaisi ik\u00e4rajan. Ylily\u00f6nneilt\u00e4 v\u00e4ltytt\u00e4isiin sill\u00e4, ett\u00e4 jokin valtion elin tekisi tarvittaessa j\u00e4lkivalvontaa ja antaisi huomautuksia tai rangaistuksiakin, jos ik\u00e4rajassa poikettaisiin suuntaa-antavista ohjeista.<\/p>\n\n\n\n<p>Tietenkin se johtaisi joskus vaikeisiin ristiriitoihin. Levitt\u00e4j\u00e4h\u00e4n voisi perustella, ett\u00e4 vaikkapa \u00e4\u00e4rimm\u00e4isen sadistisen <em>The Passion of the Christin<\/em> &#8211; siis sen <strong>Mel Gibsonin<\/strong> Jeesus-veripalttuelokuvan &#8211; ik\u00e4rajan pit\u00e4isi olla matala, koska tarina on kaikille tuttu.<\/p>\n\n\n\n<p>T\u00e4st\u00e4 tulee tavallaan mieleen 1980-luku ja videoiden saapuminen markkinoille. K-18-ik\u00e4raja oli silloin paras mahdollinen myyntivaltti, ja railakkaimmat maahantuojat l\u00e4psiv\u00e4t barbaariseikkailujensa videokansiin jopa mielikuvituksellisia K-20-ik\u00e4rajoja, siis ihan omasta p\u00e4\u00e4st\u00e4\u00e4n keksittyn\u00e4.<\/p>\n\n\n\n<p>Nyt ik\u00e4rajapelleily johtuu hyv\u00e4\u00e4 tarkoittavasta, mutta k\u00e4yt\u00e4nn\u00f6ss\u00e4 vinksahtaneesta laista.<\/p>\n\n\n\n<p><a href=\"http:\/\/www.vet.fi\/elokuvat_ikarajaluokitus.php\">Elokuvien ik\u00e4rajaperusteet VET:n sivuillla<\/a><\/p>\n\n\n\n<p><strong>(Kuva Heikki Saukkomaa \/ Lehtikuva)<\/strong><\/p>\n\n\n\n<p><a href=\"http:\/\/www.suomenkuvalehti.fi\/blogit\/kuvien-takaa\/default.aspx\">Kaikki Kuvien takaa -blogin merkinn\u00e4t l\u00f6yd\u00e4t t\u00e4\u00e4lt\u00e4<\/a><\/p>\n\n\n","protected":false},"excerpt":{"rendered":"<p>Reuters kertoi koko maailmalle, ett\u00e4 Pieni talo preerialla -sarja on Suomessa kielletty alle 18-vuotiailta. Kerrottiin uutisessa syykin: jos Suomessa halutaan julkaista jokin kuvaohjelma &#8211; yleens\u00e4 siis valkokankaalla tai dvd:n\u00e4 &#8211; voidaan se joko kiikuttaa Valtion<br \/>\nel&hellip;<\/p>\n","protected":false},"author":144,"featured_media":0,"comment_status":"open","ping_status":"open","sticky":false,"template":"","format":"standard","meta":{"_acf_changed":false,"asauth_required_access_level":0,"asauth_cansharepaid":"","om_header_attributes":[],"footnotes":"","om_featured_image_focal_point":[],"om_primary_tag":0,"om_contributors":[],"om_co_authors":[],"beyondwords_generate_audio":"","beyondwords_project_id":"","beyondwords_content_id":"","beyondwords_preview_token":"","beyondwords_player_content":"","beyondwords_player_style":"","beyondwords_language_code":"","beyondwords_language_id":"","beyondwords_title_voice_id":"","beyondwords_body_voice_id":"","beyondwords_summary_voice_id":"","beyondwords_error_message":"","beyondwords_disabled":"","beyondwords_delete_content":"","beyondwords_podcast_id":"","beyondwords_hash":"","publish_post_to_speechkit":"","speechkit_hash":"","speechkit_generate_audio":"","speechkit_project_id":"","speechkit_podcast_id":"","speechkit_error_message":"","speechkit_disabled":"","speechkit_access_key":"","speechkit_error":"","speechkit_info":"","speechkit_response":"","speechkit_retries":"","speechkit_status":"","speechkit_updated_at":"","_speechkit_link":"","_speechkit_text":""},"categories":[1],"tags":[188,1771,897,926],"class_list":["post-1124","post","type-post","status-publish","format-standard","hentry","category-kuvien-takaa","tag-k-18","tag-pieni-talo-preerialla","tag-televisio-ohjelmat","tag-valtion-elokuvatarkastamo"],"om_views":null,"acf":{"tuuma_off":false,"tuuma_kysymys":"","tuuma_vastaus":""},"asauth":{"required_access_level":1,"share_token":"","is_paid":false},"yoast_head":"<!-- This site is optimized with the Yoast SEO plugin v26.4 - https:\/\/yoast.com\/wordpress\/plugins\/seo\/ -->\n<title>Miksi Pieni talo preerialla on K-18? - Kuvien takaa<\/title>\n<meta name=\"robots\" content=\"index, follow, max-snippet:-1, max-image-preview:large, max-video-preview:-1\" \/>\n<link rel=\"canonical\" href=\"https:\/\/suomenkuvalehti.fi\/kuvien-takaa\/miksi-pieni-talo-preerialla-on-k-18\/\" \/>\n<meta property=\"og:locale\" content=\"fi_FI\" \/>\n<meta property=\"og:type\" content=\"article\" \/>\n<meta property=\"og:title\" content=\"Miksi Pieni talo preerialla on K-18? - Kuvien takaa\" \/>\n<meta property=\"og:description\" content=\"Reuters kertoi koko maailmalle, ett\u00e4 Pieni talo preerialla -sarja on Suomessa kielletty alle 18-vuotiailta. Kerrottiin uutisessa syykin: jos Suomessa halutaan julkaista jokin kuvaohjelma &#8211; yleens\u00e4 siis valkokankaalla tai dvd:n\u00e4 &#8211; voidaan se joko kiikuttaa Valtion el&hellip;\" \/>\n<meta property=\"og:url\" content=\"https:\/\/suomenkuvalehti.fi\/kuvien-takaa\/miksi-pieni-talo-preerialla-on-k-18\/\" \/>\n<meta property=\"og:site_name\" content=\"Kuvien takaa\" \/>\n<meta property=\"article:author\" content=\"https:\/\/www.facebook.com\/pages\/Kalle-Kinnunen-Kuvien-takaa\/190326157715410?fref=ts\" \/>\n<meta property=\"article:published_time\" content=\"2008-11-07T15:15:16+00:00\" \/>\n<meta property=\"article:modified_time\" content=\"2013-11-29T14:48:06+00:00\" \/>\n<meta property=\"og:image\" content=\"https:\/\/suomenkuvalehti.fi\/wp-content\/uploads\/sk\/files\/vanhat\/library\/images\/Pieni%20talo%20preerialla%20071108.jpg\" \/>\n<meta name=\"author\" content=\"Kalle Kinnunen\" \/>\n<meta name=\"twitter:card\" content=\"summary_large_image\" \/>\n<meta name=\"twitter:creator\" content=\"@https:\/\/twitter.com\/kallekinnunen\" \/>\n<meta name=\"twitter:label1\" content=\"Written by\" \/>\n\t<meta name=\"twitter:data1\" content=\"Kalle Kinnunen\" \/>\n\t<meta name=\"twitter:label2\" content=\"Est. reading time\" \/>\n\t<meta name=\"twitter:data2\" content=\"3 minuuttia\" \/>\n<script type=\"application\/ld+json\" class=\"yoast-schema-graph\">{\"@context\":\"https:\/\/schema.org\",\"@graph\":[{\"@type\":\"WebPage\",\"@id\":\"https:\/\/suomenkuvalehti.fi\/kuvien-takaa\/miksi-pieni-talo-preerialla-on-k-18\/\",\"url\":\"https:\/\/suomenkuvalehti.fi\/kuvien-takaa\/miksi-pieni-talo-preerialla-on-k-18\/\",\"name\":\"Miksi Pieni talo preerialla on K-18? - Kuvien takaa\",\"isPartOf\":{\"@id\":\"https:\/\/suomenkuvalehti.fi\/kuvien-takaa\/#website\"},\"primaryImageOfPage\":{\"@id\":\"https:\/\/suomenkuvalehti.fi\/kuvien-takaa\/miksi-pieni-talo-preerialla-on-k-18\/#primaryimage\"},\"image\":{\"@id\":\"https:\/\/suomenkuvalehti.fi\/kuvien-takaa\/miksi-pieni-talo-preerialla-on-k-18\/#primaryimage\"},\"thumbnailUrl\":\"https:\/\/suomenkuvalehti.fi\/wp-content\/uploads\/sk\/files\/vanhat\/library\/images\/Pieni%20talo%20preerialla%20071108.jpg\",\"datePublished\":\"2008-11-07T15:15:16+00:00\",\"dateModified\":\"2013-11-29T14:48:06+00:00\",\"author\":{\"@id\":\"https:\/\/suomenkuvalehti.fi\/kuvien-takaa\/#\/schema\/person\/f3f657e4ad409e008f12af27bec60a23\"},\"breadcrumb\":{\"@id\":\"https:\/\/suomenkuvalehti.fi\/kuvien-takaa\/miksi-pieni-talo-preerialla-on-k-18\/#breadcrumb\"},\"inLanguage\":\"fi\",\"potentialAction\":[{\"@type\":\"ReadAction\",\"target\":[\"https:\/\/suomenkuvalehti.fi\/kuvien-takaa\/miksi-pieni-talo-preerialla-on-k-18\/\"]}]},{\"@type\":\"ImageObject\",\"inLanguage\":\"fi\",\"@id\":\"https:\/\/suomenkuvalehti.fi\/kuvien-takaa\/miksi-pieni-talo-preerialla-on-k-18\/#primaryimage\",\"url\":\"https:\/\/suomenkuvalehti.fi\/wp-content\/uploads\/sk\/files\/vanhat\/library\/images\/Pieni%20talo%20preerialla%20071108.jpg\",\"contentUrl\":\"https:\/\/suomenkuvalehti.fi\/wp-content\/uploads\/sk\/files\/vanhat\/library\/images\/Pieni%20talo%20preerialla%20071108.jpg\"},{\"@type\":\"BreadcrumbList\",\"@id\":\"https:\/\/suomenkuvalehti.fi\/kuvien-takaa\/miksi-pieni-talo-preerialla-on-k-18\/#breadcrumb\",\"itemListElement\":[{\"@type\":\"ListItem\",\"position\":1,\"name\":\"Home\",\"item\":\"https:\/\/suomenkuvalehti.fi\/kuvien-takaa\/\"},{\"@type\":\"ListItem\",\"position\":2,\"name\":\"Miksi Pieni talo preerialla on K-18?\"}]},{\"@type\":\"WebSite\",\"@id\":\"https:\/\/suomenkuvalehti.fi\/kuvien-takaa\/#website\",\"url\":\"https:\/\/suomenkuvalehti.fi\/kuvien-takaa\/\",\"name\":\"Kuvien takaa\",\"description\":\"Elokuvakriitikko Kalle Kinnusen elokuvablogi.\",\"potentialAction\":[{\"@type\":\"SearchAction\",\"target\":{\"@type\":\"EntryPoint\",\"urlTemplate\":\"https:\/\/suomenkuvalehti.fi\/haku\/?q={search_term_string}\"},\"query-input\":{\"@type\":\"PropertyValueSpecification\",\"valueRequired\":true,\"valueName\":\"search_term_string\"}}],\"inLanguage\":\"fi\"},{\"@type\":\"Person\",\"@id\":\"https:\/\/suomenkuvalehti.fi\/kuvien-takaa\/#\/schema\/person\/f3f657e4ad409e008f12af27bec60a23\",\"name\":\"Kalle Kinnunen\",\"image\":{\"@type\":\"ImageObject\",\"inLanguage\":\"fi\",\"@id\":\"https:\/\/suomenkuvalehti.fi\/kuvien-takaa\/#\/schema\/person\/image\/\",\"url\":\"https:\/\/suomenkuvalehti.fi\/kuvien-takaa\/wp-content\/uploads\/sites\/11\/2022\/04\/kalle_kinnunen_blogi-1-150x150.jpg\",\"contentUrl\":\"https:\/\/suomenkuvalehti.fi\/kuvien-takaa\/wp-content\/uploads\/sites\/11\/2022\/04\/kalle_kinnunen_blogi-1-150x150.jpg\",\"caption\":\"Kalle Kinnunen\"},\"description\":\"Kalle Kinnunen on vapaa toimittaja ja Suomen Kuvalehden avustaja.\",\"sameAs\":[\"https:\/\/www.facebook.com\/pages\/Kalle-Kinnunen-Kuvien-takaa\/190326157715410?fref=ts\",\"https:\/\/x.com\/https:\/\/twitter.com\/kallekinnunen\"]}]}<\/script>\n<!-- \/ Yoast SEO plugin. -->","yoast_head_json":{"title":"Miksi Pieni talo preerialla on K-18? - Kuvien takaa","robots":{"index":"index","follow":"follow","max-snippet":"max-snippet:-1","max-image-preview":"max-image-preview:large","max-video-preview":"max-video-preview:-1"},"canonical":"https:\/\/suomenkuvalehti.fi\/kuvien-takaa\/miksi-pieni-talo-preerialla-on-k-18\/","og_locale":"fi_FI","og_type":"article","og_title":"Miksi Pieni talo preerialla on K-18? - Kuvien takaa","og_description":"Reuters kertoi koko maailmalle, ett\u00e4 Pieni talo preerialla -sarja on Suomessa kielletty alle 18-vuotiailta. Kerrottiin uutisessa syykin: jos Suomessa halutaan julkaista jokin kuvaohjelma &#8211; yleens\u00e4 siis valkokankaalla tai dvd:n\u00e4 &#8211; voidaan se joko kiikuttaa Valtion el&hellip;","og_url":"https:\/\/suomenkuvalehti.fi\/kuvien-takaa\/miksi-pieni-talo-preerialla-on-k-18\/","og_site_name":"Kuvien takaa","article_author":"https:\/\/www.facebook.com\/pages\/Kalle-Kinnunen-Kuvien-takaa\/190326157715410?fref=ts","article_published_time":"2008-11-07T15:15:16+00:00","article_modified_time":"2013-11-29T14:48:06+00:00","og_image":[{"url":"https:\/\/suomenkuvalehti.fi\/wp-content\/uploads\/sk\/files\/vanhat\/library\/images\/Pieni%20talo%20preerialla%20071108.jpg","type":"","width":"","height":""}],"author":"Kalle Kinnunen","twitter_card":"summary_large_image","twitter_creator":"@https:\/\/twitter.com\/kallekinnunen","twitter_misc":{"Written by":"Kalle Kinnunen","Est. reading time":"3 minuuttia"},"schema":{"@context":"https:\/\/schema.org","@graph":[{"@type":"WebPage","@id":"https:\/\/suomenkuvalehti.fi\/kuvien-takaa\/miksi-pieni-talo-preerialla-on-k-18\/","url":"https:\/\/suomenkuvalehti.fi\/kuvien-takaa\/miksi-pieni-talo-preerialla-on-k-18\/","name":"Miksi Pieni talo preerialla on K-18? - Kuvien takaa","isPartOf":{"@id":"https:\/\/suomenkuvalehti.fi\/kuvien-takaa\/#website"},"primaryImageOfPage":{"@id":"https:\/\/suomenkuvalehti.fi\/kuvien-takaa\/miksi-pieni-talo-preerialla-on-k-18\/#primaryimage"},"image":{"@id":"https:\/\/suomenkuvalehti.fi\/kuvien-takaa\/miksi-pieni-talo-preerialla-on-k-18\/#primaryimage"},"thumbnailUrl":"https:\/\/suomenkuvalehti.fi\/wp-content\/uploads\/sk\/files\/vanhat\/library\/images\/Pieni%20talo%20preerialla%20071108.jpg","datePublished":"2008-11-07T15:15:16+00:00","dateModified":"2013-11-29T14:48:06+00:00","author":{"@id":"https:\/\/suomenkuvalehti.fi\/kuvien-takaa\/#\/schema\/person\/f3f657e4ad409e008f12af27bec60a23"},"breadcrumb":{"@id":"https:\/\/suomenkuvalehti.fi\/kuvien-takaa\/miksi-pieni-talo-preerialla-on-k-18\/#breadcrumb"},"inLanguage":"fi","potentialAction":[{"@type":"ReadAction","target":["https:\/\/suomenkuvalehti.fi\/kuvien-takaa\/miksi-pieni-talo-preerialla-on-k-18\/"]}]},{"@type":"ImageObject","inLanguage":"fi","@id":"https:\/\/suomenkuvalehti.fi\/kuvien-takaa\/miksi-pieni-talo-preerialla-on-k-18\/#primaryimage","url":"https:\/\/suomenkuvalehti.fi\/wp-content\/uploads\/sk\/files\/vanhat\/library\/images\/Pieni%20talo%20preerialla%20071108.jpg","contentUrl":"https:\/\/suomenkuvalehti.fi\/wp-content\/uploads\/sk\/files\/vanhat\/library\/images\/Pieni%20talo%20preerialla%20071108.jpg"},{"@type":"BreadcrumbList","@id":"https:\/\/suomenkuvalehti.fi\/kuvien-takaa\/miksi-pieni-talo-preerialla-on-k-18\/#breadcrumb","itemListElement":[{"@type":"ListItem","position":1,"name":"Home","item":"https:\/\/suomenkuvalehti.fi\/kuvien-takaa\/"},{"@type":"ListItem","position":2,"name":"Miksi Pieni talo preerialla on K-18?"}]},{"@type":"WebSite","@id":"https:\/\/suomenkuvalehti.fi\/kuvien-takaa\/#website","url":"https:\/\/suomenkuvalehti.fi\/kuvien-takaa\/","name":"Kuvien takaa","description":"Elokuvakriitikko Kalle Kinnusen elokuvablogi.","potentialAction":[{"@type":"SearchAction","target":{"@type":"EntryPoint","urlTemplate":"https:\/\/suomenkuvalehti.fi\/haku\/?q={search_term_string}"},"query-input":{"@type":"PropertyValueSpecification","valueRequired":true,"valueName":"search_term_string"}}],"inLanguage":"fi"},{"@type":"Person","@id":"https:\/\/suomenkuvalehti.fi\/kuvien-takaa\/#\/schema\/person\/f3f657e4ad409e008f12af27bec60a23","name":"Kalle Kinnunen","image":{"@type":"ImageObject","inLanguage":"fi","@id":"https:\/\/suomenkuvalehti.fi\/kuvien-takaa\/#\/schema\/person\/image\/","url":"https:\/\/suomenkuvalehti.fi\/kuvien-takaa\/wp-content\/uploads\/sites\/11\/2022\/04\/kalle_kinnunen_blogi-1-150x150.jpg","contentUrl":"https:\/\/suomenkuvalehti.fi\/kuvien-takaa\/wp-content\/uploads\/sites\/11\/2022\/04\/kalle_kinnunen_blogi-1-150x150.jpg","caption":"Kalle Kinnunen"},"description":"Kalle Kinnunen on vapaa toimittaja ja Suomen Kuvalehden avustaja.","sameAs":["https:\/\/www.facebook.com\/pages\/Kalle-Kinnunen-Kuvien-takaa\/190326157715410?fref=ts","https:\/\/x.com\/https:\/\/twitter.com\/kallekinnunen"]}]}},"_links":{"self":[{"href":"https:\/\/suomenkuvalehti.fi\/kuvien-takaa\/wp-json\/wp\/v2\/posts\/1124","targetHints":{"allow":["GET"]}}],"collection":[{"href":"https:\/\/suomenkuvalehti.fi\/kuvien-takaa\/wp-json\/wp\/v2\/posts"}],"about":[{"href":"https:\/\/suomenkuvalehti.fi\/kuvien-takaa\/wp-json\/wp\/v2\/types\/post"}],"author":[{"embeddable":true,"href":"https:\/\/suomenkuvalehti.fi\/kuvien-takaa\/wp-json\/wp\/v2\/users\/144"}],"replies":[{"embeddable":true,"href":"https:\/\/suomenkuvalehti.fi\/kuvien-takaa\/wp-json\/wp\/v2\/comments?post=1124"}],"version-history":[{"count":1,"href":"https:\/\/suomenkuvalehti.fi\/kuvien-takaa\/wp-json\/wp\/v2\/posts\/1124\/revisions"}],"predecessor-version":[{"id":1585,"href":"https:\/\/suomenkuvalehti.fi\/kuvien-takaa\/wp-json\/wp\/v2\/posts\/1124\/revisions\/1585"}],"wp:attachment":[{"href":"https:\/\/suomenkuvalehti.fi\/kuvien-takaa\/wp-json\/wp\/v2\/media?parent=1124"}],"wp:term":[{"taxonomy":"category","embeddable":true,"href":"https:\/\/suomenkuvalehti.fi\/kuvien-takaa\/wp-json\/wp\/v2\/categories?post=1124"},{"taxonomy":"post_tag","embeddable":true,"href":"https:\/\/suomenkuvalehti.fi\/kuvien-takaa\/wp-json\/wp\/v2\/tags?post=1124"}],"curies":[{"name":"wp","href":"https:\/\/api.w.org\/{rel}","templated":true}]}}