{"id":1121,"date":"2008-11-11T05:09:10","date_gmt":"2008-11-11T03:09:10","guid":{"rendered":"https:\/\/suomenkuvalehti.fi\/kuvientakaa\/2008\/11\/11\/joaquin-phoenix-on-hyvin-sekaisin\/"},"modified":"2013-11-29T16:48:06","modified_gmt":"2013-11-29T14:48:06","slug":"joaquin-phoenix-on-hyvin-sekaisin","status":"publish","type":"post","link":"https:\/\/suomenkuvalehti.fi\/kuvien-takaa\/joaquin-phoenix-on-hyvin-sekaisin\/","title":{"rendered":"Joaquin Phoenix on hyvin sekaisin"},"content":{"rendered":"\n<p>Viime viikolla uutisoitiin <strong>Joaquin Phoenixin<\/strong> lopettavan n\u00e4yttelemisen. L\u00e4hde oli kuitenkin hieman ep\u00e4luotettava &#8211; Phoenix itse.<\/p>\n\n\n\n\n<p>T\u00e4ss\u00e4 <em>E! Entertainmentin<\/em><a href=\"http:\/\/uk.eonline.com\/uberblog\/b65963_Joaquin_Phoenix_Calls_It_a_Career_.html\">video<\/a>.<\/p>\n\n\n<figure class=\"wp-block-image size-full alignnone\">\n  <div class=\"wp-block-image__inner-container\">\n    <a href='https:\/\/suomenkuvalehti.fi\/wp-content\/uploads\/sk\/files\/vanhat\/library\/images\/Joaquin%20Phoenix%20101108.jpg'><img decoding=\"async\" src=\"https:\/\/suomenkuvalehti.fi\/wp-content\/uploads\/sk\/files\/vanhat\/library\/images\/Joaquin%20Phoenix%20101108.jpg\" alt=\"Actor Joaquin Phoenix arrives at the premiere of &quot;Che&quot; during AFI Fest 2008 on Saturday, Nov. 1, 2008. (AP Photo\/Matt Sayles)\"\/><\/a>  <\/div>\n<\/figure>\n\n\n<p>Olen tavannut kaksinkertaisen Oscar-ehdokkaan viime vuonna Cannesin elokuvajuhlilla. H\u00e4n oli sekaisin. Hyvin sekaisin. En tied\u00e4, oliko syy p\u00e4ihteiss\u00e4, l\u00e4\u00e4kityksess\u00e4 tai l\u00e4\u00e4kityksen puutteessa, mutta Phoenix ei edes yritt\u00e4nyt esitt\u00e4\u00e4 t\u00e4ysp\u00e4ist\u00e4.<\/p>\n\n\n\n<p>Phoenixilla on ongelmansa. H\u00e4nen isoveljens\u00e4 <strong>River<\/strong> kuoli huumeiden yliannostukseen y\u00f6kerhon pihalle 1993, juuri noustuaan huipulle. Joaquin oli paikalla.<\/p>\n\n\n\n<p>Kun Joaquin oli saanut valmiiksi <em>Walk the Linen<\/em>, josta h\u00e4n my\u00f6hemmin voitti Golden Globen, joutui h\u00e4n suunnilleen suoraan kuvauksista katkaisuhoitoon.<\/p>\n\n\n\n<p>Cannesissa kyseess\u00e4 oli haastattelu <em>We Own the Night<\/em> -elokuvan tiimoilta. Phoenix saapui Carlton-hotellin salin haastattelup\u00f6yt\u00e4\u00e4n reippaan oloisena, leve\u00e4sti hymyillen, istui alas ja n\u00e4ytti yht\u00e4kki\u00e4 silt\u00e4, kuin olisi unohtanut mihin tuli. Mit\u00e4 kuuluu -kysymykseen h\u00e4n vastasi poissaolevasti &#8221;joo&#8221;.<\/p>\n\n\n\n<p>Mik\u00e4\u00e4n ei olisi voinut kiinnostaa Phoenixia v\u00e4hemm\u00e4n kuin lehdist\u00f6lle puhuminen.<\/p>\n\n\n\n<p>Kirjoitin kohtaamisesta my\u00f6hemmin jutun <em>Imageen<\/em>. Alla joitain sitaatteja siit\u00e4, my\u00f6s ennen julkaisemattomia.<\/p>\n\n\n\n<p><strong>&#8221;En halua tekosyit\u00e4<br>ep\u00e4onnistumiselle!&#8221;<\/strong><\/p>\n\n\n\n<p>&#8221;En halua kuulla kun ihmiset puhuvat elokuvistaan! Haluan joko n\u00e4hd\u00e4 ne tai sitten en! Elokuvantekij\u00e4ll\u00e4 oli mahdollisuus tehd\u00e4 elokuva kunnolla ja sanoa sanottavansa. En halua tiet\u00e4\u00e4, mik\u00e4 oli jonkin kohtauksen tarkoitus tekij\u00e4n mielest\u00e4, tai lukea tekosyit\u00e4 ep\u00e4onnistumiselle!&#8221;<\/p>\n\n\n\n<p>\u201cJokainen Oscar-ehdokas saa l\u00e4j\u00e4n toimintaleffojen k\u00e4sikirjoituksia, koska studiot haluavat lainata h\u00e4nen uskottavuuttaan sysipaskoihin elokuviinsa. Harvat roolit ovat kiinnostavia. Aika action- ja poikki -huutojen v\u00e4lill\u00e4 on lyhyt ja kaikki muu on odottelemista. Haluan rooleja, jotka ty\u00f6nt\u00e4v\u00e4t minut uudelle alueelle. En halua perheeni kuvia asuntovaununi seinille kuvauksiin. En halua asuntovaunuun espressokonetta. Haluaisin vain istua isossa mustassa laatikossa kohtausteni v\u00e4lill\u00e4.&#8221;<\/p>\n\n\n\n<p><strong>Mik\u00e4 on Phoenixille rakkain h\u00e4nen omista rooleistaan? <\/strong><br>\u201cEn sano. Kyll\u00e4 sin\u00e4 tied\u00e4t, mitk\u00e4 ovat t\u00e4rkeimm\u00e4t roolit urani kannalta, ei minun tarvitse kertoa. Mmm, mik\u00e4 olikaan kysymys? Anteeksi. Unohdin sen. Ihan oikeasti?&#8221;<\/p>\n\n\n\n<p><strong>(Kysymys toistetaan.)<\/strong><\/p>\n\n\n\n<p>\u201cKaikki ovat t\u00e4rkeit\u00e4! Hinnalla mill\u00e4 hyv\u00e4ns\u00e4 on vaikuttanut yht\u00e4 paljon kuin Walk the Line tai <em>Gladiaattori<\/em>. Jokainen kokemus vaikuttaa ihmiseen. Ei aina tavalla, josta olisi tietoinen tai jota osaisi m\u00e4\u00e4ritell\u00e4. Ne kaikki ovat osa kasvuasi. Tai sy\u00f6ksykierrett\u00e4si. Hah! Olipas loistava vitsi!&#8221;<\/p>\n\n\n\n<p><strong>Mit\u00e4 perhe merkitsee sinulle? (Olennainen kysymys, kun elokuva kertoo ennen kaikkea perheest\u00e4.)<\/strong><br>&#8221;Min\u00e4 tied\u00e4n, mit\u00e4 se minulle merkitsee. Eik\u00e4 minun tarvitse jakaa sit\u00e4 kanssasi. Kiitos kuitenkin, kun v\u00e4lit\u00e4t.&#8221;<\/p>\n\n\n\n<p>\u201cMit\u00e4 tahansa mit\u00e4 kirjoitatte on coolimpaa ja saa minut n\u00e4ytt\u00e4m\u00e4\u00e4n paremmalta kuin mit\u00e4 todellisuus on, joten kirjoittakaa ihan mit\u00e4 tykk\u00e4\u00e4tte. Ihan vakavasti.&#8221;<\/p>\n\n\n\n<p>Sellainen tapaus. Rehellinen vai sekaisin? P\u00e4\u00e4tt\u00e4k\u00e4\u00e4 itse.<\/p>\n\n\n\n<p>Hyv\u00e4 n\u00e4yttelij\u00e4 Phoenix ainakin on. T\u00e4n\u00e4 vuonna Cannesissa esitettiin <em>Two Lovers<\/em>, joka saadaan Suomeen toivottavasti alkukev\u00e4\u00e4st\u00e4. Siin\u00e4 Phoenix tekee hienon n\u00f6rttiroolin, j\u00e4lleen jotain uutta. Cannesiin h\u00e4n ei kuitenkaan itse t\u00e4ll\u00e4 kertaa p\u00e4\u00e4ssyt &#8211; h\u00e4n joutui sairaalaan juuri kun olisi pit\u00e4nyt lent\u00e4\u00e4 Ranskaan&#8230;<\/p>\n\n\n\n<p><strong>(Kuva Matt Sayles \/ AP \/ Lehtikuva: Joaquin Phoenix Che-elokuvan AFI Festin ensi-illassa Los Angelesissa 1. marraskuuta 2008.) <\/strong><\/p>\n\n\n\n<p><a href=\"http:\/\/www.suomenkuvalehti.fi\/blogit\/kuvien-takaa\/default.aspx\">Kaikki Kuvien takaa -blogin merkinn\u00e4t l\u00f6yd\u00e4t t\u00e4\u00e4lt\u00e4<\/a><\/p>\n\n\n","protected":false},"excerpt":{"rendered":"<p>Viime viikolla uutisoitiin Joaquin Phoenixin lopettavan n\u00e4yttelemisen. L\u00e4hde oli kuitenkin hieman ep\u00e4luotettava &#8211; Phoenix itse. T\u00e4ss\u00e4 E! Entertainmentinvideo. Olen tavannut kaksinkertaisen Oscar-ehdokkaan viime vuonna Cannesin elokuvajuhlilla. H\u00e4n oli sekaisin. Hyvin sekaisin. En<br \/>\ntied\u00e4&hellip;<\/p>\n","protected":false},"author":144,"featured_media":0,"comment_status":"open","ping_status":"open","sticky":false,"template":"","format":"standard","meta":{"_acf_changed":false,"asauth_required_access_level":0,"asauth_cansharepaid":"","om_header_attributes":[],"footnotes":"","om_featured_image_focal_point":[],"om_primary_tag":0,"om_contributors":[],"om_co_authors":[],"beyondwords_generate_audio":"","beyondwords_project_id":"","beyondwords_content_id":"","beyondwords_preview_token":"","beyondwords_player_content":"","beyondwords_player_style":"","beyondwords_language_code":"","beyondwords_language_id":"","beyondwords_title_voice_id":"","beyondwords_body_voice_id":"","beyondwords_summary_voice_id":"","beyondwords_error_message":"","beyondwords_disabled":"","beyondwords_delete_content":"","beyondwords_podcast_id":"","beyondwords_hash":"","publish_post_to_speechkit":"","speechkit_hash":"","speechkit_generate_audio":"","speechkit_project_id":"","speechkit_podcast_id":"","speechkit_error_message":"","speechkit_disabled":"","speechkit_access_key":"","speechkit_error":"","speechkit_info":"","speechkit_response":"","speechkit_retries":"","speechkit_status":"","speechkit_updated_at":"","_speechkit_link":"","_speechkit_text":""},"categories":[1],"tags":[1102,700,1767],"class_list":["post-1121","post","type-post","status-publish","format-standard","hentry","category-kuvien-takaa","tag-joaquin-phoenix","tag-nayttelijat","tag-sitaatit"],"om_views":null,"acf":{"tuuma_off":false,"tuuma_kysymys":"","tuuma_vastaus":""},"asauth":{"required_access_level":1,"share_token":"","is_paid":false},"yoast_head":"<!-- This site is optimized with the Yoast SEO plugin v26.4 - https:\/\/yoast.com\/wordpress\/plugins\/seo\/ -->\n<title>Joaquin Phoenix on hyvin sekaisin - Kuvien takaa<\/title>\n<meta name=\"robots\" content=\"index, follow, max-snippet:-1, max-image-preview:large, max-video-preview:-1\" \/>\n<link rel=\"canonical\" href=\"https:\/\/suomenkuvalehti.fi\/kuvien-takaa\/joaquin-phoenix-on-hyvin-sekaisin\/\" \/>\n<meta property=\"og:locale\" content=\"fi_FI\" \/>\n<meta property=\"og:type\" content=\"article\" \/>\n<meta property=\"og:title\" content=\"Joaquin Phoenix on hyvin sekaisin - Kuvien takaa\" \/>\n<meta property=\"og:description\" content=\"Viime viikolla uutisoitiin Joaquin Phoenixin lopettavan n\u00e4yttelemisen. L\u00e4hde oli kuitenkin hieman ep\u00e4luotettava &#8211; Phoenix itse. T\u00e4ss\u00e4 E! Entertainmentinvideo. Olen tavannut kaksinkertaisen Oscar-ehdokkaan viime vuonna Cannesin elokuvajuhlilla. H\u00e4n oli sekaisin. Hyvin sekaisin. En tied\u00e4&hellip;\" \/>\n<meta property=\"og:url\" content=\"https:\/\/suomenkuvalehti.fi\/kuvien-takaa\/joaquin-phoenix-on-hyvin-sekaisin\/\" \/>\n<meta property=\"og:site_name\" content=\"Kuvien takaa\" \/>\n<meta property=\"article:author\" content=\"https:\/\/www.facebook.com\/pages\/Kalle-Kinnunen-Kuvien-takaa\/190326157715410?fref=ts\" \/>\n<meta property=\"article:published_time\" content=\"2008-11-11T03:09:10+00:00\" \/>\n<meta property=\"article:modified_time\" content=\"2013-11-29T14:48:06+00:00\" \/>\n<meta property=\"og:image\" content=\"https:\/\/suomenkuvalehti.fi\/wp-content\/uploads\/sk\/files\/vanhat\/library\/images\/Joaquin%20Phoenix%20101108.jpg\" \/>\n<meta name=\"author\" content=\"Kalle Kinnunen\" \/>\n<meta name=\"twitter:card\" content=\"summary_large_image\" \/>\n<meta name=\"twitter:creator\" content=\"@https:\/\/twitter.com\/kallekinnunen\" \/>\n<meta name=\"twitter:label1\" content=\"Written by\" \/>\n\t<meta name=\"twitter:data1\" content=\"Kalle Kinnunen\" \/>\n\t<meta name=\"twitter:label2\" content=\"Est. reading time\" \/>\n\t<meta name=\"twitter:data2\" content=\"3 minuuttia\" \/>\n<script type=\"application\/ld+json\" class=\"yoast-schema-graph\">{\"@context\":\"https:\/\/schema.org\",\"@graph\":[{\"@type\":\"WebPage\",\"@id\":\"https:\/\/suomenkuvalehti.fi\/kuvien-takaa\/joaquin-phoenix-on-hyvin-sekaisin\/\",\"url\":\"https:\/\/suomenkuvalehti.fi\/kuvien-takaa\/joaquin-phoenix-on-hyvin-sekaisin\/\",\"name\":\"Joaquin Phoenix on hyvin sekaisin - Kuvien takaa\",\"isPartOf\":{\"@id\":\"https:\/\/suomenkuvalehti.fi\/kuvien-takaa\/#website\"},\"primaryImageOfPage\":{\"@id\":\"https:\/\/suomenkuvalehti.fi\/kuvien-takaa\/joaquin-phoenix-on-hyvin-sekaisin\/#primaryimage\"},\"image\":{\"@id\":\"https:\/\/suomenkuvalehti.fi\/kuvien-takaa\/joaquin-phoenix-on-hyvin-sekaisin\/#primaryimage\"},\"thumbnailUrl\":\"https:\/\/suomenkuvalehti.fi\/wp-content\/uploads\/sk\/files\/vanhat\/library\/images\/Joaquin%20Phoenix%20101108.jpg\",\"datePublished\":\"2008-11-11T03:09:10+00:00\",\"dateModified\":\"2013-11-29T14:48:06+00:00\",\"author\":{\"@id\":\"https:\/\/suomenkuvalehti.fi\/kuvien-takaa\/#\/schema\/person\/f3f657e4ad409e008f12af27bec60a23\"},\"breadcrumb\":{\"@id\":\"https:\/\/suomenkuvalehti.fi\/kuvien-takaa\/joaquin-phoenix-on-hyvin-sekaisin\/#breadcrumb\"},\"inLanguage\":\"fi\",\"potentialAction\":[{\"@type\":\"ReadAction\",\"target\":[\"https:\/\/suomenkuvalehti.fi\/kuvien-takaa\/joaquin-phoenix-on-hyvin-sekaisin\/\"]}]},{\"@type\":\"ImageObject\",\"inLanguage\":\"fi\",\"@id\":\"https:\/\/suomenkuvalehti.fi\/kuvien-takaa\/joaquin-phoenix-on-hyvin-sekaisin\/#primaryimage\",\"url\":\"https:\/\/suomenkuvalehti.fi\/wp-content\/uploads\/sk\/files\/vanhat\/library\/images\/Joaquin%20Phoenix%20101108.jpg\",\"contentUrl\":\"https:\/\/suomenkuvalehti.fi\/wp-content\/uploads\/sk\/files\/vanhat\/library\/images\/Joaquin%20Phoenix%20101108.jpg\"},{\"@type\":\"BreadcrumbList\",\"@id\":\"https:\/\/suomenkuvalehti.fi\/kuvien-takaa\/joaquin-phoenix-on-hyvin-sekaisin\/#breadcrumb\",\"itemListElement\":[{\"@type\":\"ListItem\",\"position\":1,\"name\":\"Home\",\"item\":\"https:\/\/suomenkuvalehti.fi\/kuvien-takaa\/\"},{\"@type\":\"ListItem\",\"position\":2,\"name\":\"Joaquin Phoenix on hyvin sekaisin\"}]},{\"@type\":\"WebSite\",\"@id\":\"https:\/\/suomenkuvalehti.fi\/kuvien-takaa\/#website\",\"url\":\"https:\/\/suomenkuvalehti.fi\/kuvien-takaa\/\",\"name\":\"Kuvien takaa\",\"description\":\"Elokuvakriitikko Kalle Kinnusen elokuvablogi.\",\"potentialAction\":[{\"@type\":\"SearchAction\",\"target\":{\"@type\":\"EntryPoint\",\"urlTemplate\":\"https:\/\/suomenkuvalehti.fi\/haku\/?q={search_term_string}\"},\"query-input\":{\"@type\":\"PropertyValueSpecification\",\"valueRequired\":true,\"valueName\":\"search_term_string\"}}],\"inLanguage\":\"fi\"},{\"@type\":\"Person\",\"@id\":\"https:\/\/suomenkuvalehti.fi\/kuvien-takaa\/#\/schema\/person\/f3f657e4ad409e008f12af27bec60a23\",\"name\":\"Kalle Kinnunen\",\"image\":{\"@type\":\"ImageObject\",\"inLanguage\":\"fi\",\"@id\":\"https:\/\/suomenkuvalehti.fi\/kuvien-takaa\/#\/schema\/person\/image\/\",\"url\":\"https:\/\/suomenkuvalehti.fi\/kuvien-takaa\/wp-content\/uploads\/sites\/11\/2022\/04\/kalle_kinnunen_blogi-1-150x150.jpg\",\"contentUrl\":\"https:\/\/suomenkuvalehti.fi\/kuvien-takaa\/wp-content\/uploads\/sites\/11\/2022\/04\/kalle_kinnunen_blogi-1-150x150.jpg\",\"caption\":\"Kalle Kinnunen\"},\"description\":\"Kalle Kinnunen on vapaa toimittaja ja Suomen Kuvalehden avustaja.\",\"sameAs\":[\"https:\/\/www.facebook.com\/pages\/Kalle-Kinnunen-Kuvien-takaa\/190326157715410?fref=ts\",\"https:\/\/x.com\/https:\/\/twitter.com\/kallekinnunen\"]}]}<\/script>\n<!-- \/ Yoast SEO plugin. -->","yoast_head_json":{"title":"Joaquin Phoenix on hyvin sekaisin - Kuvien takaa","robots":{"index":"index","follow":"follow","max-snippet":"max-snippet:-1","max-image-preview":"max-image-preview:large","max-video-preview":"max-video-preview:-1"},"canonical":"https:\/\/suomenkuvalehti.fi\/kuvien-takaa\/joaquin-phoenix-on-hyvin-sekaisin\/","og_locale":"fi_FI","og_type":"article","og_title":"Joaquin Phoenix on hyvin sekaisin - Kuvien takaa","og_description":"Viime viikolla uutisoitiin Joaquin Phoenixin lopettavan n\u00e4yttelemisen. L\u00e4hde oli kuitenkin hieman ep\u00e4luotettava &#8211; Phoenix itse. T\u00e4ss\u00e4 E! Entertainmentinvideo. Olen tavannut kaksinkertaisen Oscar-ehdokkaan viime vuonna Cannesin elokuvajuhlilla. H\u00e4n oli sekaisin. Hyvin sekaisin. En tied\u00e4&hellip;","og_url":"https:\/\/suomenkuvalehti.fi\/kuvien-takaa\/joaquin-phoenix-on-hyvin-sekaisin\/","og_site_name":"Kuvien takaa","article_author":"https:\/\/www.facebook.com\/pages\/Kalle-Kinnunen-Kuvien-takaa\/190326157715410?fref=ts","article_published_time":"2008-11-11T03:09:10+00:00","article_modified_time":"2013-11-29T14:48:06+00:00","og_image":[{"url":"https:\/\/suomenkuvalehti.fi\/wp-content\/uploads\/sk\/files\/vanhat\/library\/images\/Joaquin%20Phoenix%20101108.jpg","type":"","width":"","height":""}],"author":"Kalle Kinnunen","twitter_card":"summary_large_image","twitter_creator":"@https:\/\/twitter.com\/kallekinnunen","twitter_misc":{"Written by":"Kalle Kinnunen","Est. reading time":"3 minuuttia"},"schema":{"@context":"https:\/\/schema.org","@graph":[{"@type":"WebPage","@id":"https:\/\/suomenkuvalehti.fi\/kuvien-takaa\/joaquin-phoenix-on-hyvin-sekaisin\/","url":"https:\/\/suomenkuvalehti.fi\/kuvien-takaa\/joaquin-phoenix-on-hyvin-sekaisin\/","name":"Joaquin Phoenix on hyvin sekaisin - Kuvien takaa","isPartOf":{"@id":"https:\/\/suomenkuvalehti.fi\/kuvien-takaa\/#website"},"primaryImageOfPage":{"@id":"https:\/\/suomenkuvalehti.fi\/kuvien-takaa\/joaquin-phoenix-on-hyvin-sekaisin\/#primaryimage"},"image":{"@id":"https:\/\/suomenkuvalehti.fi\/kuvien-takaa\/joaquin-phoenix-on-hyvin-sekaisin\/#primaryimage"},"thumbnailUrl":"https:\/\/suomenkuvalehti.fi\/wp-content\/uploads\/sk\/files\/vanhat\/library\/images\/Joaquin%20Phoenix%20101108.jpg","datePublished":"2008-11-11T03:09:10+00:00","dateModified":"2013-11-29T14:48:06+00:00","author":{"@id":"https:\/\/suomenkuvalehti.fi\/kuvien-takaa\/#\/schema\/person\/f3f657e4ad409e008f12af27bec60a23"},"breadcrumb":{"@id":"https:\/\/suomenkuvalehti.fi\/kuvien-takaa\/joaquin-phoenix-on-hyvin-sekaisin\/#breadcrumb"},"inLanguage":"fi","potentialAction":[{"@type":"ReadAction","target":["https:\/\/suomenkuvalehti.fi\/kuvien-takaa\/joaquin-phoenix-on-hyvin-sekaisin\/"]}]},{"@type":"ImageObject","inLanguage":"fi","@id":"https:\/\/suomenkuvalehti.fi\/kuvien-takaa\/joaquin-phoenix-on-hyvin-sekaisin\/#primaryimage","url":"https:\/\/suomenkuvalehti.fi\/wp-content\/uploads\/sk\/files\/vanhat\/library\/images\/Joaquin%20Phoenix%20101108.jpg","contentUrl":"https:\/\/suomenkuvalehti.fi\/wp-content\/uploads\/sk\/files\/vanhat\/library\/images\/Joaquin%20Phoenix%20101108.jpg"},{"@type":"BreadcrumbList","@id":"https:\/\/suomenkuvalehti.fi\/kuvien-takaa\/joaquin-phoenix-on-hyvin-sekaisin\/#breadcrumb","itemListElement":[{"@type":"ListItem","position":1,"name":"Home","item":"https:\/\/suomenkuvalehti.fi\/kuvien-takaa\/"},{"@type":"ListItem","position":2,"name":"Joaquin Phoenix on hyvin sekaisin"}]},{"@type":"WebSite","@id":"https:\/\/suomenkuvalehti.fi\/kuvien-takaa\/#website","url":"https:\/\/suomenkuvalehti.fi\/kuvien-takaa\/","name":"Kuvien takaa","description":"Elokuvakriitikko Kalle Kinnusen elokuvablogi.","potentialAction":[{"@type":"SearchAction","target":{"@type":"EntryPoint","urlTemplate":"https:\/\/suomenkuvalehti.fi\/haku\/?q={search_term_string}"},"query-input":{"@type":"PropertyValueSpecification","valueRequired":true,"valueName":"search_term_string"}}],"inLanguage":"fi"},{"@type":"Person","@id":"https:\/\/suomenkuvalehti.fi\/kuvien-takaa\/#\/schema\/person\/f3f657e4ad409e008f12af27bec60a23","name":"Kalle Kinnunen","image":{"@type":"ImageObject","inLanguage":"fi","@id":"https:\/\/suomenkuvalehti.fi\/kuvien-takaa\/#\/schema\/person\/image\/","url":"https:\/\/suomenkuvalehti.fi\/kuvien-takaa\/wp-content\/uploads\/sites\/11\/2022\/04\/kalle_kinnunen_blogi-1-150x150.jpg","contentUrl":"https:\/\/suomenkuvalehti.fi\/kuvien-takaa\/wp-content\/uploads\/sites\/11\/2022\/04\/kalle_kinnunen_blogi-1-150x150.jpg","caption":"Kalle Kinnunen"},"description":"Kalle Kinnunen on vapaa toimittaja ja Suomen Kuvalehden avustaja.","sameAs":["https:\/\/www.facebook.com\/pages\/Kalle-Kinnunen-Kuvien-takaa\/190326157715410?fref=ts","https:\/\/x.com\/https:\/\/twitter.com\/kallekinnunen"]}]}},"_links":{"self":[{"href":"https:\/\/suomenkuvalehti.fi\/kuvien-takaa\/wp-json\/wp\/v2\/posts\/1121","targetHints":{"allow":["GET"]}}],"collection":[{"href":"https:\/\/suomenkuvalehti.fi\/kuvien-takaa\/wp-json\/wp\/v2\/posts"}],"about":[{"href":"https:\/\/suomenkuvalehti.fi\/kuvien-takaa\/wp-json\/wp\/v2\/types\/post"}],"author":[{"embeddable":true,"href":"https:\/\/suomenkuvalehti.fi\/kuvien-takaa\/wp-json\/wp\/v2\/users\/144"}],"replies":[{"embeddable":true,"href":"https:\/\/suomenkuvalehti.fi\/kuvien-takaa\/wp-json\/wp\/v2\/comments?post=1121"}],"version-history":[{"count":1,"href":"https:\/\/suomenkuvalehti.fi\/kuvien-takaa\/wp-json\/wp\/v2\/posts\/1121\/revisions"}],"predecessor-version":[{"id":1584,"href":"https:\/\/suomenkuvalehti.fi\/kuvien-takaa\/wp-json\/wp\/v2\/posts\/1121\/revisions\/1584"}],"wp:attachment":[{"href":"https:\/\/suomenkuvalehti.fi\/kuvien-takaa\/wp-json\/wp\/v2\/media?parent=1121"}],"wp:term":[{"taxonomy":"category","embeddable":true,"href":"https:\/\/suomenkuvalehti.fi\/kuvien-takaa\/wp-json\/wp\/v2\/categories?post=1121"},{"taxonomy":"post_tag","embeddable":true,"href":"https:\/\/suomenkuvalehti.fi\/kuvien-takaa\/wp-json\/wp\/v2\/tags?post=1121"}],"curies":[{"name":"wp","href":"https:\/\/api.w.org\/{rel}","templated":true}]}}