{"id":1107,"date":"2008-12-16T23:30:46","date_gmt":"2008-12-16T21:30:46","guid":{"rendered":"https:\/\/suomenkuvalehti.fi\/kuvientakaa\/2008\/12\/16\/venajan-elokuvamoguli-numero-1-vladimir-putin\/"},"modified":"2008-12-16T23:30:46","modified_gmt":"2008-12-16T21:30:46","slug":"venajan-elokuvamoguli-numero-1-vladimir-putin","status":"publish","type":"post","link":"https:\/\/suomenkuvalehti.fi\/kuvien-takaa\/venajan-elokuvamoguli-numero-1-vladimir-putin\/","title":{"rendered":"Ven\u00e4j\u00e4n elokuvamoguli numero 1, Vladimir Putin"},"content":{"rendered":"\n<p>Hesarissa oli juttu, jonka mukaan <strong>Vladimir Putin<\/strong> on napannut Ven\u00e4j\u00e4n elokuvateollisuuden &#8221;henkil\u00f6kohtaiseen valvontaansa&#8221;. No julkisen rahoituksen osalta t\u00e4m\u00e4 ei ole mik\u00e4\u00e4n uutinen.<\/p>\n\n\n\n\n<p>Hesarin juttu l\u00f6ytyy <a href=\"http:\/\/www.hs.fi\/viihde\/artikkeli\/Vladimir+Putin+vastaa+nyt+my%C3%B6s+ven%C3%A4l%C3%A4isest%C3%A4+elokuvatuotannosta\/1135242109851\">t\u00e4\u00e4lt\u00e4<\/a>.<\/p>\n\n\n\n<p>Alkuper\u00e4inen juttu l\u00f6ytyi <a href=\"http:\/\/www.variety.com\/article\/VR1117997388.html?categoryid=19&amp;cs=1\">Varietyn sivuilta<\/a>. Siin\u00e4 todetaan, ett\u00e4 Putin johtaa nyt hallituksen elokuvalautakuntaa, joka pyrkii parantamaan julkisen rahoituksen tuottavuutta ja ven\u00e4l\u00e4isen elokuvan n\u00e4kyvyytt\u00e4 kotona ja maailmalla.<\/p>\n\n\n\n<p>Ven\u00e4j\u00e4ll\u00e4 on jo pitk\u00e4\u00e4n jaettu vuosittain kymmeni\u00e4 miljoonia dollareita tukea elokuvahankkeille. Osa tulee valtion kassasta, osa television p\u00e4\u00e4kanavilta, jotka ovat visusti hallituksen k\u00e4siss\u00e4. Rahaa saavat elokuvat, joissa nationalistisia teemoja k\u00e4sitell\u00e4\u00e4n hallitusta miellytt\u00e4v\u00e4ll\u00e4 otteella. Historialliset spektaakkelit ovat erityisen oivallisia. My\u00f6s kansainv\u00e4lisiin yhteisty\u00f6hankkeisiin piisaa joskus huomattavia summia, jos k\u00e4sikirjoitus on oikeanlainen. Jos elokuva ei t\u00e4yt\u00e4 n\u00e4it\u00e4 kriteereit\u00e4, se pit\u00e4\u00e4 tehd\u00e4 yksityisell\u00e4 rahalla.<\/p>\n\n\n\n<p>Monet valtion siunaamat elokuvat ovat my\u00f6s huippusuosittuja &#8211; ja vain Ven\u00e4j\u00e4ll\u00e4. Jopa suurin osa maan katsotuimmista elokuvista on tehty hallituksen huomassa. Maan ulkopuolella ne n\u00e4ytt\u00e4ytyv\u00e4t melko k\u00e4sitt\u00e4m\u00e4tt\u00f6min\u00e4. Ne on suunnattu ennen kaikkea juuri t\u00e4m\u00e4n p\u00e4iv\u00e4n ven\u00e4l\u00e4isille, eiv\u00e4tk\u00e4 teemat tai vitsit aukene tuon kulttuurin ulkopuolella. Maailmalla menestyneet ja taiteellisesti ansiokkaat uudet ven\u00e4l\u00e4iselokuvat ovat l\u00e4hes poikkeuksetta yksityisen rahan tuotantoja.<\/p>\n\n\n\n<p>Haastattelin <strong>Markus Selini\u00e4<\/strong> marraskuun alussa <em>Mannerheim<\/em>-elokuvan ven\u00e4l\u00e4isest\u00e4 rahoituksesta. Ainakaan tuolloin ei elokuvassa ollut lainkaan ven\u00e4l\u00e4israhaa. Selin totesi, ett\u00e4 muutama vuosi sitten ven\u00e4l\u00e4iset virkamiehet totesivat, ett\u00e4 nyt olisi juuri oikea aika tehd\u00e4 Mannerheim ja siihen irtoaisi rahaakin. Hieman my\u00f6hemmin \u00e4\u00e4ni kellossa oli muuttunut: en\u00e4\u00e4 ei ollutkaan oikea aika t\u00e4lle elokuvalle, mutta sanottiin, ett\u00e4 kohta taas voisi olla. Miss\u00e4\u00e4n vaiheessa ei Selinin mukaan kuitenkaan osoitettu, oliko k\u00e4sikirjoituksessa jotain sellaista, mik\u00e4 ei miellytt\u00e4nyt tai erityisesti miellytti asiasta p\u00e4\u00e4tt\u00e4vi\u00e4.<\/p>\n\n\n\n<p><strong>Nationalismi<br>kukkii Suomessakin<\/strong><\/p>\n\n\n\n<p>Mannerheimist\u00e4 tuli mieleeni, ett\u00e4 kyll\u00e4h\u00e4n my\u00f6s Suomessa vallitsee hieman samantapainen nationalismia syleilev\u00e4 kotimainen elokuvakulttuuri kuin valtiojohtoisesti Ven\u00e4j\u00e4ll\u00e4. Meill\u00e4 tosin asia ei liity lainkaan julkiseen rahoitukseen.<\/p>\n\n\n\n<p>Suomessa kansa on se, joka pit\u00e4\u00e4 huolen nimenomaan is\u00e4nmaallisten aiheiden runsaudesta valkokankaalla. Esimerkkein\u00e4 nyt vaikka lukuisat viime vuosien sotaelokuvat, Mannerheim, josta tulee Suomen historian kallein elokuva sek\u00e4 <strong>Timo Koivusalon<\/strong><em>T\u00e4\u00e4ll\u00e4 Pohjant\u00e4hden alla<\/em>, joka on valmistuessaan kaikkien aikojen toiseksi kallein suomalaiselokuva.<\/p>\n\n\n\n<p>Jos elokuvatuottaja haluaa pelata t\u00e4\u00e4ll\u00e4 varman p\u00e4\u00e4lle, ei kun Suomi-konepistoolit jakoon tai k\u00e4sikirjoituksen teemaksi kansakunnan kohtalonvuodet, niin rahoittajat ny\u00f6kyttelev\u00e4t iloisesti: n\u00e4ill\u00e4 ev\u00e4in l\u00e4htee euro poikimaan.<\/p>\n\n\n\n<p><a href=\"http:\/\/www.suomenkuvalehti.fi\/blogit\/kuvien-takaa\/default.aspx\">Kaikki Kuvien takaa -blogin merkinn\u00e4t l\u00f6yd\u00e4t t\u00e4\u00e4lt\u00e4<\/a><\/p>\n\n\n","protected":false},"excerpt":{"rendered":"<p>Hesarissa oli juttu, jonka mukaan Vladimir Putin on napannut Ven\u00e4j\u00e4n elokuvateollisuuden &#8221;henkil\u00f6kohtaiseen valvontaansa&#8221;. No julkisen rahoituksen osalta t\u00e4m\u00e4 ei ole mik\u00e4\u00e4n uutinen. Hesarin juttu l\u00f6ytyy t\u00e4\u00e4lt\u00e4. Alkuper\u00e4inen juttu l\u00f6ytyi Varietyn sivuilta.<br \/>\nSiin\u00e4 todeta&hellip;<\/p>\n","protected":false},"author":144,"featured_media":0,"comment_status":"open","ping_status":"open","sticky":false,"template":"","format":"standard","meta":{"_acf_changed":false,"asauth_required_access_level":0,"asauth_cansharepaid":"","om_header_attributes":[],"footnotes":"","om_featured_image_focal_point":[],"om_primary_tag":0,"om_contributors":[],"om_co_authors":[],"beyondwords_generate_audio":"","beyondwords_project_id":"","beyondwords_content_id":"","beyondwords_preview_token":"","beyondwords_player_content":"","beyondwords_player_style":"","beyondwords_language_code":"","beyondwords_language_id":"","beyondwords_title_voice_id":"","beyondwords_body_voice_id":"","beyondwords_summary_voice_id":"","beyondwords_error_message":"","beyondwords_disabled":"","beyondwords_delete_content":"","beyondwords_podcast_id":"","beyondwords_hash":"","publish_post_to_speechkit":"","speechkit_hash":"","speechkit_generate_audio":"","speechkit_project_id":"","speechkit_podcast_id":"","speechkit_error_message":"","speechkit_disabled":"","speechkit_access_key":"","speechkit_error":"","speechkit_info":"","speechkit_response":"","speechkit_retries":"","speechkit_status":"","speechkit_updated_at":"","_speechkit_link":"","_speechkit_text":""},"categories":[1],"tags":[1620,1735,97],"class_list":["post-1107","post","type-post","status-publish","format-standard","hentry","category-kuvien-takaa","tag-elokuva","tag-rahoitus","tag-vladimir-putin"],"om_views":null,"acf":{"tuuma_off":false,"tuuma_kysymys":"","tuuma_vastaus":""},"asauth":{"required_access_level":1,"share_token":"","is_paid":false},"yoast_head":"<!-- This site is optimized with the Yoast SEO plugin v26.4 - https:\/\/yoast.com\/wordpress\/plugins\/seo\/ -->\n<title>Ven\u00e4j\u00e4n elokuvamoguli numero 1, Vladimir Putin - Kuvien takaa<\/title>\n<meta name=\"robots\" content=\"index, follow, max-snippet:-1, max-image-preview:large, max-video-preview:-1\" \/>\n<link rel=\"canonical\" href=\"https:\/\/suomenkuvalehti.fi\/kuvien-takaa\/venajan-elokuvamoguli-numero-1-vladimir-putin\/\" \/>\n<meta property=\"og:locale\" content=\"fi_FI\" \/>\n<meta property=\"og:type\" content=\"article\" \/>\n<meta property=\"og:title\" content=\"Ven\u00e4j\u00e4n elokuvamoguli numero 1, Vladimir Putin - Kuvien takaa\" \/>\n<meta property=\"og:description\" content=\"Hesarissa oli juttu, jonka mukaan Vladimir Putin on napannut Ven\u00e4j\u00e4n elokuvateollisuuden &#8221;henkil\u00f6kohtaiseen valvontaansa&#8221;. No julkisen rahoituksen osalta t\u00e4m\u00e4 ei ole mik\u00e4\u00e4n uutinen. Hesarin juttu l\u00f6ytyy t\u00e4\u00e4lt\u00e4. Alkuper\u00e4inen juttu l\u00f6ytyi Varietyn sivuilta. Siin\u00e4 todeta&hellip;\" \/>\n<meta property=\"og:url\" content=\"https:\/\/suomenkuvalehti.fi\/kuvien-takaa\/venajan-elokuvamoguli-numero-1-vladimir-putin\/\" \/>\n<meta property=\"og:site_name\" content=\"Kuvien takaa\" \/>\n<meta property=\"article:author\" content=\"https:\/\/www.facebook.com\/pages\/Kalle-Kinnunen-Kuvien-takaa\/190326157715410?fref=ts\" \/>\n<meta property=\"article:published_time\" content=\"2008-12-16T21:30:46+00:00\" \/>\n<meta property=\"og:image\" content=\"https:\/\/suomenkuvalehti.fi\/kuvien-takaa\/wp-content\/uploads\/sites\/11\/2022\/04\/kalle_kinnunen_blogi-1-scaled.jpg\" \/>\n\t<meta property=\"og:image:width\" content=\"2560\" \/>\n\t<meta property=\"og:image:height\" content=\"1707\" \/>\n\t<meta property=\"og:image:type\" content=\"image\/jpeg\" \/>\n<meta name=\"author\" content=\"Kalle Kinnunen\" \/>\n<meta name=\"twitter:card\" content=\"summary_large_image\" \/>\n<meta name=\"twitter:creator\" content=\"@https:\/\/twitter.com\/kallekinnunen\" \/>\n<meta name=\"twitter:label1\" content=\"Written by\" \/>\n\t<meta name=\"twitter:data1\" content=\"Kalle Kinnunen\" \/>\n\t<meta name=\"twitter:label2\" content=\"Est. reading time\" \/>\n\t<meta name=\"twitter:data2\" content=\"2 minuuttia\" \/>\n<script type=\"application\/ld+json\" class=\"yoast-schema-graph\">{\"@context\":\"https:\/\/schema.org\",\"@graph\":[{\"@type\":\"WebPage\",\"@id\":\"https:\/\/suomenkuvalehti.fi\/kuvien-takaa\/venajan-elokuvamoguli-numero-1-vladimir-putin\/\",\"url\":\"https:\/\/suomenkuvalehti.fi\/kuvien-takaa\/venajan-elokuvamoguli-numero-1-vladimir-putin\/\",\"name\":\"Ven\u00e4j\u00e4n elokuvamoguli numero 1, Vladimir Putin - Kuvien takaa\",\"isPartOf\":{\"@id\":\"https:\/\/suomenkuvalehti.fi\/kuvien-takaa\/#website\"},\"datePublished\":\"2008-12-16T21:30:46+00:00\",\"author\":{\"@id\":\"https:\/\/suomenkuvalehti.fi\/kuvien-takaa\/#\/schema\/person\/f3f657e4ad409e008f12af27bec60a23\"},\"breadcrumb\":{\"@id\":\"https:\/\/suomenkuvalehti.fi\/kuvien-takaa\/venajan-elokuvamoguli-numero-1-vladimir-putin\/#breadcrumb\"},\"inLanguage\":\"fi\",\"potentialAction\":[{\"@type\":\"ReadAction\",\"target\":[\"https:\/\/suomenkuvalehti.fi\/kuvien-takaa\/venajan-elokuvamoguli-numero-1-vladimir-putin\/\"]}]},{\"@type\":\"BreadcrumbList\",\"@id\":\"https:\/\/suomenkuvalehti.fi\/kuvien-takaa\/venajan-elokuvamoguli-numero-1-vladimir-putin\/#breadcrumb\",\"itemListElement\":[{\"@type\":\"ListItem\",\"position\":1,\"name\":\"Home\",\"item\":\"https:\/\/suomenkuvalehti.fi\/kuvien-takaa\/\"},{\"@type\":\"ListItem\",\"position\":2,\"name\":\"Ven\u00e4j\u00e4n elokuvamoguli numero 1, Vladimir Putin\"}]},{\"@type\":\"WebSite\",\"@id\":\"https:\/\/suomenkuvalehti.fi\/kuvien-takaa\/#website\",\"url\":\"https:\/\/suomenkuvalehti.fi\/kuvien-takaa\/\",\"name\":\"Kuvien takaa\",\"description\":\"Elokuvakriitikko Kalle Kinnusen elokuvablogi.\",\"potentialAction\":[{\"@type\":\"SearchAction\",\"target\":{\"@type\":\"EntryPoint\",\"urlTemplate\":\"https:\/\/suomenkuvalehti.fi\/haku\/?q={search_term_string}\"},\"query-input\":{\"@type\":\"PropertyValueSpecification\",\"valueRequired\":true,\"valueName\":\"search_term_string\"}}],\"inLanguage\":\"fi\"},{\"@type\":\"Person\",\"@id\":\"https:\/\/suomenkuvalehti.fi\/kuvien-takaa\/#\/schema\/person\/f3f657e4ad409e008f12af27bec60a23\",\"name\":\"Kalle Kinnunen\",\"image\":{\"@type\":\"ImageObject\",\"inLanguage\":\"fi\",\"@id\":\"https:\/\/suomenkuvalehti.fi\/kuvien-takaa\/#\/schema\/person\/image\/\",\"url\":\"https:\/\/suomenkuvalehti.fi\/kuvien-takaa\/wp-content\/uploads\/sites\/11\/2022\/04\/kalle_kinnunen_blogi-1-150x150.jpg\",\"contentUrl\":\"https:\/\/suomenkuvalehti.fi\/kuvien-takaa\/wp-content\/uploads\/sites\/11\/2022\/04\/kalle_kinnunen_blogi-1-150x150.jpg\",\"caption\":\"Kalle Kinnunen\"},\"description\":\"Kalle Kinnunen on vapaa toimittaja ja Suomen Kuvalehden avustaja.\",\"sameAs\":[\"https:\/\/www.facebook.com\/pages\/Kalle-Kinnunen-Kuvien-takaa\/190326157715410?fref=ts\",\"https:\/\/x.com\/https:\/\/twitter.com\/kallekinnunen\"]}]}<\/script>\n<!-- \/ Yoast SEO plugin. -->","yoast_head_json":{"title":"Ven\u00e4j\u00e4n elokuvamoguli numero 1, Vladimir Putin - Kuvien takaa","robots":{"index":"index","follow":"follow","max-snippet":"max-snippet:-1","max-image-preview":"max-image-preview:large","max-video-preview":"max-video-preview:-1"},"canonical":"https:\/\/suomenkuvalehti.fi\/kuvien-takaa\/venajan-elokuvamoguli-numero-1-vladimir-putin\/","og_locale":"fi_FI","og_type":"article","og_title":"Ven\u00e4j\u00e4n elokuvamoguli numero 1, Vladimir Putin - Kuvien takaa","og_description":"Hesarissa oli juttu, jonka mukaan Vladimir Putin on napannut Ven\u00e4j\u00e4n elokuvateollisuuden &#8221;henkil\u00f6kohtaiseen valvontaansa&#8221;. No julkisen rahoituksen osalta t\u00e4m\u00e4 ei ole mik\u00e4\u00e4n uutinen. Hesarin juttu l\u00f6ytyy t\u00e4\u00e4lt\u00e4. Alkuper\u00e4inen juttu l\u00f6ytyi Varietyn sivuilta. Siin\u00e4 todeta&hellip;","og_url":"https:\/\/suomenkuvalehti.fi\/kuvien-takaa\/venajan-elokuvamoguli-numero-1-vladimir-putin\/","og_site_name":"Kuvien takaa","article_author":"https:\/\/www.facebook.com\/pages\/Kalle-Kinnunen-Kuvien-takaa\/190326157715410?fref=ts","article_published_time":"2008-12-16T21:30:46+00:00","og_image":[{"width":2560,"height":1707,"url":"https:\/\/suomenkuvalehti.fi\/kuvien-takaa\/wp-content\/uploads\/sites\/11\/2022\/04\/kalle_kinnunen_blogi-1-scaled.jpg","type":"image\/jpeg"}],"author":"Kalle Kinnunen","twitter_card":"summary_large_image","twitter_creator":"@https:\/\/twitter.com\/kallekinnunen","twitter_misc":{"Written by":"Kalle Kinnunen","Est. reading time":"2 minuuttia"},"schema":{"@context":"https:\/\/schema.org","@graph":[{"@type":"WebPage","@id":"https:\/\/suomenkuvalehti.fi\/kuvien-takaa\/venajan-elokuvamoguli-numero-1-vladimir-putin\/","url":"https:\/\/suomenkuvalehti.fi\/kuvien-takaa\/venajan-elokuvamoguli-numero-1-vladimir-putin\/","name":"Ven\u00e4j\u00e4n elokuvamoguli numero 1, Vladimir Putin - Kuvien takaa","isPartOf":{"@id":"https:\/\/suomenkuvalehti.fi\/kuvien-takaa\/#website"},"datePublished":"2008-12-16T21:30:46+00:00","author":{"@id":"https:\/\/suomenkuvalehti.fi\/kuvien-takaa\/#\/schema\/person\/f3f657e4ad409e008f12af27bec60a23"},"breadcrumb":{"@id":"https:\/\/suomenkuvalehti.fi\/kuvien-takaa\/venajan-elokuvamoguli-numero-1-vladimir-putin\/#breadcrumb"},"inLanguage":"fi","potentialAction":[{"@type":"ReadAction","target":["https:\/\/suomenkuvalehti.fi\/kuvien-takaa\/venajan-elokuvamoguli-numero-1-vladimir-putin\/"]}]},{"@type":"BreadcrumbList","@id":"https:\/\/suomenkuvalehti.fi\/kuvien-takaa\/venajan-elokuvamoguli-numero-1-vladimir-putin\/#breadcrumb","itemListElement":[{"@type":"ListItem","position":1,"name":"Home","item":"https:\/\/suomenkuvalehti.fi\/kuvien-takaa\/"},{"@type":"ListItem","position":2,"name":"Ven\u00e4j\u00e4n elokuvamoguli numero 1, Vladimir Putin"}]},{"@type":"WebSite","@id":"https:\/\/suomenkuvalehti.fi\/kuvien-takaa\/#website","url":"https:\/\/suomenkuvalehti.fi\/kuvien-takaa\/","name":"Kuvien takaa","description":"Elokuvakriitikko Kalle Kinnusen elokuvablogi.","potentialAction":[{"@type":"SearchAction","target":{"@type":"EntryPoint","urlTemplate":"https:\/\/suomenkuvalehti.fi\/haku\/?q={search_term_string}"},"query-input":{"@type":"PropertyValueSpecification","valueRequired":true,"valueName":"search_term_string"}}],"inLanguage":"fi"},{"@type":"Person","@id":"https:\/\/suomenkuvalehti.fi\/kuvien-takaa\/#\/schema\/person\/f3f657e4ad409e008f12af27bec60a23","name":"Kalle Kinnunen","image":{"@type":"ImageObject","inLanguage":"fi","@id":"https:\/\/suomenkuvalehti.fi\/kuvien-takaa\/#\/schema\/person\/image\/","url":"https:\/\/suomenkuvalehti.fi\/kuvien-takaa\/wp-content\/uploads\/sites\/11\/2022\/04\/kalle_kinnunen_blogi-1-150x150.jpg","contentUrl":"https:\/\/suomenkuvalehti.fi\/kuvien-takaa\/wp-content\/uploads\/sites\/11\/2022\/04\/kalle_kinnunen_blogi-1-150x150.jpg","caption":"Kalle Kinnunen"},"description":"Kalle Kinnunen on vapaa toimittaja ja Suomen Kuvalehden avustaja.","sameAs":["https:\/\/www.facebook.com\/pages\/Kalle-Kinnunen-Kuvien-takaa\/190326157715410?fref=ts","https:\/\/x.com\/https:\/\/twitter.com\/kallekinnunen"]}]}},"_links":{"self":[{"href":"https:\/\/suomenkuvalehti.fi\/kuvien-takaa\/wp-json\/wp\/v2\/posts\/1107","targetHints":{"allow":["GET"]}}],"collection":[{"href":"https:\/\/suomenkuvalehti.fi\/kuvien-takaa\/wp-json\/wp\/v2\/posts"}],"about":[{"href":"https:\/\/suomenkuvalehti.fi\/kuvien-takaa\/wp-json\/wp\/v2\/types\/post"}],"author":[{"embeddable":true,"href":"https:\/\/suomenkuvalehti.fi\/kuvien-takaa\/wp-json\/wp\/v2\/users\/144"}],"replies":[{"embeddable":true,"href":"https:\/\/suomenkuvalehti.fi\/kuvien-takaa\/wp-json\/wp\/v2\/comments?post=1107"}],"version-history":[{"count":0,"href":"https:\/\/suomenkuvalehti.fi\/kuvien-takaa\/wp-json\/wp\/v2\/posts\/1107\/revisions"}],"wp:attachment":[{"href":"https:\/\/suomenkuvalehti.fi\/kuvien-takaa\/wp-json\/wp\/v2\/media?parent=1107"}],"wp:term":[{"taxonomy":"category","embeddable":true,"href":"https:\/\/suomenkuvalehti.fi\/kuvien-takaa\/wp-json\/wp\/v2\/categories?post=1107"},{"taxonomy":"post_tag","embeddable":true,"href":"https:\/\/suomenkuvalehti.fi\/kuvien-takaa\/wp-json\/wp\/v2\/tags?post=1107"}],"curies":[{"name":"wp","href":"https:\/\/api.w.org\/{rel}","templated":true}]}}