{"id":1105,"date":"2008-12-20T10:13:14","date_gmt":"2008-12-20T08:13:14","guid":{"rendered":"https:\/\/suomenkuvalehti.fi\/kuvientakaa\/2008\/12\/20\/niko-poro-lensi-ranskaan\/"},"modified":"2008-12-20T10:13:14","modified_gmt":"2008-12-20T08:13:14","slug":"niko-poro-lensi-ranskaan","status":"publish","type":"post","link":"https:\/\/suomenkuvalehti.fi\/kuvien-takaa\/niko-poro-lensi-ranskaan\/","title":{"rendered":"Niko-poro lensi Ranskaan"},"content":{"rendered":"\n<p>Poroanimaatio <em>Niko &#8211; lent\u00e4j\u00e4n poika <\/em>on levinnyt komeasti maailmalle. Tietenkin suosiota my\u00f6s v\u00e4h\u00e4n liioitellaan. Seh\u00e4n on Suomessa s\u00e4\u00e4nt\u00f6, kun kotimainen kulttuuriteos kiinnostaa vierasmaalaisia.<\/p>\n\n\n\n\n<p>Ranskassa Nikoa levitet\u00e4\u00e4n per\u00e4ti 350 kopiolla. Se on oikeasti iso m\u00e4\u00e4r\u00e4, vastaisi yli 20 kopiota Suomen kokoisella alueella, ja katsojiakin on kertynyt hyvin. Mutta <a href=\"http:\/\/www.hs.fi\/kulttuuri\/artikkeli\/1135242206757\">Hesarin mukaan<\/a> kyseess\u00e4 on suurin suomalaisesta elokuvasta koskaan otettu kopiom\u00e4\u00e4r\u00e4.<\/p>\n\n\n\n<p>Ei ole. <strong>Markus Selinin<\/strong> ja <strong>Renny Harlinin<\/strong><em>J\u00e4\u00e4t\u00e4v\u00e4 polte<\/em> levisi Yhdysvalloissa noin tuhanteen teatteriin vuonna 1985, kun se samaan aikaan oli viel\u00e4 Suomessa t\u00e4yskiellossa. Se on edelleen laajimmin USA:ssa levitetty pohjoismainen elokuva &#8211; siin\u00e4 j\u00e4\u00e4v\u00e4t <strong>Aki Kaurism\u00e4et<\/strong> ja <strong>Lars von Trierit<\/strong> ja <strong>Lukas Moodyssonit<\/strong> ja <strong>Ingmar Bergmanit<\/strong> kauas j\u00e4lkeen.<\/p>\n\n\n\n<p>Valkokankaalle J\u00e4\u00e4t\u00e4v\u00e4 polte p\u00e4\u00e4si monissa muissakin maissa ja lopulta sitten Suomessakin, kun sensuuri-ihmiset lopulta my\u00f6nsiv\u00e4t, ett\u00e4 ei yksi elokuva sittenk\u00e4\u00e4n tuhoa suhdettamme Neuvostoliittoon.<\/p>\n\n\n\n<p>(Totta kuitenkin on, ett\u00e4 per\u00e4ti yli sataan maahan myyty Niko on sik\u00e4li laajimmalle levinnyt suomalaiselokuva.)<\/p>\n\n\n\n<p>&#8221;Elokuvan suomalaistuottajan mukaan Champs-Elys\u00e9es&#8217;n joulukatua reunustavat suuret Nikon valomainokset&#8221;, Hesari hehkuttaa.<\/p>\n\n\n\n<p>Ja kas, <a href=\"http:\/\/plaza.fi\/kaista\/elokuvat\/uutiset\/katso-kuvat-niko-lentajan-poika-valloitti-pariisin\">kuvia l\u00f6ytyi:<\/a> Niko on tosiaan hyvin esill\u00e4, ei siin\u00e4 mit\u00e4\u00e4n. Mutta tavallisina kadunvarsimainoksina. Ei se ihan Champs-Elys\u00e9esi\u00e4 hallitse.<\/p>\n\n\n\n<p>Molemmat Hesarin uutisen v\u00e4itteet on kopioitu sanatarkkaan elokuvaa Suomessa levitt\u00e4v\u00e4n <a href=\"http:\/\/www.ses.fi\/fi\/ajankohtaista_asia.asp?id=2607\">Nordisk Filmin tiedotteesta<\/a>. Helppoa tuo elokuvien markkinointi.<\/p>\n\n\n\n<p>Nyt kun joku viel\u00e4 kertoisi Nikon n\u00e4keville ulkomaalaisille, ett\u00e4 se on suomalainen elokuva.<\/p>\n\n\n\n<p><a href=\"http:\/\/www.suomenkuvalehti.fi\/blogit\/kuvien-takaa\/default.aspx\">Kaikki Kuvien takaa -blogin merkinn\u00e4t l\u00f6yd\u00e4t t\u00e4\u00e4lt\u00e4<\/a><\/p>\n\n\n","protected":false},"excerpt":{"rendered":"<p>Poroanimaatio Niko &#8211; lent\u00e4j\u00e4n poika on levinnyt komeasti maailmalle. Tietenkin suosiota my\u00f6s v\u00e4h\u00e4n liioitellaan. Seh\u00e4n on Suomessa s\u00e4\u00e4nt\u00f6, kun kotimainen kulttuuriteos kiinnostaa vierasmaalaisia. Ranskassa Nikoa levitet\u00e4\u00e4n per\u00e4ti 350 kopiolla. Se on oikeasti iso m\u00e4\u00e4r\u00e4, vastaisi yli 20<br \/>\nkopiota Suomen&hellip;<\/p>\n","protected":false},"author":144,"featured_media":0,"comment_status":"open","ping_status":"open","sticky":false,"template":"","format":"standard","meta":{"_acf_changed":false,"asauth_required_access_level":0,"asauth_cansharepaid":"","om_header_attributes":[],"footnotes":"","om_featured_image_focal_point":[],"om_primary_tag":0,"om_contributors":[],"om_co_authors":[],"beyondwords_generate_audio":"","beyondwords_project_id":"","beyondwords_content_id":"","beyondwords_preview_token":"","beyondwords_player_content":"","beyondwords_player_style":"","beyondwords_language_code":"","beyondwords_language_id":"","beyondwords_title_voice_id":"","beyondwords_body_voice_id":"","beyondwords_summary_voice_id":"","beyondwords_error_message":"","beyondwords_disabled":"","beyondwords_delete_content":"","beyondwords_podcast_id":"","beyondwords_hash":"","publish_post_to_speechkit":"","speechkit_hash":"","speechkit_generate_audio":"","speechkit_project_id":"","speechkit_podcast_id":"","speechkit_error_message":"","speechkit_disabled":"","speechkit_access_key":"","speechkit_error":"","speechkit_info":"","speechkit_response":"","speechkit_retries":"","speechkit_status":"","speechkit_updated_at":"","_speechkit_link":"","_speechkit_text":""},"categories":[1],"tags":[1620,946,1729,1730],"class_list":["post-1105","post","type-post","status-publish","format-standard","hentry","category-kuvien-takaa","tag-elokuva","tag-jaatava-polte","tag-niko-lentajan-poika","tag-ranska"],"om_views":null,"acf":{"tuuma_off":false,"tuuma_kysymys":"","tuuma_vastaus":""},"asauth":{"required_access_level":1,"share_token":"","is_paid":false},"yoast_head":"<!-- This site is optimized with the Yoast SEO plugin v26.4 - https:\/\/yoast.com\/wordpress\/plugins\/seo\/ -->\n<title>Niko-poro lensi Ranskaan - Kuvien takaa<\/title>\n<meta name=\"robots\" content=\"index, follow, max-snippet:-1, max-image-preview:large, max-video-preview:-1\" \/>\n<link rel=\"canonical\" href=\"https:\/\/suomenkuvalehti.fi\/kuvien-takaa\/niko-poro-lensi-ranskaan\/\" \/>\n<meta property=\"og:locale\" content=\"fi_FI\" \/>\n<meta property=\"og:type\" content=\"article\" \/>\n<meta property=\"og:title\" content=\"Niko-poro lensi Ranskaan - Kuvien takaa\" \/>\n<meta property=\"og:description\" content=\"Poroanimaatio Niko &#8211; lent\u00e4j\u00e4n poika on levinnyt komeasti maailmalle. Tietenkin suosiota my\u00f6s v\u00e4h\u00e4n liioitellaan. Seh\u00e4n on Suomessa s\u00e4\u00e4nt\u00f6, kun kotimainen kulttuuriteos kiinnostaa vierasmaalaisia. Ranskassa Nikoa levitet\u00e4\u00e4n per\u00e4ti 350 kopiolla. Se on oikeasti iso m\u00e4\u00e4r\u00e4, vastaisi yli 20 kopiota Suomen&hellip;\" \/>\n<meta property=\"og:url\" content=\"https:\/\/suomenkuvalehti.fi\/kuvien-takaa\/niko-poro-lensi-ranskaan\/\" \/>\n<meta property=\"og:site_name\" content=\"Kuvien takaa\" \/>\n<meta property=\"article:author\" content=\"https:\/\/www.facebook.com\/pages\/Kalle-Kinnunen-Kuvien-takaa\/190326157715410?fref=ts\" \/>\n<meta property=\"article:published_time\" content=\"2008-12-20T08:13:14+00:00\" \/>\n<meta property=\"og:image\" content=\"https:\/\/suomenkuvalehti.fi\/kuvien-takaa\/wp-content\/uploads\/sites\/11\/2022\/04\/kalle_kinnunen_blogi-1-scaled.jpg\" \/>\n\t<meta property=\"og:image:width\" content=\"2560\" \/>\n\t<meta property=\"og:image:height\" content=\"1707\" \/>\n\t<meta property=\"og:image:type\" content=\"image\/jpeg\" \/>\n<meta name=\"author\" content=\"Kalle Kinnunen\" \/>\n<meta name=\"twitter:card\" content=\"summary_large_image\" \/>\n<meta name=\"twitter:creator\" content=\"@https:\/\/twitter.com\/kallekinnunen\" \/>\n<meta name=\"twitter:label1\" content=\"Written by\" \/>\n\t<meta name=\"twitter:data1\" content=\"Kalle Kinnunen\" \/>\n\t<meta name=\"twitter:label2\" content=\"Est. reading time\" \/>\n\t<meta name=\"twitter:data2\" content=\"1 minuutti\" \/>\n<script type=\"application\/ld+json\" class=\"yoast-schema-graph\">{\"@context\":\"https:\/\/schema.org\",\"@graph\":[{\"@type\":\"WebPage\",\"@id\":\"https:\/\/suomenkuvalehti.fi\/kuvien-takaa\/niko-poro-lensi-ranskaan\/\",\"url\":\"https:\/\/suomenkuvalehti.fi\/kuvien-takaa\/niko-poro-lensi-ranskaan\/\",\"name\":\"Niko-poro lensi Ranskaan - Kuvien takaa\",\"isPartOf\":{\"@id\":\"https:\/\/suomenkuvalehti.fi\/kuvien-takaa\/#website\"},\"datePublished\":\"2008-12-20T08:13:14+00:00\",\"author\":{\"@id\":\"https:\/\/suomenkuvalehti.fi\/kuvien-takaa\/#\/schema\/person\/f3f657e4ad409e008f12af27bec60a23\"},\"breadcrumb\":{\"@id\":\"https:\/\/suomenkuvalehti.fi\/kuvien-takaa\/niko-poro-lensi-ranskaan\/#breadcrumb\"},\"inLanguage\":\"fi\",\"potentialAction\":[{\"@type\":\"ReadAction\",\"target\":[\"https:\/\/suomenkuvalehti.fi\/kuvien-takaa\/niko-poro-lensi-ranskaan\/\"]}]},{\"@type\":\"BreadcrumbList\",\"@id\":\"https:\/\/suomenkuvalehti.fi\/kuvien-takaa\/niko-poro-lensi-ranskaan\/#breadcrumb\",\"itemListElement\":[{\"@type\":\"ListItem\",\"position\":1,\"name\":\"Home\",\"item\":\"https:\/\/suomenkuvalehti.fi\/kuvien-takaa\/\"},{\"@type\":\"ListItem\",\"position\":2,\"name\":\"Niko-poro lensi Ranskaan\"}]},{\"@type\":\"WebSite\",\"@id\":\"https:\/\/suomenkuvalehti.fi\/kuvien-takaa\/#website\",\"url\":\"https:\/\/suomenkuvalehti.fi\/kuvien-takaa\/\",\"name\":\"Kuvien takaa\",\"description\":\"Elokuvakriitikko Kalle Kinnusen elokuvablogi.\",\"potentialAction\":[{\"@type\":\"SearchAction\",\"target\":{\"@type\":\"EntryPoint\",\"urlTemplate\":\"https:\/\/suomenkuvalehti.fi\/haku\/?q={search_term_string}\"},\"query-input\":{\"@type\":\"PropertyValueSpecification\",\"valueRequired\":true,\"valueName\":\"search_term_string\"}}],\"inLanguage\":\"fi\"},{\"@type\":\"Person\",\"@id\":\"https:\/\/suomenkuvalehti.fi\/kuvien-takaa\/#\/schema\/person\/f3f657e4ad409e008f12af27bec60a23\",\"name\":\"Kalle Kinnunen\",\"image\":{\"@type\":\"ImageObject\",\"inLanguage\":\"fi\",\"@id\":\"https:\/\/suomenkuvalehti.fi\/kuvien-takaa\/#\/schema\/person\/image\/\",\"url\":\"https:\/\/suomenkuvalehti.fi\/kuvien-takaa\/wp-content\/uploads\/sites\/11\/2022\/04\/kalle_kinnunen_blogi-1-150x150.jpg\",\"contentUrl\":\"https:\/\/suomenkuvalehti.fi\/kuvien-takaa\/wp-content\/uploads\/sites\/11\/2022\/04\/kalle_kinnunen_blogi-1-150x150.jpg\",\"caption\":\"Kalle Kinnunen\"},\"description\":\"Kalle Kinnunen on vapaa toimittaja ja Suomen Kuvalehden avustaja.\",\"sameAs\":[\"https:\/\/www.facebook.com\/pages\/Kalle-Kinnunen-Kuvien-takaa\/190326157715410?fref=ts\",\"https:\/\/x.com\/https:\/\/twitter.com\/kallekinnunen\"]}]}<\/script>\n<!-- \/ Yoast SEO plugin. -->","yoast_head_json":{"title":"Niko-poro lensi Ranskaan - Kuvien takaa","robots":{"index":"index","follow":"follow","max-snippet":"max-snippet:-1","max-image-preview":"max-image-preview:large","max-video-preview":"max-video-preview:-1"},"canonical":"https:\/\/suomenkuvalehti.fi\/kuvien-takaa\/niko-poro-lensi-ranskaan\/","og_locale":"fi_FI","og_type":"article","og_title":"Niko-poro lensi Ranskaan - Kuvien takaa","og_description":"Poroanimaatio Niko &#8211; lent\u00e4j\u00e4n poika on levinnyt komeasti maailmalle. Tietenkin suosiota my\u00f6s v\u00e4h\u00e4n liioitellaan. Seh\u00e4n on Suomessa s\u00e4\u00e4nt\u00f6, kun kotimainen kulttuuriteos kiinnostaa vierasmaalaisia. Ranskassa Nikoa levitet\u00e4\u00e4n per\u00e4ti 350 kopiolla. Se on oikeasti iso m\u00e4\u00e4r\u00e4, vastaisi yli 20 kopiota Suomen&hellip;","og_url":"https:\/\/suomenkuvalehti.fi\/kuvien-takaa\/niko-poro-lensi-ranskaan\/","og_site_name":"Kuvien takaa","article_author":"https:\/\/www.facebook.com\/pages\/Kalle-Kinnunen-Kuvien-takaa\/190326157715410?fref=ts","article_published_time":"2008-12-20T08:13:14+00:00","og_image":[{"width":2560,"height":1707,"url":"https:\/\/suomenkuvalehti.fi\/kuvien-takaa\/wp-content\/uploads\/sites\/11\/2022\/04\/kalle_kinnunen_blogi-1-scaled.jpg","type":"image\/jpeg"}],"author":"Kalle Kinnunen","twitter_card":"summary_large_image","twitter_creator":"@https:\/\/twitter.com\/kallekinnunen","twitter_misc":{"Written by":"Kalle Kinnunen","Est. reading time":"1 minuutti"},"schema":{"@context":"https:\/\/schema.org","@graph":[{"@type":"WebPage","@id":"https:\/\/suomenkuvalehti.fi\/kuvien-takaa\/niko-poro-lensi-ranskaan\/","url":"https:\/\/suomenkuvalehti.fi\/kuvien-takaa\/niko-poro-lensi-ranskaan\/","name":"Niko-poro lensi Ranskaan - Kuvien takaa","isPartOf":{"@id":"https:\/\/suomenkuvalehti.fi\/kuvien-takaa\/#website"},"datePublished":"2008-12-20T08:13:14+00:00","author":{"@id":"https:\/\/suomenkuvalehti.fi\/kuvien-takaa\/#\/schema\/person\/f3f657e4ad409e008f12af27bec60a23"},"breadcrumb":{"@id":"https:\/\/suomenkuvalehti.fi\/kuvien-takaa\/niko-poro-lensi-ranskaan\/#breadcrumb"},"inLanguage":"fi","potentialAction":[{"@type":"ReadAction","target":["https:\/\/suomenkuvalehti.fi\/kuvien-takaa\/niko-poro-lensi-ranskaan\/"]}]},{"@type":"BreadcrumbList","@id":"https:\/\/suomenkuvalehti.fi\/kuvien-takaa\/niko-poro-lensi-ranskaan\/#breadcrumb","itemListElement":[{"@type":"ListItem","position":1,"name":"Home","item":"https:\/\/suomenkuvalehti.fi\/kuvien-takaa\/"},{"@type":"ListItem","position":2,"name":"Niko-poro lensi Ranskaan"}]},{"@type":"WebSite","@id":"https:\/\/suomenkuvalehti.fi\/kuvien-takaa\/#website","url":"https:\/\/suomenkuvalehti.fi\/kuvien-takaa\/","name":"Kuvien takaa","description":"Elokuvakriitikko Kalle Kinnusen elokuvablogi.","potentialAction":[{"@type":"SearchAction","target":{"@type":"EntryPoint","urlTemplate":"https:\/\/suomenkuvalehti.fi\/haku\/?q={search_term_string}"},"query-input":{"@type":"PropertyValueSpecification","valueRequired":true,"valueName":"search_term_string"}}],"inLanguage":"fi"},{"@type":"Person","@id":"https:\/\/suomenkuvalehti.fi\/kuvien-takaa\/#\/schema\/person\/f3f657e4ad409e008f12af27bec60a23","name":"Kalle Kinnunen","image":{"@type":"ImageObject","inLanguage":"fi","@id":"https:\/\/suomenkuvalehti.fi\/kuvien-takaa\/#\/schema\/person\/image\/","url":"https:\/\/suomenkuvalehti.fi\/kuvien-takaa\/wp-content\/uploads\/sites\/11\/2022\/04\/kalle_kinnunen_blogi-1-150x150.jpg","contentUrl":"https:\/\/suomenkuvalehti.fi\/kuvien-takaa\/wp-content\/uploads\/sites\/11\/2022\/04\/kalle_kinnunen_blogi-1-150x150.jpg","caption":"Kalle Kinnunen"},"description":"Kalle Kinnunen on vapaa toimittaja ja Suomen Kuvalehden avustaja.","sameAs":["https:\/\/www.facebook.com\/pages\/Kalle-Kinnunen-Kuvien-takaa\/190326157715410?fref=ts","https:\/\/x.com\/https:\/\/twitter.com\/kallekinnunen"]}]}},"_links":{"self":[{"href":"https:\/\/suomenkuvalehti.fi\/kuvien-takaa\/wp-json\/wp\/v2\/posts\/1105","targetHints":{"allow":["GET"]}}],"collection":[{"href":"https:\/\/suomenkuvalehti.fi\/kuvien-takaa\/wp-json\/wp\/v2\/posts"}],"about":[{"href":"https:\/\/suomenkuvalehti.fi\/kuvien-takaa\/wp-json\/wp\/v2\/types\/post"}],"author":[{"embeddable":true,"href":"https:\/\/suomenkuvalehti.fi\/kuvien-takaa\/wp-json\/wp\/v2\/users\/144"}],"replies":[{"embeddable":true,"href":"https:\/\/suomenkuvalehti.fi\/kuvien-takaa\/wp-json\/wp\/v2\/comments?post=1105"}],"version-history":[{"count":0,"href":"https:\/\/suomenkuvalehti.fi\/kuvien-takaa\/wp-json\/wp\/v2\/posts\/1105\/revisions"}],"wp:attachment":[{"href":"https:\/\/suomenkuvalehti.fi\/kuvien-takaa\/wp-json\/wp\/v2\/media?parent=1105"}],"wp:term":[{"taxonomy":"category","embeddable":true,"href":"https:\/\/suomenkuvalehti.fi\/kuvien-takaa\/wp-json\/wp\/v2\/categories?post=1105"},{"taxonomy":"post_tag","embeddable":true,"href":"https:\/\/suomenkuvalehti.fi\/kuvien-takaa\/wp-json\/wp\/v2\/tags?post=1105"}],"curies":[{"name":"wp","href":"https:\/\/api.w.org\/{rel}","templated":true}]}}