{"id":1103,"date":"2008-12-31T12:33:08","date_gmt":"2008-12-31T10:33:08","guid":{"rendered":"https:\/\/suomenkuvalehti.fi\/kuvientakaa\/2008\/12\/31\/oliver-stone-sensuurin-kourissa\/"},"modified":"2008-12-31T12:33:08","modified_gmt":"2008-12-31T10:33:08","slug":"oliver-stone-sensuurin-kourissa","status":"publish","type":"post","link":"https:\/\/suomenkuvalehti.fi\/kuvien-takaa\/oliver-stone-sensuurin-kourissa\/","title":{"rendered":"Oliver Stone sensuurin kourissa"},"content":{"rendered":"\n<p>Viel\u00e4 torstaina myynniss\u00e4 olevassa <em>Suomen Kuvalehdess\u00e4 <\/em>on <strong>Oliver Stone<\/strong> -haastattelujuttuni. Se on tehty <em>W.<\/em>-elokuvan tiimoilta. Elokuvan ensi-ilta on perjantaina.<\/p>\n\n\n\n\n<p>Kuten jo <a href=\"http:\/\/www.suomenkuvalehti.fi\/blogit\/kuvien-takaa\/george-w-bush.aspx\">aiemmin kirjoitin<\/a>, W. on hyv\u00e4, ehdottomasti Stonen paras fiktio t\u00e4ll\u00e4 vuosikymmenell\u00e4. Aion k\u00e4yd\u00e4 katsomassa sen uudelleen elokuvateatterissa.<\/p>\n\n\n\n<p>Juttuun ei luonnollisesti mahtunut kaikki, mist\u00e4 Stonen kanssa puhuin. Erityisen mielenkiintoisia olivat Stonen kommentit <em>Syntyneet tappajiksi<\/em> -elokuvan tulevasta dvd:st\u00e4.<\/p>\n\n\n\n<p><strong>Natural Born Killers<br>v\u00e4kivaltaan yllytt\u00e4v\u00e4\u00e4 saastaa?<\/strong><\/p>\n\n\n\n<p>Vuonna 1994 valmistunut Syntyneet tappajiksi eli <em>Natural Born Killers<\/em> on mediasatiiri ja sarjamurhaajaelokuva, josta nousi aikanaan kohu. Muutamat tappajat Yhdysvalloissa ja Ranskassa v\u00e4ittiv\u00e4t <a href=\"http:\/\/www.guardian.co.uk\/culture\/2002\/dec\/20\/artsfeatures1\">saaneensa inspiraationsa<\/a> elokuvasta. On ilmeist\u00e4, ett\u00e4 n\u00e4in rikolliset vain pyrkiv\u00e4t siirt\u00e4m\u00e4\u00e4n vastuuta teoistaan oikeudessa.<\/p>\n\n\n\n<p>Vaikka elokuva on kielt\u00e4m\u00e4tt\u00e4 hurja ja joku kilip\u00e4\u00e4 voi sen tietenkin ymm\u00e4rt\u00e4\u00e4 v\u00e4\u00e4rin, eiv\u00e4t tuomarit suostuneet pit\u00e4m\u00e4\u00e4n v\u00e4itteit\u00e4 mink\u00e4\u00e4n arvoisena. Lehdet pitiv\u00e4t, ja elokuva maalattiin v\u00e4kivaltaan yllytt\u00e4v\u00e4ksi saastaksi. Esimerkiksi Irlannissa sen esitt\u00e4minen kiellettiin ja Britanniassa sit\u00e4 ei p\u00e4\u00e4stetty vuosiin videomarkkinoille. (Naurettavan moraalipaniikin ansiosta tienasin itse lukiolaisena hyv\u00e4t rahat l\u00e4hett\u00e4m\u00e4ll\u00e4 saarivaltion elokuvaker\u00e4ilij\u00f6ille suomalaisten supermarkettien alehyllyilt\u00e4 poimimiani myyntikasetteja kyseisest\u00e4 elokuvasta.)<\/p>\n\n\n\n<p><strong>Syntyneet tappajiksi<br>esitettiin leikkattuna<\/strong><\/p>\n\n\n\n<p>Harva tiet\u00e4\u00e4, ett\u00e4 Syntyneet tappajiksi esitettiin kaikkialla maailmassa elokuvateattereissa aikanaan <a href=\"http:\/\/akas.imdb.com\/title\/tt0110632\/alternateversions\">runsaasti leikattuna<\/a>. Stonen alkuper\u00e4inen versio oli v\u00e4kivaltaisempi &#8211; niin verinen, ett\u00e4 v\u00e4kivaltaisuus oli jo t\u00e4ysin absurdia ja vieraannuttavaa. Elokuvan keskeiset ajatukset ovat huomattavasti kirkkaammat. Tynk\u00e4versio taas n\u00e4ytt\u00e4\u00e4 ja maistuu enemm\u00e4n juuri sellaiselta turvalliselta v\u00e4kivaltaviihteelt\u00e4, jota Stone kritisoi.<\/p>\n\n\n\n<p>Elokuvan tuottanut Warner Bros. ei halunnut olla tekemisiss\u00e4 Stonen ohjaajan version kanssa, ja sen oikeudet kaupattiin pienemmille firmoille joihinkin maihin. Suomessa director&#8217;s cutin julkaisi Future Film. Dvd on myyty loppuun ajat sitten. Amerikkalainen pienen firman director&#8217;s cut -dvd on laadultaan alle standardien.<\/p>\n\n\n\n<p><strong>Ohjaajan versio<br>on erinomainen<\/strong><\/p>\n\n\n\n<p>Leikkaamattoman version n\u00e4hdess\u00e4ni h\u00e4mm\u00e4styin: keskinkertainen elokuva muuttui erinomaiseksi. Samaa mielt\u00e4 on Stone. &#8221;Ohjaajan versio on ehdottomasti elokuvan oikea muoto. Leikattu oli aikoinaan pakko julkaista.&#8221;<\/p>\n\n\n\n<p>Syy p\u00e4tkimiselle on USA:n elokuvasensuurielin MPAA. Se ei ole valtion virasto, vaan alan oma organisaatio, joka antaa ik\u00e4rajat. R-rating (K-17, mutta vanhempien kanssa lapsille p\u00e4\u00e4sy sallittu) on USA:n korkein normaali ik\u00e4raja. Useimmat lehdet eiv\u00e4t suostu mainostamaan NC-17 (ehdoton K-17) -elokuvia, sill\u00e4 t\u00e4m\u00e4n tiukemman ik\u00e4rajan saaneet elokuvat miellet\u00e4\u00e4n pornoksi. Siksi suuret teatteriketjutkaan eiv\u00e4t ota niit\u00e4 ohjelmistoonsa. Jos elokuva on kallis, sille on saatava R-ik\u00e4raja, muuten se p\u00e4\u00e4see ainoastaan suurten kaupunkien art house-teattereihin, eik\u00e4 ole toivoakaan kunnon lipputuloista.<\/p>\n\n\n\n<p>MPAA ei n\u00e4hnyt elokuvassa satiiria. Systeemi on m\u00e4t\u00e4, kuten USA:n tunnetuin elokuvakriitikko <strong>Roger Ebert<\/strong> on <a href=\"http:\/\/rogerebert.suntimes.com\/apps\/pbcs.dll\/article?AID=\/20031116\/ANSWERMAN\/311160302&amp;template=printart\">todennut<\/a>.<\/p>\n\n\n\n<p><strong>Oliver Stone: &#8221;Warnerin<br>tyypit tulleet j\u00e4rkiins\u00e4&#8221;<\/strong><\/p>\n\n\n\n<p>&#8221;Warner Bros. kielt\u00e4ytyi leikkaamattoman elokuvan julkaisemisesta vhs:ll\u00e4 tai dvd:n\u00e4 kerta toisensa j\u00e4lkeen. He antoivat sen kerran muiden teht\u00e4v\u00e4ksi. Mutta nyt Warnerin tyypit ovat tulleet j\u00e4rkiins\u00e4. Leikkaamaton Natural Born Killers julkaistaan ensi elokuussa dvd:ll\u00e4 Warnerin omana special editionina&#8221;, Stone paljasti.<\/p>\n\n\n\n<p>&#8221;Siit\u00e4 tulee laatujulkaistu, parempi kuin mitk\u00e4\u00e4n aiemmat. Natural Born Killers sellaisena kuin sen piti aina olla.&#8221;<\/p>\n\n\n\n<p>Elokuussa 2009 elokuva t\u00e4ytt\u00e4\u00e4 15 vuotta. Sen verran voi siis nykyisess\u00e4 l\u00e4nsimaailmassakin kest\u00e4\u00e4, ett\u00e4 taiteilija saa ty\u00f6ns\u00e4 julki kunnollisessa muodossa.<\/p>\n\n\n\n<p><a href=\"http:\/\/www.suomenkuvalehti.fi\/blogit\/kuvien-takaa\/default.aspx\">Kaikki Kuvien takaa -blogin merkinn\u00e4t l\u00f6yd\u00e4t t\u00e4\u00e4lt\u00e4<\/a><\/p>\n\n\n","protected":false},"excerpt":{"rendered":"<p>Viel\u00e4 torstaina myynniss\u00e4 olevassa Suomen Kuvalehdess\u00e4 on Oliver Stone -haastattelujuttuni. Se on tehty W.-elokuvan tiimoilta. Elokuvan ensi-ilta on perjantaina. Kuten jo aiemmin kirjoitin, W. on hyv\u00e4, ehdottomasti Stonen paras fiktio t\u00e4ll\u00e4 vuosikymmenell\u00e4. Aion k\u00e4yd\u00e4 katsomassa sen<br \/>\nuudellee&hellip;<\/p>\n","protected":false},"author":144,"featured_media":0,"comment_status":"open","ping_status":"open","sticky":false,"template":"","format":"standard","meta":{"_acf_changed":false,"asauth_required_access_level":0,"asauth_cansharepaid":"","om_header_attributes":[],"footnotes":"","om_featured_image_focal_point":[],"om_primary_tag":0,"om_contributors":[],"om_co_authors":[],"beyondwords_generate_audio":"","beyondwords_project_id":"","beyondwords_content_id":"","beyondwords_preview_token":"","beyondwords_player_content":"","beyondwords_player_style":"","beyondwords_language_code":"","beyondwords_language_id":"","beyondwords_title_voice_id":"","beyondwords_body_voice_id":"","beyondwords_summary_voice_id":"","beyondwords_error_message":"","beyondwords_disabled":"","beyondwords_delete_content":"","beyondwords_podcast_id":"","beyondwords_hash":"","publish_post_to_speechkit":"","speechkit_hash":"","speechkit_generate_audio":"","speechkit_project_id":"","speechkit_podcast_id":"","speechkit_error_message":"","speechkit_disabled":"","speechkit_access_key":"","speechkit_error":"","speechkit_info":"","speechkit_response":"","speechkit_retries":"","speechkit_status":"","speechkit_updated_at":"","_speechkit_link":"","_speechkit_text":""},"categories":[1],"tags":[1620,1725,164],"class_list":["post-1103","post","type-post","status-publish","format-standard","hentry","category-kuvien-takaa","tag-elokuva","tag-natural-born-killers","tag-oliver-stone"],"om_views":null,"acf":{"tuuma_off":false,"tuuma_kysymys":"","tuuma_vastaus":""},"asauth":{"required_access_level":1,"share_token":"","is_paid":false},"yoast_head":"<!-- This site is optimized with the Yoast SEO plugin v26.4 - https:\/\/yoast.com\/wordpress\/plugins\/seo\/ -->\n<title>Oliver Stone sensuurin kourissa - Kuvien takaa<\/title>\n<meta name=\"robots\" content=\"index, follow, max-snippet:-1, max-image-preview:large, max-video-preview:-1\" \/>\n<link rel=\"canonical\" href=\"https:\/\/suomenkuvalehti.fi\/kuvien-takaa\/oliver-stone-sensuurin-kourissa\/\" \/>\n<meta property=\"og:locale\" content=\"fi_FI\" \/>\n<meta property=\"og:type\" content=\"article\" \/>\n<meta property=\"og:title\" content=\"Oliver Stone sensuurin kourissa - Kuvien takaa\" \/>\n<meta property=\"og:description\" content=\"Viel\u00e4 torstaina myynniss\u00e4 olevassa Suomen Kuvalehdess\u00e4 on Oliver Stone -haastattelujuttuni. Se on tehty W.-elokuvan tiimoilta. Elokuvan ensi-ilta on perjantaina. Kuten jo aiemmin kirjoitin, W. on hyv\u00e4, ehdottomasti Stonen paras fiktio t\u00e4ll\u00e4 vuosikymmenell\u00e4. Aion k\u00e4yd\u00e4 katsomassa sen uudellee&hellip;\" \/>\n<meta property=\"og:url\" content=\"https:\/\/suomenkuvalehti.fi\/kuvien-takaa\/oliver-stone-sensuurin-kourissa\/\" \/>\n<meta property=\"og:site_name\" content=\"Kuvien takaa\" \/>\n<meta property=\"article:author\" content=\"https:\/\/www.facebook.com\/pages\/Kalle-Kinnunen-Kuvien-takaa\/190326157715410?fref=ts\" \/>\n<meta property=\"article:published_time\" content=\"2008-12-31T10:33:08+00:00\" \/>\n<meta property=\"og:image\" content=\"https:\/\/suomenkuvalehti.fi\/kuvien-takaa\/wp-content\/uploads\/sites\/11\/2022\/04\/kalle_kinnunen_blogi-1-scaled.jpg\" \/>\n\t<meta property=\"og:image:width\" content=\"2560\" \/>\n\t<meta property=\"og:image:height\" content=\"1707\" \/>\n\t<meta property=\"og:image:type\" content=\"image\/jpeg\" \/>\n<meta name=\"author\" content=\"Kalle Kinnunen\" \/>\n<meta name=\"twitter:card\" content=\"summary_large_image\" \/>\n<meta name=\"twitter:creator\" content=\"@https:\/\/twitter.com\/kallekinnunen\" \/>\n<meta name=\"twitter:label1\" content=\"Written by\" \/>\n\t<meta name=\"twitter:data1\" content=\"Kalle Kinnunen\" \/>\n\t<meta name=\"twitter:label2\" content=\"Est. reading time\" \/>\n\t<meta name=\"twitter:data2\" content=\"3 minuuttia\" \/>\n<script type=\"application\/ld+json\" class=\"yoast-schema-graph\">{\"@context\":\"https:\/\/schema.org\",\"@graph\":[{\"@type\":\"WebPage\",\"@id\":\"https:\/\/suomenkuvalehti.fi\/kuvien-takaa\/oliver-stone-sensuurin-kourissa\/\",\"url\":\"https:\/\/suomenkuvalehti.fi\/kuvien-takaa\/oliver-stone-sensuurin-kourissa\/\",\"name\":\"Oliver Stone sensuurin kourissa - Kuvien takaa\",\"isPartOf\":{\"@id\":\"https:\/\/suomenkuvalehti.fi\/kuvien-takaa\/#website\"},\"datePublished\":\"2008-12-31T10:33:08+00:00\",\"author\":{\"@id\":\"https:\/\/suomenkuvalehti.fi\/kuvien-takaa\/#\/schema\/person\/f3f657e4ad409e008f12af27bec60a23\"},\"breadcrumb\":{\"@id\":\"https:\/\/suomenkuvalehti.fi\/kuvien-takaa\/oliver-stone-sensuurin-kourissa\/#breadcrumb\"},\"inLanguage\":\"fi\",\"potentialAction\":[{\"@type\":\"ReadAction\",\"target\":[\"https:\/\/suomenkuvalehti.fi\/kuvien-takaa\/oliver-stone-sensuurin-kourissa\/\"]}]},{\"@type\":\"BreadcrumbList\",\"@id\":\"https:\/\/suomenkuvalehti.fi\/kuvien-takaa\/oliver-stone-sensuurin-kourissa\/#breadcrumb\",\"itemListElement\":[{\"@type\":\"ListItem\",\"position\":1,\"name\":\"Home\",\"item\":\"https:\/\/suomenkuvalehti.fi\/kuvien-takaa\/\"},{\"@type\":\"ListItem\",\"position\":2,\"name\":\"Oliver Stone sensuurin kourissa\"}]},{\"@type\":\"WebSite\",\"@id\":\"https:\/\/suomenkuvalehti.fi\/kuvien-takaa\/#website\",\"url\":\"https:\/\/suomenkuvalehti.fi\/kuvien-takaa\/\",\"name\":\"Kuvien takaa\",\"description\":\"Elokuvakriitikko Kalle Kinnusen elokuvablogi.\",\"potentialAction\":[{\"@type\":\"SearchAction\",\"target\":{\"@type\":\"EntryPoint\",\"urlTemplate\":\"https:\/\/suomenkuvalehti.fi\/haku\/?q={search_term_string}\"},\"query-input\":{\"@type\":\"PropertyValueSpecification\",\"valueRequired\":true,\"valueName\":\"search_term_string\"}}],\"inLanguage\":\"fi\"},{\"@type\":\"Person\",\"@id\":\"https:\/\/suomenkuvalehti.fi\/kuvien-takaa\/#\/schema\/person\/f3f657e4ad409e008f12af27bec60a23\",\"name\":\"Kalle Kinnunen\",\"image\":{\"@type\":\"ImageObject\",\"inLanguage\":\"fi\",\"@id\":\"https:\/\/suomenkuvalehti.fi\/kuvien-takaa\/#\/schema\/person\/image\/\",\"url\":\"https:\/\/suomenkuvalehti.fi\/kuvien-takaa\/wp-content\/uploads\/sites\/11\/2022\/04\/kalle_kinnunen_blogi-1-150x150.jpg\",\"contentUrl\":\"https:\/\/suomenkuvalehti.fi\/kuvien-takaa\/wp-content\/uploads\/sites\/11\/2022\/04\/kalle_kinnunen_blogi-1-150x150.jpg\",\"caption\":\"Kalle Kinnunen\"},\"description\":\"Kalle Kinnunen on vapaa toimittaja ja Suomen Kuvalehden avustaja.\",\"sameAs\":[\"https:\/\/www.facebook.com\/pages\/Kalle-Kinnunen-Kuvien-takaa\/190326157715410?fref=ts\",\"https:\/\/x.com\/https:\/\/twitter.com\/kallekinnunen\"]}]}<\/script>\n<!-- \/ Yoast SEO plugin. -->","yoast_head_json":{"title":"Oliver Stone sensuurin kourissa - Kuvien takaa","robots":{"index":"index","follow":"follow","max-snippet":"max-snippet:-1","max-image-preview":"max-image-preview:large","max-video-preview":"max-video-preview:-1"},"canonical":"https:\/\/suomenkuvalehti.fi\/kuvien-takaa\/oliver-stone-sensuurin-kourissa\/","og_locale":"fi_FI","og_type":"article","og_title":"Oliver Stone sensuurin kourissa - Kuvien takaa","og_description":"Viel\u00e4 torstaina myynniss\u00e4 olevassa Suomen Kuvalehdess\u00e4 on Oliver Stone -haastattelujuttuni. Se on tehty W.-elokuvan tiimoilta. Elokuvan ensi-ilta on perjantaina. Kuten jo aiemmin kirjoitin, W. on hyv\u00e4, ehdottomasti Stonen paras fiktio t\u00e4ll\u00e4 vuosikymmenell\u00e4. Aion k\u00e4yd\u00e4 katsomassa sen uudellee&hellip;","og_url":"https:\/\/suomenkuvalehti.fi\/kuvien-takaa\/oliver-stone-sensuurin-kourissa\/","og_site_name":"Kuvien takaa","article_author":"https:\/\/www.facebook.com\/pages\/Kalle-Kinnunen-Kuvien-takaa\/190326157715410?fref=ts","article_published_time":"2008-12-31T10:33:08+00:00","og_image":[{"width":2560,"height":1707,"url":"https:\/\/suomenkuvalehti.fi\/kuvien-takaa\/wp-content\/uploads\/sites\/11\/2022\/04\/kalle_kinnunen_blogi-1-scaled.jpg","type":"image\/jpeg"}],"author":"Kalle Kinnunen","twitter_card":"summary_large_image","twitter_creator":"@https:\/\/twitter.com\/kallekinnunen","twitter_misc":{"Written by":"Kalle Kinnunen","Est. reading time":"3 minuuttia"},"schema":{"@context":"https:\/\/schema.org","@graph":[{"@type":"WebPage","@id":"https:\/\/suomenkuvalehti.fi\/kuvien-takaa\/oliver-stone-sensuurin-kourissa\/","url":"https:\/\/suomenkuvalehti.fi\/kuvien-takaa\/oliver-stone-sensuurin-kourissa\/","name":"Oliver Stone sensuurin kourissa - Kuvien takaa","isPartOf":{"@id":"https:\/\/suomenkuvalehti.fi\/kuvien-takaa\/#website"},"datePublished":"2008-12-31T10:33:08+00:00","author":{"@id":"https:\/\/suomenkuvalehti.fi\/kuvien-takaa\/#\/schema\/person\/f3f657e4ad409e008f12af27bec60a23"},"breadcrumb":{"@id":"https:\/\/suomenkuvalehti.fi\/kuvien-takaa\/oliver-stone-sensuurin-kourissa\/#breadcrumb"},"inLanguage":"fi","potentialAction":[{"@type":"ReadAction","target":["https:\/\/suomenkuvalehti.fi\/kuvien-takaa\/oliver-stone-sensuurin-kourissa\/"]}]},{"@type":"BreadcrumbList","@id":"https:\/\/suomenkuvalehti.fi\/kuvien-takaa\/oliver-stone-sensuurin-kourissa\/#breadcrumb","itemListElement":[{"@type":"ListItem","position":1,"name":"Home","item":"https:\/\/suomenkuvalehti.fi\/kuvien-takaa\/"},{"@type":"ListItem","position":2,"name":"Oliver Stone sensuurin kourissa"}]},{"@type":"WebSite","@id":"https:\/\/suomenkuvalehti.fi\/kuvien-takaa\/#website","url":"https:\/\/suomenkuvalehti.fi\/kuvien-takaa\/","name":"Kuvien takaa","description":"Elokuvakriitikko Kalle Kinnusen elokuvablogi.","potentialAction":[{"@type":"SearchAction","target":{"@type":"EntryPoint","urlTemplate":"https:\/\/suomenkuvalehti.fi\/haku\/?q={search_term_string}"},"query-input":{"@type":"PropertyValueSpecification","valueRequired":true,"valueName":"search_term_string"}}],"inLanguage":"fi"},{"@type":"Person","@id":"https:\/\/suomenkuvalehti.fi\/kuvien-takaa\/#\/schema\/person\/f3f657e4ad409e008f12af27bec60a23","name":"Kalle Kinnunen","image":{"@type":"ImageObject","inLanguage":"fi","@id":"https:\/\/suomenkuvalehti.fi\/kuvien-takaa\/#\/schema\/person\/image\/","url":"https:\/\/suomenkuvalehti.fi\/kuvien-takaa\/wp-content\/uploads\/sites\/11\/2022\/04\/kalle_kinnunen_blogi-1-150x150.jpg","contentUrl":"https:\/\/suomenkuvalehti.fi\/kuvien-takaa\/wp-content\/uploads\/sites\/11\/2022\/04\/kalle_kinnunen_blogi-1-150x150.jpg","caption":"Kalle Kinnunen"},"description":"Kalle Kinnunen on vapaa toimittaja ja Suomen Kuvalehden avustaja.","sameAs":["https:\/\/www.facebook.com\/pages\/Kalle-Kinnunen-Kuvien-takaa\/190326157715410?fref=ts","https:\/\/x.com\/https:\/\/twitter.com\/kallekinnunen"]}]}},"_links":{"self":[{"href":"https:\/\/suomenkuvalehti.fi\/kuvien-takaa\/wp-json\/wp\/v2\/posts\/1103","targetHints":{"allow":["GET"]}}],"collection":[{"href":"https:\/\/suomenkuvalehti.fi\/kuvien-takaa\/wp-json\/wp\/v2\/posts"}],"about":[{"href":"https:\/\/suomenkuvalehti.fi\/kuvien-takaa\/wp-json\/wp\/v2\/types\/post"}],"author":[{"embeddable":true,"href":"https:\/\/suomenkuvalehti.fi\/kuvien-takaa\/wp-json\/wp\/v2\/users\/144"}],"replies":[{"embeddable":true,"href":"https:\/\/suomenkuvalehti.fi\/kuvien-takaa\/wp-json\/wp\/v2\/comments?post=1103"}],"version-history":[{"count":0,"href":"https:\/\/suomenkuvalehti.fi\/kuvien-takaa\/wp-json\/wp\/v2\/posts\/1103\/revisions"}],"wp:attachment":[{"href":"https:\/\/suomenkuvalehti.fi\/kuvien-takaa\/wp-json\/wp\/v2\/media?parent=1103"}],"wp:term":[{"taxonomy":"category","embeddable":true,"href":"https:\/\/suomenkuvalehti.fi\/kuvien-takaa\/wp-json\/wp\/v2\/categories?post=1103"},{"taxonomy":"post_tag","embeddable":true,"href":"https:\/\/suomenkuvalehti.fi\/kuvien-takaa\/wp-json\/wp\/v2\/tags?post=1103"}],"curies":[{"name":"wp","href":"https:\/\/api.w.org\/{rel}","templated":true}]}}